{"id":93090,"date":"2016-06-16T09:03:27","date_gmt":"2016-06-16T07:03:27","guid":{"rendered":"http:\/\/batijournal.com\/?p=93090"},"modified":"2019-07-15T11:27:53","modified_gmt":"2019-07-15T09:27:53","slug":"lancement-dun-concours-international-renovation-de-tour-montparnasse","status":"publish","type":"post","link":"https:\/\/batijournal.com\/index.php\/lancement-dun-concours-international-renovation-de-tour-montparnasse\/93090\/","title":{"rendered":"Lancement d&rsquo;un concours international pour la r\u00e9novation de la Tour Montparnasse"},"content":{"rendered":"<p><strong>L\u2019EITMM (Ensemble Immobilier Tour Maine-Montparnasse) a lanc\u00e9 le 16 juin 2016 un concours international aupr\u00e8s des architectes du monde entier pour la r\u00e9novation de la Tour Montparnasse.<\/strong><\/p>\n<p>En octobre 2015, les copropri\u00e9taires de l\u2019EITMM ont officialis\u00e9 leur volont\u00e9 de r\u00e9inventer l\u2019ensemble immobilier \u00e0 travers un projet ambitieux et d\u2019une ampleur rare : Demain Montparnasse. La r\u00e9novation de la Tour Montparnasse est la premi\u00e8re pierre \u00e0 l\u2019\u00e9difice de ce projet phare destin\u00e9 \u00e0 redonner \u00e0 l\u2019ensemble immobilier sa place de centre urbain, moderne et accessible au c\u0153ur du Paris Rive Gauche. \u00ab Toutes les propositions issues du concours international sont possibles, on accepte les surprises ! \u00bb t\u00e9moigne Jean-Marie Duthilleul, architecte coordonnateur du projet. Tout architecte peut candidater. Afin d\u2019accompagner leur choix final, les copropri\u00e9taires consulteront la Mairie de Paris, les maires des trois arrondissements voisins (6e, 14e et 15e) et se feront accompagner d\u2019un comit\u00e9 d\u2019orientation compos\u00e9 de personnalit\u00e9s de la soci\u00e9t\u00e9 civile (professionnels de l\u2019immobilier, architectes, urbanistes, artistes\u2026).<\/p>\n<p>Le concours lanc\u00e9 par les copropri\u00e9taires de l\u2019EITMM concerne la totalit\u00e9 de la Tour notamment sa fa\u00e7ade et le pied de Tour pour am\u00e9liorer la qualit\u00e9 des espaces d\u2019accueil et mettre aux normes la Tour en mati\u00e8re environnementales et d\u2019accessibilit\u00e9. La Tour sera enti\u00e8rement cur\u00e9e et reconfigur\u00e9e. L\u2019ensemble des plateaux de bureaux sera r\u00e9nov\u00e9, les installations techniques seront chang\u00e9es et modernis\u00e9es, le belv\u00e9d\u00e8re sera enti\u00e8rement reconfigur\u00e9. Ces travaux d\u2019envergure sont une opportunit\u00e9 unique de d\u00e9finitivement tourner la page de l\u2019amiante et de r\u00e9pondre de mani\u00e8re exemplaire aux enjeux d\u2019usage, d\u2019accessibilit\u00e9 et de performance \u00e9nerg\u00e9tique. Il s\u2019agit d\u2019une restructuration lourde et compl\u00e8te, un projet estim\u00e9 \u00e0 plus de 300 M\u20ac financ\u00e9 \u00e0 100% par les copropri\u00e9taires.<\/p>\n<p>Date limite de d\u00e9p\u00f4t des candidatures : mercredi 13 juillet 2016.<\/p>\n<p><a href=\"http:\/\/demain-montparnasse.com\" target=\"_blank\" rel=\"noopener noreferrer\">Site internet&#8230;<\/a><\/p>\n<p>Photo : Thbz via Wikimedia Commons<\/p>\n<p>&nbsp;<\/p>\n","protected":false},"excerpt":{"rendered":"<p>L\u2019EITMM (Ensemble Immobilier Tour Maine-Montparnasse) a lanc\u00e9 le 16 juin 2016 un concours international aupr\u00e8s des architectes du monde entier pour la r\u00e9novation de la Tour Montparnasse. En octobre 2015, les copropri\u00e9taires de l\u2019EITMM ont officialis\u00e9 leur volont\u00e9 de r\u00e9inventer l\u2019ensemble immobilier \u00e0 travers un projet ambitieux et d\u2019une ampleur rare : Demain Montparnasse. La [&hellip;]<\/p>\n","protected":false},"author":17,"featured_media":93091,"comment_status":"closed","ping_status":"closed","sticky":false,"template":"","format":"standard","meta":{"_et_pb_use_builder":"","_et_pb_old_content":"","_et_gb_content_width":"","footnotes":""},"categories":[6340],"tags":[1625,8051],"class_list":["post-93090","post","type-post","status-publish","format-standard","has-post-thumbnail","hentry","category-architecture-conception","tag-paris","tag-tour-montparnasse"],"yoast_head":"<!-- This site is optimized with the Yoast SEO plugin v27.4 - https:\/\/yoast.com\/product\/yoast-seo-wordpress\/ -->\n<title>Lancement d&#039;un concours international pour la r\u00e9novation de la Tour Montparnasse<\/title>\n<meta name=\"robots\" content=\"index, follow, max-snippet:-1, max-image-preview:large, max-video-preview:-1\" \/>\n<link rel=\"canonical\" href=\"https:\/\/batijournal.com\/index.php\/lancement-dun-concours-international-renovation-de-tour-montparnasse\/93090\/\" \/>\n<meta property=\"og:locale\" content=\"fr_FR\" \/>\n<meta property=\"og:type\" content=\"article\" \/>\n<meta property=\"og:title\" content=\"Lancement d&#039;un concours international pour la r\u00e9novation de la Tour Montparnasse\" \/>\n<meta property=\"og:description\" content=\"L\u2019EITMM (Ensemble Immobilier Tour Maine-Montparnasse) a lanc\u00e9 le 16 juin 2016 un concours international aupr\u00e8s des architectes du monde entier pour la r\u00e9novation de la Tour Montparnasse. En octobre 2015, les copropri\u00e9taires de l\u2019EITMM ont officialis\u00e9 leur volont\u00e9 de r\u00e9inventer l\u2019ensemble immobilier \u00e0 travers un projet ambitieux et d\u2019une ampleur rare : Demain Montparnasse. La [&hellip;]\" \/>\n<meta property=\"og:url\" content=\"https:\/\/batijournal.com\/index.php\/lancement-dun-concours-international-renovation-de-tour-montparnasse\/93090\/\" \/>\n<meta property=\"og:site_name\" content=\"Batijournal\" \/>\n<meta property=\"article:published_time\" content=\"2016-06-16T07:03:27+00:00\" \/>\n<meta property=\"article:modified_time\" content=\"2019-07-15T09:27:53+00:00\" \/>\n<meta property=\"og:image\" content=\"https:\/\/batijournal.com\/wp-content\/uploads\/2016\/06\/Paris-tours.jpg\" \/>\n\t<meta property=\"og:image:width\" content=\"1191\" \/>\n\t<meta property=\"og:image:height\" content=\"633\" \/>\n\t<meta property=\"og:image:type\" content=\"image\/jpeg\" \/>\n<meta name=\"author\" content=\"St\u00e9phane Miget\" \/>\n<meta name=\"twitter:card\" content=\"summary_large_image\" \/>\n<meta name=\"twitter:creator\" content=\"@bati_journal\" \/>\n<meta name=\"twitter:site\" content=\"@bati_journal\" \/>\n<meta name=\"twitter:label1\" content=\"\u00c9crit par\" \/>\n\t<meta name=\"twitter:data1\" content=\"St\u00e9phane Miget\" \/>\n\t<meta name=\"twitter:label2\" content=\"Dur\u00e9e de lecture estim\u00e9e\" \/>\n\t<meta name=\"twitter:data2\" content=\"2 minutes\" \/>\n<script type=\"application\/ld+json\" class=\"yoast-schema-graph\">{\"@context\":\"https:\\\/\\\/schema.org\",\"@graph\":[{\"@type\":\"Article\",\"@id\":\"https:\\\/\\\/batijournal.com\\\/index.php\\\/lancement-dun-concours-international-renovation-de-tour-montparnasse\\\/93090\\\/#article\",\"isPartOf\":{\"@id\":\"https:\\\/\\\/batijournal.com\\\/index.php\\\/lancement-dun-concours-international-renovation-de-tour-montparnasse\\\/93090\\\/\"},\"author\":{\"name\":\"St\u00e9phane Miget\",\"@id\":\"https:\\\/\\\/batijournal.com\\\/#\\\/schema\\\/person\\\/1dc96ec6957aa1ccb25ebe78bb19f100\"},\"headline\":\"Lancement d&rsquo;un concours international pour la r\u00e9novation de la Tour Montparnasse\",\"datePublished\":\"2016-06-16T07:03:27+00:00\",\"dateModified\":\"2019-07-15T09:27:53+00:00\",\"mainEntityOfPage\":{\"@id\":\"https:\\\/\\\/batijournal.com\\\/index.php\\\/lancement-dun-concours-international-renovation-de-tour-montparnasse\\\/93090\\\/\"},\"wordCount\":340,\"image\":{\"@id\":\"https:\\\/\\\/batijournal.com\\\/index.php\\\/lancement-dun-concours-international-renovation-de-tour-montparnasse\\\/93090\\\/#primaryimage\"},\"thumbnailUrl\":\"https:\\\/\\\/batijournal.com\\\/wp-content\\\/uploads\\\/2016\\\/06\\\/Paris-tours.jpg\",\"keywords\":[\"paris\",\"tour montparnasse\"],\"articleSection\":[\"Architecture &amp; Conception\"],\"inLanguage\":\"fr-FR\"},{\"@type\":\"WebPage\",\"@id\":\"https:\\\/\\\/batijournal.com\\\/index.php\\\/lancement-dun-concours-international-renovation-de-tour-montparnasse\\\/93090\\\/\",\"url\":\"https:\\\/\\\/batijournal.com\\\/index.php\\\/lancement-dun-concours-international-renovation-de-tour-montparnasse\\\/93090\\\/\",\"name\":\"Lancement d'un concours international pour la r\u00e9novation de la Tour Montparnasse\",\"isPartOf\":{\"@id\":\"https:\\\/\\\/batijournal.com\\\/#website\"},\"primaryImageOfPage\":{\"@id\":\"https:\\\/\\\/batijournal.com\\\/index.php\\\/lancement-dun-concours-international-renovation-de-tour-montparnasse\\\/93090\\\/#primaryimage\"},\"image\":{\"@id\":\"https:\\\/\\\/batijournal.com\\\/index.php\\\/lancement-dun-concours-international-renovation-de-tour-montparnasse\\\/93090\\\/#primaryimage\"},\"thumbnailUrl\":\"https:\\\/\\\/batijournal.com\\\/wp-content\\\/uploads\\\/2016\\\/06\\\/Paris-tours.jpg\",\"datePublished\":\"2016-06-16T07:03:27+00:00\",\"dateModified\":\"2019-07-15T09:27:53+00:00\",\"author\":{\"@id\":\"https:\\\/\\\/batijournal.com\\\/#\\\/schema\\\/person\\\/1dc96ec6957aa1ccb25ebe78bb19f100\"},\"breadcrumb\":{\"@id\":\"https:\\\/\\\/batijournal.com\\\/index.php\\\/lancement-dun-concours-international-renovation-de-tour-montparnasse\\\/93090\\\/#breadcrumb\"},\"inLanguage\":\"fr-FR\",\"potentialAction\":[{\"@type\":\"ReadAction\",\"target\":[\"https:\\\/\\\/batijournal.com\\\/index.php\\\/lancement-dun-concours-international-renovation-de-tour-montparnasse\\\/93090\\\/\"]}]},{\"@type\":\"ImageObject\",\"inLanguage\":\"fr-FR\",\"@id\":\"https:\\\/\\\/batijournal.com\\\/index.php\\\/lancement-dun-concours-international-renovation-de-tour-montparnasse\\\/93090\\\/#primaryimage\",\"url\":\"https:\\\/\\\/batijournal.com\\\/wp-content\\\/uploads\\\/2016\\\/06\\\/Paris-tours.jpg\",\"contentUrl\":\"https:\\\/\\\/batijournal.com\\\/wp-content\\\/uploads\\\/2016\\\/06\\\/Paris-tours.jpg\",\"width\":1191,\"height\":633},{\"@type\":\"BreadcrumbList\",\"@id\":\"https:\\\/\\\/batijournal.com\\\/index.php\\\/lancement-dun-concours-international-renovation-de-tour-montparnasse\\\/93090\\\/#breadcrumb\",\"itemListElement\":[{\"@type\":\"ListItem\",\"position\":1,\"name\":\"Accueil\",\"item\":\"https:\\\/\\\/batijournal.com\\\/\"},{\"@type\":\"ListItem\",\"position\":2,\"name\":\"Actualit\u00e9s\",\"item\":\"https:\\\/\\\/batijournal.com\\\/index.php\\\/category\\\/actualites\\\/\"},{\"@type\":\"ListItem\",\"position\":3,\"name\":\"Architecture &amp; Conception\",\"item\":\"https:\\\/\\\/batijournal.com\\\/index.php\\\/category\\\/actualites\\\/architecture-conception\\\/\"},{\"@type\":\"ListItem\",\"position\":4,\"name\":\"Lancement d&rsquo;un concours international pour la r\u00e9novation de la Tour Montparnasse\"}]},{\"@type\":\"WebSite\",\"@id\":\"https:\\\/\\\/batijournal.com\\\/#website\",\"url\":\"https:\\\/\\\/batijournal.com\\\/\",\"name\":\"Batijournal\",\"description\":\"L&#039;actualit\u00e9 du b\u00e2timent\",\"potentialAction\":[{\"@type\":\"SearchAction\",\"target\":{\"@type\":\"EntryPoint\",\"urlTemplate\":\"https:\\\/\\\/batijournal.com\\\/?s={search_term_string}\"},\"query-input\":{\"@type\":\"PropertyValueSpecification\",\"valueRequired\":true,\"valueName\":\"search_term_string\"}}],\"inLanguage\":\"fr-FR\"},{\"@type\":\"Person\",\"@id\":\"https:\\\/\\\/batijournal.com\\\/#\\\/schema\\\/person\\\/1dc96ec6957aa1ccb25ebe78bb19f100\",\"name\":\"St\u00e9phane Miget\",\"image\":{\"@type\":\"ImageObject\",\"inLanguage\":\"fr-FR\",\"@id\":\"https:\\\/\\\/secure.gravatar.com\\\/avatar\\\/89915563d925342126b8ef0281b93d9d7fc337043e8df017f780908eb9644451?s=96&d=mm&r=g\",\"url\":\"https:\\\/\\\/secure.gravatar.com\\\/avatar\\\/89915563d925342126b8ef0281b93d9d7fc337043e8df017f780908eb9644451?s=96&d=mm&r=g\",\"contentUrl\":\"https:\\\/\\\/secure.gravatar.com\\\/avatar\\\/89915563d925342126b8ef0281b93d9d7fc337043e8df017f780908eb9644451?s=96&d=mm&r=g\",\"caption\":\"St\u00e9phane Miget\"},\"url\":\"https:\\\/\\\/batijournal.com\\\/index.php\\\/author\\\/stephane\\\/\"}]}<\/script>\n<!-- \/ Yoast SEO plugin. -->","yoast_head_json":{"title":"Lancement d'un concours international pour la r\u00e9novation de la Tour Montparnasse","robots":{"index":"index","follow":"follow","max-snippet":"max-snippet:-1","max-image-preview":"max-image-preview:large","max-video-preview":"max-video-preview:-1"},"canonical":"https:\/\/batijournal.com\/index.php\/lancement-dun-concours-international-renovation-de-tour-montparnasse\/93090\/","og_locale":"fr_FR","og_type":"article","og_title":"Lancement d'un concours international pour la r\u00e9novation de la Tour Montparnasse","og_description":"L\u2019EITMM (Ensemble Immobilier Tour Maine-Montparnasse) a lanc\u00e9 le 16 juin 2016 un concours international aupr\u00e8s des architectes du monde entier pour la r\u00e9novation de la Tour Montparnasse. En octobre 2015, les copropri\u00e9taires de l\u2019EITMM ont officialis\u00e9 leur volont\u00e9 de r\u00e9inventer l\u2019ensemble immobilier \u00e0 travers un projet ambitieux et d\u2019une ampleur rare : Demain Montparnasse. La [&hellip;]","og_url":"https:\/\/batijournal.com\/index.php\/lancement-dun-concours-international-renovation-de-tour-montparnasse\/93090\/","og_site_name":"Batijournal","article_published_time":"2016-06-16T07:03:27+00:00","article_modified_time":"2019-07-15T09:27:53+00:00","og_image":[{"width":1191,"height":633,"url":"https:\/\/batijournal.com\/wp-content\/uploads\/2016\/06\/Paris-tours.jpg","type":"image\/jpeg"}],"author":"St\u00e9phane Miget","twitter_card":"summary_large_image","twitter_creator":"@bati_journal","twitter_site":"@bati_journal","twitter_misc":{"\u00c9crit par":"St\u00e9phane Miget","Dur\u00e9e de lecture estim\u00e9e":"2 minutes"},"schema":{"@context":"https:\/\/schema.org","@graph":[{"@type":"Article","@id":"https:\/\/batijournal.com\/index.php\/lancement-dun-concours-international-renovation-de-tour-montparnasse\/93090\/#article","isPartOf":{"@id":"https:\/\/batijournal.com\/index.php\/lancement-dun-concours-international-renovation-de-tour-montparnasse\/93090\/"},"author":{"name":"St\u00e9phane Miget","@id":"https:\/\/batijournal.com\/#\/schema\/person\/1dc96ec6957aa1ccb25ebe78bb19f100"},"headline":"Lancement d&rsquo;un concours international pour la r\u00e9novation de la Tour Montparnasse","datePublished":"2016-06-16T07:03:27+00:00","dateModified":"2019-07-15T09:27:53+00:00","mainEntityOfPage":{"@id":"https:\/\/batijournal.com\/index.php\/lancement-dun-concours-international-renovation-de-tour-montparnasse\/93090\/"},"wordCount":340,"image":{"@id":"https:\/\/batijournal.com\/index.php\/lancement-dun-concours-international-renovation-de-tour-montparnasse\/93090\/#primaryimage"},"thumbnailUrl":"https:\/\/batijournal.com\/wp-content\/uploads\/2016\/06\/Paris-tours.jpg","keywords":["paris","tour montparnasse"],"articleSection":["Architecture &amp; Conception"],"inLanguage":"fr-FR"},{"@type":"WebPage","@id":"https:\/\/batijournal.com\/index.php\/lancement-dun-concours-international-renovation-de-tour-montparnasse\/93090\/","url":"https:\/\/batijournal.com\/index.php\/lancement-dun-concours-international-renovation-de-tour-montparnasse\/93090\/","name":"Lancement d'un concours international pour la r\u00e9novation de la Tour Montparnasse","isPartOf":{"@id":"https:\/\/batijournal.com\/#website"},"primaryImageOfPage":{"@id":"https:\/\/batijournal.com\/index.php\/lancement-dun-concours-international-renovation-de-tour-montparnasse\/93090\/#primaryimage"},"image":{"@id":"https:\/\/batijournal.com\/index.php\/lancement-dun-concours-international-renovation-de-tour-montparnasse\/93090\/#primaryimage"},"thumbnailUrl":"https:\/\/batijournal.com\/wp-content\/uploads\/2016\/06\/Paris-tours.jpg","datePublished":"2016-06-16T07:03:27+00:00","dateModified":"2019-07-15T09:27:53+00:00","author":{"@id":"https:\/\/batijournal.com\/#\/schema\/person\/1dc96ec6957aa1ccb25ebe78bb19f100"},"breadcrumb":{"@id":"https:\/\/batijournal.com\/index.php\/lancement-dun-concours-international-renovation-de-tour-montparnasse\/93090\/#breadcrumb"},"inLanguage":"fr-FR","potentialAction":[{"@type":"ReadAction","target":["https:\/\/batijournal.com\/index.php\/lancement-dun-concours-international-renovation-de-tour-montparnasse\/93090\/"]}]},{"@type":"ImageObject","inLanguage":"fr-FR","@id":"https:\/\/batijournal.com\/index.php\/lancement-dun-concours-international-renovation-de-tour-montparnasse\/93090\/#primaryimage","url":"https:\/\/batijournal.com\/wp-content\/uploads\/2016\/06\/Paris-tours.jpg","contentUrl":"https:\/\/batijournal.com\/wp-content\/uploads\/2016\/06\/Paris-tours.jpg","width":1191,"height":633},{"@type":"BreadcrumbList","@id":"https:\/\/batijournal.com\/index.php\/lancement-dun-concours-international-renovation-de-tour-montparnasse\/93090\/#breadcrumb","itemListElement":[{"@type":"ListItem","position":1,"name":"Accueil","item":"https:\/\/batijournal.com\/"},{"@type":"ListItem","position":2,"name":"Actualit\u00e9s","item":"https:\/\/batijournal.com\/index.php\/category\/actualites\/"},{"@type":"ListItem","position":3,"name":"Architecture &amp; Conception","item":"https:\/\/batijournal.com\/index.php\/category\/actualites\/architecture-conception\/"},{"@type":"ListItem","position":4,"name":"Lancement d&rsquo;un concours international pour la r\u00e9novation de la Tour Montparnasse"}]},{"@type":"WebSite","@id":"https:\/\/batijournal.com\/#website","url":"https:\/\/batijournal.com\/","name":"Batijournal","description":"L&#039;actualit\u00e9 du b\u00e2timent","potentialAction":[{"@type":"SearchAction","target":{"@type":"EntryPoint","urlTemplate":"https:\/\/batijournal.com\/?s={search_term_string}"},"query-input":{"@type":"PropertyValueSpecification","valueRequired":true,"valueName":"search_term_string"}}],"inLanguage":"fr-FR"},{"@type":"Person","@id":"https:\/\/batijournal.com\/#\/schema\/person\/1dc96ec6957aa1ccb25ebe78bb19f100","name":"St\u00e9phane Miget","image":{"@type":"ImageObject","inLanguage":"fr-FR","@id":"https:\/\/secure.gravatar.com\/avatar\/89915563d925342126b8ef0281b93d9d7fc337043e8df017f780908eb9644451?s=96&d=mm&r=g","url":"https:\/\/secure.gravatar.com\/avatar\/89915563d925342126b8ef0281b93d9d7fc337043e8df017f780908eb9644451?s=96&d=mm&r=g","contentUrl":"https:\/\/secure.gravatar.com\/avatar\/89915563d925342126b8ef0281b93d9d7fc337043e8df017f780908eb9644451?s=96&d=mm&r=g","caption":"St\u00e9phane Miget"},"url":"https:\/\/batijournal.com\/index.php\/author\/stephane\/"}]}},"_links":{"self":[{"href":"https:\/\/batijournal.com\/index.php\/wp-json\/wp\/v2\/posts\/93090","targetHints":{"allow":["GET"]}}],"collection":[{"href":"https:\/\/batijournal.com\/index.php\/wp-json\/wp\/v2\/posts"}],"about":[{"href":"https:\/\/batijournal.com\/index.php\/wp-json\/wp\/v2\/types\/post"}],"author":[{"embeddable":true,"href":"https:\/\/batijournal.com\/index.php\/wp-json\/wp\/v2\/users\/17"}],"replies":[{"embeddable":true,"href":"https:\/\/batijournal.com\/index.php\/wp-json\/wp\/v2\/comments?post=93090"}],"version-history":[{"count":0,"href":"https:\/\/batijournal.com\/index.php\/wp-json\/wp\/v2\/posts\/93090\/revisions"}],"wp:featuredmedia":[{"embeddable":true,"href":"https:\/\/batijournal.com\/index.php\/wp-json\/wp\/v2\/media\/93091"}],"wp:attachment":[{"href":"https:\/\/batijournal.com\/index.php\/wp-json\/wp\/v2\/media?parent=93090"}],"wp:term":[{"taxonomy":"category","embeddable":true,"href":"https:\/\/batijournal.com\/index.php\/wp-json\/wp\/v2\/categories?post=93090"},{"taxonomy":"post_tag","embeddable":true,"href":"https:\/\/batijournal.com\/index.php\/wp-json\/wp\/v2\/tags?post=93090"}],"curies":[{"name":"wp","href":"https:\/\/api.w.org\/{rel}","templated":true}]}}