{"id":93096,"date":"2016-06-17T07:13:52","date_gmt":"2016-06-17T05:13:52","guid":{"rendered":"http:\/\/batijournal.com\/?p=93096"},"modified":"2019-07-15T12:04:01","modified_gmt":"2019-07-15T10:04:01","slug":"inondations-greves-emmanuel-macron-martine-pinville-annoncent-aides","status":"publish","type":"post","link":"https:\/\/batijournal.com\/index.php\/inondations-greves-emmanuel-macron-martine-pinville-annoncent-aides\/93096\/","title":{"rendered":"Inondations et gr\u00e8ves : Emmanuel MACRON et Martine PINVILLE annoncent des aides"},"content":{"rendered":"<p><strong>Emmanuel MACRON et Martine PINVILLE ont r\u00e9uni la cellule de continuit\u00e9 \u00e9conomique (CCE) pour accompagner les entreprises \u00e0 la suite des inondations et des mouvements sociaux. Cette r\u00e9union a permis de faire le point sur la situation des diff\u00e9rents secteurs et de pr\u00e9senter les mesures de soutien mises en place, notamment l\u2019aide au red\u00e9marrage de l\u2019activit\u00e9.<\/strong><\/p>\n<p>L&rsquo;aide exceptionnelle au red\u00e9marrage de l\u2019activit\u00e9 sera attribu\u00e9e aux entreprises dont l\u2019outil professionnel a, en raison des inondations, subi des dommages importants ayant significativement affect\u00e9 leur activit\u00e9. Elle concerne les entreprises touch\u00e9es dans l\u2019ensemble des communes list\u00e9es par les arr\u00eat\u00e9s de catastrophe naturelle pris depuis le 8 juin. Elle b\u00e9n\u00e9ficiera aux entreprises commerciales, artisanales, de services et industrielles, dont le chiffre d\u2019affaires a \u00e9t\u00e9 inf\u00e9rieur \u00e0 1 M\u20ac en 2015. Son montant pourra atteindre jusqu\u2019\u00e0 3 000 \u20ac voire, pour certaines entreprises dont l\u2019existence m\u00eame serait en jeu, 10 000 \u20ac. Les demandes et les versements auront lieu dans les prochains jours via les services d\u00e9partementaux de l\u2019Etat (unit\u00e9 d\u00e9partementale de la DIRECCTE). Cette aide vise \u00e0 permettre aux entreprises de remettre en \u00e9tat leurs locaux ou moyens de production, de reconstituer un stock, de red\u00e9marrer leur activit\u00e9, en compl\u00e9ment des dispositifs d\u2019aide et d\u2019indemnisation publics et priv\u00e9s.<br \/>\nLes ministres ont \u00e9galement rappel\u00e9 les mesures d\u2019urgence mises en place.<br \/>\n\u2010 L\u2019\u00e9talement des \u00e9ch\u00e9ances fiscales et sociales : les entreprises peuvent solliciter des d\u00e9lais de paiement pour les taxes et cotisations dont elles sont redevables et des remises gracieuses des majorations et int\u00e9r\u00eats de retard qui pourraient leur avoir \u00e9t\u00e9 notifi\u00e9s ;<br \/>\n\u2010 Les interventions de Bpifrance : les dispositifs de droit commun peuvent \u00eatre activ\u00e9s, tels que le fonds de garantie \u00ab renforcement de la Tr\u00e9sorerie \u00bb et le pr\u00e9financement du CICE. Des mesures cibl\u00e9es sur les secteurs et entreprises les plus touch\u00e9s ont aussi \u00e9t\u00e9 mises en place : Bpifrance pourra notamment reporter de 6 mois le paiement des \u00e9ch\u00e9ances de pr\u00eats ;<br \/>\n\u2010 Le dispositif d\u2019activit\u00e9 partielle : l\u2019activit\u00e9 partielle doit permettre aux entreprises qui rencontrent des difficult\u00e9s temporaires d\u2019y r\u00e9pondre afin de pr\u00e9server l\u2019emploi ;<br \/>\n\u2010 La mobilisation des assureurs : des avances sur indemnisation seront possibles. Dans chacun des d\u00e9partements touch\u00e9s par les inondations, des professionnels de l\u2019assurance ont \u00e9t\u00e9 d\u00e9sign\u00e9s pour se tenir \u00e0 la disposition des pr\u00e9fets et des cellules locales de crise.<\/p>\n","protected":false},"excerpt":{"rendered":"<p>Emmanuel MACRON et Martine PINVILLE ont r\u00e9uni la cellule de continuit\u00e9 \u00e9conomique (CCE) pour accompagner les entreprises \u00e0 la suite des inondations et des mouvements sociaux. Cette r\u00e9union a permis de faire le point sur la situation des diff\u00e9rents secteurs et de pr\u00e9senter les mesures de soutien mises en place, notamment l\u2019aide au red\u00e9marrage de [&hellip;]<\/p>\n","protected":false},"author":17,"featured_media":93097,"comment_status":"closed","ping_status":"closed","sticky":false,"template":"","format":"standard","meta":{"_et_pb_use_builder":"","_et_pb_old_content":"","_et_gb_content_width":"","footnotes":""},"categories":[6345],"tags":[11137],"class_list":["post-93096","post","type-post","status-publish","format-standard","has-post-thumbnail","hentry","category-economie-marches","tag-inondations"],"yoast_head":"<!-- This site is optimized with the Yoast SEO plugin v27.4 - https:\/\/yoast.com\/product\/yoast-seo-wordpress\/ -->\n<title>Inondations et gr\u00e8ves : Emmanuel MACRON et Martine PINVILLE annoncent des aides<\/title>\n<meta name=\"robots\" content=\"index, follow, max-snippet:-1, max-image-preview:large, max-video-preview:-1\" \/>\n<link rel=\"canonical\" href=\"https:\/\/batijournal.com\/index.php\/inondations-greves-emmanuel-macron-martine-pinville-annoncent-aides\/93096\/\" \/>\n<meta property=\"og:locale\" content=\"fr_FR\" \/>\n<meta property=\"og:type\" content=\"article\" \/>\n<meta property=\"og:title\" content=\"Inondations et gr\u00e8ves : Emmanuel MACRON et Martine PINVILLE annoncent des aides\" \/>\n<meta property=\"og:description\" content=\"Emmanuel MACRON et Martine PINVILLE ont r\u00e9uni la cellule de continuit\u00e9 \u00e9conomique (CCE) pour accompagner les entreprises \u00e0 la suite des inondations et des mouvements sociaux. Cette r\u00e9union a permis de faire le point sur la situation des diff\u00e9rents secteurs et de pr\u00e9senter les mesures de soutien mises en place, notamment l\u2019aide au red\u00e9marrage de [&hellip;]\" \/>\n<meta property=\"og:url\" content=\"https:\/\/batijournal.com\/index.php\/inondations-greves-emmanuel-macron-martine-pinville-annoncent-aides\/93096\/\" \/>\n<meta property=\"og:site_name\" content=\"Batijournal\" \/>\n<meta property=\"article:published_time\" content=\"2016-06-17T05:13:52+00:00\" \/>\n<meta property=\"article:modified_time\" content=\"2019-07-15T10:04:01+00:00\" \/>\n<meta property=\"og:image\" content=\"https:\/\/batijournal.com\/wp-content\/uploads\/2016\/06\/inondations.jpg\" \/>\n\t<meta property=\"og:image:width\" content=\"1000\" \/>\n\t<meta property=\"og:image:height\" content=\"546\" \/>\n\t<meta property=\"og:image:type\" content=\"image\/jpeg\" \/>\n<meta name=\"author\" content=\"St\u00e9phane Miget\" \/>\n<meta name=\"twitter:card\" content=\"summary_large_image\" \/>\n<meta name=\"twitter:creator\" content=\"@bati_journal\" \/>\n<meta name=\"twitter:site\" content=\"@bati_journal\" \/>\n<meta name=\"twitter:label1\" content=\"\u00c9crit par\" \/>\n\t<meta name=\"twitter:data1\" content=\"St\u00e9phane Miget\" \/>\n\t<meta name=\"twitter:label2\" content=\"Dur\u00e9e de lecture estim\u00e9e\" \/>\n\t<meta name=\"twitter:data2\" content=\"2 minutes\" \/>\n<script type=\"application\/ld+json\" class=\"yoast-schema-graph\">{\"@context\":\"https:\\\/\\\/schema.org\",\"@graph\":[{\"@type\":\"Article\",\"@id\":\"https:\\\/\\\/batijournal.com\\\/index.php\\\/inondations-greves-emmanuel-macron-martine-pinville-annoncent-aides\\\/93096\\\/#article\",\"isPartOf\":{\"@id\":\"https:\\\/\\\/batijournal.com\\\/index.php\\\/inondations-greves-emmanuel-macron-martine-pinville-annoncent-aides\\\/93096\\\/\"},\"author\":{\"name\":\"St\u00e9phane Miget\",\"@id\":\"https:\\\/\\\/batijournal.com\\\/#\\\/schema\\\/person\\\/1dc96ec6957aa1ccb25ebe78bb19f100\"},\"headline\":\"Inondations et gr\u00e8ves : Emmanuel MACRON et Martine PINVILLE annoncent des aides\",\"datePublished\":\"2016-06-17T05:13:52+00:00\",\"dateModified\":\"2019-07-15T10:04:01+00:00\",\"mainEntityOfPage\":{\"@id\":\"https:\\\/\\\/batijournal.com\\\/index.php\\\/inondations-greves-emmanuel-macron-martine-pinville-annoncent-aides\\\/93096\\\/\"},\"wordCount\":427,\"image\":{\"@id\":\"https:\\\/\\\/batijournal.com\\\/index.php\\\/inondations-greves-emmanuel-macron-martine-pinville-annoncent-aides\\\/93096\\\/#primaryimage\"},\"thumbnailUrl\":\"https:\\\/\\\/batijournal.com\\\/wp-content\\\/uploads\\\/2016\\\/06\\\/inondations.jpg\",\"keywords\":[\"inondations\"],\"articleSection\":[\"\u00c9conomie &amp; March\u00e9s\"],\"inLanguage\":\"fr-FR\"},{\"@type\":\"WebPage\",\"@id\":\"https:\\\/\\\/batijournal.com\\\/index.php\\\/inondations-greves-emmanuel-macron-martine-pinville-annoncent-aides\\\/93096\\\/\",\"url\":\"https:\\\/\\\/batijournal.com\\\/index.php\\\/inondations-greves-emmanuel-macron-martine-pinville-annoncent-aides\\\/93096\\\/\",\"name\":\"Inondations et gr\u00e8ves : Emmanuel MACRON et Martine PINVILLE annoncent des aides\",\"isPartOf\":{\"@id\":\"https:\\\/\\\/batijournal.com\\\/#website\"},\"primaryImageOfPage\":{\"@id\":\"https:\\\/\\\/batijournal.com\\\/index.php\\\/inondations-greves-emmanuel-macron-martine-pinville-annoncent-aides\\\/93096\\\/#primaryimage\"},\"image\":{\"@id\":\"https:\\\/\\\/batijournal.com\\\/index.php\\\/inondations-greves-emmanuel-macron-martine-pinville-annoncent-aides\\\/93096\\\/#primaryimage\"},\"thumbnailUrl\":\"https:\\\/\\\/batijournal.com\\\/wp-content\\\/uploads\\\/2016\\\/06\\\/inondations.jpg\",\"datePublished\":\"2016-06-17T05:13:52+00:00\",\"dateModified\":\"2019-07-15T10:04:01+00:00\",\"author\":{\"@id\":\"https:\\\/\\\/batijournal.com\\\/#\\\/schema\\\/person\\\/1dc96ec6957aa1ccb25ebe78bb19f100\"},\"breadcrumb\":{\"@id\":\"https:\\\/\\\/batijournal.com\\\/index.php\\\/inondations-greves-emmanuel-macron-martine-pinville-annoncent-aides\\\/93096\\\/#breadcrumb\"},\"inLanguage\":\"fr-FR\",\"potentialAction\":[{\"@type\":\"ReadAction\",\"target\":[\"https:\\\/\\\/batijournal.com\\\/index.php\\\/inondations-greves-emmanuel-macron-martine-pinville-annoncent-aides\\\/93096\\\/\"]}]},{\"@type\":\"ImageObject\",\"inLanguage\":\"fr-FR\",\"@id\":\"https:\\\/\\\/batijournal.com\\\/index.php\\\/inondations-greves-emmanuel-macron-martine-pinville-annoncent-aides\\\/93096\\\/#primaryimage\",\"url\":\"https:\\\/\\\/batijournal.com\\\/wp-content\\\/uploads\\\/2016\\\/06\\\/inondations.jpg\",\"contentUrl\":\"https:\\\/\\\/batijournal.com\\\/wp-content\\\/uploads\\\/2016\\\/06\\\/inondations.jpg\",\"width\":1000,\"height\":546},{\"@type\":\"BreadcrumbList\",\"@id\":\"https:\\\/\\\/batijournal.com\\\/index.php\\\/inondations-greves-emmanuel-macron-martine-pinville-annoncent-aides\\\/93096\\\/#breadcrumb\",\"itemListElement\":[{\"@type\":\"ListItem\",\"position\":1,\"name\":\"Accueil\",\"item\":\"https:\\\/\\\/batijournal.com\\\/\"},{\"@type\":\"ListItem\",\"position\":2,\"name\":\"Actualit\u00e9s\",\"item\":\"https:\\\/\\\/batijournal.com\\\/index.php\\\/category\\\/actualites\\\/\"},{\"@type\":\"ListItem\",\"position\":3,\"name\":\"\u00c9conomie &amp; March\u00e9s\",\"item\":\"https:\\\/\\\/batijournal.com\\\/index.php\\\/category\\\/actualites\\\/economie-marches\\\/\"},{\"@type\":\"ListItem\",\"position\":4,\"name\":\"Inondations et gr\u00e8ves : Emmanuel MACRON et Martine PINVILLE annoncent des aides\"}]},{\"@type\":\"WebSite\",\"@id\":\"https:\\\/\\\/batijournal.com\\\/#website\",\"url\":\"https:\\\/\\\/batijournal.com\\\/\",\"name\":\"Batijournal\",\"description\":\"L&#039;actualit\u00e9 du b\u00e2timent\",\"potentialAction\":[{\"@type\":\"SearchAction\",\"target\":{\"@type\":\"EntryPoint\",\"urlTemplate\":\"https:\\\/\\\/batijournal.com\\\/?s={search_term_string}\"},\"query-input\":{\"@type\":\"PropertyValueSpecification\",\"valueRequired\":true,\"valueName\":\"search_term_string\"}}],\"inLanguage\":\"fr-FR\"},{\"@type\":\"Person\",\"@id\":\"https:\\\/\\\/batijournal.com\\\/#\\\/schema\\\/person\\\/1dc96ec6957aa1ccb25ebe78bb19f100\",\"name\":\"St\u00e9phane Miget\",\"image\":{\"@type\":\"ImageObject\",\"inLanguage\":\"fr-FR\",\"@id\":\"https:\\\/\\\/secure.gravatar.com\\\/avatar\\\/89915563d925342126b8ef0281b93d9d7fc337043e8df017f780908eb9644451?s=96&d=mm&r=g\",\"url\":\"https:\\\/\\\/secure.gravatar.com\\\/avatar\\\/89915563d925342126b8ef0281b93d9d7fc337043e8df017f780908eb9644451?s=96&d=mm&r=g\",\"contentUrl\":\"https:\\\/\\\/secure.gravatar.com\\\/avatar\\\/89915563d925342126b8ef0281b93d9d7fc337043e8df017f780908eb9644451?s=96&d=mm&r=g\",\"caption\":\"St\u00e9phane Miget\"},\"url\":\"https:\\\/\\\/batijournal.com\\\/index.php\\\/author\\\/stephane\\\/\"}]}<\/script>\n<!-- \/ Yoast SEO plugin. -->","yoast_head_json":{"title":"Inondations et gr\u00e8ves : Emmanuel MACRON et Martine PINVILLE annoncent des aides","robots":{"index":"index","follow":"follow","max-snippet":"max-snippet:-1","max-image-preview":"max-image-preview:large","max-video-preview":"max-video-preview:-1"},"canonical":"https:\/\/batijournal.com\/index.php\/inondations-greves-emmanuel-macron-martine-pinville-annoncent-aides\/93096\/","og_locale":"fr_FR","og_type":"article","og_title":"Inondations et gr\u00e8ves : Emmanuel MACRON et Martine PINVILLE annoncent des aides","og_description":"Emmanuel MACRON et Martine PINVILLE ont r\u00e9uni la cellule de continuit\u00e9 \u00e9conomique (CCE) pour accompagner les entreprises \u00e0 la suite des inondations et des mouvements sociaux. Cette r\u00e9union a permis de faire le point sur la situation des diff\u00e9rents secteurs et de pr\u00e9senter les mesures de soutien mises en place, notamment l\u2019aide au red\u00e9marrage de [&hellip;]","og_url":"https:\/\/batijournal.com\/index.php\/inondations-greves-emmanuel-macron-martine-pinville-annoncent-aides\/93096\/","og_site_name":"Batijournal","article_published_time":"2016-06-17T05:13:52+00:00","article_modified_time":"2019-07-15T10:04:01+00:00","og_image":[{"width":1000,"height":546,"url":"https:\/\/batijournal.com\/wp-content\/uploads\/2016\/06\/inondations.jpg","type":"image\/jpeg"}],"author":"St\u00e9phane Miget","twitter_card":"summary_large_image","twitter_creator":"@bati_journal","twitter_site":"@bati_journal","twitter_misc":{"\u00c9crit par":"St\u00e9phane Miget","Dur\u00e9e de lecture estim\u00e9e":"2 minutes"},"schema":{"@context":"https:\/\/schema.org","@graph":[{"@type":"Article","@id":"https:\/\/batijournal.com\/index.php\/inondations-greves-emmanuel-macron-martine-pinville-annoncent-aides\/93096\/#article","isPartOf":{"@id":"https:\/\/batijournal.com\/index.php\/inondations-greves-emmanuel-macron-martine-pinville-annoncent-aides\/93096\/"},"author":{"name":"St\u00e9phane Miget","@id":"https:\/\/batijournal.com\/#\/schema\/person\/1dc96ec6957aa1ccb25ebe78bb19f100"},"headline":"Inondations et gr\u00e8ves : Emmanuel MACRON et Martine PINVILLE annoncent des aides","datePublished":"2016-06-17T05:13:52+00:00","dateModified":"2019-07-15T10:04:01+00:00","mainEntityOfPage":{"@id":"https:\/\/batijournal.com\/index.php\/inondations-greves-emmanuel-macron-martine-pinville-annoncent-aides\/93096\/"},"wordCount":427,"image":{"@id":"https:\/\/batijournal.com\/index.php\/inondations-greves-emmanuel-macron-martine-pinville-annoncent-aides\/93096\/#primaryimage"},"thumbnailUrl":"https:\/\/batijournal.com\/wp-content\/uploads\/2016\/06\/inondations.jpg","keywords":["inondations"],"articleSection":["\u00c9conomie &amp; March\u00e9s"],"inLanguage":"fr-FR"},{"@type":"WebPage","@id":"https:\/\/batijournal.com\/index.php\/inondations-greves-emmanuel-macron-martine-pinville-annoncent-aides\/93096\/","url":"https:\/\/batijournal.com\/index.php\/inondations-greves-emmanuel-macron-martine-pinville-annoncent-aides\/93096\/","name":"Inondations et gr\u00e8ves : Emmanuel MACRON et Martine PINVILLE annoncent des aides","isPartOf":{"@id":"https:\/\/batijournal.com\/#website"},"primaryImageOfPage":{"@id":"https:\/\/batijournal.com\/index.php\/inondations-greves-emmanuel-macron-martine-pinville-annoncent-aides\/93096\/#primaryimage"},"image":{"@id":"https:\/\/batijournal.com\/index.php\/inondations-greves-emmanuel-macron-martine-pinville-annoncent-aides\/93096\/#primaryimage"},"thumbnailUrl":"https:\/\/batijournal.com\/wp-content\/uploads\/2016\/06\/inondations.jpg","datePublished":"2016-06-17T05:13:52+00:00","dateModified":"2019-07-15T10:04:01+00:00","author":{"@id":"https:\/\/batijournal.com\/#\/schema\/person\/1dc96ec6957aa1ccb25ebe78bb19f100"},"breadcrumb":{"@id":"https:\/\/batijournal.com\/index.php\/inondations-greves-emmanuel-macron-martine-pinville-annoncent-aides\/93096\/#breadcrumb"},"inLanguage":"fr-FR","potentialAction":[{"@type":"ReadAction","target":["https:\/\/batijournal.com\/index.php\/inondations-greves-emmanuel-macron-martine-pinville-annoncent-aides\/93096\/"]}]},{"@type":"ImageObject","inLanguage":"fr-FR","@id":"https:\/\/batijournal.com\/index.php\/inondations-greves-emmanuel-macron-martine-pinville-annoncent-aides\/93096\/#primaryimage","url":"https:\/\/batijournal.com\/wp-content\/uploads\/2016\/06\/inondations.jpg","contentUrl":"https:\/\/batijournal.com\/wp-content\/uploads\/2016\/06\/inondations.jpg","width":1000,"height":546},{"@type":"BreadcrumbList","@id":"https:\/\/batijournal.com\/index.php\/inondations-greves-emmanuel-macron-martine-pinville-annoncent-aides\/93096\/#breadcrumb","itemListElement":[{"@type":"ListItem","position":1,"name":"Accueil","item":"https:\/\/batijournal.com\/"},{"@type":"ListItem","position":2,"name":"Actualit\u00e9s","item":"https:\/\/batijournal.com\/index.php\/category\/actualites\/"},{"@type":"ListItem","position":3,"name":"\u00c9conomie &amp; March\u00e9s","item":"https:\/\/batijournal.com\/index.php\/category\/actualites\/economie-marches\/"},{"@type":"ListItem","position":4,"name":"Inondations et gr\u00e8ves : Emmanuel MACRON et Martine PINVILLE annoncent des aides"}]},{"@type":"WebSite","@id":"https:\/\/batijournal.com\/#website","url":"https:\/\/batijournal.com\/","name":"Batijournal","description":"L&#039;actualit\u00e9 du b\u00e2timent","potentialAction":[{"@type":"SearchAction","target":{"@type":"EntryPoint","urlTemplate":"https:\/\/batijournal.com\/?s={search_term_string}"},"query-input":{"@type":"PropertyValueSpecification","valueRequired":true,"valueName":"search_term_string"}}],"inLanguage":"fr-FR"},{"@type":"Person","@id":"https:\/\/batijournal.com\/#\/schema\/person\/1dc96ec6957aa1ccb25ebe78bb19f100","name":"St\u00e9phane Miget","image":{"@type":"ImageObject","inLanguage":"fr-FR","@id":"https:\/\/secure.gravatar.com\/avatar\/89915563d925342126b8ef0281b93d9d7fc337043e8df017f780908eb9644451?s=96&d=mm&r=g","url":"https:\/\/secure.gravatar.com\/avatar\/89915563d925342126b8ef0281b93d9d7fc337043e8df017f780908eb9644451?s=96&d=mm&r=g","contentUrl":"https:\/\/secure.gravatar.com\/avatar\/89915563d925342126b8ef0281b93d9d7fc337043e8df017f780908eb9644451?s=96&d=mm&r=g","caption":"St\u00e9phane Miget"},"url":"https:\/\/batijournal.com\/index.php\/author\/stephane\/"}]}},"_links":{"self":[{"href":"https:\/\/batijournal.com\/index.php\/wp-json\/wp\/v2\/posts\/93096","targetHints":{"allow":["GET"]}}],"collection":[{"href":"https:\/\/batijournal.com\/index.php\/wp-json\/wp\/v2\/posts"}],"about":[{"href":"https:\/\/batijournal.com\/index.php\/wp-json\/wp\/v2\/types\/post"}],"author":[{"embeddable":true,"href":"https:\/\/batijournal.com\/index.php\/wp-json\/wp\/v2\/users\/17"}],"replies":[{"embeddable":true,"href":"https:\/\/batijournal.com\/index.php\/wp-json\/wp\/v2\/comments?post=93096"}],"version-history":[{"count":0,"href":"https:\/\/batijournal.com\/index.php\/wp-json\/wp\/v2\/posts\/93096\/revisions"}],"wp:featuredmedia":[{"embeddable":true,"href":"https:\/\/batijournal.com\/index.php\/wp-json\/wp\/v2\/media\/93097"}],"wp:attachment":[{"href":"https:\/\/batijournal.com\/index.php\/wp-json\/wp\/v2\/media?parent=93096"}],"wp:term":[{"taxonomy":"category","embeddable":true,"href":"https:\/\/batijournal.com\/index.php\/wp-json\/wp\/v2\/categories?post=93096"},{"taxonomy":"post_tag","embeddable":true,"href":"https:\/\/batijournal.com\/index.php\/wp-json\/wp\/v2\/tags?post=93096"}],"curies":[{"name":"wp","href":"https:\/\/api.w.org\/{rel}","templated":true}]}}