{"id":93098,"date":"2016-06-18T15:51:10","date_gmt":"2016-06-18T13:51:10","guid":{"rendered":"http:\/\/batijournal.com\/?p=93098"},"modified":"2019-07-15T11:27:53","modified_gmt":"2019-07-15T09:27:53","slug":"pavillon-dufour-nouvelle-entree-chateau-de-versailles","status":"publish","type":"post","link":"https:\/\/batijournal.com\/index.php\/pavillon-dufour-nouvelle-entree-chateau-de-versailles\/93098\/","title":{"rendered":"Le pavillon Dufour, nouvelle entr\u00e9e du ch\u00e2teau de Versailles"},"content":{"rendered":"<p>[et_pb_section admin_label=\u00a0\u00bbsection\u00a0\u00bb][et_pb_row admin_label=\u00a0\u00bbLigne\u00a0\u00bb][et_pb_column type=\u00a0\u00bb1_2&Prime;][et_pb_text admin_label=\u00a0\u00bbTexte\u00a0\u00bb background_layout=\u00a0\u00bblight\u00a0\u00bb text_orientation=\u00a0\u00bbleft\u00a0\u00bb use_border_color=\u00a0\u00bboff\u00a0\u00bb border_color=\u00a0\u00bb#ffffff\u00a0\u00bb border_style=\u00a0\u00bbsolid\u00a0\u00bb text_font_size=\u00a0\u00bb16&Prime;]<\/p>\n<p><strong>Audrey Azoulay, ministre de la Culture et de la Communication, a inaugur\u00e9 les nouveaux espaces d\u2019accueil du Ch\u00e2teau de Versailles, en pr\u00e9sence du Pr\u00e9sident de la R\u00e9publique. Le pavillon Dufour, dont le vaste chantier de r\u00e9am\u00e9nagement a d\u00e9but\u00e9 en septembre 2013, a ouvert le 23 f\u00e9vrier 2016. Cette nouvelle \u00ab porte d\u2019entr\u00e9e \u00bb, cr\u00e9\u00e9e par l\u2019architecte Dominique Perrault, m\u00ealant restauration, r\u00e9habilitation et intervention contemporaine, installe le ch\u00e2teau de Versailles dans la modernit\u00e9.<\/strong><\/p>\n<p>[\/et_pb_text][et_pb_image admin_label=\u00a0\u00bbImage\u00a0\u00bb src=\u00a0\u00bbhttps:\/\/batijournal.com\/wp-content\/uploads\/2016\/06\/hall_d-accueil-2-pavillon-dufour-versailles.jpg\u00a0\u00bb show_in_lightbox=\u00a0\u00bbon\u00a0\u00bb url_new_window=\u00a0\u00bboff\u00a0\u00bb use_overlay=\u00a0\u00bboff\u00a0\u00bb animation=\u00a0\u00bboff\u00a0\u00bb sticky=\u00a0\u00bbon\u00a0\u00bb align=\u00a0\u00bbleft\u00a0\u00bb force_fullwidth=\u00a0\u00bboff\u00a0\u00bb always_center_on_mobile=\u00a0\u00bbon\u00a0\u00bb use_border_color=\u00a0\u00bboff\u00a0\u00bb border_color=\u00a0\u00bb#ffffff\u00a0\u00bb border_style=\u00a0\u00bbsolid\u00a0\u00bb] [\/et_pb_image][et_pb_text admin_label=\u00a0\u00bbTexte\u00a0\u00bb background_layout=\u00a0\u00bblight\u00a0\u00bb text_orientation=\u00a0\u00bbleft\u00a0\u00bb use_border_color=\u00a0\u00bboff\u00a0\u00bb border_color=\u00a0\u00bb#ffffff\u00a0\u00bb border_style=\u00a0\u00bbsolid\u00a0\u00bb]<\/p>\n<p>Photos : \u00a0Patrick Tourneboeuf \/ TEndance Floue \/ OPPIC &#8211; En-t\u00eate : Christian Milet \/ ch\u00e2teau de Versailles<\/p>\n<p>[\/et_pb_text][\/et_pb_column][et_pb_column type=\u00a0\u00bb1_2&Prime;][et_pb_testimonial admin_label=\u00a0\u00bbT\u00e9moignage\u00a0\u00bb author=\u00a0\u00bbFr\u00e9d\u00e9ric Didier &#8211; Architecte en Chef des Monuments Historiques\u00a0\u00bb url_new_window=\u00a0\u00bboff\u00a0\u00bb quote_icon=\u00a0\u00bbon\u00a0\u00bb use_background_color=\u00a0\u00bbon\u00a0\u00bb background_color=\u00a0\u00bb#e0c282&Prime; background_layout=\u00a0\u00bblight\u00a0\u00bb text_orientation=\u00a0\u00bbleft\u00a0\u00bb use_border_color=\u00a0\u00bbon\u00a0\u00bb border_color=\u00a0\u00bb#5b5b5b\u00a0\u00bb border_style=\u00a0\u00bbsolid\u00a0\u00bb body_font=\u00a0\u00bbRoboto||||\u00a0\u00bb body_font_size=\u00a0\u00bb16&Prime;]<\/p>\n<p><em>Les deux pavillons \u00e0 colonnes, Gabriel au nord et Dufour au sud, encadrant la cour Royale, constituent en effet un signal architectural \u00e9vident dans la composition monumentale car leur ordonnance nouvelle \u00e9tait con\u00e7ue d\u00e8s l&rsquo;origine \u00e0 la fin du XVIIIe si\u00e8cle, pour servir aux entr\u00e9es publiques du ch\u00e2teau.<\/em><\/p>\n<p>[\/et_pb_testimonial][et_pb_text admin_label=\u00a0\u00bbTexte\u00a0\u00bb background_layout=\u00a0\u00bblight\u00a0\u00bb text_orientation=\u00a0\u00bbleft\u00a0\u00bb use_border_color=\u00a0\u00bboff\u00a0\u00bb border_color=\u00a0\u00bb#ffffff\u00a0\u00bb border_style=\u00a0\u00bbsolid\u00a0\u00bb text_font_size=\u00a0\u00bb15&Prime;]<\/p>\n<p>Dominique Perrault a repens\u00e9 toute la s\u00e9quence inaugurale du Ch\u00e2teau en conservant la physionomie des b\u00e2timents (volum\u00e9trie, proportions et dimensions). L\u2019architecte en charge des am\u00e9nagements fonctionnels est associ\u00e9 \u00e0 Fr\u00e9d\u00e9ric Didier, architecte en chef des Monuments Historiques, ma\u00eetre d\u2019\u0153uvre des travaux de restauration des \u00e9l\u00e9ments patrimoniaux remarquables du clos et du couvert.<\/p>\n<p>[\/et_pb_text][\/et_pb_column][\/et_pb_row][et_pb_row admin_label=\u00a0\u00bbLigne\u00a0\u00bb][et_pb_column type=\u00a0\u00bb4_4&Prime;][et_pb_image admin_label=\u00a0\u00bbImage\u00a0\u00bb src=\u00a0\u00bbhttps:\/\/batijournal.com\/wp-content\/uploads\/2016\/06\/escalier_de_sortie_cour_des_Princes-pavillon-dufour-versailles.jpg\u00a0\u00bb show_in_lightbox=\u00a0\u00bbon\u00a0\u00bb url_new_window=\u00a0\u00bboff\u00a0\u00bb use_overlay=\u00a0\u00bboff\u00a0\u00bb animation=\u00a0\u00bboff\u00a0\u00bb sticky=\u00a0\u00bbon\u00a0\u00bb align=\u00a0\u00bbleft\u00a0\u00bb force_fullwidth=\u00a0\u00bboff\u00a0\u00bb always_center_on_mobile=\u00a0\u00bbon\u00a0\u00bb use_border_color=\u00a0\u00bboff\u00a0\u00bb border_color=\u00a0\u00bb#ffffff\u00a0\u00bb border_style=\u00a0\u00bbsolid\u00a0\u00bb] [\/et_pb_image][et_pb_text admin_label=\u00a0\u00bbTexte\u00a0\u00bb background_layout=\u00a0\u00bblight\u00a0\u00bb text_orientation=\u00a0\u00bbleft\u00a0\u00bb use_border_color=\u00a0\u00bboff\u00a0\u00bb border_color=\u00a0\u00bb#ffffff\u00a0\u00bb border_style=\u00a0\u00bbsolid\u00a0\u00bb]<\/p>\n<p>Photo : Patrick Tourneboeuf \/ Tendance Floue \/ OPPIC<\/p>\n<p>[\/et_pb_text][\/et_pb_column][\/et_pb_row][et_pb_row admin_label=\u00a0\u00bbLigne\u00a0\u00bb][et_pb_column type=\u00a0\u00bb1_2&Prime;][et_pb_text admin_label=\u00a0\u00bbTexte\u00a0\u00bb background_layout=\u00a0\u00bblight\u00a0\u00bb text_orientation=\u00a0\u00bbleft\u00a0\u00bb use_border_color=\u00a0\u00bboff\u00a0\u00bb border_color=\u00a0\u00bb#ffffff\u00a0\u00bb border_style=\u00a0\u00bbsolid\u00a0\u00bb text_font_size=\u00a0\u00bb15&Prime;]<\/p>\n<p>Toutes les fonctions d\u2019accueil sont regroup\u00e9es dans le respect absolu du patrimoine. Le pavillon Dufour est affect\u00e9 \u00e0 quatre fonctions principales :<br \/>\n\u2013 le sous-sol de la cour des Princes pour les circulations et services (toilettes, boutique\u2026) et la sortie,<br \/>\n\u2013 le rez-de-cour pour l\u2019accueil, le contr\u00f4le et l\u2019information des visiteurs,<br \/>\n\u2013 le 1er \u00e9tage pour un restaurant de mus\u00e9e,<br \/>\n\u2013 enfin le 2e \u00e9tage pour un auditorium et ses \u00e9quipements annexes.<\/p>\n<p>[\/et_pb_text][et_pb_image admin_label=\u00a0\u00bbImage\u00a0\u00bb src=\u00a0\u00bbhttps:\/\/batijournal.com\/wp-content\/uploads\/2016\/06\/sous-sol_de_la_cour_des_Princes-pavillon-Dufour-Versailles.jpg\u00a0\u00bb show_in_lightbox=\u00a0\u00bbon\u00a0\u00bb url_new_window=\u00a0\u00bboff\u00a0\u00bb use_overlay=\u00a0\u00bboff\u00a0\u00bb animation=\u00a0\u00bboff\u00a0\u00bb sticky=\u00a0\u00bbon\u00a0\u00bb align=\u00a0\u00bbleft\u00a0\u00bb force_fullwidth=\u00a0\u00bboff\u00a0\u00bb always_center_on_mobile=\u00a0\u00bbon\u00a0\u00bb use_border_color=\u00a0\u00bboff\u00a0\u00bb border_color=\u00a0\u00bb#ffffff\u00a0\u00bb border_style=\u00a0\u00bbsolid\u00a0\u00bb] [\/et_pb_image][et_pb_text admin_label=\u00a0\u00bbTexte\u00a0\u00bb background_layout=\u00a0\u00bblight\u00a0\u00bb text_orientation=\u00a0\u00bbleft\u00a0\u00bb use_border_color=\u00a0\u00bboff\u00a0\u00bb border_color=\u00a0\u00bb#ffffff\u00a0\u00bb border_style=\u00a0\u00bbsolid\u00a0\u00bb]<\/p>\n<p>Photo : Patrick Tourneboeuf \/ Tendance Floue \/ OPPIC<\/p>\n<p>[\/et_pb_text][\/et_pb_column][et_pb_column type=\u00a0\u00bb1_2&Prime;][et_pb_testimonial admin_label=\u00a0\u00bbT\u00e9moignage\u00a0\u00bb author=\u00a0\u00bbDominique Perrault &#8211; Architecte du projet\u00a0\u00bb url_new_window=\u00a0\u00bboff\u00a0\u00bb quote_icon=\u00a0\u00bbon\u00a0\u00bb use_background_color=\u00a0\u00bbon\u00a0\u00bb background_color=\u00a0\u00bb#d8d8d8&Prime; background_layout=\u00a0\u00bblight\u00a0\u00bb text_orientation=\u00a0\u00bbleft\u00a0\u00bb use_border_color=\u00a0\u00bbon\u00a0\u00bb border_color=\u00a0\u00bb#000000&Prime; border_style=\u00a0\u00bbsolid\u00a0\u00bb quote_icon_color=\u00a0\u00bb#000000&Prime; body_font=\u00a0\u00bbRoboto||||\u00a0\u00bb body_font_size=\u00a0\u00bb16&Prime;]<\/p>\n<p><em>Le d\u00e9part des bureaux de l\u2019administration a permis de compl\u00e9ter le circuit de visite par une galerie d\u2019accueil situ\u00e9e entre la Cour Royale et la Cour des Princes, et par un grand escalier de sortie conduisant vers les jardins. Ce dispositif d\u2019entr\u00e9e et de sortie au m\u00eame endroit permet de mettre en place un parcours en boucle comme dans tous les grands mus\u00e9es du monde. Le ch\u00e2teau, \u00ab trop \u00e0 l\u2019\u00e9troit \u00bb, a gagn\u00e9 des espaces en rez-de-chauss\u00e9e et des volumes au rez-de-jardin en creusant sous les b\u00e2timents et sous la Cour des Princes.<\/em><\/p>\n<p>[\/et_pb_testimonial][\/et_pb_column][\/et_pb_row][et_pb_row admin_label=\u00a0\u00bbLigne\u00a0\u00bb][et_pb_column type=\u00a0\u00bb4_4&Prime;][et_pb_image admin_label=\u00a0\u00bbImage\u00a0\u00bb src=\u00a0\u00bbhttps:\/\/batijournal.com\/wp-content\/uploads\/2016\/06\/vue_de_la_cour_des_Princes.jpg\u00a0\u00bb show_in_lightbox=\u00a0\u00bbon\u00a0\u00bb url_new_window=\u00a0\u00bboff\u00a0\u00bb use_overlay=\u00a0\u00bboff\u00a0\u00bb animation=\u00a0\u00bboff\u00a0\u00bb sticky=\u00a0\u00bbon\u00a0\u00bb align=\u00a0\u00bbleft\u00a0\u00bb force_fullwidth=\u00a0\u00bboff\u00a0\u00bb always_center_on_mobile=\u00a0\u00bbon\u00a0\u00bb use_border_color=\u00a0\u00bboff\u00a0\u00bb border_color=\u00a0\u00bb#ffffff\u00a0\u00bb border_style=\u00a0\u00bbsolid\u00a0\u00bb] [\/et_pb_image][et_pb_text admin_label=\u00a0\u00bbTexte\u00a0\u00bb background_layout=\u00a0\u00bblight\u00a0\u00bb text_orientation=\u00a0\u00bbleft\u00a0\u00bb use_border_color=\u00a0\u00bboff\u00a0\u00bb border_color=\u00a0\u00bb#ffffff\u00a0\u00bb border_style=\u00a0\u00bbsolid\u00a0\u00bb]<\/p>\n<p>Photo : Christian Milet \/ ch\u00e2teau de Versailles<\/p>\n<p>[\/et_pb_text][\/et_pb_column][\/et_pb_row][\/et_pb_section]<\/p>\n","protected":false},"excerpt":{"rendered":"<p>Cette nouvelle \u00ab porte d\u2019entr\u00e9e \u00bb, cr\u00e9\u00e9e par l\u2019architecte Dominique Perrault, m\u00ealant restauration, r\u00e9habilitation et intervention contemporaine, installe le ch\u00e2teau de Versailles dans la modernit\u00e9.<\/p>\n","protected":false},"author":17,"featured_media":93101,"comment_status":"closed","ping_status":"closed","sticky":false,"template":"","format":"standard","meta":{"_et_pb_use_builder":"on","_et_pb_old_content":"","_et_gb_content_width":"","footnotes":""},"categories":[6340],"tags":[4474],"class_list":["post-93098","post","type-post","status-publish","format-standard","has-post-thumbnail","hentry","category-architecture-conception","tag-monuments-historiques"],"yoast_head":"<!-- This site is optimized with the Yoast SEO plugin v27.4 - https:\/\/yoast.com\/product\/yoast-seo-wordpress\/ -->\n<title>Le pavillon Dufour, nouvelle entr\u00e9e du ch\u00e2teau de Versailles<\/title>\n<meta name=\"robots\" content=\"index, follow, max-snippet:-1, max-image-preview:large, max-video-preview:-1\" \/>\n<link rel=\"canonical\" href=\"https:\/\/batijournal.com\/index.php\/pavillon-dufour-nouvelle-entree-chateau-de-versailles\/93098\/\" \/>\n<meta property=\"og:locale\" content=\"fr_FR\" \/>\n<meta property=\"og:type\" content=\"article\" \/>\n<meta property=\"og:title\" content=\"Le pavillon Dufour, nouvelle entr\u00e9e du ch\u00e2teau de Versailles\" \/>\n<meta property=\"og:description\" content=\"Cette nouvelle \u00ab porte d\u2019entr\u00e9e \u00bb, cr\u00e9\u00e9e par l\u2019architecte Dominique Perrault, m\u00ealant restauration, r\u00e9habilitation et intervention contemporaine, installe le ch\u00e2teau de Versailles dans la modernit\u00e9.\" \/>\n<meta property=\"og:url\" content=\"https:\/\/batijournal.com\/index.php\/pavillon-dufour-nouvelle-entree-chateau-de-versailles\/93098\/\" \/>\n<meta property=\"og:site_name\" content=\"Batijournal\" \/>\n<meta property=\"article:published_time\" content=\"2016-06-18T13:51:10+00:00\" \/>\n<meta property=\"article:modified_time\" content=\"2019-07-15T09:27:53+00:00\" \/>\n<meta property=\"og:image\" content=\"https:\/\/batijournal.com\/wp-content\/uploads\/2016\/06\/hall_d-accueil-pavillon-dufour-versailles.jpg\" \/>\n\t<meta property=\"og:image:width\" content=\"1200\" \/>\n\t<meta property=\"og:image:height\" content=\"800\" \/>\n\t<meta property=\"og:image:type\" content=\"image\/jpeg\" \/>\n<meta name=\"author\" content=\"St\u00e9phane Miget\" \/>\n<meta name=\"twitter:card\" content=\"summary_large_image\" \/>\n<meta name=\"twitter:creator\" content=\"@bati_journal\" \/>\n<meta name=\"twitter:site\" content=\"@bati_journal\" \/>\n<meta name=\"twitter:label1\" content=\"\u00c9crit par\" \/>\n\t<meta name=\"twitter:data1\" content=\"St\u00e9phane Miget\" \/>\n\t<meta name=\"twitter:label2\" content=\"Dur\u00e9e de lecture estim\u00e9e\" \/>\n\t<meta name=\"twitter:data2\" content=\"5 minutes\" \/>\n<script type=\"application\/ld+json\" class=\"yoast-schema-graph\">{\"@context\":\"https:\\\/\\\/schema.org\",\"@graph\":[{\"@type\":\"Article\",\"@id\":\"https:\\\/\\\/batijournal.com\\\/index.php\\\/pavillon-dufour-nouvelle-entree-chateau-de-versailles\\\/93098\\\/#article\",\"isPartOf\":{\"@id\":\"https:\\\/\\\/batijournal.com\\\/index.php\\\/pavillon-dufour-nouvelle-entree-chateau-de-versailles\\\/93098\\\/\"},\"author\":{\"name\":\"St\u00e9phane Miget\",\"@id\":\"https:\\\/\\\/batijournal.com\\\/#\\\/schema\\\/person\\\/1dc96ec6957aa1ccb25ebe78bb19f100\"},\"headline\":\"Le pavillon Dufour, nouvelle entr\u00e9e du ch\u00e2teau de Versailles\",\"datePublished\":\"2016-06-18T13:51:10+00:00\",\"dateModified\":\"2019-07-15T09:27:53+00:00\",\"mainEntityOfPage\":{\"@id\":\"https:\\\/\\\/batijournal.com\\\/index.php\\\/pavillon-dufour-nouvelle-entree-chateau-de-versailles\\\/93098\\\/\"},\"wordCount\":1032,\"image\":{\"@id\":\"https:\\\/\\\/batijournal.com\\\/index.php\\\/pavillon-dufour-nouvelle-entree-chateau-de-versailles\\\/93098\\\/#primaryimage\"},\"thumbnailUrl\":\"https:\\\/\\\/batijournal.com\\\/wp-content\\\/uploads\\\/2016\\\/06\\\/hall_d-accueil-pavillon-dufour-versailles.jpg\",\"keywords\":[\"monuments historiques\"],\"articleSection\":[\"Architecture &amp; Conception\"],\"inLanguage\":\"fr-FR\"},{\"@type\":\"WebPage\",\"@id\":\"https:\\\/\\\/batijournal.com\\\/index.php\\\/pavillon-dufour-nouvelle-entree-chateau-de-versailles\\\/93098\\\/\",\"url\":\"https:\\\/\\\/batijournal.com\\\/index.php\\\/pavillon-dufour-nouvelle-entree-chateau-de-versailles\\\/93098\\\/\",\"name\":\"Le pavillon Dufour, nouvelle entr\u00e9e du ch\u00e2teau de Versailles\",\"isPartOf\":{\"@id\":\"https:\\\/\\\/batijournal.com\\\/#website\"},\"primaryImageOfPage\":{\"@id\":\"https:\\\/\\\/batijournal.com\\\/index.php\\\/pavillon-dufour-nouvelle-entree-chateau-de-versailles\\\/93098\\\/#primaryimage\"},\"image\":{\"@id\":\"https:\\\/\\\/batijournal.com\\\/index.php\\\/pavillon-dufour-nouvelle-entree-chateau-de-versailles\\\/93098\\\/#primaryimage\"},\"thumbnailUrl\":\"https:\\\/\\\/batijournal.com\\\/wp-content\\\/uploads\\\/2016\\\/06\\\/hall_d-accueil-pavillon-dufour-versailles.jpg\",\"datePublished\":\"2016-06-18T13:51:10+00:00\",\"dateModified\":\"2019-07-15T09:27:53+00:00\",\"author\":{\"@id\":\"https:\\\/\\\/batijournal.com\\\/#\\\/schema\\\/person\\\/1dc96ec6957aa1ccb25ebe78bb19f100\"},\"breadcrumb\":{\"@id\":\"https:\\\/\\\/batijournal.com\\\/index.php\\\/pavillon-dufour-nouvelle-entree-chateau-de-versailles\\\/93098\\\/#breadcrumb\"},\"inLanguage\":\"fr-FR\",\"potentialAction\":[{\"@type\":\"ReadAction\",\"target\":[\"https:\\\/\\\/batijournal.com\\\/index.php\\\/pavillon-dufour-nouvelle-entree-chateau-de-versailles\\\/93098\\\/\"]}]},{\"@type\":\"ImageObject\",\"inLanguage\":\"fr-FR\",\"@id\":\"https:\\\/\\\/batijournal.com\\\/index.php\\\/pavillon-dufour-nouvelle-entree-chateau-de-versailles\\\/93098\\\/#primaryimage\",\"url\":\"https:\\\/\\\/batijournal.com\\\/wp-content\\\/uploads\\\/2016\\\/06\\\/hall_d-accueil-pavillon-dufour-versailles.jpg\",\"contentUrl\":\"https:\\\/\\\/batijournal.com\\\/wp-content\\\/uploads\\\/2016\\\/06\\\/hall_d-accueil-pavillon-dufour-versailles.jpg\",\"width\":1200,\"height\":800},{\"@type\":\"BreadcrumbList\",\"@id\":\"https:\\\/\\\/batijournal.com\\\/index.php\\\/pavillon-dufour-nouvelle-entree-chateau-de-versailles\\\/93098\\\/#breadcrumb\",\"itemListElement\":[{\"@type\":\"ListItem\",\"position\":1,\"name\":\"Accueil\",\"item\":\"https:\\\/\\\/batijournal.com\\\/\"},{\"@type\":\"ListItem\",\"position\":2,\"name\":\"Actualit\u00e9s\",\"item\":\"https:\\\/\\\/batijournal.com\\\/index.php\\\/category\\\/actualites\\\/\"},{\"@type\":\"ListItem\",\"position\":3,\"name\":\"Architecture &amp; Conception\",\"item\":\"https:\\\/\\\/batijournal.com\\\/index.php\\\/category\\\/actualites\\\/architecture-conception\\\/\"},{\"@type\":\"ListItem\",\"position\":4,\"name\":\"Le pavillon Dufour, nouvelle entr\u00e9e du ch\u00e2teau de Versailles\"}]},{\"@type\":\"WebSite\",\"@id\":\"https:\\\/\\\/batijournal.com\\\/#website\",\"url\":\"https:\\\/\\\/batijournal.com\\\/\",\"name\":\"Batijournal\",\"description\":\"L&#039;actualit\u00e9 du b\u00e2timent\",\"potentialAction\":[{\"@type\":\"SearchAction\",\"target\":{\"@type\":\"EntryPoint\",\"urlTemplate\":\"https:\\\/\\\/batijournal.com\\\/?s={search_term_string}\"},\"query-input\":{\"@type\":\"PropertyValueSpecification\",\"valueRequired\":true,\"valueName\":\"search_term_string\"}}],\"inLanguage\":\"fr-FR\"},{\"@type\":\"Person\",\"@id\":\"https:\\\/\\\/batijournal.com\\\/#\\\/schema\\\/person\\\/1dc96ec6957aa1ccb25ebe78bb19f100\",\"name\":\"St\u00e9phane Miget\",\"image\":{\"@type\":\"ImageObject\",\"inLanguage\":\"fr-FR\",\"@id\":\"https:\\\/\\\/secure.gravatar.com\\\/avatar\\\/89915563d925342126b8ef0281b93d9d7fc337043e8df017f780908eb9644451?s=96&d=mm&r=g\",\"url\":\"https:\\\/\\\/secure.gravatar.com\\\/avatar\\\/89915563d925342126b8ef0281b93d9d7fc337043e8df017f780908eb9644451?s=96&d=mm&r=g\",\"contentUrl\":\"https:\\\/\\\/secure.gravatar.com\\\/avatar\\\/89915563d925342126b8ef0281b93d9d7fc337043e8df017f780908eb9644451?s=96&d=mm&r=g\",\"caption\":\"St\u00e9phane Miget\"},\"url\":\"https:\\\/\\\/batijournal.com\\\/index.php\\\/author\\\/stephane\\\/\"}]}<\/script>\n<!-- \/ Yoast SEO plugin. -->","yoast_head_json":{"title":"Le pavillon Dufour, nouvelle entr\u00e9e du ch\u00e2teau de Versailles","robots":{"index":"index","follow":"follow","max-snippet":"max-snippet:-1","max-image-preview":"max-image-preview:large","max-video-preview":"max-video-preview:-1"},"canonical":"https:\/\/batijournal.com\/index.php\/pavillon-dufour-nouvelle-entree-chateau-de-versailles\/93098\/","og_locale":"fr_FR","og_type":"article","og_title":"Le pavillon Dufour, nouvelle entr\u00e9e du ch\u00e2teau de Versailles","og_description":"Cette nouvelle \u00ab porte d\u2019entr\u00e9e \u00bb, cr\u00e9\u00e9e par l\u2019architecte Dominique Perrault, m\u00ealant restauration, r\u00e9habilitation et intervention contemporaine, installe le ch\u00e2teau de Versailles dans la modernit\u00e9.","og_url":"https:\/\/batijournal.com\/index.php\/pavillon-dufour-nouvelle-entree-chateau-de-versailles\/93098\/","og_site_name":"Batijournal","article_published_time":"2016-06-18T13:51:10+00:00","article_modified_time":"2019-07-15T09:27:53+00:00","og_image":[{"width":1200,"height":800,"url":"https:\/\/batijournal.com\/wp-content\/uploads\/2016\/06\/hall_d-accueil-pavillon-dufour-versailles.jpg","type":"image\/jpeg"}],"author":"St\u00e9phane Miget","twitter_card":"summary_large_image","twitter_creator":"@bati_journal","twitter_site":"@bati_journal","twitter_misc":{"\u00c9crit par":"St\u00e9phane Miget","Dur\u00e9e de lecture estim\u00e9e":"5 minutes"},"schema":{"@context":"https:\/\/schema.org","@graph":[{"@type":"Article","@id":"https:\/\/batijournal.com\/index.php\/pavillon-dufour-nouvelle-entree-chateau-de-versailles\/93098\/#article","isPartOf":{"@id":"https:\/\/batijournal.com\/index.php\/pavillon-dufour-nouvelle-entree-chateau-de-versailles\/93098\/"},"author":{"name":"St\u00e9phane Miget","@id":"https:\/\/batijournal.com\/#\/schema\/person\/1dc96ec6957aa1ccb25ebe78bb19f100"},"headline":"Le pavillon Dufour, nouvelle entr\u00e9e du ch\u00e2teau de Versailles","datePublished":"2016-06-18T13:51:10+00:00","dateModified":"2019-07-15T09:27:53+00:00","mainEntityOfPage":{"@id":"https:\/\/batijournal.com\/index.php\/pavillon-dufour-nouvelle-entree-chateau-de-versailles\/93098\/"},"wordCount":1032,"image":{"@id":"https:\/\/batijournal.com\/index.php\/pavillon-dufour-nouvelle-entree-chateau-de-versailles\/93098\/#primaryimage"},"thumbnailUrl":"https:\/\/batijournal.com\/wp-content\/uploads\/2016\/06\/hall_d-accueil-pavillon-dufour-versailles.jpg","keywords":["monuments historiques"],"articleSection":["Architecture &amp; Conception"],"inLanguage":"fr-FR"},{"@type":"WebPage","@id":"https:\/\/batijournal.com\/index.php\/pavillon-dufour-nouvelle-entree-chateau-de-versailles\/93098\/","url":"https:\/\/batijournal.com\/index.php\/pavillon-dufour-nouvelle-entree-chateau-de-versailles\/93098\/","name":"Le pavillon Dufour, nouvelle entr\u00e9e du ch\u00e2teau de Versailles","isPartOf":{"@id":"https:\/\/batijournal.com\/#website"},"primaryImageOfPage":{"@id":"https:\/\/batijournal.com\/index.php\/pavillon-dufour-nouvelle-entree-chateau-de-versailles\/93098\/#primaryimage"},"image":{"@id":"https:\/\/batijournal.com\/index.php\/pavillon-dufour-nouvelle-entree-chateau-de-versailles\/93098\/#primaryimage"},"thumbnailUrl":"https:\/\/batijournal.com\/wp-content\/uploads\/2016\/06\/hall_d-accueil-pavillon-dufour-versailles.jpg","datePublished":"2016-06-18T13:51:10+00:00","dateModified":"2019-07-15T09:27:53+00:00","author":{"@id":"https:\/\/batijournal.com\/#\/schema\/person\/1dc96ec6957aa1ccb25ebe78bb19f100"},"breadcrumb":{"@id":"https:\/\/batijournal.com\/index.php\/pavillon-dufour-nouvelle-entree-chateau-de-versailles\/93098\/#breadcrumb"},"inLanguage":"fr-FR","potentialAction":[{"@type":"ReadAction","target":["https:\/\/batijournal.com\/index.php\/pavillon-dufour-nouvelle-entree-chateau-de-versailles\/93098\/"]}]},{"@type":"ImageObject","inLanguage":"fr-FR","@id":"https:\/\/batijournal.com\/index.php\/pavillon-dufour-nouvelle-entree-chateau-de-versailles\/93098\/#primaryimage","url":"https:\/\/batijournal.com\/wp-content\/uploads\/2016\/06\/hall_d-accueil-pavillon-dufour-versailles.jpg","contentUrl":"https:\/\/batijournal.com\/wp-content\/uploads\/2016\/06\/hall_d-accueil-pavillon-dufour-versailles.jpg","width":1200,"height":800},{"@type":"BreadcrumbList","@id":"https:\/\/batijournal.com\/index.php\/pavillon-dufour-nouvelle-entree-chateau-de-versailles\/93098\/#breadcrumb","itemListElement":[{"@type":"ListItem","position":1,"name":"Accueil","item":"https:\/\/batijournal.com\/"},{"@type":"ListItem","position":2,"name":"Actualit\u00e9s","item":"https:\/\/batijournal.com\/index.php\/category\/actualites\/"},{"@type":"ListItem","position":3,"name":"Architecture &amp; Conception","item":"https:\/\/batijournal.com\/index.php\/category\/actualites\/architecture-conception\/"},{"@type":"ListItem","position":4,"name":"Le pavillon Dufour, nouvelle entr\u00e9e du ch\u00e2teau de Versailles"}]},{"@type":"WebSite","@id":"https:\/\/batijournal.com\/#website","url":"https:\/\/batijournal.com\/","name":"Batijournal","description":"L&#039;actualit\u00e9 du b\u00e2timent","potentialAction":[{"@type":"SearchAction","target":{"@type":"EntryPoint","urlTemplate":"https:\/\/batijournal.com\/?s={search_term_string}"},"query-input":{"@type":"PropertyValueSpecification","valueRequired":true,"valueName":"search_term_string"}}],"inLanguage":"fr-FR"},{"@type":"Person","@id":"https:\/\/batijournal.com\/#\/schema\/person\/1dc96ec6957aa1ccb25ebe78bb19f100","name":"St\u00e9phane Miget","image":{"@type":"ImageObject","inLanguage":"fr-FR","@id":"https:\/\/secure.gravatar.com\/avatar\/89915563d925342126b8ef0281b93d9d7fc337043e8df017f780908eb9644451?s=96&d=mm&r=g","url":"https:\/\/secure.gravatar.com\/avatar\/89915563d925342126b8ef0281b93d9d7fc337043e8df017f780908eb9644451?s=96&d=mm&r=g","contentUrl":"https:\/\/secure.gravatar.com\/avatar\/89915563d925342126b8ef0281b93d9d7fc337043e8df017f780908eb9644451?s=96&d=mm&r=g","caption":"St\u00e9phane Miget"},"url":"https:\/\/batijournal.com\/index.php\/author\/stephane\/"}]}},"_links":{"self":[{"href":"https:\/\/batijournal.com\/index.php\/wp-json\/wp\/v2\/posts\/93098","targetHints":{"allow":["GET"]}}],"collection":[{"href":"https:\/\/batijournal.com\/index.php\/wp-json\/wp\/v2\/posts"}],"about":[{"href":"https:\/\/batijournal.com\/index.php\/wp-json\/wp\/v2\/types\/post"}],"author":[{"embeddable":true,"href":"https:\/\/batijournal.com\/index.php\/wp-json\/wp\/v2\/users\/17"}],"replies":[{"embeddable":true,"href":"https:\/\/batijournal.com\/index.php\/wp-json\/wp\/v2\/comments?post=93098"}],"version-history":[{"count":0,"href":"https:\/\/batijournal.com\/index.php\/wp-json\/wp\/v2\/posts\/93098\/revisions"}],"wp:featuredmedia":[{"embeddable":true,"href":"https:\/\/batijournal.com\/index.php\/wp-json\/wp\/v2\/media\/93101"}],"wp:attachment":[{"href":"https:\/\/batijournal.com\/index.php\/wp-json\/wp\/v2\/media?parent=93098"}],"wp:term":[{"taxonomy":"category","embeddable":true,"href":"https:\/\/batijournal.com\/index.php\/wp-json\/wp\/v2\/categories?post=93098"},{"taxonomy":"post_tag","embeddable":true,"href":"https:\/\/batijournal.com\/index.php\/wp-json\/wp\/v2\/tags?post=93098"}],"curies":[{"name":"wp","href":"https:\/\/api.w.org\/{rel}","templated":true}]}}