{"id":93131,"date":"2016-06-21T07:56:48","date_gmt":"2016-06-21T05:56:48","guid":{"rendered":"http:\/\/batijournal.com\/?p=93131"},"modified":"2019-07-15T12:11:07","modified_gmt":"2019-07-15T10:11:07","slug":"eco-quartier-numerique-menage-a-issy-moulineaux","status":"publish","type":"post","link":"https:\/\/batijournal.com\/index.php\/eco-quartier-numerique-menage-a-issy-moulineaux\/93131\/","title":{"rendered":"Eco-quartier et num\u00e9rique font bon m\u00e9nage \u00e0 Issy-les-Moulineaux"},"content":{"rendered":"<p><strong>A Issy-les-Moulineaux, un nouvel \u00e9co-quartier va mettre le num\u00e9rique au service de l\u2019interaction sociale et du bien vivre ensemble. Altarea Cogedim, associ\u00e9 \u00e0 l\u2019agence d\u2019architecture Valode &amp; Pistre, vient de remporter la consultation organis\u00e9e par la SARIHV (filiale de la Caisse des D\u00e9p\u00f4ts), portant sur la cession du terrain du CNET d\u2019Orange. Un v\u00e9ritable c\u0153ur de ville de plus de 100 000 m\u00b2 articul\u00e9s autour d\u2019un parc urbain de 13 000 m\u00b2, d\u2019une offre de commerce de nouvelle g\u00e9n\u00e9ration, d\u2019un centre de cr\u00e9ation num\u00e9rique, de logements, de bureaux ainsi que d\u2019\u00e9quipements publics dont une \u00e9cole et une cr\u00e8che va voir le jour.<\/strong><\/p>\n<p>Alors que la typologie des familles change et que les codes du logement \u00e9voluent, Altarea Cogedim d\u00e9veloppera au sein de cette op\u00e9ration 40 000 m\u00b2 de logements connect\u00e9s. Le projet pr\u00e9voit \u00e9galement le d\u00e9veloppement d\u2019environ 40 000 m\u00b2 de bureaux \u00e0 \u00e9nergie positive. Cette offre, adapt\u00e9e \u00e0 des besoins diff\u00e9rents proposera des espaces adapt\u00e9s aux nouveaux modes de travail innovants, tels que le nomadisme ou le co-working. L\u2019offre commerciale de \u00abC\u0153ur de Ville\u00bb proposera un positionnement original articul\u00e9 autour de la nature, de l\u2019innovation et de l\u2019exp\u00e9rience shopping. Ce nouveau quartier accueillera \u00e9galement un cin\u00e9ma, une offre de restauration ainsi qu\u2019un centre de cr\u00e9ation num\u00e9rique.<\/p>\n<p>Le projet vise les certifications NF-Habitat HQE pour les logements, BEPOS, NF HQE B\u00e2timent tertiaire et BREEAM pour les immeubles de bureaux. Les commerces feront l\u2019objet d\u2019une certification BREEAM prolong\u00e9e par une d\u00e9marche environnementale pouss\u00e9e avec 100% des futures enseignes. Pour aller plus loin, le label BiodiverCity sera recherch\u00e9 r\u00e9compensant les efforts en mati\u00e8re de biodiversit\u00e9. Premi\u00e8re en France, C\u0153ur d\u2019Issy fera l\u2019objet d\u2019une certification WELL \u00e0 l\u2019\u00e9chelle du quartier pour r\u00e9compenser la d\u00e9marche sant\u00e9 et bien-\u00eatre du projet. Afin d\u2019am\u00e9liorer le bilan carbone de la construction et favoriser l\u2019\u00e9conomie circulaire, il sera fait usage de mat\u00e9riaux recycl\u00e9s dans les b\u00e2timents et pour le mobilier urbain.<\/p>\n<p>Cette annonce a \u00e9t\u00e9 r\u00e9alis\u00e9e le 16 juin \u00e0 l&rsquo;h\u00f4tel de ville d&rsquo;Issy par Andr\u00e9 Santini, D\u00e9put\u00e9 et Maire d\u2019Issy-les-Moulineaux en pr\u00e9sence de Pierre-Ren\u00e9 Lemas, Directeur g\u00e9n\u00e9ral de la Caisse des D\u00e9p\u00f4ts \u00e0 l\u2019occasion de la pr\u00e9sentation du projet \u00ab C\u0153ur de Ville \u00bb et d\u2019Alain Taravella, Pr\u00e9sident-Fondateur d\u2019Altarea Cogedim.<\/p>\n","protected":false},"excerpt":{"rendered":"<p>A Issy-les-Moulineaux, un nouvel \u00e9co-quartier va mettre le num\u00e9rique au service de l\u2019interaction sociale et du bien vivre ensemble. Altarea Cogedim, associ\u00e9 \u00e0 l\u2019agence d\u2019architecture Valode &amp; Pistre, vient de remporter la consultation organis\u00e9e par la SARIHV (filiale de la Caisse des D\u00e9p\u00f4ts), portant sur la cession du terrain du CNET d\u2019Orange. Un v\u00e9ritable c\u0153ur [&hellip;]<\/p>\n","protected":false},"author":17,"featured_media":93132,"comment_status":"closed","ping_status":"closed","sticky":false,"template":"","format":"standard","meta":{"_et_pb_use_builder":"","_et_pb_old_content":"","_et_gb_content_width":"","footnotes":""},"categories":[6340],"tags":[5805],"class_list":["post-93131","post","type-post","status-publish","format-standard","has-post-thumbnail","hentry","category-architecture-conception","tag-eco-quartiers"],"yoast_head":"<!-- This site is optimized with the Yoast SEO plugin v27.4 - https:\/\/yoast.com\/product\/yoast-seo-wordpress\/ -->\n<title>Eco-quartier et num\u00e9rique font bon m\u00e9nage \u00e0 Issy-les-Moulineaux<\/title>\n<meta name=\"robots\" content=\"index, follow, max-snippet:-1, max-image-preview:large, max-video-preview:-1\" \/>\n<link rel=\"canonical\" href=\"https:\/\/batijournal.com\/index.php\/eco-quartier-numerique-menage-a-issy-moulineaux\/93131\/\" \/>\n<meta property=\"og:locale\" content=\"fr_FR\" \/>\n<meta property=\"og:type\" content=\"article\" \/>\n<meta property=\"og:title\" content=\"Eco-quartier et num\u00e9rique font bon m\u00e9nage \u00e0 Issy-les-Moulineaux\" \/>\n<meta property=\"og:description\" content=\"A Issy-les-Moulineaux, un nouvel \u00e9co-quartier va mettre le num\u00e9rique au service de l\u2019interaction sociale et du bien vivre ensemble. Altarea Cogedim, associ\u00e9 \u00e0 l\u2019agence d\u2019architecture Valode &amp; Pistre, vient de remporter la consultation organis\u00e9e par la SARIHV (filiale de la Caisse des D\u00e9p\u00f4ts), portant sur la cession du terrain du CNET d\u2019Orange. Un v\u00e9ritable c\u0153ur [&hellip;]\" \/>\n<meta property=\"og:url\" content=\"https:\/\/batijournal.com\/index.php\/eco-quartier-numerique-menage-a-issy-moulineaux\/93131\/\" \/>\n<meta property=\"og:site_name\" content=\"Batijournal\" \/>\n<meta property=\"article:published_time\" content=\"2016-06-21T05:56:48+00:00\" \/>\n<meta property=\"article:modified_time\" content=\"2019-07-15T10:11:07+00:00\" \/>\n<meta property=\"og:image\" content=\"https:\/\/batijournal.com\/wp-content\/uploads\/2016\/06\/altarea_issy_eco-quartier.jpg\" \/>\n\t<meta property=\"og:image:width\" content=\"631\" \/>\n\t<meta property=\"og:image:height\" content=\"480\" \/>\n\t<meta property=\"og:image:type\" content=\"image\/jpeg\" \/>\n<meta name=\"author\" content=\"St\u00e9phane Miget\" \/>\n<meta name=\"twitter:card\" content=\"summary_large_image\" \/>\n<meta name=\"twitter:creator\" content=\"@bati_journal\" \/>\n<meta name=\"twitter:site\" content=\"@bati_journal\" \/>\n<meta name=\"twitter:label1\" content=\"\u00c9crit par\" \/>\n\t<meta name=\"twitter:data1\" content=\"St\u00e9phane Miget\" \/>\n\t<meta name=\"twitter:label2\" content=\"Dur\u00e9e de lecture estim\u00e9e\" \/>\n\t<meta name=\"twitter:data2\" content=\"2 minutes\" \/>\n<script type=\"application\/ld+json\" class=\"yoast-schema-graph\">{\"@context\":\"https:\\\/\\\/schema.org\",\"@graph\":[{\"@type\":\"Article\",\"@id\":\"https:\\\/\\\/batijournal.com\\\/index.php\\\/eco-quartier-numerique-menage-a-issy-moulineaux\\\/93131\\\/#article\",\"isPartOf\":{\"@id\":\"https:\\\/\\\/batijournal.com\\\/index.php\\\/eco-quartier-numerique-menage-a-issy-moulineaux\\\/93131\\\/\"},\"author\":{\"name\":\"St\u00e9phane Miget\",\"@id\":\"https:\\\/\\\/batijournal.com\\\/#\\\/schema\\\/person\\\/1dc96ec6957aa1ccb25ebe78bb19f100\"},\"headline\":\"Eco-quartier et num\u00e9rique font bon m\u00e9nage \u00e0 Issy-les-Moulineaux\",\"datePublished\":\"2016-06-21T05:56:48+00:00\",\"dateModified\":\"2019-07-15T10:11:07+00:00\",\"mainEntityOfPage\":{\"@id\":\"https:\\\/\\\/batijournal.com\\\/index.php\\\/eco-quartier-numerique-menage-a-issy-moulineaux\\\/93131\\\/\"},\"wordCount\":433,\"image\":{\"@id\":\"https:\\\/\\\/batijournal.com\\\/index.php\\\/eco-quartier-numerique-menage-a-issy-moulineaux\\\/93131\\\/#primaryimage\"},\"thumbnailUrl\":\"https:\\\/\\\/batijournal.com\\\/wp-content\\\/uploads\\\/2016\\\/06\\\/altarea_issy_eco-quartier.jpg\",\"keywords\":[\"\u00e9co-quartiers\"],\"articleSection\":[\"Architecture &amp; Conception\"],\"inLanguage\":\"fr-FR\"},{\"@type\":\"WebPage\",\"@id\":\"https:\\\/\\\/batijournal.com\\\/index.php\\\/eco-quartier-numerique-menage-a-issy-moulineaux\\\/93131\\\/\",\"url\":\"https:\\\/\\\/batijournal.com\\\/index.php\\\/eco-quartier-numerique-menage-a-issy-moulineaux\\\/93131\\\/\",\"name\":\"Eco-quartier et num\u00e9rique font bon m\u00e9nage \u00e0 Issy-les-Moulineaux\",\"isPartOf\":{\"@id\":\"https:\\\/\\\/batijournal.com\\\/#website\"},\"primaryImageOfPage\":{\"@id\":\"https:\\\/\\\/batijournal.com\\\/index.php\\\/eco-quartier-numerique-menage-a-issy-moulineaux\\\/93131\\\/#primaryimage\"},\"image\":{\"@id\":\"https:\\\/\\\/batijournal.com\\\/index.php\\\/eco-quartier-numerique-menage-a-issy-moulineaux\\\/93131\\\/#primaryimage\"},\"thumbnailUrl\":\"https:\\\/\\\/batijournal.com\\\/wp-content\\\/uploads\\\/2016\\\/06\\\/altarea_issy_eco-quartier.jpg\",\"datePublished\":\"2016-06-21T05:56:48+00:00\",\"dateModified\":\"2019-07-15T10:11:07+00:00\",\"author\":{\"@id\":\"https:\\\/\\\/batijournal.com\\\/#\\\/schema\\\/person\\\/1dc96ec6957aa1ccb25ebe78bb19f100\"},\"breadcrumb\":{\"@id\":\"https:\\\/\\\/batijournal.com\\\/index.php\\\/eco-quartier-numerique-menage-a-issy-moulineaux\\\/93131\\\/#breadcrumb\"},\"inLanguage\":\"fr-FR\",\"potentialAction\":[{\"@type\":\"ReadAction\",\"target\":[\"https:\\\/\\\/batijournal.com\\\/index.php\\\/eco-quartier-numerique-menage-a-issy-moulineaux\\\/93131\\\/\"]}]},{\"@type\":\"ImageObject\",\"inLanguage\":\"fr-FR\",\"@id\":\"https:\\\/\\\/batijournal.com\\\/index.php\\\/eco-quartier-numerique-menage-a-issy-moulineaux\\\/93131\\\/#primaryimage\",\"url\":\"https:\\\/\\\/batijournal.com\\\/wp-content\\\/uploads\\\/2016\\\/06\\\/altarea_issy_eco-quartier.jpg\",\"contentUrl\":\"https:\\\/\\\/batijournal.com\\\/wp-content\\\/uploads\\\/2016\\\/06\\\/altarea_issy_eco-quartier.jpg\",\"width\":631,\"height\":480},{\"@type\":\"BreadcrumbList\",\"@id\":\"https:\\\/\\\/batijournal.com\\\/index.php\\\/eco-quartier-numerique-menage-a-issy-moulineaux\\\/93131\\\/#breadcrumb\",\"itemListElement\":[{\"@type\":\"ListItem\",\"position\":1,\"name\":\"Accueil\",\"item\":\"https:\\\/\\\/batijournal.com\\\/\"},{\"@type\":\"ListItem\",\"position\":2,\"name\":\"Actualit\u00e9s\",\"item\":\"https:\\\/\\\/batijournal.com\\\/index.php\\\/category\\\/actualites\\\/\"},{\"@type\":\"ListItem\",\"position\":3,\"name\":\"Architecture &amp; Conception\",\"item\":\"https:\\\/\\\/batijournal.com\\\/index.php\\\/category\\\/actualites\\\/architecture-conception\\\/\"},{\"@type\":\"ListItem\",\"position\":4,\"name\":\"Eco-quartier et num\u00e9rique font bon m\u00e9nage \u00e0 Issy-les-Moulineaux\"}]},{\"@type\":\"WebSite\",\"@id\":\"https:\\\/\\\/batijournal.com\\\/#website\",\"url\":\"https:\\\/\\\/batijournal.com\\\/\",\"name\":\"Batijournal\",\"description\":\"L&#039;actualit\u00e9 du b\u00e2timent\",\"potentialAction\":[{\"@type\":\"SearchAction\",\"target\":{\"@type\":\"EntryPoint\",\"urlTemplate\":\"https:\\\/\\\/batijournal.com\\\/?s={search_term_string}\"},\"query-input\":{\"@type\":\"PropertyValueSpecification\",\"valueRequired\":true,\"valueName\":\"search_term_string\"}}],\"inLanguage\":\"fr-FR\"},{\"@type\":\"Person\",\"@id\":\"https:\\\/\\\/batijournal.com\\\/#\\\/schema\\\/person\\\/1dc96ec6957aa1ccb25ebe78bb19f100\",\"name\":\"St\u00e9phane Miget\",\"image\":{\"@type\":\"ImageObject\",\"inLanguage\":\"fr-FR\",\"@id\":\"https:\\\/\\\/secure.gravatar.com\\\/avatar\\\/89915563d925342126b8ef0281b93d9d7fc337043e8df017f780908eb9644451?s=96&d=mm&r=g\",\"url\":\"https:\\\/\\\/secure.gravatar.com\\\/avatar\\\/89915563d925342126b8ef0281b93d9d7fc337043e8df017f780908eb9644451?s=96&d=mm&r=g\",\"contentUrl\":\"https:\\\/\\\/secure.gravatar.com\\\/avatar\\\/89915563d925342126b8ef0281b93d9d7fc337043e8df017f780908eb9644451?s=96&d=mm&r=g\",\"caption\":\"St\u00e9phane Miget\"},\"url\":\"https:\\\/\\\/batijournal.com\\\/index.php\\\/author\\\/stephane\\\/\"}]}<\/script>\n<!-- \/ Yoast SEO plugin. -->","yoast_head_json":{"title":"Eco-quartier et num\u00e9rique font bon m\u00e9nage \u00e0 Issy-les-Moulineaux","robots":{"index":"index","follow":"follow","max-snippet":"max-snippet:-1","max-image-preview":"max-image-preview:large","max-video-preview":"max-video-preview:-1"},"canonical":"https:\/\/batijournal.com\/index.php\/eco-quartier-numerique-menage-a-issy-moulineaux\/93131\/","og_locale":"fr_FR","og_type":"article","og_title":"Eco-quartier et num\u00e9rique font bon m\u00e9nage \u00e0 Issy-les-Moulineaux","og_description":"A Issy-les-Moulineaux, un nouvel \u00e9co-quartier va mettre le num\u00e9rique au service de l\u2019interaction sociale et du bien vivre ensemble. Altarea Cogedim, associ\u00e9 \u00e0 l\u2019agence d\u2019architecture Valode &amp; Pistre, vient de remporter la consultation organis\u00e9e par la SARIHV (filiale de la Caisse des D\u00e9p\u00f4ts), portant sur la cession du terrain du CNET d\u2019Orange. Un v\u00e9ritable c\u0153ur [&hellip;]","og_url":"https:\/\/batijournal.com\/index.php\/eco-quartier-numerique-menage-a-issy-moulineaux\/93131\/","og_site_name":"Batijournal","article_published_time":"2016-06-21T05:56:48+00:00","article_modified_time":"2019-07-15T10:11:07+00:00","og_image":[{"width":631,"height":480,"url":"https:\/\/batijournal.com\/wp-content\/uploads\/2016\/06\/altarea_issy_eco-quartier.jpg","type":"image\/jpeg"}],"author":"St\u00e9phane Miget","twitter_card":"summary_large_image","twitter_creator":"@bati_journal","twitter_site":"@bati_journal","twitter_misc":{"\u00c9crit par":"St\u00e9phane Miget","Dur\u00e9e de lecture estim\u00e9e":"2 minutes"},"schema":{"@context":"https:\/\/schema.org","@graph":[{"@type":"Article","@id":"https:\/\/batijournal.com\/index.php\/eco-quartier-numerique-menage-a-issy-moulineaux\/93131\/#article","isPartOf":{"@id":"https:\/\/batijournal.com\/index.php\/eco-quartier-numerique-menage-a-issy-moulineaux\/93131\/"},"author":{"name":"St\u00e9phane Miget","@id":"https:\/\/batijournal.com\/#\/schema\/person\/1dc96ec6957aa1ccb25ebe78bb19f100"},"headline":"Eco-quartier et num\u00e9rique font bon m\u00e9nage \u00e0 Issy-les-Moulineaux","datePublished":"2016-06-21T05:56:48+00:00","dateModified":"2019-07-15T10:11:07+00:00","mainEntityOfPage":{"@id":"https:\/\/batijournal.com\/index.php\/eco-quartier-numerique-menage-a-issy-moulineaux\/93131\/"},"wordCount":433,"image":{"@id":"https:\/\/batijournal.com\/index.php\/eco-quartier-numerique-menage-a-issy-moulineaux\/93131\/#primaryimage"},"thumbnailUrl":"https:\/\/batijournal.com\/wp-content\/uploads\/2016\/06\/altarea_issy_eco-quartier.jpg","keywords":["\u00e9co-quartiers"],"articleSection":["Architecture &amp; Conception"],"inLanguage":"fr-FR"},{"@type":"WebPage","@id":"https:\/\/batijournal.com\/index.php\/eco-quartier-numerique-menage-a-issy-moulineaux\/93131\/","url":"https:\/\/batijournal.com\/index.php\/eco-quartier-numerique-menage-a-issy-moulineaux\/93131\/","name":"Eco-quartier et num\u00e9rique font bon m\u00e9nage \u00e0 Issy-les-Moulineaux","isPartOf":{"@id":"https:\/\/batijournal.com\/#website"},"primaryImageOfPage":{"@id":"https:\/\/batijournal.com\/index.php\/eco-quartier-numerique-menage-a-issy-moulineaux\/93131\/#primaryimage"},"image":{"@id":"https:\/\/batijournal.com\/index.php\/eco-quartier-numerique-menage-a-issy-moulineaux\/93131\/#primaryimage"},"thumbnailUrl":"https:\/\/batijournal.com\/wp-content\/uploads\/2016\/06\/altarea_issy_eco-quartier.jpg","datePublished":"2016-06-21T05:56:48+00:00","dateModified":"2019-07-15T10:11:07+00:00","author":{"@id":"https:\/\/batijournal.com\/#\/schema\/person\/1dc96ec6957aa1ccb25ebe78bb19f100"},"breadcrumb":{"@id":"https:\/\/batijournal.com\/index.php\/eco-quartier-numerique-menage-a-issy-moulineaux\/93131\/#breadcrumb"},"inLanguage":"fr-FR","potentialAction":[{"@type":"ReadAction","target":["https:\/\/batijournal.com\/index.php\/eco-quartier-numerique-menage-a-issy-moulineaux\/93131\/"]}]},{"@type":"ImageObject","inLanguage":"fr-FR","@id":"https:\/\/batijournal.com\/index.php\/eco-quartier-numerique-menage-a-issy-moulineaux\/93131\/#primaryimage","url":"https:\/\/batijournal.com\/wp-content\/uploads\/2016\/06\/altarea_issy_eco-quartier.jpg","contentUrl":"https:\/\/batijournal.com\/wp-content\/uploads\/2016\/06\/altarea_issy_eco-quartier.jpg","width":631,"height":480},{"@type":"BreadcrumbList","@id":"https:\/\/batijournal.com\/index.php\/eco-quartier-numerique-menage-a-issy-moulineaux\/93131\/#breadcrumb","itemListElement":[{"@type":"ListItem","position":1,"name":"Accueil","item":"https:\/\/batijournal.com\/"},{"@type":"ListItem","position":2,"name":"Actualit\u00e9s","item":"https:\/\/batijournal.com\/index.php\/category\/actualites\/"},{"@type":"ListItem","position":3,"name":"Architecture &amp; Conception","item":"https:\/\/batijournal.com\/index.php\/category\/actualites\/architecture-conception\/"},{"@type":"ListItem","position":4,"name":"Eco-quartier et num\u00e9rique font bon m\u00e9nage \u00e0 Issy-les-Moulineaux"}]},{"@type":"WebSite","@id":"https:\/\/batijournal.com\/#website","url":"https:\/\/batijournal.com\/","name":"Batijournal","description":"L&#039;actualit\u00e9 du b\u00e2timent","potentialAction":[{"@type":"SearchAction","target":{"@type":"EntryPoint","urlTemplate":"https:\/\/batijournal.com\/?s={search_term_string}"},"query-input":{"@type":"PropertyValueSpecification","valueRequired":true,"valueName":"search_term_string"}}],"inLanguage":"fr-FR"},{"@type":"Person","@id":"https:\/\/batijournal.com\/#\/schema\/person\/1dc96ec6957aa1ccb25ebe78bb19f100","name":"St\u00e9phane Miget","image":{"@type":"ImageObject","inLanguage":"fr-FR","@id":"https:\/\/secure.gravatar.com\/avatar\/89915563d925342126b8ef0281b93d9d7fc337043e8df017f780908eb9644451?s=96&d=mm&r=g","url":"https:\/\/secure.gravatar.com\/avatar\/89915563d925342126b8ef0281b93d9d7fc337043e8df017f780908eb9644451?s=96&d=mm&r=g","contentUrl":"https:\/\/secure.gravatar.com\/avatar\/89915563d925342126b8ef0281b93d9d7fc337043e8df017f780908eb9644451?s=96&d=mm&r=g","caption":"St\u00e9phane Miget"},"url":"https:\/\/batijournal.com\/index.php\/author\/stephane\/"}]}},"_links":{"self":[{"href":"https:\/\/batijournal.com\/index.php\/wp-json\/wp\/v2\/posts\/93131","targetHints":{"allow":["GET"]}}],"collection":[{"href":"https:\/\/batijournal.com\/index.php\/wp-json\/wp\/v2\/posts"}],"about":[{"href":"https:\/\/batijournal.com\/index.php\/wp-json\/wp\/v2\/types\/post"}],"author":[{"embeddable":true,"href":"https:\/\/batijournal.com\/index.php\/wp-json\/wp\/v2\/users\/17"}],"replies":[{"embeddable":true,"href":"https:\/\/batijournal.com\/index.php\/wp-json\/wp\/v2\/comments?post=93131"}],"version-history":[{"count":0,"href":"https:\/\/batijournal.com\/index.php\/wp-json\/wp\/v2\/posts\/93131\/revisions"}],"wp:featuredmedia":[{"embeddable":true,"href":"https:\/\/batijournal.com\/index.php\/wp-json\/wp\/v2\/media\/93132"}],"wp:attachment":[{"href":"https:\/\/batijournal.com\/index.php\/wp-json\/wp\/v2\/media?parent=93131"}],"wp:term":[{"taxonomy":"category","embeddable":true,"href":"https:\/\/batijournal.com\/index.php\/wp-json\/wp\/v2\/categories?post=93131"},{"taxonomy":"post_tag","embeddable":true,"href":"https:\/\/batijournal.com\/index.php\/wp-json\/wp\/v2\/tags?post=93131"}],"curies":[{"name":"wp","href":"https:\/\/api.w.org\/{rel}","templated":true}]}}