{"id":93133,"date":"2016-06-21T10:32:51","date_gmt":"2016-06-21T08:32:51","guid":{"rendered":"http:\/\/batijournal.com\/?p=93133"},"modified":"2019-07-15T12:23:41","modified_gmt":"2019-07-15T10:23:41","slug":"insidieuses-particules-fines-tuent-48-000-personnes-annee-france","status":"publish","type":"post","link":"https:\/\/batijournal.com\/index.php\/insidieuses-particules-fines-tuent-48-000-personnes-annee-france\/93133\/","title":{"rendered":"Insidieuses particules fines qui tuent pr\u00e9matur\u00e9ment 48 000 personnes chaque ann\u00e9e en France"},"content":{"rendered":"<p><strong>Sant\u00e9 publique France publie de nouveaux travaux sur l\u2019impact de la pollution atmosph\u00e9rique sur la sant\u00e9 en France m\u00e9tropolitaine. Ces derniers confirment le poids de la pollution atmosph\u00e9rique : une perte d\u2019esp\u00e9rance de vie pouvant d\u00e9passer 2 ans dans les villes les plus expos\u00e9es.<\/strong><\/p>\n<h2>Les zones rurales sont aussi concern\u00e9es<\/h2>\n<p>Avec un impact estim\u00e9 \u00e0 48 000 d\u00e9c\u00e8s pr\u00e9matur\u00e9s par an, la pollution de l\u2019air n\u2019affecte pas que les grandes villes. Les villes moyennes et petites ainsi que les milieux ruraux sont aussi concern\u00e9es. Dans les zones urbaines de plus de 100 000 habitants les r\u00e9sultats montrent, en moyenne, une perte de 15 mois d&rsquo;esp\u00e9rance de vie \u00e0 30 ans du fait des particules fines de diam\u00e8tre inf\u00e9rieur \u00e0 2,5 microm\u00e8tres (PM2.5), dans les zones entre 2000 et 100 000 habitants, la perte d\u2019esp\u00e9rance de vie est de 10 mois en moyenne et dans les zones rurales, ce sont en moyenne 9 mois d&rsquo;esp\u00e9rance vie qui sont estim\u00e9s perdus.<\/p>\n<h2>L&rsquo;impact positif de l&rsquo;am\u00e9lioration de qualit\u00e9 de l&rsquo;air<\/h2>\n<p>Les travaux de Sant\u00e9 publique France mettent en exergue des b\u00e9n\u00e9fices sanitaires potentiels importants associ\u00e9s \u00e0 une am\u00e9lioration de la qualit\u00e9 de l\u2019air. Les r\u00e9sultats montrent que les sc\u00e9narios les plus ambitieux de baisse des niveaux de pollution conduisent \u00e0 des b\u00e9n\u00e9fices importants pour la sant\u00e9. Par exemple, si l\u2019ensemble des communes r\u00e9ussissait \u00e0 atteindre les niveaux de PM2.5 observ\u00e9s dans les 5 % des communes les moins pollu\u00e9es de la m\u00eame classe d\u2019urbanisation, 34 000 d\u00e9c\u00e8s pourraient \u00eatre \u00e9vit\u00e9s chaque ann\u00e9e (gain moyen de 9 mois d&rsquo;esp\u00e9rance de vie).<\/p>\n<h2>L&rsquo;exposition chronique plus dangereuse que celle des pics<\/h2>\n<p>Sant\u00e9 publique France a par ailleurs men\u00e9 une \u00e9tude dans 17 villes en France, de 2007 \u00e0 2010, afin de calculer la part des pics de pollution dans les effets sur la sant\u00e9. Les r\u00e9sultats confirment les travaux de surveillance men\u00e9s jusqu\u2019\u00e0 pr\u00e9sent : c\u2019est l\u2019exposition \u00e0 la pollution, quotidienne et dans la dur\u00e9e qui a l\u2019impact le plus important sur la sant\u00e9, les pics de pollution ayant un effet marginal.<br \/>\nLes mesures pour am\u00e9liorer la sant\u00e9 et la qualit\u00e9 de vie de tous sont connues : modification de la composition des carburants, mise en place de p\u00e9age urbain, pratique du v\u00e9lo, r\u00e9duction des \u00e9missions industrielles.<\/p>\n","protected":false},"excerpt":{"rendered":"<p>Sant\u00e9 publique France publie de nouveaux travaux sur l\u2019impact de la pollution atmosph\u00e9rique sur la sant\u00e9 en France m\u00e9tropolitaine. Ces derniers confirment le poids de la pollution atmosph\u00e9rique : une perte d\u2019esp\u00e9rance de vie pouvant d\u00e9passer 2 ans dans les villes les plus expos\u00e9es. Les zones rurales sont aussi concern\u00e9es Avec un impact estim\u00e9 \u00e0 [&hellip;]<\/p>\n","protected":false},"author":17,"featured_media":93134,"comment_status":"closed","ping_status":"closed","sticky":false,"template":"","format":"standard","meta":{"_et_pb_use_builder":"","_et_pb_old_content":"","_et_gb_content_width":"","footnotes":""},"categories":[10736,6340,6351],"tags":[4407],"class_list":["post-93133","post","type-post","status-publish","format-standard","has-post-thumbnail","hentry","category-a-la-une","category-architecture-conception","category-energie-environnement","tag-pollution"],"yoast_head":"<!-- This site is optimized with the Yoast SEO plugin v27.4 - https:\/\/yoast.com\/product\/yoast-seo-wordpress\/ -->\n<title>Insidieuses particules fines qui tuent pr\u00e9matur\u00e9ment 48 000 personnes chaque ann\u00e9e en France<\/title>\n<meta name=\"robots\" content=\"index, follow, max-snippet:-1, max-image-preview:large, max-video-preview:-1\" \/>\n<link rel=\"canonical\" href=\"https:\/\/batijournal.com\/index.php\/insidieuses-particules-fines-tuent-48-000-personnes-annee-france\/93133\/\" \/>\n<meta property=\"og:locale\" content=\"fr_FR\" \/>\n<meta property=\"og:type\" content=\"article\" \/>\n<meta property=\"og:title\" content=\"Insidieuses particules fines qui tuent pr\u00e9matur\u00e9ment 48 000 personnes chaque ann\u00e9e en France\" \/>\n<meta property=\"og:description\" content=\"Sant\u00e9 publique France publie de nouveaux travaux sur l\u2019impact de la pollution atmosph\u00e9rique sur la sant\u00e9 en France m\u00e9tropolitaine. Ces derniers confirment le poids de la pollution atmosph\u00e9rique : une perte d\u2019esp\u00e9rance de vie pouvant d\u00e9passer 2 ans dans les villes les plus expos\u00e9es. Les zones rurales sont aussi concern\u00e9es Avec un impact estim\u00e9 \u00e0 [&hellip;]\" \/>\n<meta property=\"og:url\" content=\"https:\/\/batijournal.com\/index.php\/insidieuses-particules-fines-tuent-48-000-personnes-annee-france\/93133\/\" \/>\n<meta property=\"og:site_name\" content=\"Batijournal\" \/>\n<meta property=\"article:published_time\" content=\"2016-06-21T08:32:51+00:00\" \/>\n<meta property=\"article:modified_time\" content=\"2019-07-15T10:23:41+00:00\" \/>\n<meta property=\"og:image\" content=\"https:\/\/batijournal.com\/wp-content\/uploads\/2016\/06\/pollution-air.jpg\" \/>\n\t<meta property=\"og:image:width\" content=\"944\" \/>\n\t<meta property=\"og:image:height\" content=\"540\" \/>\n\t<meta property=\"og:image:type\" content=\"image\/jpeg\" \/>\n<meta name=\"author\" content=\"St\u00e9phane Miget\" \/>\n<meta name=\"twitter:card\" content=\"summary_large_image\" \/>\n<meta name=\"twitter:creator\" content=\"@bati_journal\" \/>\n<meta name=\"twitter:site\" content=\"@bati_journal\" \/>\n<meta name=\"twitter:label1\" content=\"\u00c9crit par\" \/>\n\t<meta name=\"twitter:data1\" content=\"St\u00e9phane Miget\" \/>\n\t<meta name=\"twitter:label2\" content=\"Dur\u00e9e de lecture estim\u00e9e\" \/>\n\t<meta name=\"twitter:data2\" content=\"2 minutes\" \/>\n<script type=\"application\/ld+json\" class=\"yoast-schema-graph\">{\"@context\":\"https:\\\/\\\/schema.org\",\"@graph\":[{\"@type\":\"Article\",\"@id\":\"https:\\\/\\\/batijournal.com\\\/index.php\\\/insidieuses-particules-fines-tuent-48-000-personnes-annee-france\\\/93133\\\/#article\",\"isPartOf\":{\"@id\":\"https:\\\/\\\/batijournal.com\\\/index.php\\\/insidieuses-particules-fines-tuent-48-000-personnes-annee-france\\\/93133\\\/\"},\"author\":{\"name\":\"St\u00e9phane Miget\",\"@id\":\"https:\\\/\\\/batijournal.com\\\/#\\\/schema\\\/person\\\/1dc96ec6957aa1ccb25ebe78bb19f100\"},\"headline\":\"Insidieuses particules fines qui tuent pr\u00e9matur\u00e9ment 48 000 personnes chaque ann\u00e9e en France\",\"datePublished\":\"2016-06-21T08:32:51+00:00\",\"dateModified\":\"2019-07-15T10:23:41+00:00\",\"mainEntityOfPage\":{\"@id\":\"https:\\\/\\\/batijournal.com\\\/index.php\\\/insidieuses-particules-fines-tuent-48-000-personnes-annee-france\\\/93133\\\/\"},\"wordCount\":417,\"image\":{\"@id\":\"https:\\\/\\\/batijournal.com\\\/index.php\\\/insidieuses-particules-fines-tuent-48-000-personnes-annee-france\\\/93133\\\/#primaryimage\"},\"thumbnailUrl\":\"https:\\\/\\\/batijournal.com\\\/wp-content\\\/uploads\\\/2016\\\/06\\\/pollution-air.jpg\",\"keywords\":[\"pollution\"],\"articleSection\":[\"A la Une\",\"Architecture &amp; Conception\",\"\u00c9nergie &amp; Environnement\"],\"inLanguage\":\"fr-FR\"},{\"@type\":\"WebPage\",\"@id\":\"https:\\\/\\\/batijournal.com\\\/index.php\\\/insidieuses-particules-fines-tuent-48-000-personnes-annee-france\\\/93133\\\/\",\"url\":\"https:\\\/\\\/batijournal.com\\\/index.php\\\/insidieuses-particules-fines-tuent-48-000-personnes-annee-france\\\/93133\\\/\",\"name\":\"Insidieuses particules fines qui tuent pr\u00e9matur\u00e9ment 48 000 personnes chaque ann\u00e9e en France\",\"isPartOf\":{\"@id\":\"https:\\\/\\\/batijournal.com\\\/#website\"},\"primaryImageOfPage\":{\"@id\":\"https:\\\/\\\/batijournal.com\\\/index.php\\\/insidieuses-particules-fines-tuent-48-000-personnes-annee-france\\\/93133\\\/#primaryimage\"},\"image\":{\"@id\":\"https:\\\/\\\/batijournal.com\\\/index.php\\\/insidieuses-particules-fines-tuent-48-000-personnes-annee-france\\\/93133\\\/#primaryimage\"},\"thumbnailUrl\":\"https:\\\/\\\/batijournal.com\\\/wp-content\\\/uploads\\\/2016\\\/06\\\/pollution-air.jpg\",\"datePublished\":\"2016-06-21T08:32:51+00:00\",\"dateModified\":\"2019-07-15T10:23:41+00:00\",\"author\":{\"@id\":\"https:\\\/\\\/batijournal.com\\\/#\\\/schema\\\/person\\\/1dc96ec6957aa1ccb25ebe78bb19f100\"},\"breadcrumb\":{\"@id\":\"https:\\\/\\\/batijournal.com\\\/index.php\\\/insidieuses-particules-fines-tuent-48-000-personnes-annee-france\\\/93133\\\/#breadcrumb\"},\"inLanguage\":\"fr-FR\",\"potentialAction\":[{\"@type\":\"ReadAction\",\"target\":[\"https:\\\/\\\/batijournal.com\\\/index.php\\\/insidieuses-particules-fines-tuent-48-000-personnes-annee-france\\\/93133\\\/\"]}]},{\"@type\":\"ImageObject\",\"inLanguage\":\"fr-FR\",\"@id\":\"https:\\\/\\\/batijournal.com\\\/index.php\\\/insidieuses-particules-fines-tuent-48-000-personnes-annee-france\\\/93133\\\/#primaryimage\",\"url\":\"https:\\\/\\\/batijournal.com\\\/wp-content\\\/uploads\\\/2016\\\/06\\\/pollution-air.jpg\",\"contentUrl\":\"https:\\\/\\\/batijournal.com\\\/wp-content\\\/uploads\\\/2016\\\/06\\\/pollution-air.jpg\",\"width\":944,\"height\":540},{\"@type\":\"BreadcrumbList\",\"@id\":\"https:\\\/\\\/batijournal.com\\\/index.php\\\/insidieuses-particules-fines-tuent-48-000-personnes-annee-france\\\/93133\\\/#breadcrumb\",\"itemListElement\":[{\"@type\":\"ListItem\",\"position\":1,\"name\":\"Accueil\",\"item\":\"https:\\\/\\\/batijournal.com\\\/\"},{\"@type\":\"ListItem\",\"position\":2,\"name\":\"A la Une\",\"item\":\"https:\\\/\\\/batijournal.com\\\/index.php\\\/category\\\/a-la-une\\\/\"},{\"@type\":\"ListItem\",\"position\":3,\"name\":\"Insidieuses particules fines qui tuent pr\u00e9matur\u00e9ment 48 000 personnes chaque ann\u00e9e en France\"}]},{\"@type\":\"WebSite\",\"@id\":\"https:\\\/\\\/batijournal.com\\\/#website\",\"url\":\"https:\\\/\\\/batijournal.com\\\/\",\"name\":\"Batijournal\",\"description\":\"L&#039;actualit\u00e9 du b\u00e2timent\",\"potentialAction\":[{\"@type\":\"SearchAction\",\"target\":{\"@type\":\"EntryPoint\",\"urlTemplate\":\"https:\\\/\\\/batijournal.com\\\/?s={search_term_string}\"},\"query-input\":{\"@type\":\"PropertyValueSpecification\",\"valueRequired\":true,\"valueName\":\"search_term_string\"}}],\"inLanguage\":\"fr-FR\"},{\"@type\":\"Person\",\"@id\":\"https:\\\/\\\/batijournal.com\\\/#\\\/schema\\\/person\\\/1dc96ec6957aa1ccb25ebe78bb19f100\",\"name\":\"St\u00e9phane Miget\",\"image\":{\"@type\":\"ImageObject\",\"inLanguage\":\"fr-FR\",\"@id\":\"https:\\\/\\\/secure.gravatar.com\\\/avatar\\\/89915563d925342126b8ef0281b93d9d7fc337043e8df017f780908eb9644451?s=96&d=mm&r=g\",\"url\":\"https:\\\/\\\/secure.gravatar.com\\\/avatar\\\/89915563d925342126b8ef0281b93d9d7fc337043e8df017f780908eb9644451?s=96&d=mm&r=g\",\"contentUrl\":\"https:\\\/\\\/secure.gravatar.com\\\/avatar\\\/89915563d925342126b8ef0281b93d9d7fc337043e8df017f780908eb9644451?s=96&d=mm&r=g\",\"caption\":\"St\u00e9phane Miget\"},\"url\":\"https:\\\/\\\/batijournal.com\\\/index.php\\\/author\\\/stephane\\\/\"}]}<\/script>\n<!-- \/ Yoast SEO plugin. -->","yoast_head_json":{"title":"Insidieuses particules fines qui tuent pr\u00e9matur\u00e9ment 48 000 personnes chaque ann\u00e9e en France","robots":{"index":"index","follow":"follow","max-snippet":"max-snippet:-1","max-image-preview":"max-image-preview:large","max-video-preview":"max-video-preview:-1"},"canonical":"https:\/\/batijournal.com\/index.php\/insidieuses-particules-fines-tuent-48-000-personnes-annee-france\/93133\/","og_locale":"fr_FR","og_type":"article","og_title":"Insidieuses particules fines qui tuent pr\u00e9matur\u00e9ment 48 000 personnes chaque ann\u00e9e en France","og_description":"Sant\u00e9 publique France publie de nouveaux travaux sur l\u2019impact de la pollution atmosph\u00e9rique sur la sant\u00e9 en France m\u00e9tropolitaine. Ces derniers confirment le poids de la pollution atmosph\u00e9rique : une perte d\u2019esp\u00e9rance de vie pouvant d\u00e9passer 2 ans dans les villes les plus expos\u00e9es. Les zones rurales sont aussi concern\u00e9es Avec un impact estim\u00e9 \u00e0 [&hellip;]","og_url":"https:\/\/batijournal.com\/index.php\/insidieuses-particules-fines-tuent-48-000-personnes-annee-france\/93133\/","og_site_name":"Batijournal","article_published_time":"2016-06-21T08:32:51+00:00","article_modified_time":"2019-07-15T10:23:41+00:00","og_image":[{"width":944,"height":540,"url":"https:\/\/batijournal.com\/wp-content\/uploads\/2016\/06\/pollution-air.jpg","type":"image\/jpeg"}],"author":"St\u00e9phane Miget","twitter_card":"summary_large_image","twitter_creator":"@bati_journal","twitter_site":"@bati_journal","twitter_misc":{"\u00c9crit par":"St\u00e9phane Miget","Dur\u00e9e de lecture estim\u00e9e":"2 minutes"},"schema":{"@context":"https:\/\/schema.org","@graph":[{"@type":"Article","@id":"https:\/\/batijournal.com\/index.php\/insidieuses-particules-fines-tuent-48-000-personnes-annee-france\/93133\/#article","isPartOf":{"@id":"https:\/\/batijournal.com\/index.php\/insidieuses-particules-fines-tuent-48-000-personnes-annee-france\/93133\/"},"author":{"name":"St\u00e9phane Miget","@id":"https:\/\/batijournal.com\/#\/schema\/person\/1dc96ec6957aa1ccb25ebe78bb19f100"},"headline":"Insidieuses particules fines qui tuent pr\u00e9matur\u00e9ment 48 000 personnes chaque ann\u00e9e en France","datePublished":"2016-06-21T08:32:51+00:00","dateModified":"2019-07-15T10:23:41+00:00","mainEntityOfPage":{"@id":"https:\/\/batijournal.com\/index.php\/insidieuses-particules-fines-tuent-48-000-personnes-annee-france\/93133\/"},"wordCount":417,"image":{"@id":"https:\/\/batijournal.com\/index.php\/insidieuses-particules-fines-tuent-48-000-personnes-annee-france\/93133\/#primaryimage"},"thumbnailUrl":"https:\/\/batijournal.com\/wp-content\/uploads\/2016\/06\/pollution-air.jpg","keywords":["pollution"],"articleSection":["A la Une","Architecture &amp; Conception","\u00c9nergie &amp; Environnement"],"inLanguage":"fr-FR"},{"@type":"WebPage","@id":"https:\/\/batijournal.com\/index.php\/insidieuses-particules-fines-tuent-48-000-personnes-annee-france\/93133\/","url":"https:\/\/batijournal.com\/index.php\/insidieuses-particules-fines-tuent-48-000-personnes-annee-france\/93133\/","name":"Insidieuses particules fines qui tuent pr\u00e9matur\u00e9ment 48 000 personnes chaque ann\u00e9e en France","isPartOf":{"@id":"https:\/\/batijournal.com\/#website"},"primaryImageOfPage":{"@id":"https:\/\/batijournal.com\/index.php\/insidieuses-particules-fines-tuent-48-000-personnes-annee-france\/93133\/#primaryimage"},"image":{"@id":"https:\/\/batijournal.com\/index.php\/insidieuses-particules-fines-tuent-48-000-personnes-annee-france\/93133\/#primaryimage"},"thumbnailUrl":"https:\/\/batijournal.com\/wp-content\/uploads\/2016\/06\/pollution-air.jpg","datePublished":"2016-06-21T08:32:51+00:00","dateModified":"2019-07-15T10:23:41+00:00","author":{"@id":"https:\/\/batijournal.com\/#\/schema\/person\/1dc96ec6957aa1ccb25ebe78bb19f100"},"breadcrumb":{"@id":"https:\/\/batijournal.com\/index.php\/insidieuses-particules-fines-tuent-48-000-personnes-annee-france\/93133\/#breadcrumb"},"inLanguage":"fr-FR","potentialAction":[{"@type":"ReadAction","target":["https:\/\/batijournal.com\/index.php\/insidieuses-particules-fines-tuent-48-000-personnes-annee-france\/93133\/"]}]},{"@type":"ImageObject","inLanguage":"fr-FR","@id":"https:\/\/batijournal.com\/index.php\/insidieuses-particules-fines-tuent-48-000-personnes-annee-france\/93133\/#primaryimage","url":"https:\/\/batijournal.com\/wp-content\/uploads\/2016\/06\/pollution-air.jpg","contentUrl":"https:\/\/batijournal.com\/wp-content\/uploads\/2016\/06\/pollution-air.jpg","width":944,"height":540},{"@type":"BreadcrumbList","@id":"https:\/\/batijournal.com\/index.php\/insidieuses-particules-fines-tuent-48-000-personnes-annee-france\/93133\/#breadcrumb","itemListElement":[{"@type":"ListItem","position":1,"name":"Accueil","item":"https:\/\/batijournal.com\/"},{"@type":"ListItem","position":2,"name":"A la Une","item":"https:\/\/batijournal.com\/index.php\/category\/a-la-une\/"},{"@type":"ListItem","position":3,"name":"Insidieuses particules fines qui tuent pr\u00e9matur\u00e9ment 48 000 personnes chaque ann\u00e9e en France"}]},{"@type":"WebSite","@id":"https:\/\/batijournal.com\/#website","url":"https:\/\/batijournal.com\/","name":"Batijournal","description":"L&#039;actualit\u00e9 du b\u00e2timent","potentialAction":[{"@type":"SearchAction","target":{"@type":"EntryPoint","urlTemplate":"https:\/\/batijournal.com\/?s={search_term_string}"},"query-input":{"@type":"PropertyValueSpecification","valueRequired":true,"valueName":"search_term_string"}}],"inLanguage":"fr-FR"},{"@type":"Person","@id":"https:\/\/batijournal.com\/#\/schema\/person\/1dc96ec6957aa1ccb25ebe78bb19f100","name":"St\u00e9phane Miget","image":{"@type":"ImageObject","inLanguage":"fr-FR","@id":"https:\/\/secure.gravatar.com\/avatar\/89915563d925342126b8ef0281b93d9d7fc337043e8df017f780908eb9644451?s=96&d=mm&r=g","url":"https:\/\/secure.gravatar.com\/avatar\/89915563d925342126b8ef0281b93d9d7fc337043e8df017f780908eb9644451?s=96&d=mm&r=g","contentUrl":"https:\/\/secure.gravatar.com\/avatar\/89915563d925342126b8ef0281b93d9d7fc337043e8df017f780908eb9644451?s=96&d=mm&r=g","caption":"St\u00e9phane Miget"},"url":"https:\/\/batijournal.com\/index.php\/author\/stephane\/"}]}},"_links":{"self":[{"href":"https:\/\/batijournal.com\/index.php\/wp-json\/wp\/v2\/posts\/93133","targetHints":{"allow":["GET"]}}],"collection":[{"href":"https:\/\/batijournal.com\/index.php\/wp-json\/wp\/v2\/posts"}],"about":[{"href":"https:\/\/batijournal.com\/index.php\/wp-json\/wp\/v2\/types\/post"}],"author":[{"embeddable":true,"href":"https:\/\/batijournal.com\/index.php\/wp-json\/wp\/v2\/users\/17"}],"replies":[{"embeddable":true,"href":"https:\/\/batijournal.com\/index.php\/wp-json\/wp\/v2\/comments?post=93133"}],"version-history":[{"count":0,"href":"https:\/\/batijournal.com\/index.php\/wp-json\/wp\/v2\/posts\/93133\/revisions"}],"wp:featuredmedia":[{"embeddable":true,"href":"https:\/\/batijournal.com\/index.php\/wp-json\/wp\/v2\/media\/93134"}],"wp:attachment":[{"href":"https:\/\/batijournal.com\/index.php\/wp-json\/wp\/v2\/media?parent=93133"}],"wp:term":[{"taxonomy":"category","embeddable":true,"href":"https:\/\/batijournal.com\/index.php\/wp-json\/wp\/v2\/categories?post=93133"},{"taxonomy":"post_tag","embeddable":true,"href":"https:\/\/batijournal.com\/index.php\/wp-json\/wp\/v2\/tags?post=93133"}],"curies":[{"name":"wp","href":"https:\/\/api.w.org\/{rel}","templated":true}]}}