{"id":93135,"date":"2016-06-21T10:46:34","date_gmt":"2016-06-21T08:46:34","guid":{"rendered":"http:\/\/batijournal.com\/?p=93135"},"modified":"2019-07-15T12:04:00","modified_gmt":"2019-07-15T10:04:00","slug":"marche-de-limmobilier-loptimisme-francais-tempere-couts","status":"publish","type":"post","link":"https:\/\/batijournal.com\/index.php\/marche-de-limmobilier-loptimisme-francais-tempere-couts\/93135\/","title":{"rendered":"March\u00e9 de l&rsquo;immobilier : l&rsquo;optimisme des Fran\u00e7ais est temp\u00e9r\u00e9 par les co\u00fbts"},"content":{"rendered":"<p><strong>Selon un sondage BVA r\u00e9alis\u00e9 pour Foncia, 55% des Fran\u00e7ais se d\u00e9clarent optimistes sur l\u2019\u00e9volution du march\u00e9 immobilier mais les co\u00fbts sont toujours jug\u00e9s \u00e9lev\u00e9s\u00a0et induisent une certaine frilosit\u00e9.<\/strong><\/p>\n<p>Pour plus de la moiti\u00e9 des Fran\u00e7ais , les 12 prochains mois seront une bonne p\u00e9riode pour investir dans la pierre. Cette vision positive du march\u00e9 immobilier est soutenue par un contexte jug\u00e9 de plus en plus favorable en 2016 sur le plan du cr\u00e9dit et de la politique fiscale.<\/p>\n<ul>\n<li>75% estiment que le co\u00fbt du cr\u00e9dit est favorable \u00e0 un investissement immobilier (contre 70% en octobre 2015 : +5 points).<\/li>\n<li>52% pensent qu\u2019il est facile d\u2019obtenir un cr\u00e9dit (contre 44% en octobre 2015 : +8 points).<\/li>\n<li>49% consid\u00e8rent que la politique fiscale est un facteur incitatif (contre 38% fin 2015 : +11 points).<\/li>\n<\/ul>\n<p>N\u00e9anmoins, les co\u00fbts immobiliers sont toujours jug\u00e9s \u00e9lev\u00e9s, sans que cette perception \u00e9volue significativement en 2016.<\/p>\n<ul>\n<li>54% des Fran\u00e7ais anticipent une augmentation des co\u00fbts pour se loger (contre 55% en mars 2016 et<\/li>\n<li>59% en octobre 2015), un sentiment qui ressort d\u2019autant plus fortement chez les locataires (64%).<\/li>\n<li>45% des Fran\u00e7ais estiment par ailleurs que le prix des biens au m2 n\u2019est pas favorable \u00e0 l\u2019investissement immobilier (chiffre inchang\u00e9 depuis un an).<\/li>\n<\/ul>\n<p>En outre, ils ne sont que 19% \u00e0 compter sur une am\u00e9lioration de la situation financi\u00e8re de leur foyer (contre 20% en mars 2016 et 16% en octobre 2015).<\/p>\n<p>Ces co\u00fbts immobiliers, jug\u00e9s \u00e9lev\u00e9s, expliquent qu\u2019en d\u00e9pit de l\u2019\u00e9valuation positive par les Fran\u00e7ais du contexte immobilier, leurs comportements en mati\u00e8re de transaction ou de location \u00e9voluent peu, avec des scores tr\u00e8s comparables aux pr\u00e9c\u00e9dentes mesures :<\/p>\n<ul>\n<li>un peu plus d\u20191 Fran\u00e7ais sur 10 serait pr\u00eat \u00e0 acheter ou \u00e0 louer un nouveau logement pour l\u2019occuper (respectivement 14% et 12%).<\/li>\n<li>moins d\u20191 sur 10 aurait l\u2019intention d\u2019acqu\u00e9rir un bien pour le proposer \u00e0 la location (8%), de vendre son propre logement (8%) ou de c\u00e9der une propri\u00e9t\u00e9 actuellement mise en location (6%).<\/li>\n<\/ul>\n","protected":false},"excerpt":{"rendered":"<p>Selon un sondage BVA r\u00e9alis\u00e9 pour Foncia, 55% des Fran\u00e7ais se d\u00e9clarent optimistes sur l\u2019\u00e9volution du march\u00e9 immobilier mais les co\u00fbts sont toujours jug\u00e9s \u00e9lev\u00e9s\u00a0et induisent une certaine frilosit\u00e9. Pour plus de la moiti\u00e9 des Fran\u00e7ais , les 12 prochains mois seront une bonne p\u00e9riode pour investir dans la pierre. Cette vision positive du march\u00e9 [&hellip;]<\/p>\n","protected":false},"author":17,"featured_media":90801,"comment_status":"closed","ping_status":"closed","sticky":false,"template":"","format":"standard","meta":{"_et_pb_use_builder":"","_et_pb_old_content":"","_et_gb_content_width":"","footnotes":""},"categories":[6345],"tags":[1364],"class_list":["post-93135","post","type-post","status-publish","format-standard","has-post-thumbnail","hentry","category-economie-marches","tag-immobilier"],"yoast_head":"<!-- This site is optimized with the Yoast SEO plugin v27.4 - https:\/\/yoast.com\/product\/yoast-seo-wordpress\/ -->\n<title>March\u00e9 de l&#039;immobilier : l&#039;optimisme des Fran\u00e7ais est temp\u00e9r\u00e9 par les co\u00fbts<\/title>\n<meta name=\"robots\" content=\"index, follow, max-snippet:-1, max-image-preview:large, max-video-preview:-1\" \/>\n<link rel=\"canonical\" href=\"https:\/\/batijournal.com\/index.php\/marche-de-limmobilier-loptimisme-francais-tempere-couts\/93135\/\" \/>\n<meta property=\"og:locale\" content=\"fr_FR\" \/>\n<meta property=\"og:type\" content=\"article\" \/>\n<meta property=\"og:title\" content=\"March\u00e9 de l&#039;immobilier : l&#039;optimisme des Fran\u00e7ais est temp\u00e9r\u00e9 par les co\u00fbts\" \/>\n<meta property=\"og:description\" content=\"Selon un sondage BVA r\u00e9alis\u00e9 pour Foncia, 55% des Fran\u00e7ais se d\u00e9clarent optimistes sur l\u2019\u00e9volution du march\u00e9 immobilier mais les co\u00fbts sont toujours jug\u00e9s \u00e9lev\u00e9s\u00a0et induisent une certaine frilosit\u00e9. Pour plus de la moiti\u00e9 des Fran\u00e7ais , les 12 prochains mois seront une bonne p\u00e9riode pour investir dans la pierre. Cette vision positive du march\u00e9 [&hellip;]\" \/>\n<meta property=\"og:url\" content=\"https:\/\/batijournal.com\/index.php\/marche-de-limmobilier-loptimisme-francais-tempere-couts\/93135\/\" \/>\n<meta property=\"og:site_name\" content=\"Batijournal\" \/>\n<meta property=\"article:published_time\" content=\"2016-06-21T08:46:34+00:00\" \/>\n<meta property=\"article:modified_time\" content=\"2019-07-15T10:04:00+00:00\" \/>\n<meta property=\"og:image\" content=\"https:\/\/batijournal.com\/wp-content\/uploads\/2015\/12\/construction.jpg\" \/>\n\t<meta property=\"og:image:width\" content=\"1200\" \/>\n\t<meta property=\"og:image:height\" content=\"697\" \/>\n\t<meta property=\"og:image:type\" content=\"image\/jpeg\" \/>\n<meta name=\"author\" content=\"St\u00e9phane Miget\" \/>\n<meta name=\"twitter:card\" content=\"summary_large_image\" \/>\n<meta name=\"twitter:creator\" content=\"@bati_journal\" \/>\n<meta name=\"twitter:site\" content=\"@bati_journal\" \/>\n<meta name=\"twitter:label1\" content=\"\u00c9crit par\" \/>\n\t<meta name=\"twitter:data1\" content=\"St\u00e9phane Miget\" \/>\n\t<meta name=\"twitter:label2\" content=\"Dur\u00e9e de lecture estim\u00e9e\" \/>\n\t<meta name=\"twitter:data2\" content=\"2 minutes\" \/>\n<script type=\"application\/ld+json\" class=\"yoast-schema-graph\">{\"@context\":\"https:\\\/\\\/schema.org\",\"@graph\":[{\"@type\":\"Article\",\"@id\":\"https:\\\/\\\/batijournal.com\\\/index.php\\\/marche-de-limmobilier-loptimisme-francais-tempere-couts\\\/93135\\\/#article\",\"isPartOf\":{\"@id\":\"https:\\\/\\\/batijournal.com\\\/index.php\\\/marche-de-limmobilier-loptimisme-francais-tempere-couts\\\/93135\\\/\"},\"author\":{\"name\":\"St\u00e9phane Miget\",\"@id\":\"https:\\\/\\\/batijournal.com\\\/#\\\/schema\\\/person\\\/1dc96ec6957aa1ccb25ebe78bb19f100\"},\"headline\":\"March\u00e9 de l&rsquo;immobilier : l&rsquo;optimisme des Fran\u00e7ais est temp\u00e9r\u00e9 par les co\u00fbts\",\"datePublished\":\"2016-06-21T08:46:34+00:00\",\"dateModified\":\"2019-07-15T10:04:00+00:00\",\"mainEntityOfPage\":{\"@id\":\"https:\\\/\\\/batijournal.com\\\/index.php\\\/marche-de-limmobilier-loptimisme-francais-tempere-couts\\\/93135\\\/\"},\"wordCount\":344,\"image\":{\"@id\":\"https:\\\/\\\/batijournal.com\\\/index.php\\\/marche-de-limmobilier-loptimisme-francais-tempere-couts\\\/93135\\\/#primaryimage\"},\"thumbnailUrl\":\"https:\\\/\\\/batijournal.com\\\/wp-content\\\/uploads\\\/2015\\\/12\\\/construction.jpg\",\"keywords\":[\"immobilier\"],\"articleSection\":[\"\u00c9conomie &amp; March\u00e9s\"],\"inLanguage\":\"fr-FR\"},{\"@type\":\"WebPage\",\"@id\":\"https:\\\/\\\/batijournal.com\\\/index.php\\\/marche-de-limmobilier-loptimisme-francais-tempere-couts\\\/93135\\\/\",\"url\":\"https:\\\/\\\/batijournal.com\\\/index.php\\\/marche-de-limmobilier-loptimisme-francais-tempere-couts\\\/93135\\\/\",\"name\":\"March\u00e9 de l'immobilier : l'optimisme des Fran\u00e7ais est temp\u00e9r\u00e9 par les co\u00fbts\",\"isPartOf\":{\"@id\":\"https:\\\/\\\/batijournal.com\\\/#website\"},\"primaryImageOfPage\":{\"@id\":\"https:\\\/\\\/batijournal.com\\\/index.php\\\/marche-de-limmobilier-loptimisme-francais-tempere-couts\\\/93135\\\/#primaryimage\"},\"image\":{\"@id\":\"https:\\\/\\\/batijournal.com\\\/index.php\\\/marche-de-limmobilier-loptimisme-francais-tempere-couts\\\/93135\\\/#primaryimage\"},\"thumbnailUrl\":\"https:\\\/\\\/batijournal.com\\\/wp-content\\\/uploads\\\/2015\\\/12\\\/construction.jpg\",\"datePublished\":\"2016-06-21T08:46:34+00:00\",\"dateModified\":\"2019-07-15T10:04:00+00:00\",\"author\":{\"@id\":\"https:\\\/\\\/batijournal.com\\\/#\\\/schema\\\/person\\\/1dc96ec6957aa1ccb25ebe78bb19f100\"},\"breadcrumb\":{\"@id\":\"https:\\\/\\\/batijournal.com\\\/index.php\\\/marche-de-limmobilier-loptimisme-francais-tempere-couts\\\/93135\\\/#breadcrumb\"},\"inLanguage\":\"fr-FR\",\"potentialAction\":[{\"@type\":\"ReadAction\",\"target\":[\"https:\\\/\\\/batijournal.com\\\/index.php\\\/marche-de-limmobilier-loptimisme-francais-tempere-couts\\\/93135\\\/\"]}]},{\"@type\":\"ImageObject\",\"inLanguage\":\"fr-FR\",\"@id\":\"https:\\\/\\\/batijournal.com\\\/index.php\\\/marche-de-limmobilier-loptimisme-francais-tempere-couts\\\/93135\\\/#primaryimage\",\"url\":\"https:\\\/\\\/batijournal.com\\\/wp-content\\\/uploads\\\/2015\\\/12\\\/construction.jpg\",\"contentUrl\":\"https:\\\/\\\/batijournal.com\\\/wp-content\\\/uploads\\\/2015\\\/12\\\/construction.jpg\",\"width\":1200,\"height\":697,\"caption\":\"projet de loi de finances\"},{\"@type\":\"BreadcrumbList\",\"@id\":\"https:\\\/\\\/batijournal.com\\\/index.php\\\/marche-de-limmobilier-loptimisme-francais-tempere-couts\\\/93135\\\/#breadcrumb\",\"itemListElement\":[{\"@type\":\"ListItem\",\"position\":1,\"name\":\"Accueil\",\"item\":\"https:\\\/\\\/batijournal.com\\\/\"},{\"@type\":\"ListItem\",\"position\":2,\"name\":\"Actualit\u00e9s\",\"item\":\"https:\\\/\\\/batijournal.com\\\/index.php\\\/category\\\/actualites\\\/\"},{\"@type\":\"ListItem\",\"position\":3,\"name\":\"\u00c9conomie &amp; March\u00e9s\",\"item\":\"https:\\\/\\\/batijournal.com\\\/index.php\\\/category\\\/actualites\\\/economie-marches\\\/\"},{\"@type\":\"ListItem\",\"position\":4,\"name\":\"March\u00e9 de l&rsquo;immobilier : l&rsquo;optimisme des Fran\u00e7ais est temp\u00e9r\u00e9 par les co\u00fbts\"}]},{\"@type\":\"WebSite\",\"@id\":\"https:\\\/\\\/batijournal.com\\\/#website\",\"url\":\"https:\\\/\\\/batijournal.com\\\/\",\"name\":\"Batijournal\",\"description\":\"L&#039;actualit\u00e9 du b\u00e2timent\",\"potentialAction\":[{\"@type\":\"SearchAction\",\"target\":{\"@type\":\"EntryPoint\",\"urlTemplate\":\"https:\\\/\\\/batijournal.com\\\/?s={search_term_string}\"},\"query-input\":{\"@type\":\"PropertyValueSpecification\",\"valueRequired\":true,\"valueName\":\"search_term_string\"}}],\"inLanguage\":\"fr-FR\"},{\"@type\":\"Person\",\"@id\":\"https:\\\/\\\/batijournal.com\\\/#\\\/schema\\\/person\\\/1dc96ec6957aa1ccb25ebe78bb19f100\",\"name\":\"St\u00e9phane Miget\",\"image\":{\"@type\":\"ImageObject\",\"inLanguage\":\"fr-FR\",\"@id\":\"https:\\\/\\\/secure.gravatar.com\\\/avatar\\\/89915563d925342126b8ef0281b93d9d7fc337043e8df017f780908eb9644451?s=96&d=mm&r=g\",\"url\":\"https:\\\/\\\/secure.gravatar.com\\\/avatar\\\/89915563d925342126b8ef0281b93d9d7fc337043e8df017f780908eb9644451?s=96&d=mm&r=g\",\"contentUrl\":\"https:\\\/\\\/secure.gravatar.com\\\/avatar\\\/89915563d925342126b8ef0281b93d9d7fc337043e8df017f780908eb9644451?s=96&d=mm&r=g\",\"caption\":\"St\u00e9phane Miget\"},\"url\":\"https:\\\/\\\/batijournal.com\\\/index.php\\\/author\\\/stephane\\\/\"}]}<\/script>\n<!-- \/ Yoast SEO plugin. -->","yoast_head_json":{"title":"March\u00e9 de l'immobilier : l'optimisme des Fran\u00e7ais est temp\u00e9r\u00e9 par les co\u00fbts","robots":{"index":"index","follow":"follow","max-snippet":"max-snippet:-1","max-image-preview":"max-image-preview:large","max-video-preview":"max-video-preview:-1"},"canonical":"https:\/\/batijournal.com\/index.php\/marche-de-limmobilier-loptimisme-francais-tempere-couts\/93135\/","og_locale":"fr_FR","og_type":"article","og_title":"March\u00e9 de l'immobilier : l'optimisme des Fran\u00e7ais est temp\u00e9r\u00e9 par les co\u00fbts","og_description":"Selon un sondage BVA r\u00e9alis\u00e9 pour Foncia, 55% des Fran\u00e7ais se d\u00e9clarent optimistes sur l\u2019\u00e9volution du march\u00e9 immobilier mais les co\u00fbts sont toujours jug\u00e9s \u00e9lev\u00e9s\u00a0et induisent une certaine frilosit\u00e9. Pour plus de la moiti\u00e9 des Fran\u00e7ais , les 12 prochains mois seront une bonne p\u00e9riode pour investir dans la pierre. Cette vision positive du march\u00e9 [&hellip;]","og_url":"https:\/\/batijournal.com\/index.php\/marche-de-limmobilier-loptimisme-francais-tempere-couts\/93135\/","og_site_name":"Batijournal","article_published_time":"2016-06-21T08:46:34+00:00","article_modified_time":"2019-07-15T10:04:00+00:00","og_image":[{"width":1200,"height":697,"url":"https:\/\/batijournal.com\/wp-content\/uploads\/2015\/12\/construction.jpg","type":"image\/jpeg"}],"author":"St\u00e9phane Miget","twitter_card":"summary_large_image","twitter_creator":"@bati_journal","twitter_site":"@bati_journal","twitter_misc":{"\u00c9crit par":"St\u00e9phane Miget","Dur\u00e9e de lecture estim\u00e9e":"2 minutes"},"schema":{"@context":"https:\/\/schema.org","@graph":[{"@type":"Article","@id":"https:\/\/batijournal.com\/index.php\/marche-de-limmobilier-loptimisme-francais-tempere-couts\/93135\/#article","isPartOf":{"@id":"https:\/\/batijournal.com\/index.php\/marche-de-limmobilier-loptimisme-francais-tempere-couts\/93135\/"},"author":{"name":"St\u00e9phane Miget","@id":"https:\/\/batijournal.com\/#\/schema\/person\/1dc96ec6957aa1ccb25ebe78bb19f100"},"headline":"March\u00e9 de l&rsquo;immobilier : l&rsquo;optimisme des Fran\u00e7ais est temp\u00e9r\u00e9 par les co\u00fbts","datePublished":"2016-06-21T08:46:34+00:00","dateModified":"2019-07-15T10:04:00+00:00","mainEntityOfPage":{"@id":"https:\/\/batijournal.com\/index.php\/marche-de-limmobilier-loptimisme-francais-tempere-couts\/93135\/"},"wordCount":344,"image":{"@id":"https:\/\/batijournal.com\/index.php\/marche-de-limmobilier-loptimisme-francais-tempere-couts\/93135\/#primaryimage"},"thumbnailUrl":"https:\/\/batijournal.com\/wp-content\/uploads\/2015\/12\/construction.jpg","keywords":["immobilier"],"articleSection":["\u00c9conomie &amp; March\u00e9s"],"inLanguage":"fr-FR"},{"@type":"WebPage","@id":"https:\/\/batijournal.com\/index.php\/marche-de-limmobilier-loptimisme-francais-tempere-couts\/93135\/","url":"https:\/\/batijournal.com\/index.php\/marche-de-limmobilier-loptimisme-francais-tempere-couts\/93135\/","name":"March\u00e9 de l'immobilier : l'optimisme des Fran\u00e7ais est temp\u00e9r\u00e9 par les co\u00fbts","isPartOf":{"@id":"https:\/\/batijournal.com\/#website"},"primaryImageOfPage":{"@id":"https:\/\/batijournal.com\/index.php\/marche-de-limmobilier-loptimisme-francais-tempere-couts\/93135\/#primaryimage"},"image":{"@id":"https:\/\/batijournal.com\/index.php\/marche-de-limmobilier-loptimisme-francais-tempere-couts\/93135\/#primaryimage"},"thumbnailUrl":"https:\/\/batijournal.com\/wp-content\/uploads\/2015\/12\/construction.jpg","datePublished":"2016-06-21T08:46:34+00:00","dateModified":"2019-07-15T10:04:00+00:00","author":{"@id":"https:\/\/batijournal.com\/#\/schema\/person\/1dc96ec6957aa1ccb25ebe78bb19f100"},"breadcrumb":{"@id":"https:\/\/batijournal.com\/index.php\/marche-de-limmobilier-loptimisme-francais-tempere-couts\/93135\/#breadcrumb"},"inLanguage":"fr-FR","potentialAction":[{"@type":"ReadAction","target":["https:\/\/batijournal.com\/index.php\/marche-de-limmobilier-loptimisme-francais-tempere-couts\/93135\/"]}]},{"@type":"ImageObject","inLanguage":"fr-FR","@id":"https:\/\/batijournal.com\/index.php\/marche-de-limmobilier-loptimisme-francais-tempere-couts\/93135\/#primaryimage","url":"https:\/\/batijournal.com\/wp-content\/uploads\/2015\/12\/construction.jpg","contentUrl":"https:\/\/batijournal.com\/wp-content\/uploads\/2015\/12\/construction.jpg","width":1200,"height":697,"caption":"projet de loi de finances"},{"@type":"BreadcrumbList","@id":"https:\/\/batijournal.com\/index.php\/marche-de-limmobilier-loptimisme-francais-tempere-couts\/93135\/#breadcrumb","itemListElement":[{"@type":"ListItem","position":1,"name":"Accueil","item":"https:\/\/batijournal.com\/"},{"@type":"ListItem","position":2,"name":"Actualit\u00e9s","item":"https:\/\/batijournal.com\/index.php\/category\/actualites\/"},{"@type":"ListItem","position":3,"name":"\u00c9conomie &amp; March\u00e9s","item":"https:\/\/batijournal.com\/index.php\/category\/actualites\/economie-marches\/"},{"@type":"ListItem","position":4,"name":"March\u00e9 de l&rsquo;immobilier : l&rsquo;optimisme des Fran\u00e7ais est temp\u00e9r\u00e9 par les co\u00fbts"}]},{"@type":"WebSite","@id":"https:\/\/batijournal.com\/#website","url":"https:\/\/batijournal.com\/","name":"Batijournal","description":"L&#039;actualit\u00e9 du b\u00e2timent","potentialAction":[{"@type":"SearchAction","target":{"@type":"EntryPoint","urlTemplate":"https:\/\/batijournal.com\/?s={search_term_string}"},"query-input":{"@type":"PropertyValueSpecification","valueRequired":true,"valueName":"search_term_string"}}],"inLanguage":"fr-FR"},{"@type":"Person","@id":"https:\/\/batijournal.com\/#\/schema\/person\/1dc96ec6957aa1ccb25ebe78bb19f100","name":"St\u00e9phane Miget","image":{"@type":"ImageObject","inLanguage":"fr-FR","@id":"https:\/\/secure.gravatar.com\/avatar\/89915563d925342126b8ef0281b93d9d7fc337043e8df017f780908eb9644451?s=96&d=mm&r=g","url":"https:\/\/secure.gravatar.com\/avatar\/89915563d925342126b8ef0281b93d9d7fc337043e8df017f780908eb9644451?s=96&d=mm&r=g","contentUrl":"https:\/\/secure.gravatar.com\/avatar\/89915563d925342126b8ef0281b93d9d7fc337043e8df017f780908eb9644451?s=96&d=mm&r=g","caption":"St\u00e9phane Miget"},"url":"https:\/\/batijournal.com\/index.php\/author\/stephane\/"}]}},"_links":{"self":[{"href":"https:\/\/batijournal.com\/index.php\/wp-json\/wp\/v2\/posts\/93135","targetHints":{"allow":["GET"]}}],"collection":[{"href":"https:\/\/batijournal.com\/index.php\/wp-json\/wp\/v2\/posts"}],"about":[{"href":"https:\/\/batijournal.com\/index.php\/wp-json\/wp\/v2\/types\/post"}],"author":[{"embeddable":true,"href":"https:\/\/batijournal.com\/index.php\/wp-json\/wp\/v2\/users\/17"}],"replies":[{"embeddable":true,"href":"https:\/\/batijournal.com\/index.php\/wp-json\/wp\/v2\/comments?post=93135"}],"version-history":[{"count":0,"href":"https:\/\/batijournal.com\/index.php\/wp-json\/wp\/v2\/posts\/93135\/revisions"}],"wp:featuredmedia":[{"embeddable":true,"href":"https:\/\/batijournal.com\/index.php\/wp-json\/wp\/v2\/media\/90801"}],"wp:attachment":[{"href":"https:\/\/batijournal.com\/index.php\/wp-json\/wp\/v2\/media?parent=93135"}],"wp:term":[{"taxonomy":"category","embeddable":true,"href":"https:\/\/batijournal.com\/index.php\/wp-json\/wp\/v2\/categories?post=93135"},{"taxonomy":"post_tag","embeddable":true,"href":"https:\/\/batijournal.com\/index.php\/wp-json\/wp\/v2\/tags?post=93135"}],"curies":[{"name":"wp","href":"https:\/\/api.w.org\/{rel}","templated":true}]}}