{"id":93139,"date":"2016-06-22T08:43:05","date_gmt":"2016-06-22T06:43:05","guid":{"rendered":"http:\/\/batijournal.com\/?p=93139"},"modified":"2019-07-15T12:11:06","modified_gmt":"2019-07-15T10:11:06","slug":"vehicules-devront-afficher-vignettes-critair-a-paris","status":"publish","type":"post","link":"https:\/\/batijournal.com\/index.php\/vehicules-devront-afficher-vignettes-critair-a-paris\/93139\/","title":{"rendered":"Les v\u00e9hicules devront afficher les vignettes Crit\u2019air \u00e0 Paris"},"content":{"rendered":"<p>Paris sera la premi\u00e8re ville \u00e0 utiliser les vignettes Crit\u2019air qui devraient \u00eatre disponibles d\u00e8s cet \u00e9t\u00e9 pour une mise en \u0153uvre obligatoire au 1er janvier 2017. Apr\u00e8s avoir interdit en septembre dernier la circulation des plus anciens v\u00e9hicules poids-lourds, autocars et autobus mis en service avant le 1er octobre 2001, cette interdiction s\u2019\u00e9tendra \u00e0 partir du 1er juillet 2016, du lundi au vendredi, entre 8h et 20h sur le territoire parisien intramuros :<\/p>\n<ul>\n<li>aux v\u00e9hicules particuliers et camionnettes (mis en service avant le 1er janvier 1997 pour les v\u00e9hicules particuliers, et avant le 1er octobre 1997 pour les camionnettes) ;<\/li>\n<li>aux deux-roues motoris\u00e9s mis en service avant le 1er juin 1999.<\/li>\n<\/ul>\n<p>Au 1er juillet 2017, l\u2019interdiction de circulation concernera les v\u00e9hicules particuliers diesel et v\u00e9hicules utilitaires l\u00e9gers euro 2 (mis en service avant le 1er janvier 2001 \u2013 pas de nouvelle interdiction pour les v\u00e9hicules essence \u00e0 cette date) et les poids-lourds euros 3 (immatricul\u00e9s avant le 1er octobre 2006).<\/p>\n<p>D\u2019autres \u00e9tapes de restrictions de circulation sont pr\u00e9vues entre 2018 et 2020, qui seront pr\u00e9cis\u00e9es d\u00e8s que les textes d\u2019application de la loi de transition \u00e9nerg\u00e9tique relatifs aux zones \u00e0 circulation restreinte seront publi\u00e9s.<\/p>\n","protected":false},"excerpt":{"rendered":"<p>Paris sera la premi\u00e8re ville \u00e0 utiliser les vignettes Crit\u2019air qui devraient \u00eatre disponibles d\u00e8s cet \u00e9t\u00e9 pour une mise en \u0153uvre obligatoire au 1er janvier 2017. Apr\u00e8s avoir interdit en septembre dernier la circulation des plus anciens v\u00e9hicules poids-lourds, autocars et autobus mis en service avant le 1er octobre 2001, cette interdiction s\u2019\u00e9tendra \u00e0 [&hellip;]<\/p>\n","protected":false},"author":17,"featured_media":93140,"comment_status":"closed","ping_status":"closed","sticky":false,"template":"","format":"standard","meta":{"_et_pb_use_builder":"","_et_pb_old_content":"","_et_gb_content_width":"","footnotes":""},"categories":[6340],"tags":[4407],"class_list":["post-93139","post","type-post","status-publish","format-standard","has-post-thumbnail","hentry","category-architecture-conception","tag-pollution"],"yoast_head":"<!-- This site is optimized with the Yoast SEO plugin v27.4 - https:\/\/yoast.com\/product\/yoast-seo-wordpress\/ -->\n<title>Les v\u00e9hicules devront afficher les vignettes Crit\u2019air \u00e0 Paris<\/title>\n<meta name=\"robots\" content=\"index, follow, max-snippet:-1, max-image-preview:large, max-video-preview:-1\" \/>\n<link rel=\"canonical\" href=\"https:\/\/batijournal.com\/index.php\/vehicules-devront-afficher-vignettes-critair-a-paris\/93139\/\" \/>\n<meta property=\"og:locale\" content=\"fr_FR\" \/>\n<meta property=\"og:type\" content=\"article\" \/>\n<meta property=\"og:title\" content=\"Les v\u00e9hicules devront afficher les vignettes Crit\u2019air \u00e0 Paris\" \/>\n<meta property=\"og:description\" content=\"Paris sera la premi\u00e8re ville \u00e0 utiliser les vignettes Crit\u2019air qui devraient \u00eatre disponibles d\u00e8s cet \u00e9t\u00e9 pour une mise en \u0153uvre obligatoire au 1er janvier 2017. Apr\u00e8s avoir interdit en septembre dernier la circulation des plus anciens v\u00e9hicules poids-lourds, autocars et autobus mis en service avant le 1er octobre 2001, cette interdiction s\u2019\u00e9tendra \u00e0 [&hellip;]\" \/>\n<meta property=\"og:url\" content=\"https:\/\/batijournal.com\/index.php\/vehicules-devront-afficher-vignettes-critair-a-paris\/93139\/\" \/>\n<meta property=\"og:site_name\" content=\"Batijournal\" \/>\n<meta property=\"article:published_time\" content=\"2016-06-22T06:43:05+00:00\" \/>\n<meta property=\"article:modified_time\" content=\"2019-07-15T10:11:06+00:00\" \/>\n<meta property=\"og:image\" content=\"https:\/\/batijournal.com\/wp-content\/uploads\/2016\/06\/vignettes-critair.png\" \/>\n\t<meta property=\"og:image:width\" content=\"640\" \/>\n\t<meta property=\"og:image:height\" content=\"530\" \/>\n\t<meta property=\"og:image:type\" content=\"image\/png\" \/>\n<meta name=\"author\" content=\"St\u00e9phane Miget\" \/>\n<meta name=\"twitter:card\" content=\"summary_large_image\" \/>\n<meta name=\"twitter:creator\" content=\"@bati_journal\" \/>\n<meta name=\"twitter:site\" content=\"@bati_journal\" \/>\n<meta name=\"twitter:label1\" content=\"\u00c9crit par\" \/>\n\t<meta name=\"twitter:data1\" content=\"St\u00e9phane Miget\" \/>\n\t<meta name=\"twitter:label2\" content=\"Dur\u00e9e de lecture estim\u00e9e\" \/>\n\t<meta name=\"twitter:data2\" content=\"1 minute\" \/>\n<script type=\"application\/ld+json\" class=\"yoast-schema-graph\">{\"@context\":\"https:\\\/\\\/schema.org\",\"@graph\":[{\"@type\":\"Article\",\"@id\":\"https:\\\/\\\/batijournal.com\\\/index.php\\\/vehicules-devront-afficher-vignettes-critair-a-paris\\\/93139\\\/#article\",\"isPartOf\":{\"@id\":\"https:\\\/\\\/batijournal.com\\\/index.php\\\/vehicules-devront-afficher-vignettes-critair-a-paris\\\/93139\\\/\"},\"author\":{\"name\":\"St\u00e9phane Miget\",\"@id\":\"https:\\\/\\\/batijournal.com\\\/#\\\/schema\\\/person\\\/1dc96ec6957aa1ccb25ebe78bb19f100\"},\"headline\":\"Les v\u00e9hicules devront afficher les vignettes Crit\u2019air \u00e0 Paris\",\"datePublished\":\"2016-06-22T06:43:05+00:00\",\"dateModified\":\"2019-07-15T10:11:06+00:00\",\"mainEntityOfPage\":{\"@id\":\"https:\\\/\\\/batijournal.com\\\/index.php\\\/vehicules-devront-afficher-vignettes-critair-a-paris\\\/93139\\\/\"},\"wordCount\":208,\"image\":{\"@id\":\"https:\\\/\\\/batijournal.com\\\/index.php\\\/vehicules-devront-afficher-vignettes-critair-a-paris\\\/93139\\\/#primaryimage\"},\"thumbnailUrl\":\"https:\\\/\\\/batijournal.com\\\/wp-content\\\/uploads\\\/2016\\\/06\\\/vignettes-critair.png\",\"keywords\":[\"pollution\"],\"articleSection\":[\"Architecture &amp; Conception\"],\"inLanguage\":\"fr-FR\"},{\"@type\":\"WebPage\",\"@id\":\"https:\\\/\\\/batijournal.com\\\/index.php\\\/vehicules-devront-afficher-vignettes-critair-a-paris\\\/93139\\\/\",\"url\":\"https:\\\/\\\/batijournal.com\\\/index.php\\\/vehicules-devront-afficher-vignettes-critair-a-paris\\\/93139\\\/\",\"name\":\"Les v\u00e9hicules devront afficher les vignettes Crit\u2019air \u00e0 Paris\",\"isPartOf\":{\"@id\":\"https:\\\/\\\/batijournal.com\\\/#website\"},\"primaryImageOfPage\":{\"@id\":\"https:\\\/\\\/batijournal.com\\\/index.php\\\/vehicules-devront-afficher-vignettes-critair-a-paris\\\/93139\\\/#primaryimage\"},\"image\":{\"@id\":\"https:\\\/\\\/batijournal.com\\\/index.php\\\/vehicules-devront-afficher-vignettes-critair-a-paris\\\/93139\\\/#primaryimage\"},\"thumbnailUrl\":\"https:\\\/\\\/batijournal.com\\\/wp-content\\\/uploads\\\/2016\\\/06\\\/vignettes-critair.png\",\"datePublished\":\"2016-06-22T06:43:05+00:00\",\"dateModified\":\"2019-07-15T10:11:06+00:00\",\"author\":{\"@id\":\"https:\\\/\\\/batijournal.com\\\/#\\\/schema\\\/person\\\/1dc96ec6957aa1ccb25ebe78bb19f100\"},\"breadcrumb\":{\"@id\":\"https:\\\/\\\/batijournal.com\\\/index.php\\\/vehicules-devront-afficher-vignettes-critair-a-paris\\\/93139\\\/#breadcrumb\"},\"inLanguage\":\"fr-FR\",\"potentialAction\":[{\"@type\":\"ReadAction\",\"target\":[\"https:\\\/\\\/batijournal.com\\\/index.php\\\/vehicules-devront-afficher-vignettes-critair-a-paris\\\/93139\\\/\"]}]},{\"@type\":\"ImageObject\",\"inLanguage\":\"fr-FR\",\"@id\":\"https:\\\/\\\/batijournal.com\\\/index.php\\\/vehicules-devront-afficher-vignettes-critair-a-paris\\\/93139\\\/#primaryimage\",\"url\":\"https:\\\/\\\/batijournal.com\\\/wp-content\\\/uploads\\\/2016\\\/06\\\/vignettes-critair.png\",\"contentUrl\":\"https:\\\/\\\/batijournal.com\\\/wp-content\\\/uploads\\\/2016\\\/06\\\/vignettes-critair.png\",\"width\":640,\"height\":530},{\"@type\":\"BreadcrumbList\",\"@id\":\"https:\\\/\\\/batijournal.com\\\/index.php\\\/vehicules-devront-afficher-vignettes-critair-a-paris\\\/93139\\\/#breadcrumb\",\"itemListElement\":[{\"@type\":\"ListItem\",\"position\":1,\"name\":\"Accueil\",\"item\":\"https:\\\/\\\/batijournal.com\\\/\"},{\"@type\":\"ListItem\",\"position\":2,\"name\":\"Actualit\u00e9s\",\"item\":\"https:\\\/\\\/batijournal.com\\\/index.php\\\/category\\\/actualites\\\/\"},{\"@type\":\"ListItem\",\"position\":3,\"name\":\"Architecture &amp; Conception\",\"item\":\"https:\\\/\\\/batijournal.com\\\/index.php\\\/category\\\/actualites\\\/architecture-conception\\\/\"},{\"@type\":\"ListItem\",\"position\":4,\"name\":\"Les v\u00e9hicules devront afficher les vignettes Crit\u2019air \u00e0 Paris\"}]},{\"@type\":\"WebSite\",\"@id\":\"https:\\\/\\\/batijournal.com\\\/#website\",\"url\":\"https:\\\/\\\/batijournal.com\\\/\",\"name\":\"Batijournal\",\"description\":\"L&#039;actualit\u00e9 du b\u00e2timent\",\"potentialAction\":[{\"@type\":\"SearchAction\",\"target\":{\"@type\":\"EntryPoint\",\"urlTemplate\":\"https:\\\/\\\/batijournal.com\\\/?s={search_term_string}\"},\"query-input\":{\"@type\":\"PropertyValueSpecification\",\"valueRequired\":true,\"valueName\":\"search_term_string\"}}],\"inLanguage\":\"fr-FR\"},{\"@type\":\"Person\",\"@id\":\"https:\\\/\\\/batijournal.com\\\/#\\\/schema\\\/person\\\/1dc96ec6957aa1ccb25ebe78bb19f100\",\"name\":\"St\u00e9phane Miget\",\"image\":{\"@type\":\"ImageObject\",\"inLanguage\":\"fr-FR\",\"@id\":\"https:\\\/\\\/secure.gravatar.com\\\/avatar\\\/89915563d925342126b8ef0281b93d9d7fc337043e8df017f780908eb9644451?s=96&d=mm&r=g\",\"url\":\"https:\\\/\\\/secure.gravatar.com\\\/avatar\\\/89915563d925342126b8ef0281b93d9d7fc337043e8df017f780908eb9644451?s=96&d=mm&r=g\",\"contentUrl\":\"https:\\\/\\\/secure.gravatar.com\\\/avatar\\\/89915563d925342126b8ef0281b93d9d7fc337043e8df017f780908eb9644451?s=96&d=mm&r=g\",\"caption\":\"St\u00e9phane Miget\"},\"url\":\"https:\\\/\\\/batijournal.com\\\/index.php\\\/author\\\/stephane\\\/\"}]}<\/script>\n<!-- \/ Yoast SEO plugin. -->","yoast_head_json":{"title":"Les v\u00e9hicules devront afficher les vignettes Crit\u2019air \u00e0 Paris","robots":{"index":"index","follow":"follow","max-snippet":"max-snippet:-1","max-image-preview":"max-image-preview:large","max-video-preview":"max-video-preview:-1"},"canonical":"https:\/\/batijournal.com\/index.php\/vehicules-devront-afficher-vignettes-critair-a-paris\/93139\/","og_locale":"fr_FR","og_type":"article","og_title":"Les v\u00e9hicules devront afficher les vignettes Crit\u2019air \u00e0 Paris","og_description":"Paris sera la premi\u00e8re ville \u00e0 utiliser les vignettes Crit\u2019air qui devraient \u00eatre disponibles d\u00e8s cet \u00e9t\u00e9 pour une mise en \u0153uvre obligatoire au 1er janvier 2017. Apr\u00e8s avoir interdit en septembre dernier la circulation des plus anciens v\u00e9hicules poids-lourds, autocars et autobus mis en service avant le 1er octobre 2001, cette interdiction s\u2019\u00e9tendra \u00e0 [&hellip;]","og_url":"https:\/\/batijournal.com\/index.php\/vehicules-devront-afficher-vignettes-critair-a-paris\/93139\/","og_site_name":"Batijournal","article_published_time":"2016-06-22T06:43:05+00:00","article_modified_time":"2019-07-15T10:11:06+00:00","og_image":[{"width":640,"height":530,"url":"https:\/\/batijournal.com\/wp-content\/uploads\/2016\/06\/vignettes-critair.png","type":"image\/png"}],"author":"St\u00e9phane Miget","twitter_card":"summary_large_image","twitter_creator":"@bati_journal","twitter_site":"@bati_journal","twitter_misc":{"\u00c9crit par":"St\u00e9phane Miget","Dur\u00e9e de lecture estim\u00e9e":"1 minute"},"schema":{"@context":"https:\/\/schema.org","@graph":[{"@type":"Article","@id":"https:\/\/batijournal.com\/index.php\/vehicules-devront-afficher-vignettes-critair-a-paris\/93139\/#article","isPartOf":{"@id":"https:\/\/batijournal.com\/index.php\/vehicules-devront-afficher-vignettes-critair-a-paris\/93139\/"},"author":{"name":"St\u00e9phane Miget","@id":"https:\/\/batijournal.com\/#\/schema\/person\/1dc96ec6957aa1ccb25ebe78bb19f100"},"headline":"Les v\u00e9hicules devront afficher les vignettes Crit\u2019air \u00e0 Paris","datePublished":"2016-06-22T06:43:05+00:00","dateModified":"2019-07-15T10:11:06+00:00","mainEntityOfPage":{"@id":"https:\/\/batijournal.com\/index.php\/vehicules-devront-afficher-vignettes-critair-a-paris\/93139\/"},"wordCount":208,"image":{"@id":"https:\/\/batijournal.com\/index.php\/vehicules-devront-afficher-vignettes-critair-a-paris\/93139\/#primaryimage"},"thumbnailUrl":"https:\/\/batijournal.com\/wp-content\/uploads\/2016\/06\/vignettes-critair.png","keywords":["pollution"],"articleSection":["Architecture &amp; Conception"],"inLanguage":"fr-FR"},{"@type":"WebPage","@id":"https:\/\/batijournal.com\/index.php\/vehicules-devront-afficher-vignettes-critair-a-paris\/93139\/","url":"https:\/\/batijournal.com\/index.php\/vehicules-devront-afficher-vignettes-critair-a-paris\/93139\/","name":"Les v\u00e9hicules devront afficher les vignettes Crit\u2019air \u00e0 Paris","isPartOf":{"@id":"https:\/\/batijournal.com\/#website"},"primaryImageOfPage":{"@id":"https:\/\/batijournal.com\/index.php\/vehicules-devront-afficher-vignettes-critair-a-paris\/93139\/#primaryimage"},"image":{"@id":"https:\/\/batijournal.com\/index.php\/vehicules-devront-afficher-vignettes-critair-a-paris\/93139\/#primaryimage"},"thumbnailUrl":"https:\/\/batijournal.com\/wp-content\/uploads\/2016\/06\/vignettes-critair.png","datePublished":"2016-06-22T06:43:05+00:00","dateModified":"2019-07-15T10:11:06+00:00","author":{"@id":"https:\/\/batijournal.com\/#\/schema\/person\/1dc96ec6957aa1ccb25ebe78bb19f100"},"breadcrumb":{"@id":"https:\/\/batijournal.com\/index.php\/vehicules-devront-afficher-vignettes-critair-a-paris\/93139\/#breadcrumb"},"inLanguage":"fr-FR","potentialAction":[{"@type":"ReadAction","target":["https:\/\/batijournal.com\/index.php\/vehicules-devront-afficher-vignettes-critair-a-paris\/93139\/"]}]},{"@type":"ImageObject","inLanguage":"fr-FR","@id":"https:\/\/batijournal.com\/index.php\/vehicules-devront-afficher-vignettes-critair-a-paris\/93139\/#primaryimage","url":"https:\/\/batijournal.com\/wp-content\/uploads\/2016\/06\/vignettes-critair.png","contentUrl":"https:\/\/batijournal.com\/wp-content\/uploads\/2016\/06\/vignettes-critair.png","width":640,"height":530},{"@type":"BreadcrumbList","@id":"https:\/\/batijournal.com\/index.php\/vehicules-devront-afficher-vignettes-critair-a-paris\/93139\/#breadcrumb","itemListElement":[{"@type":"ListItem","position":1,"name":"Accueil","item":"https:\/\/batijournal.com\/"},{"@type":"ListItem","position":2,"name":"Actualit\u00e9s","item":"https:\/\/batijournal.com\/index.php\/category\/actualites\/"},{"@type":"ListItem","position":3,"name":"Architecture &amp; Conception","item":"https:\/\/batijournal.com\/index.php\/category\/actualites\/architecture-conception\/"},{"@type":"ListItem","position":4,"name":"Les v\u00e9hicules devront afficher les vignettes Crit\u2019air \u00e0 Paris"}]},{"@type":"WebSite","@id":"https:\/\/batijournal.com\/#website","url":"https:\/\/batijournal.com\/","name":"Batijournal","description":"L&#039;actualit\u00e9 du b\u00e2timent","potentialAction":[{"@type":"SearchAction","target":{"@type":"EntryPoint","urlTemplate":"https:\/\/batijournal.com\/?s={search_term_string}"},"query-input":{"@type":"PropertyValueSpecification","valueRequired":true,"valueName":"search_term_string"}}],"inLanguage":"fr-FR"},{"@type":"Person","@id":"https:\/\/batijournal.com\/#\/schema\/person\/1dc96ec6957aa1ccb25ebe78bb19f100","name":"St\u00e9phane Miget","image":{"@type":"ImageObject","inLanguage":"fr-FR","@id":"https:\/\/secure.gravatar.com\/avatar\/89915563d925342126b8ef0281b93d9d7fc337043e8df017f780908eb9644451?s=96&d=mm&r=g","url":"https:\/\/secure.gravatar.com\/avatar\/89915563d925342126b8ef0281b93d9d7fc337043e8df017f780908eb9644451?s=96&d=mm&r=g","contentUrl":"https:\/\/secure.gravatar.com\/avatar\/89915563d925342126b8ef0281b93d9d7fc337043e8df017f780908eb9644451?s=96&d=mm&r=g","caption":"St\u00e9phane Miget"},"url":"https:\/\/batijournal.com\/index.php\/author\/stephane\/"}]}},"_links":{"self":[{"href":"https:\/\/batijournal.com\/index.php\/wp-json\/wp\/v2\/posts\/93139","targetHints":{"allow":["GET"]}}],"collection":[{"href":"https:\/\/batijournal.com\/index.php\/wp-json\/wp\/v2\/posts"}],"about":[{"href":"https:\/\/batijournal.com\/index.php\/wp-json\/wp\/v2\/types\/post"}],"author":[{"embeddable":true,"href":"https:\/\/batijournal.com\/index.php\/wp-json\/wp\/v2\/users\/17"}],"replies":[{"embeddable":true,"href":"https:\/\/batijournal.com\/index.php\/wp-json\/wp\/v2\/comments?post=93139"}],"version-history":[{"count":0,"href":"https:\/\/batijournal.com\/index.php\/wp-json\/wp\/v2\/posts\/93139\/revisions"}],"wp:featuredmedia":[{"embeddable":true,"href":"https:\/\/batijournal.com\/index.php\/wp-json\/wp\/v2\/media\/93140"}],"wp:attachment":[{"href":"https:\/\/batijournal.com\/index.php\/wp-json\/wp\/v2\/media?parent=93139"}],"wp:term":[{"taxonomy":"category","embeddable":true,"href":"https:\/\/batijournal.com\/index.php\/wp-json\/wp\/v2\/categories?post=93139"},{"taxonomy":"post_tag","embeddable":true,"href":"https:\/\/batijournal.com\/index.php\/wp-json\/wp\/v2\/tags?post=93139"}],"curies":[{"name":"wp","href":"https:\/\/api.w.org\/{rel}","templated":true}]}}