{"id":93152,"date":"2016-06-22T09:46:00","date_gmt":"2016-06-22T07:46:00","guid":{"rendered":"http:\/\/batijournal.com\/?p=93152"},"modified":"2019-07-15T11:16:42","modified_gmt":"2019-07-15T09:16:42","slug":"colombier-de-bergerie-nationale-de-rambouillet-peril","status":"publish","type":"post","link":"https:\/\/batijournal.com\/index.php\/colombier-de-bergerie-nationale-de-rambouillet-peril\/93152\/","title":{"rendered":"Le colombier de la Bergerie Nationale de Rambouillet en p\u00e9ril"},"content":{"rendered":"<p><strong>Le colombier de la Bergerie Nationale de Rambouillet, dans les Yvelines, magnifique pi\u00e8ce d\u2019architecture, a grand besoin d\u2019\u00eatre restaur\u00e9. Les appels aux dons du public sont ouverts, gr\u00e2ce au soutien de la Fondation du Patrimoine.<\/strong><\/p>\n<p>Cet \u00e9tablissement, cr\u00e9\u00e9 sous Louis XVI en 1784 en vue d\u2019am\u00e9liorer l\u2019\u00e9levage fran\u00e7ais, abrite de nombreuses activit\u00e9s sur ses 250 hectares : un p\u00f4le recherche et d\u00e9veloppement, un CFA et CFPPA, un centre \u00e9questre, une ferme avec de nombreuses animations propos\u00e9es au public, une maison de l\u2019alimentation et le conservatoire du mouton M\u00e9rinos.<\/p>\n<p>Malgr\u00e9 les atteintes du temps, son colombier reste l\u2019un des plus imposants d\u2019\u00cele-de-France. Il pouvait accueillir plus de 1000 couples de pigeons, comme l\u2019autorisait le statut et la superficie du domaine. Class\u00e9 monument historique en 1944, il a conserv\u00e9 son architecture d\u2019origine. D\u2019une vingtaine de m\u00e8tres de haut, il est surmont\u00e9 d\u2019un lanternon en plomb surmont\u00e9 d\u2019un \u00e9pi en forme de colombe. Il pr\u00e9sente deux niveaux : une salle vo\u00fbt\u00e9e en sous-sol construite en gr\u00e8s, et un corps principal desservi par un double escalier ext\u00e9rieur \u00e0 rampes invers\u00e9es. Dans cette salle principale, l\u2019acc\u00e8s aux 2 200 \u00ab boulins \u00bb, les alv\u00e9oles pour les oiseaux, s\u2019effectuait par une \u00e9chelle fix\u00e9e \u00e0 un m\u00e2t central pivotant.<\/p>\n<p>Ce b\u00e2timent embl\u00e9matique, aujourd\u2019hui en p\u00e9ril, exige une restauration urgente. Le m\u00e2t central s\u2019est d\u00e9tach\u00e9 de la charpente en raison des infiltrations dues au mauvais \u00e9tat de la toiture, il repose aujourd\u2019hui sur le mur circulaire. L\u2019\u00e9tat du lanternon central, dont les feuilles de plomb sont par endroits d\u00e9chir\u00e9es, s\u2019est consid\u00e9rablement d\u00e9grad\u00e9. L\u2019enduit du rev\u00eatement ext\u00e9rieur, refait au pl\u00e2tre vers 1960, est tr\u00e8s fa\u00efenc\u00e9 ; de nombreux d\u00e9collements provoquent la chute de plaques de pl\u00e2tre, n\u00e9faste pour le b\u00e2timent et dangereuse pour le public. Les escaliers d\u2019acc\u00e8s en pierre de taille sont \u00e9galement en mauvais \u00e9tat. Deux phases de travaux d\u2019urgence sont propos\u00e9es : la r\u00e9fection de la couverture du lanternon et remise en place du m\u00e2t central dans un premier temps, puis la r\u00e9fection des enduits et des escaliers ext\u00e9rieurs.<br \/>\nPhoto : Min.Agri.Fr<\/p>\n<p>&nbsp;<\/p>\n","protected":false},"excerpt":{"rendered":"<p>Le colombier de la Bergerie Nationale de Rambouillet, dans les Yvelines, magnifique pi\u00e8ce d\u2019architecture, a grand besoin d\u2019\u00eatre restaur\u00e9. Les appels aux dons du public sont ouverts, gr\u00e2ce au soutien de la Fondation du Patrimoine.<\/p>\n","protected":false},"author":17,"featured_media":93153,"comment_status":"closed","ping_status":"closed","sticky":false,"template":"","format":"standard","meta":{"_et_pb_use_builder":"","_et_pb_old_content":"","_et_gb_content_width":"","footnotes":""},"categories":[6340],"tags":[4474,8560],"class_list":["post-93152","post","type-post","status-publish","format-standard","has-post-thumbnail","hentry","category-architecture-conception","tag-monuments-historiques","tag-patrimoine-bati"],"yoast_head":"<!-- This site is optimized with the Yoast SEO plugin v27.4 - https:\/\/yoast.com\/product\/yoast-seo-wordpress\/ -->\n<title>Le colombier de la Bergerie Nationale de Rambouillet en p\u00e9ril<\/title>\n<meta name=\"robots\" content=\"index, follow, max-snippet:-1, max-image-preview:large, max-video-preview:-1\" \/>\n<link rel=\"canonical\" href=\"https:\/\/batijournal.com\/index.php\/colombier-de-bergerie-nationale-de-rambouillet-peril\/93152\/\" \/>\n<meta property=\"og:locale\" content=\"fr_FR\" \/>\n<meta property=\"og:type\" content=\"article\" \/>\n<meta property=\"og:title\" content=\"Le colombier de la Bergerie Nationale de Rambouillet en p\u00e9ril\" \/>\n<meta property=\"og:description\" content=\"Le colombier de la Bergerie Nationale de Rambouillet, dans les Yvelines, magnifique pi\u00e8ce d\u2019architecture, a grand besoin d\u2019\u00eatre restaur\u00e9. Les appels aux dons du public sont ouverts, gr\u00e2ce au soutien de la Fondation du Patrimoine.\" \/>\n<meta property=\"og:url\" content=\"https:\/\/batijournal.com\/index.php\/colombier-de-bergerie-nationale-de-rambouillet-peril\/93152\/\" \/>\n<meta property=\"og:site_name\" content=\"Batijournal\" \/>\n<meta property=\"article:published_time\" content=\"2016-06-22T07:46:00+00:00\" \/>\n<meta property=\"article:modified_time\" content=\"2019-07-15T09:16:42+00:00\" \/>\n<meta property=\"og:image\" content=\"https:\/\/batijournal.com\/wp-content\/uploads\/2016\/06\/97012_005_bergerie.png\" \/>\n\t<meta property=\"og:image:width\" content=\"789\" \/>\n\t<meta property=\"og:image:height\" content=\"434\" \/>\n\t<meta property=\"og:image:type\" content=\"image\/png\" \/>\n<meta name=\"author\" content=\"St\u00e9phane Miget\" \/>\n<meta name=\"twitter:card\" content=\"summary_large_image\" \/>\n<meta name=\"twitter:creator\" content=\"@bati_journal\" \/>\n<meta name=\"twitter:site\" content=\"@bati_journal\" \/>\n<meta name=\"twitter:label1\" content=\"\u00c9crit par\" \/>\n\t<meta name=\"twitter:data1\" content=\"St\u00e9phane Miget\" \/>\n\t<meta name=\"twitter:label2\" content=\"Dur\u00e9e de lecture estim\u00e9e\" \/>\n\t<meta name=\"twitter:data2\" content=\"2 minutes\" \/>\n<script type=\"application\/ld+json\" class=\"yoast-schema-graph\">{\"@context\":\"https:\\\/\\\/schema.org\",\"@graph\":[{\"@type\":\"Article\",\"@id\":\"https:\\\/\\\/batijournal.com\\\/index.php\\\/colombier-de-bergerie-nationale-de-rambouillet-peril\\\/93152\\\/#article\",\"isPartOf\":{\"@id\":\"https:\\\/\\\/batijournal.com\\\/index.php\\\/colombier-de-bergerie-nationale-de-rambouillet-peril\\\/93152\\\/\"},\"author\":{\"name\":\"St\u00e9phane Miget\",\"@id\":\"https:\\\/\\\/batijournal.com\\\/#\\\/schema\\\/person\\\/1dc96ec6957aa1ccb25ebe78bb19f100\"},\"headline\":\"Le colombier de la Bergerie Nationale de Rambouillet en p\u00e9ril\",\"datePublished\":\"2016-06-22T07:46:00+00:00\",\"dateModified\":\"2019-07-15T09:16:42+00:00\",\"mainEntityOfPage\":{\"@id\":\"https:\\\/\\\/batijournal.com\\\/index.php\\\/colombier-de-bergerie-nationale-de-rambouillet-peril\\\/93152\\\/\"},\"wordCount\":400,\"image\":{\"@id\":\"https:\\\/\\\/batijournal.com\\\/index.php\\\/colombier-de-bergerie-nationale-de-rambouillet-peril\\\/93152\\\/#primaryimage\"},\"thumbnailUrl\":\"https:\\\/\\\/batijournal.com\\\/wp-content\\\/uploads\\\/2016\\\/06\\\/97012_005_bergerie.png\",\"keywords\":[\"monuments historiques\",\"patrimoine bati\"],\"articleSection\":[\"Architecture &amp; Conception\"],\"inLanguage\":\"fr-FR\"},{\"@type\":\"WebPage\",\"@id\":\"https:\\\/\\\/batijournal.com\\\/index.php\\\/colombier-de-bergerie-nationale-de-rambouillet-peril\\\/93152\\\/\",\"url\":\"https:\\\/\\\/batijournal.com\\\/index.php\\\/colombier-de-bergerie-nationale-de-rambouillet-peril\\\/93152\\\/\",\"name\":\"Le colombier de la Bergerie Nationale de Rambouillet en p\u00e9ril\",\"isPartOf\":{\"@id\":\"https:\\\/\\\/batijournal.com\\\/#website\"},\"primaryImageOfPage\":{\"@id\":\"https:\\\/\\\/batijournal.com\\\/index.php\\\/colombier-de-bergerie-nationale-de-rambouillet-peril\\\/93152\\\/#primaryimage\"},\"image\":{\"@id\":\"https:\\\/\\\/batijournal.com\\\/index.php\\\/colombier-de-bergerie-nationale-de-rambouillet-peril\\\/93152\\\/#primaryimage\"},\"thumbnailUrl\":\"https:\\\/\\\/batijournal.com\\\/wp-content\\\/uploads\\\/2016\\\/06\\\/97012_005_bergerie.png\",\"datePublished\":\"2016-06-22T07:46:00+00:00\",\"dateModified\":\"2019-07-15T09:16:42+00:00\",\"author\":{\"@id\":\"https:\\\/\\\/batijournal.com\\\/#\\\/schema\\\/person\\\/1dc96ec6957aa1ccb25ebe78bb19f100\"},\"breadcrumb\":{\"@id\":\"https:\\\/\\\/batijournal.com\\\/index.php\\\/colombier-de-bergerie-nationale-de-rambouillet-peril\\\/93152\\\/#breadcrumb\"},\"inLanguage\":\"fr-FR\",\"potentialAction\":[{\"@type\":\"ReadAction\",\"target\":[\"https:\\\/\\\/batijournal.com\\\/index.php\\\/colombier-de-bergerie-nationale-de-rambouillet-peril\\\/93152\\\/\"]}]},{\"@type\":\"ImageObject\",\"inLanguage\":\"fr-FR\",\"@id\":\"https:\\\/\\\/batijournal.com\\\/index.php\\\/colombier-de-bergerie-nationale-de-rambouillet-peril\\\/93152\\\/#primaryimage\",\"url\":\"https:\\\/\\\/batijournal.com\\\/wp-content\\\/uploads\\\/2016\\\/06\\\/97012_005_bergerie.png\",\"contentUrl\":\"https:\\\/\\\/batijournal.com\\\/wp-content\\\/uploads\\\/2016\\\/06\\\/97012_005_bergerie.png\",\"width\":789,\"height\":434},{\"@type\":\"BreadcrumbList\",\"@id\":\"https:\\\/\\\/batijournal.com\\\/index.php\\\/colombier-de-bergerie-nationale-de-rambouillet-peril\\\/93152\\\/#breadcrumb\",\"itemListElement\":[{\"@type\":\"ListItem\",\"position\":1,\"name\":\"Accueil\",\"item\":\"https:\\\/\\\/batijournal.com\\\/\"},{\"@type\":\"ListItem\",\"position\":2,\"name\":\"Actualit\u00e9s\",\"item\":\"https:\\\/\\\/batijournal.com\\\/index.php\\\/category\\\/actualites\\\/\"},{\"@type\":\"ListItem\",\"position\":3,\"name\":\"Architecture &amp; Conception\",\"item\":\"https:\\\/\\\/batijournal.com\\\/index.php\\\/category\\\/actualites\\\/architecture-conception\\\/\"},{\"@type\":\"ListItem\",\"position\":4,\"name\":\"Le colombier de la Bergerie Nationale de Rambouillet en p\u00e9ril\"}]},{\"@type\":\"WebSite\",\"@id\":\"https:\\\/\\\/batijournal.com\\\/#website\",\"url\":\"https:\\\/\\\/batijournal.com\\\/\",\"name\":\"Batijournal\",\"description\":\"L&#039;actualit\u00e9 du b\u00e2timent\",\"potentialAction\":[{\"@type\":\"SearchAction\",\"target\":{\"@type\":\"EntryPoint\",\"urlTemplate\":\"https:\\\/\\\/batijournal.com\\\/?s={search_term_string}\"},\"query-input\":{\"@type\":\"PropertyValueSpecification\",\"valueRequired\":true,\"valueName\":\"search_term_string\"}}],\"inLanguage\":\"fr-FR\"},{\"@type\":\"Person\",\"@id\":\"https:\\\/\\\/batijournal.com\\\/#\\\/schema\\\/person\\\/1dc96ec6957aa1ccb25ebe78bb19f100\",\"name\":\"St\u00e9phane Miget\",\"image\":{\"@type\":\"ImageObject\",\"inLanguage\":\"fr-FR\",\"@id\":\"https:\\\/\\\/secure.gravatar.com\\\/avatar\\\/89915563d925342126b8ef0281b93d9d7fc337043e8df017f780908eb9644451?s=96&d=mm&r=g\",\"url\":\"https:\\\/\\\/secure.gravatar.com\\\/avatar\\\/89915563d925342126b8ef0281b93d9d7fc337043e8df017f780908eb9644451?s=96&d=mm&r=g\",\"contentUrl\":\"https:\\\/\\\/secure.gravatar.com\\\/avatar\\\/89915563d925342126b8ef0281b93d9d7fc337043e8df017f780908eb9644451?s=96&d=mm&r=g\",\"caption\":\"St\u00e9phane Miget\"},\"url\":\"https:\\\/\\\/batijournal.com\\\/index.php\\\/author\\\/stephane\\\/\"}]}<\/script>\n<!-- \/ Yoast SEO plugin. -->","yoast_head_json":{"title":"Le colombier de la Bergerie Nationale de Rambouillet en p\u00e9ril","robots":{"index":"index","follow":"follow","max-snippet":"max-snippet:-1","max-image-preview":"max-image-preview:large","max-video-preview":"max-video-preview:-1"},"canonical":"https:\/\/batijournal.com\/index.php\/colombier-de-bergerie-nationale-de-rambouillet-peril\/93152\/","og_locale":"fr_FR","og_type":"article","og_title":"Le colombier de la Bergerie Nationale de Rambouillet en p\u00e9ril","og_description":"Le colombier de la Bergerie Nationale de Rambouillet, dans les Yvelines, magnifique pi\u00e8ce d\u2019architecture, a grand besoin d\u2019\u00eatre restaur\u00e9. Les appels aux dons du public sont ouverts, gr\u00e2ce au soutien de la Fondation du Patrimoine.","og_url":"https:\/\/batijournal.com\/index.php\/colombier-de-bergerie-nationale-de-rambouillet-peril\/93152\/","og_site_name":"Batijournal","article_published_time":"2016-06-22T07:46:00+00:00","article_modified_time":"2019-07-15T09:16:42+00:00","og_image":[{"width":789,"height":434,"url":"https:\/\/batijournal.com\/wp-content\/uploads\/2016\/06\/97012_005_bergerie.png","type":"image\/png"}],"author":"St\u00e9phane Miget","twitter_card":"summary_large_image","twitter_creator":"@bati_journal","twitter_site":"@bati_journal","twitter_misc":{"\u00c9crit par":"St\u00e9phane Miget","Dur\u00e9e de lecture estim\u00e9e":"2 minutes"},"schema":{"@context":"https:\/\/schema.org","@graph":[{"@type":"Article","@id":"https:\/\/batijournal.com\/index.php\/colombier-de-bergerie-nationale-de-rambouillet-peril\/93152\/#article","isPartOf":{"@id":"https:\/\/batijournal.com\/index.php\/colombier-de-bergerie-nationale-de-rambouillet-peril\/93152\/"},"author":{"name":"St\u00e9phane Miget","@id":"https:\/\/batijournal.com\/#\/schema\/person\/1dc96ec6957aa1ccb25ebe78bb19f100"},"headline":"Le colombier de la Bergerie Nationale de Rambouillet en p\u00e9ril","datePublished":"2016-06-22T07:46:00+00:00","dateModified":"2019-07-15T09:16:42+00:00","mainEntityOfPage":{"@id":"https:\/\/batijournal.com\/index.php\/colombier-de-bergerie-nationale-de-rambouillet-peril\/93152\/"},"wordCount":400,"image":{"@id":"https:\/\/batijournal.com\/index.php\/colombier-de-bergerie-nationale-de-rambouillet-peril\/93152\/#primaryimage"},"thumbnailUrl":"https:\/\/batijournal.com\/wp-content\/uploads\/2016\/06\/97012_005_bergerie.png","keywords":["monuments historiques","patrimoine bati"],"articleSection":["Architecture &amp; Conception"],"inLanguage":"fr-FR"},{"@type":"WebPage","@id":"https:\/\/batijournal.com\/index.php\/colombier-de-bergerie-nationale-de-rambouillet-peril\/93152\/","url":"https:\/\/batijournal.com\/index.php\/colombier-de-bergerie-nationale-de-rambouillet-peril\/93152\/","name":"Le colombier de la Bergerie Nationale de Rambouillet en p\u00e9ril","isPartOf":{"@id":"https:\/\/batijournal.com\/#website"},"primaryImageOfPage":{"@id":"https:\/\/batijournal.com\/index.php\/colombier-de-bergerie-nationale-de-rambouillet-peril\/93152\/#primaryimage"},"image":{"@id":"https:\/\/batijournal.com\/index.php\/colombier-de-bergerie-nationale-de-rambouillet-peril\/93152\/#primaryimage"},"thumbnailUrl":"https:\/\/batijournal.com\/wp-content\/uploads\/2016\/06\/97012_005_bergerie.png","datePublished":"2016-06-22T07:46:00+00:00","dateModified":"2019-07-15T09:16:42+00:00","author":{"@id":"https:\/\/batijournal.com\/#\/schema\/person\/1dc96ec6957aa1ccb25ebe78bb19f100"},"breadcrumb":{"@id":"https:\/\/batijournal.com\/index.php\/colombier-de-bergerie-nationale-de-rambouillet-peril\/93152\/#breadcrumb"},"inLanguage":"fr-FR","potentialAction":[{"@type":"ReadAction","target":["https:\/\/batijournal.com\/index.php\/colombier-de-bergerie-nationale-de-rambouillet-peril\/93152\/"]}]},{"@type":"ImageObject","inLanguage":"fr-FR","@id":"https:\/\/batijournal.com\/index.php\/colombier-de-bergerie-nationale-de-rambouillet-peril\/93152\/#primaryimage","url":"https:\/\/batijournal.com\/wp-content\/uploads\/2016\/06\/97012_005_bergerie.png","contentUrl":"https:\/\/batijournal.com\/wp-content\/uploads\/2016\/06\/97012_005_bergerie.png","width":789,"height":434},{"@type":"BreadcrumbList","@id":"https:\/\/batijournal.com\/index.php\/colombier-de-bergerie-nationale-de-rambouillet-peril\/93152\/#breadcrumb","itemListElement":[{"@type":"ListItem","position":1,"name":"Accueil","item":"https:\/\/batijournal.com\/"},{"@type":"ListItem","position":2,"name":"Actualit\u00e9s","item":"https:\/\/batijournal.com\/index.php\/category\/actualites\/"},{"@type":"ListItem","position":3,"name":"Architecture &amp; Conception","item":"https:\/\/batijournal.com\/index.php\/category\/actualites\/architecture-conception\/"},{"@type":"ListItem","position":4,"name":"Le colombier de la Bergerie Nationale de Rambouillet en p\u00e9ril"}]},{"@type":"WebSite","@id":"https:\/\/batijournal.com\/#website","url":"https:\/\/batijournal.com\/","name":"Batijournal","description":"L&#039;actualit\u00e9 du b\u00e2timent","potentialAction":[{"@type":"SearchAction","target":{"@type":"EntryPoint","urlTemplate":"https:\/\/batijournal.com\/?s={search_term_string}"},"query-input":{"@type":"PropertyValueSpecification","valueRequired":true,"valueName":"search_term_string"}}],"inLanguage":"fr-FR"},{"@type":"Person","@id":"https:\/\/batijournal.com\/#\/schema\/person\/1dc96ec6957aa1ccb25ebe78bb19f100","name":"St\u00e9phane Miget","image":{"@type":"ImageObject","inLanguage":"fr-FR","@id":"https:\/\/secure.gravatar.com\/avatar\/89915563d925342126b8ef0281b93d9d7fc337043e8df017f780908eb9644451?s=96&d=mm&r=g","url":"https:\/\/secure.gravatar.com\/avatar\/89915563d925342126b8ef0281b93d9d7fc337043e8df017f780908eb9644451?s=96&d=mm&r=g","contentUrl":"https:\/\/secure.gravatar.com\/avatar\/89915563d925342126b8ef0281b93d9d7fc337043e8df017f780908eb9644451?s=96&d=mm&r=g","caption":"St\u00e9phane Miget"},"url":"https:\/\/batijournal.com\/index.php\/author\/stephane\/"}]}},"_links":{"self":[{"href":"https:\/\/batijournal.com\/index.php\/wp-json\/wp\/v2\/posts\/93152","targetHints":{"allow":["GET"]}}],"collection":[{"href":"https:\/\/batijournal.com\/index.php\/wp-json\/wp\/v2\/posts"}],"about":[{"href":"https:\/\/batijournal.com\/index.php\/wp-json\/wp\/v2\/types\/post"}],"author":[{"embeddable":true,"href":"https:\/\/batijournal.com\/index.php\/wp-json\/wp\/v2\/users\/17"}],"replies":[{"embeddable":true,"href":"https:\/\/batijournal.com\/index.php\/wp-json\/wp\/v2\/comments?post=93152"}],"version-history":[{"count":0,"href":"https:\/\/batijournal.com\/index.php\/wp-json\/wp\/v2\/posts\/93152\/revisions"}],"wp:featuredmedia":[{"embeddable":true,"href":"https:\/\/batijournal.com\/index.php\/wp-json\/wp\/v2\/media\/93153"}],"wp:attachment":[{"href":"https:\/\/batijournal.com\/index.php\/wp-json\/wp\/v2\/media?parent=93152"}],"wp:term":[{"taxonomy":"category","embeddable":true,"href":"https:\/\/batijournal.com\/index.php\/wp-json\/wp\/v2\/categories?post=93152"},{"taxonomy":"post_tag","embeddable":true,"href":"https:\/\/batijournal.com\/index.php\/wp-json\/wp\/v2\/tags?post=93152"}],"curies":[{"name":"wp","href":"https:\/\/api.w.org\/{rel}","templated":true}]}}