{"id":93171,"date":"2016-06-23T09:19:45","date_gmt":"2016-06-23T07:19:45","guid":{"rendered":"http:\/\/batijournal.com\/?p=93171"},"modified":"2019-07-15T16:34:16","modified_gmt":"2019-07-15T14:34:16","slug":"guide-nettoyage-decapage-materiaux-de-facade","status":"publish","type":"post","link":"https:\/\/batijournal.com\/index.php\/guide-nettoyage-decapage-materiaux-de-facade\/93171\/","title":{"rendered":"Guide : le nettoyage et d\u00e9capage des mat\u00e9riaux de fa\u00e7ade"},"content":{"rendered":"<p>Le nettoyage ou le d\u00e9capage de fa\u00e7ade constituent la premi\u00e8re phase du ravalement. Ce guide, \u00e9dit\u00e9 par le CSTB, d\u00e9taille chaque \u00e9tape du projet. Il d\u00e9finit les conditions de mise en \u0153uvre des diff\u00e9rentes techniques de nettoyage (\u00e9cologiques, traditionnelles ou novatrices comme le laser ou la biomin\u00e9ralisation) et des techniques de d\u00e9capage (\u00e9cologiques, chimiques, thermiques, m\u00e9caniques, etc.) en fonction de la nature du mat\u00e9riau, de l\u2019efficacit\u00e9, de l\u2019impact environnemental, etc. Dans une derni\u00e8re partie, les techniques et les proc\u00e9d\u00e9s propres \u00e0 chaque mat\u00e9riau sont expos\u00e9s : pierre, brique, b\u00e9ton, carrelage, enduit de fa\u00e7ade, bois, fer, aluminium, verre, etc. Sont aussi abord\u00e9s les syst\u00e8mes d\u2019isolation thermique ext\u00e9rieure, les syst\u00e8mes rapport\u00e9s et le nettoyage des taches les plus courantes.<br \/>\n<a href=\"http:\/\/boutique.cstb.fr\/fr\/\" target=\"_blank\" rel=\"noopener noreferrer\">boutique.cstb.fr\/fr<\/a><\/p>\n","protected":false},"excerpt":{"rendered":"<p>Le nettoyage ou le d\u00e9capage de fa\u00e7ade constituent la premi\u00e8re phase du ravalement. Ce guide, \u00e9dit\u00e9 par le CSTB, d\u00e9taille chaque \u00e9tape du projet. Il d\u00e9finit les conditions de mise en \u0153uvre des diff\u00e9rentes techniques de nettoyage (\u00e9cologiques, traditionnelles ou novatrices comme le laser ou la biomin\u00e9ralisation) et des techniques de d\u00e9capage (\u00e9cologiques, chimiques, thermiques, [&hellip;]<\/p>\n","protected":false},"author":17,"featured_media":93172,"comment_status":"closed","ping_status":"closed","sticky":false,"template":"","format":"standard","meta":{"_et_pb_use_builder":"","_et_pb_old_content":"","_et_gb_content_width":"","footnotes":""},"categories":[6362],"tags":[734],"class_list":["post-93171","post","type-post","status-publish","format-standard","has-post-thumbnail","hentry","category-services-equipements","tag-cstb"],"yoast_head":"<!-- This site is optimized with the Yoast SEO plugin v27.4 - https:\/\/yoast.com\/product\/yoast-seo-wordpress\/ -->\n<title>Guide : le nettoyage et d\u00e9capage des mat\u00e9riaux de fa\u00e7ade<\/title>\n<meta name=\"robots\" content=\"index, follow, max-snippet:-1, max-image-preview:large, max-video-preview:-1\" \/>\n<link rel=\"canonical\" href=\"https:\/\/batijournal.com\/index.php\/guide-nettoyage-decapage-materiaux-de-facade\/93171\/\" \/>\n<meta property=\"og:locale\" content=\"fr_FR\" \/>\n<meta property=\"og:type\" content=\"article\" \/>\n<meta property=\"og:title\" content=\"Guide : le nettoyage et d\u00e9capage des mat\u00e9riaux de fa\u00e7ade\" \/>\n<meta property=\"og:description\" content=\"Le nettoyage ou le d\u00e9capage de fa\u00e7ade constituent la premi\u00e8re phase du ravalement. Ce guide, \u00e9dit\u00e9 par le CSTB, d\u00e9taille chaque \u00e9tape du projet. Il d\u00e9finit les conditions de mise en \u0153uvre des diff\u00e9rentes techniques de nettoyage (\u00e9cologiques, traditionnelles ou novatrices comme le laser ou la biomin\u00e9ralisation) et des techniques de d\u00e9capage (\u00e9cologiques, chimiques, thermiques, [&hellip;]\" \/>\n<meta property=\"og:url\" content=\"https:\/\/batijournal.com\/index.php\/guide-nettoyage-decapage-materiaux-de-facade\/93171\/\" \/>\n<meta property=\"og:site_name\" content=\"Batijournal\" \/>\n<meta property=\"article:published_time\" content=\"2016-06-23T07:19:45+00:00\" \/>\n<meta property=\"article:modified_time\" content=\"2019-07-15T14:34:16+00:00\" \/>\n<meta property=\"og:image\" content=\"https:\/\/batijournal.com\/wp-content\/uploads\/2016\/06\/G02-64-Couv-GP-Nettoyage-et-d\u00e9capage-des-mat\u00e9riaux-de-facade.jpg\" \/>\n\t<meta property=\"og:image:width\" content=\"951\" \/>\n\t<meta property=\"og:image:height\" content=\"1425\" \/>\n\t<meta property=\"og:image:type\" content=\"image\/jpeg\" \/>\n<meta name=\"author\" content=\"St\u00e9phane Miget\" \/>\n<meta name=\"twitter:card\" content=\"summary_large_image\" \/>\n<meta name=\"twitter:creator\" content=\"@bati_journal\" \/>\n<meta name=\"twitter:site\" content=\"@bati_journal\" \/>\n<meta name=\"twitter:label1\" content=\"\u00c9crit par\" \/>\n\t<meta name=\"twitter:data1\" content=\"St\u00e9phane Miget\" \/>\n\t<meta name=\"twitter:label2\" content=\"Dur\u00e9e de lecture estim\u00e9e\" \/>\n\t<meta name=\"twitter:data2\" content=\"1 minute\" \/>\n<script type=\"application\/ld+json\" class=\"yoast-schema-graph\">{\"@context\":\"https:\\\/\\\/schema.org\",\"@graph\":[{\"@type\":\"Article\",\"@id\":\"https:\\\/\\\/batijournal.com\\\/index.php\\\/guide-nettoyage-decapage-materiaux-de-facade\\\/93171\\\/#article\",\"isPartOf\":{\"@id\":\"https:\\\/\\\/batijournal.com\\\/index.php\\\/guide-nettoyage-decapage-materiaux-de-facade\\\/93171\\\/\"},\"author\":{\"name\":\"St\u00e9phane Miget\",\"@id\":\"https:\\\/\\\/batijournal.com\\\/#\\\/schema\\\/person\\\/1dc96ec6957aa1ccb25ebe78bb19f100\"},\"headline\":\"Guide : le nettoyage et d\u00e9capage des mat\u00e9riaux de fa\u00e7ade\",\"datePublished\":\"2016-06-23T07:19:45+00:00\",\"dateModified\":\"2019-07-15T14:34:16+00:00\",\"mainEntityOfPage\":{\"@id\":\"https:\\\/\\\/batijournal.com\\\/index.php\\\/guide-nettoyage-decapage-materiaux-de-facade\\\/93171\\\/\"},\"wordCount\":156,\"image\":{\"@id\":\"https:\\\/\\\/batijournal.com\\\/index.php\\\/guide-nettoyage-decapage-materiaux-de-facade\\\/93171\\\/#primaryimage\"},\"thumbnailUrl\":\"https:\\\/\\\/batijournal.com\\\/wp-content\\\/uploads\\\/2016\\\/06\\\/G02-64-Couv-GP-Nettoyage-et-d\u00e9capage-des-mat\u00e9riaux-de-facade.jpg\",\"keywords\":[\"CSTB\"],\"articleSection\":[\"Divers\"],\"inLanguage\":\"fr-FR\"},{\"@type\":\"WebPage\",\"@id\":\"https:\\\/\\\/batijournal.com\\\/index.php\\\/guide-nettoyage-decapage-materiaux-de-facade\\\/93171\\\/\",\"url\":\"https:\\\/\\\/batijournal.com\\\/index.php\\\/guide-nettoyage-decapage-materiaux-de-facade\\\/93171\\\/\",\"name\":\"Guide : le nettoyage et d\u00e9capage des mat\u00e9riaux de fa\u00e7ade\",\"isPartOf\":{\"@id\":\"https:\\\/\\\/batijournal.com\\\/#website\"},\"primaryImageOfPage\":{\"@id\":\"https:\\\/\\\/batijournal.com\\\/index.php\\\/guide-nettoyage-decapage-materiaux-de-facade\\\/93171\\\/#primaryimage\"},\"image\":{\"@id\":\"https:\\\/\\\/batijournal.com\\\/index.php\\\/guide-nettoyage-decapage-materiaux-de-facade\\\/93171\\\/#primaryimage\"},\"thumbnailUrl\":\"https:\\\/\\\/batijournal.com\\\/wp-content\\\/uploads\\\/2016\\\/06\\\/G02-64-Couv-GP-Nettoyage-et-d\u00e9capage-des-mat\u00e9riaux-de-facade.jpg\",\"datePublished\":\"2016-06-23T07:19:45+00:00\",\"dateModified\":\"2019-07-15T14:34:16+00:00\",\"author\":{\"@id\":\"https:\\\/\\\/batijournal.com\\\/#\\\/schema\\\/person\\\/1dc96ec6957aa1ccb25ebe78bb19f100\"},\"breadcrumb\":{\"@id\":\"https:\\\/\\\/batijournal.com\\\/index.php\\\/guide-nettoyage-decapage-materiaux-de-facade\\\/93171\\\/#breadcrumb\"},\"inLanguage\":\"fr-FR\",\"potentialAction\":[{\"@type\":\"ReadAction\",\"target\":[\"https:\\\/\\\/batijournal.com\\\/index.php\\\/guide-nettoyage-decapage-materiaux-de-facade\\\/93171\\\/\"]}]},{\"@type\":\"ImageObject\",\"inLanguage\":\"fr-FR\",\"@id\":\"https:\\\/\\\/batijournal.com\\\/index.php\\\/guide-nettoyage-decapage-materiaux-de-facade\\\/93171\\\/#primaryimage\",\"url\":\"https:\\\/\\\/batijournal.com\\\/wp-content\\\/uploads\\\/2016\\\/06\\\/G02-64-Couv-GP-Nettoyage-et-d\u00e9capage-des-mat\u00e9riaux-de-facade.jpg\",\"contentUrl\":\"https:\\\/\\\/batijournal.com\\\/wp-content\\\/uploads\\\/2016\\\/06\\\/G02-64-Couv-GP-Nettoyage-et-d\u00e9capage-des-mat\u00e9riaux-de-facade.jpg\",\"width\":951,\"height\":1425},{\"@type\":\"BreadcrumbList\",\"@id\":\"https:\\\/\\\/batijournal.com\\\/index.php\\\/guide-nettoyage-decapage-materiaux-de-facade\\\/93171\\\/#breadcrumb\",\"itemListElement\":[{\"@type\":\"ListItem\",\"position\":1,\"name\":\"Accueil\",\"item\":\"https:\\\/\\\/batijournal.com\\\/\"},{\"@type\":\"ListItem\",\"position\":2,\"name\":\"Actualit\u00e9s\",\"item\":\"https:\\\/\\\/batijournal.com\\\/index.php\\\/category\\\/actualites\\\/\"},{\"@type\":\"ListItem\",\"position\":3,\"name\":\"Divers\",\"item\":\"https:\\\/\\\/batijournal.com\\\/index.php\\\/category\\\/actualites\\\/services-equipements\\\/\"},{\"@type\":\"ListItem\",\"position\":4,\"name\":\"Guide : le nettoyage et d\u00e9capage des mat\u00e9riaux de fa\u00e7ade\"}]},{\"@type\":\"WebSite\",\"@id\":\"https:\\\/\\\/batijournal.com\\\/#website\",\"url\":\"https:\\\/\\\/batijournal.com\\\/\",\"name\":\"Batijournal\",\"description\":\"L&#039;actualit\u00e9 du b\u00e2timent\",\"potentialAction\":[{\"@type\":\"SearchAction\",\"target\":{\"@type\":\"EntryPoint\",\"urlTemplate\":\"https:\\\/\\\/batijournal.com\\\/?s={search_term_string}\"},\"query-input\":{\"@type\":\"PropertyValueSpecification\",\"valueRequired\":true,\"valueName\":\"search_term_string\"}}],\"inLanguage\":\"fr-FR\"},{\"@type\":\"Person\",\"@id\":\"https:\\\/\\\/batijournal.com\\\/#\\\/schema\\\/person\\\/1dc96ec6957aa1ccb25ebe78bb19f100\",\"name\":\"St\u00e9phane Miget\",\"image\":{\"@type\":\"ImageObject\",\"inLanguage\":\"fr-FR\",\"@id\":\"https:\\\/\\\/secure.gravatar.com\\\/avatar\\\/89915563d925342126b8ef0281b93d9d7fc337043e8df017f780908eb9644451?s=96&d=mm&r=g\",\"url\":\"https:\\\/\\\/secure.gravatar.com\\\/avatar\\\/89915563d925342126b8ef0281b93d9d7fc337043e8df017f780908eb9644451?s=96&d=mm&r=g\",\"contentUrl\":\"https:\\\/\\\/secure.gravatar.com\\\/avatar\\\/89915563d925342126b8ef0281b93d9d7fc337043e8df017f780908eb9644451?s=96&d=mm&r=g\",\"caption\":\"St\u00e9phane Miget\"},\"url\":\"https:\\\/\\\/batijournal.com\\\/index.php\\\/author\\\/stephane\\\/\"}]}<\/script>\n<!-- \/ Yoast SEO plugin. -->","yoast_head_json":{"title":"Guide : le nettoyage et d\u00e9capage des mat\u00e9riaux de fa\u00e7ade","robots":{"index":"index","follow":"follow","max-snippet":"max-snippet:-1","max-image-preview":"max-image-preview:large","max-video-preview":"max-video-preview:-1"},"canonical":"https:\/\/batijournal.com\/index.php\/guide-nettoyage-decapage-materiaux-de-facade\/93171\/","og_locale":"fr_FR","og_type":"article","og_title":"Guide : le nettoyage et d\u00e9capage des mat\u00e9riaux de fa\u00e7ade","og_description":"Le nettoyage ou le d\u00e9capage de fa\u00e7ade constituent la premi\u00e8re phase du ravalement. Ce guide, \u00e9dit\u00e9 par le CSTB, d\u00e9taille chaque \u00e9tape du projet. Il d\u00e9finit les conditions de mise en \u0153uvre des diff\u00e9rentes techniques de nettoyage (\u00e9cologiques, traditionnelles ou novatrices comme le laser ou la biomin\u00e9ralisation) et des techniques de d\u00e9capage (\u00e9cologiques, chimiques, thermiques, [&hellip;]","og_url":"https:\/\/batijournal.com\/index.php\/guide-nettoyage-decapage-materiaux-de-facade\/93171\/","og_site_name":"Batijournal","article_published_time":"2016-06-23T07:19:45+00:00","article_modified_time":"2019-07-15T14:34:16+00:00","og_image":[{"width":951,"height":1425,"url":"https:\/\/batijournal.com\/wp-content\/uploads\/2016\/06\/G02-64-Couv-GP-Nettoyage-et-d\u00e9capage-des-mat\u00e9riaux-de-facade.jpg","type":"image\/jpeg"}],"author":"St\u00e9phane Miget","twitter_card":"summary_large_image","twitter_creator":"@bati_journal","twitter_site":"@bati_journal","twitter_misc":{"\u00c9crit par":"St\u00e9phane Miget","Dur\u00e9e de lecture estim\u00e9e":"1 minute"},"schema":{"@context":"https:\/\/schema.org","@graph":[{"@type":"Article","@id":"https:\/\/batijournal.com\/index.php\/guide-nettoyage-decapage-materiaux-de-facade\/93171\/#article","isPartOf":{"@id":"https:\/\/batijournal.com\/index.php\/guide-nettoyage-decapage-materiaux-de-facade\/93171\/"},"author":{"name":"St\u00e9phane Miget","@id":"https:\/\/batijournal.com\/#\/schema\/person\/1dc96ec6957aa1ccb25ebe78bb19f100"},"headline":"Guide : le nettoyage et d\u00e9capage des mat\u00e9riaux de fa\u00e7ade","datePublished":"2016-06-23T07:19:45+00:00","dateModified":"2019-07-15T14:34:16+00:00","mainEntityOfPage":{"@id":"https:\/\/batijournal.com\/index.php\/guide-nettoyage-decapage-materiaux-de-facade\/93171\/"},"wordCount":156,"image":{"@id":"https:\/\/batijournal.com\/index.php\/guide-nettoyage-decapage-materiaux-de-facade\/93171\/#primaryimage"},"thumbnailUrl":"https:\/\/batijournal.com\/wp-content\/uploads\/2016\/06\/G02-64-Couv-GP-Nettoyage-et-d\u00e9capage-des-mat\u00e9riaux-de-facade.jpg","keywords":["CSTB"],"articleSection":["Divers"],"inLanguage":"fr-FR"},{"@type":"WebPage","@id":"https:\/\/batijournal.com\/index.php\/guide-nettoyage-decapage-materiaux-de-facade\/93171\/","url":"https:\/\/batijournal.com\/index.php\/guide-nettoyage-decapage-materiaux-de-facade\/93171\/","name":"Guide : le nettoyage et d\u00e9capage des mat\u00e9riaux de fa\u00e7ade","isPartOf":{"@id":"https:\/\/batijournal.com\/#website"},"primaryImageOfPage":{"@id":"https:\/\/batijournal.com\/index.php\/guide-nettoyage-decapage-materiaux-de-facade\/93171\/#primaryimage"},"image":{"@id":"https:\/\/batijournal.com\/index.php\/guide-nettoyage-decapage-materiaux-de-facade\/93171\/#primaryimage"},"thumbnailUrl":"https:\/\/batijournal.com\/wp-content\/uploads\/2016\/06\/G02-64-Couv-GP-Nettoyage-et-d\u00e9capage-des-mat\u00e9riaux-de-facade.jpg","datePublished":"2016-06-23T07:19:45+00:00","dateModified":"2019-07-15T14:34:16+00:00","author":{"@id":"https:\/\/batijournal.com\/#\/schema\/person\/1dc96ec6957aa1ccb25ebe78bb19f100"},"breadcrumb":{"@id":"https:\/\/batijournal.com\/index.php\/guide-nettoyage-decapage-materiaux-de-facade\/93171\/#breadcrumb"},"inLanguage":"fr-FR","potentialAction":[{"@type":"ReadAction","target":["https:\/\/batijournal.com\/index.php\/guide-nettoyage-decapage-materiaux-de-facade\/93171\/"]}]},{"@type":"ImageObject","inLanguage":"fr-FR","@id":"https:\/\/batijournal.com\/index.php\/guide-nettoyage-decapage-materiaux-de-facade\/93171\/#primaryimage","url":"https:\/\/batijournal.com\/wp-content\/uploads\/2016\/06\/G02-64-Couv-GP-Nettoyage-et-d\u00e9capage-des-mat\u00e9riaux-de-facade.jpg","contentUrl":"https:\/\/batijournal.com\/wp-content\/uploads\/2016\/06\/G02-64-Couv-GP-Nettoyage-et-d\u00e9capage-des-mat\u00e9riaux-de-facade.jpg","width":951,"height":1425},{"@type":"BreadcrumbList","@id":"https:\/\/batijournal.com\/index.php\/guide-nettoyage-decapage-materiaux-de-facade\/93171\/#breadcrumb","itemListElement":[{"@type":"ListItem","position":1,"name":"Accueil","item":"https:\/\/batijournal.com\/"},{"@type":"ListItem","position":2,"name":"Actualit\u00e9s","item":"https:\/\/batijournal.com\/index.php\/category\/actualites\/"},{"@type":"ListItem","position":3,"name":"Divers","item":"https:\/\/batijournal.com\/index.php\/category\/actualites\/services-equipements\/"},{"@type":"ListItem","position":4,"name":"Guide : le nettoyage et d\u00e9capage des mat\u00e9riaux de fa\u00e7ade"}]},{"@type":"WebSite","@id":"https:\/\/batijournal.com\/#website","url":"https:\/\/batijournal.com\/","name":"Batijournal","description":"L&#039;actualit\u00e9 du b\u00e2timent","potentialAction":[{"@type":"SearchAction","target":{"@type":"EntryPoint","urlTemplate":"https:\/\/batijournal.com\/?s={search_term_string}"},"query-input":{"@type":"PropertyValueSpecification","valueRequired":true,"valueName":"search_term_string"}}],"inLanguage":"fr-FR"},{"@type":"Person","@id":"https:\/\/batijournal.com\/#\/schema\/person\/1dc96ec6957aa1ccb25ebe78bb19f100","name":"St\u00e9phane Miget","image":{"@type":"ImageObject","inLanguage":"fr-FR","@id":"https:\/\/secure.gravatar.com\/avatar\/89915563d925342126b8ef0281b93d9d7fc337043e8df017f780908eb9644451?s=96&d=mm&r=g","url":"https:\/\/secure.gravatar.com\/avatar\/89915563d925342126b8ef0281b93d9d7fc337043e8df017f780908eb9644451?s=96&d=mm&r=g","contentUrl":"https:\/\/secure.gravatar.com\/avatar\/89915563d925342126b8ef0281b93d9d7fc337043e8df017f780908eb9644451?s=96&d=mm&r=g","caption":"St\u00e9phane Miget"},"url":"https:\/\/batijournal.com\/index.php\/author\/stephane\/"}]}},"_links":{"self":[{"href":"https:\/\/batijournal.com\/index.php\/wp-json\/wp\/v2\/posts\/93171","targetHints":{"allow":["GET"]}}],"collection":[{"href":"https:\/\/batijournal.com\/index.php\/wp-json\/wp\/v2\/posts"}],"about":[{"href":"https:\/\/batijournal.com\/index.php\/wp-json\/wp\/v2\/types\/post"}],"author":[{"embeddable":true,"href":"https:\/\/batijournal.com\/index.php\/wp-json\/wp\/v2\/users\/17"}],"replies":[{"embeddable":true,"href":"https:\/\/batijournal.com\/index.php\/wp-json\/wp\/v2\/comments?post=93171"}],"version-history":[{"count":0,"href":"https:\/\/batijournal.com\/index.php\/wp-json\/wp\/v2\/posts\/93171\/revisions"}],"wp:featuredmedia":[{"embeddable":true,"href":"https:\/\/batijournal.com\/index.php\/wp-json\/wp\/v2\/media\/93172"}],"wp:attachment":[{"href":"https:\/\/batijournal.com\/index.php\/wp-json\/wp\/v2\/media?parent=93171"}],"wp:term":[{"taxonomy":"category","embeddable":true,"href":"https:\/\/batijournal.com\/index.php\/wp-json\/wp\/v2\/categories?post=93171"},{"taxonomy":"post_tag","embeddable":true,"href":"https:\/\/batijournal.com\/index.php\/wp-json\/wp\/v2\/tags?post=93171"}],"curies":[{"name":"wp","href":"https:\/\/api.w.org\/{rel}","templated":true}]}}