{"id":93192,"date":"2016-06-23T16:07:47","date_gmt":"2016-06-23T14:07:47","guid":{"rendered":"http:\/\/batijournal.com\/?p=93192"},"modified":"2019-07-15T11:27:52","modified_gmt":"2019-07-15T09:27:52","slug":"plafond-organique-bois-patisseries-de-qualite","status":"publish","type":"post","link":"https:\/\/batijournal.com\/index.php\/plafond-organique-bois-patisseries-de-qualite\/93192\/","title":{"rendered":"Plafond organique en bois pour p\u00e2tisseries de qualit\u00e9"},"content":{"rendered":"<p>Le p\u00e2tissier Oberweis fait partie de l&rsquo;identit\u00e9 gastronomique luxembourgeoise. Elle vient d&rsquo;installer sa sixi\u00e8me boutique \u00e0 l\u2019a\u00e9roport Luxembourg-Findel. Son am\u00e9nagement a \u00e9t\u00e9 confi\u00e9 \u00e0 l\u2019architecte d\u2019int\u00e9rieur Caroline Luzi. Celle-ci a toujours apport\u00e9 un soin particulier \u00e0 l\u2019\u00e9tude du faux-plafond pour dissimuler les aspects techniques, en cr\u00e9ant des formes organiques, des courbes, des jeux de volume en compl\u00e9ment ou en opposition avec l\u2019agencement int\u00e9rieur. Pour cette nouvelle boutique, elle a imagin\u00e9 un faux-plafond ajour\u00e9 en lames de bois et en vague, con\u00e7u enti\u00e8rement sur-mesure. Lors de la phase d\u2019ex\u00e9cution, la recherche a port\u00e9 sur un produit r\u00e9pondant aux normes requises et qui pouvait donner un \u00ab r\u00e9el plus \u00bb architectural et une particularit\u00e9 propre aux boutiques Oberweis. La toute nouvelle gamme LINEA SHAPE de Laudescher a \u00e9t\u00e9 s\u00e9lectionn\u00e9e. Elle a permis de marier \u00e0 la fois les contraintes li\u00e9es au site de l\u2019a\u00e9roport \u00e0 l\u2019aspect esth\u00e9tique recherch\u00e9 d\u2019un ensemble sur-mesure aux formes organiques composant un jeu de volumes avec une mati\u00e8re noble, le bois massif, aux finitions impeccables. L\u2019\u00e9pic\u00e9a finition White wash soft s&rsquo;est harmonis\u00e9 parfaitement avec l\u2019ensemble de l\u2019am\u00e9nagement en ch\u00eane massif. L\u2019\u00e9clairage a \u00e9t\u00e9 plac\u00e9 par-dessus le faux-plafond pour ne laisser entrevoir que les spots tubulaires qui viennent rythmer l\u2019ensemble.<\/p>\n","protected":false},"excerpt":{"rendered":"<p>Le p\u00e2tissier Oberweis fait partie de l&rsquo;identit\u00e9 gastronomique luxembourgeoise. Elle vient d&rsquo;installer sa sixi\u00e8me boutique \u00e0 l\u2019a\u00e9roport Luxembourg-Findel. Son am\u00e9nagement a \u00e9t\u00e9 confi\u00e9 \u00e0 l\u2019architecte d\u2019int\u00e9rieur Caroline Luzi. Celle-ci a toujours apport\u00e9 un soin particulier \u00e0 l\u2019\u00e9tude du faux-plafond pour dissimuler les aspects techniques, en cr\u00e9ant des formes organiques, des courbes, des jeux de volume [&hellip;]<\/p>\n","protected":false},"author":17,"featured_media":93193,"comment_status":"closed","ping_status":"closed","sticky":false,"template":"","format":"standard","meta":{"_et_pb_use_builder":"","_et_pb_old_content":"","_et_gb_content_width":"","footnotes":""},"categories":[6340,10775],"tags":[44,831,4508],"class_list":["post-93192","post","type-post","status-publish","format-standard","has-post-thumbnail","hentry","category-architecture-conception","category-actualites-5facades","tag-bois","tag-lame","tag-plafond"],"yoast_head":"<!-- This site is optimized with the Yoast SEO plugin v27.4 - https:\/\/yoast.com\/product\/yoast-seo-wordpress\/ -->\n<title>Plafond organique en bois pour p\u00e2tisseries de qualit\u00e9<\/title>\n<meta name=\"robots\" content=\"index, follow, max-snippet:-1, max-image-preview:large, max-video-preview:-1\" \/>\n<link rel=\"canonical\" href=\"https:\/\/batijournal.com\/index.php\/plafond-organique-bois-patisseries-de-qualite\/93192\/\" \/>\n<meta property=\"og:locale\" content=\"fr_FR\" \/>\n<meta property=\"og:type\" content=\"article\" \/>\n<meta property=\"og:title\" content=\"Plafond organique en bois pour p\u00e2tisseries de qualit\u00e9\" \/>\n<meta property=\"og:description\" content=\"Le p\u00e2tissier Oberweis fait partie de l&rsquo;identit\u00e9 gastronomique luxembourgeoise. Elle vient d&rsquo;installer sa sixi\u00e8me boutique \u00e0 l\u2019a\u00e9roport Luxembourg-Findel. Son am\u00e9nagement a \u00e9t\u00e9 confi\u00e9 \u00e0 l\u2019architecte d\u2019int\u00e9rieur Caroline Luzi. Celle-ci a toujours apport\u00e9 un soin particulier \u00e0 l\u2019\u00e9tude du faux-plafond pour dissimuler les aspects techniques, en cr\u00e9ant des formes organiques, des courbes, des jeux de volume [&hellip;]\" \/>\n<meta property=\"og:url\" content=\"https:\/\/batijournal.com\/index.php\/plafond-organique-bois-patisseries-de-qualite\/93192\/\" \/>\n<meta property=\"og:site_name\" content=\"Batijournal\" \/>\n<meta property=\"article:published_time\" content=\"2016-06-23T14:07:47+00:00\" \/>\n<meta property=\"article:modified_time\" content=\"2019-07-15T09:27:52+00:00\" \/>\n<meta property=\"og:image\" content=\"https:\/\/batijournal.com\/wp-content\/uploads\/2016\/06\/LAUDESCHER_Oberweis_LINEA_SHAPE.jpg\" \/>\n\t<meta property=\"og:image:width\" content=\"600\" \/>\n\t<meta property=\"og:image:height\" content=\"800\" \/>\n\t<meta property=\"og:image:type\" content=\"image\/jpeg\" \/>\n<meta name=\"author\" content=\"St\u00e9phane Miget\" \/>\n<meta name=\"twitter:card\" content=\"summary_large_image\" \/>\n<meta name=\"twitter:creator\" content=\"@bati_journal\" \/>\n<meta name=\"twitter:site\" content=\"@bati_journal\" \/>\n<meta name=\"twitter:label1\" content=\"\u00c9crit par\" \/>\n\t<meta name=\"twitter:data1\" content=\"St\u00e9phane Miget\" \/>\n\t<meta name=\"twitter:label2\" content=\"Dur\u00e9e de lecture estim\u00e9e\" \/>\n\t<meta name=\"twitter:data2\" content=\"1 minute\" \/>\n<script type=\"application\/ld+json\" class=\"yoast-schema-graph\">{\"@context\":\"https:\\\/\\\/schema.org\",\"@graph\":[{\"@type\":\"Article\",\"@id\":\"https:\\\/\\\/batijournal.com\\\/index.php\\\/plafond-organique-bois-patisseries-de-qualite\\\/93192\\\/#article\",\"isPartOf\":{\"@id\":\"https:\\\/\\\/batijournal.com\\\/index.php\\\/plafond-organique-bois-patisseries-de-qualite\\\/93192\\\/\"},\"author\":{\"name\":\"St\u00e9phane Miget\",\"@id\":\"https:\\\/\\\/batijournal.com\\\/#\\\/schema\\\/person\\\/1dc96ec6957aa1ccb25ebe78bb19f100\"},\"headline\":\"Plafond organique en bois pour p\u00e2tisseries de qualit\u00e9\",\"datePublished\":\"2016-06-23T14:07:47+00:00\",\"dateModified\":\"2019-07-15T09:27:52+00:00\",\"mainEntityOfPage\":{\"@id\":\"https:\\\/\\\/batijournal.com\\\/index.php\\\/plafond-organique-bois-patisseries-de-qualite\\\/93192\\\/\"},\"wordCount\":242,\"image\":{\"@id\":\"https:\\\/\\\/batijournal.com\\\/index.php\\\/plafond-organique-bois-patisseries-de-qualite\\\/93192\\\/#primaryimage\"},\"thumbnailUrl\":\"https:\\\/\\\/batijournal.com\\\/wp-content\\\/uploads\\\/2016\\\/06\\\/LAUDESCHER_Oberweis_LINEA_SHAPE.jpg\",\"keywords\":[\"bois\",\"lame\",\"plafond\"],\"articleSection\":[\"Architecture &amp; Conception\",\"zz_Actualit\u00e9s - 5fa\u00e7ades\"],\"inLanguage\":\"fr-FR\"},{\"@type\":\"WebPage\",\"@id\":\"https:\\\/\\\/batijournal.com\\\/index.php\\\/plafond-organique-bois-patisseries-de-qualite\\\/93192\\\/\",\"url\":\"https:\\\/\\\/batijournal.com\\\/index.php\\\/plafond-organique-bois-patisseries-de-qualite\\\/93192\\\/\",\"name\":\"Plafond organique en bois pour p\u00e2tisseries de qualit\u00e9\",\"isPartOf\":{\"@id\":\"https:\\\/\\\/batijournal.com\\\/#website\"},\"primaryImageOfPage\":{\"@id\":\"https:\\\/\\\/batijournal.com\\\/index.php\\\/plafond-organique-bois-patisseries-de-qualite\\\/93192\\\/#primaryimage\"},\"image\":{\"@id\":\"https:\\\/\\\/batijournal.com\\\/index.php\\\/plafond-organique-bois-patisseries-de-qualite\\\/93192\\\/#primaryimage\"},\"thumbnailUrl\":\"https:\\\/\\\/batijournal.com\\\/wp-content\\\/uploads\\\/2016\\\/06\\\/LAUDESCHER_Oberweis_LINEA_SHAPE.jpg\",\"datePublished\":\"2016-06-23T14:07:47+00:00\",\"dateModified\":\"2019-07-15T09:27:52+00:00\",\"author\":{\"@id\":\"https:\\\/\\\/batijournal.com\\\/#\\\/schema\\\/person\\\/1dc96ec6957aa1ccb25ebe78bb19f100\"},\"breadcrumb\":{\"@id\":\"https:\\\/\\\/batijournal.com\\\/index.php\\\/plafond-organique-bois-patisseries-de-qualite\\\/93192\\\/#breadcrumb\"},\"inLanguage\":\"fr-FR\",\"potentialAction\":[{\"@type\":\"ReadAction\",\"target\":[\"https:\\\/\\\/batijournal.com\\\/index.php\\\/plafond-organique-bois-patisseries-de-qualite\\\/93192\\\/\"]}]},{\"@type\":\"ImageObject\",\"inLanguage\":\"fr-FR\",\"@id\":\"https:\\\/\\\/batijournal.com\\\/index.php\\\/plafond-organique-bois-patisseries-de-qualite\\\/93192\\\/#primaryimage\",\"url\":\"https:\\\/\\\/batijournal.com\\\/wp-content\\\/uploads\\\/2016\\\/06\\\/LAUDESCHER_Oberweis_LINEA_SHAPE.jpg\",\"contentUrl\":\"https:\\\/\\\/batijournal.com\\\/wp-content\\\/uploads\\\/2016\\\/06\\\/LAUDESCHER_Oberweis_LINEA_SHAPE.jpg\",\"width\":600,\"height\":800},{\"@type\":\"BreadcrumbList\",\"@id\":\"https:\\\/\\\/batijournal.com\\\/index.php\\\/plafond-organique-bois-patisseries-de-qualite\\\/93192\\\/#breadcrumb\",\"itemListElement\":[{\"@type\":\"ListItem\",\"position\":1,\"name\":\"Accueil\",\"item\":\"https:\\\/\\\/batijournal.com\\\/\"},{\"@type\":\"ListItem\",\"position\":2,\"name\":\"Actualit\u00e9s\",\"item\":\"https:\\\/\\\/batijournal.com\\\/index.php\\\/category\\\/actualites\\\/\"},{\"@type\":\"ListItem\",\"position\":3,\"name\":\"Architecture &amp; Conception\",\"item\":\"https:\\\/\\\/batijournal.com\\\/index.php\\\/category\\\/actualites\\\/architecture-conception\\\/\"},{\"@type\":\"ListItem\",\"position\":4,\"name\":\"Plafond organique en bois pour p\u00e2tisseries de qualit\u00e9\"}]},{\"@type\":\"WebSite\",\"@id\":\"https:\\\/\\\/batijournal.com\\\/#website\",\"url\":\"https:\\\/\\\/batijournal.com\\\/\",\"name\":\"Batijournal\",\"description\":\"L&#039;actualit\u00e9 du b\u00e2timent\",\"potentialAction\":[{\"@type\":\"SearchAction\",\"target\":{\"@type\":\"EntryPoint\",\"urlTemplate\":\"https:\\\/\\\/batijournal.com\\\/?s={search_term_string}\"},\"query-input\":{\"@type\":\"PropertyValueSpecification\",\"valueRequired\":true,\"valueName\":\"search_term_string\"}}],\"inLanguage\":\"fr-FR\"},{\"@type\":\"Person\",\"@id\":\"https:\\\/\\\/batijournal.com\\\/#\\\/schema\\\/person\\\/1dc96ec6957aa1ccb25ebe78bb19f100\",\"name\":\"St\u00e9phane Miget\",\"image\":{\"@type\":\"ImageObject\",\"inLanguage\":\"fr-FR\",\"@id\":\"https:\\\/\\\/secure.gravatar.com\\\/avatar\\\/89915563d925342126b8ef0281b93d9d7fc337043e8df017f780908eb9644451?s=96&d=mm&r=g\",\"url\":\"https:\\\/\\\/secure.gravatar.com\\\/avatar\\\/89915563d925342126b8ef0281b93d9d7fc337043e8df017f780908eb9644451?s=96&d=mm&r=g\",\"contentUrl\":\"https:\\\/\\\/secure.gravatar.com\\\/avatar\\\/89915563d925342126b8ef0281b93d9d7fc337043e8df017f780908eb9644451?s=96&d=mm&r=g\",\"caption\":\"St\u00e9phane Miget\"},\"url\":\"https:\\\/\\\/batijournal.com\\\/index.php\\\/author\\\/stephane\\\/\"}]}<\/script>\n<!-- \/ Yoast SEO plugin. -->","yoast_head_json":{"title":"Plafond organique en bois pour p\u00e2tisseries de qualit\u00e9","robots":{"index":"index","follow":"follow","max-snippet":"max-snippet:-1","max-image-preview":"max-image-preview:large","max-video-preview":"max-video-preview:-1"},"canonical":"https:\/\/batijournal.com\/index.php\/plafond-organique-bois-patisseries-de-qualite\/93192\/","og_locale":"fr_FR","og_type":"article","og_title":"Plafond organique en bois pour p\u00e2tisseries de qualit\u00e9","og_description":"Le p\u00e2tissier Oberweis fait partie de l&rsquo;identit\u00e9 gastronomique luxembourgeoise. Elle vient d&rsquo;installer sa sixi\u00e8me boutique \u00e0 l\u2019a\u00e9roport Luxembourg-Findel. Son am\u00e9nagement a \u00e9t\u00e9 confi\u00e9 \u00e0 l\u2019architecte d\u2019int\u00e9rieur Caroline Luzi. Celle-ci a toujours apport\u00e9 un soin particulier \u00e0 l\u2019\u00e9tude du faux-plafond pour dissimuler les aspects techniques, en cr\u00e9ant des formes organiques, des courbes, des jeux de volume [&hellip;]","og_url":"https:\/\/batijournal.com\/index.php\/plafond-organique-bois-patisseries-de-qualite\/93192\/","og_site_name":"Batijournal","article_published_time":"2016-06-23T14:07:47+00:00","article_modified_time":"2019-07-15T09:27:52+00:00","og_image":[{"width":600,"height":800,"url":"https:\/\/batijournal.com\/wp-content\/uploads\/2016\/06\/LAUDESCHER_Oberweis_LINEA_SHAPE.jpg","type":"image\/jpeg"}],"author":"St\u00e9phane Miget","twitter_card":"summary_large_image","twitter_creator":"@bati_journal","twitter_site":"@bati_journal","twitter_misc":{"\u00c9crit par":"St\u00e9phane Miget","Dur\u00e9e de lecture estim\u00e9e":"1 minute"},"schema":{"@context":"https:\/\/schema.org","@graph":[{"@type":"Article","@id":"https:\/\/batijournal.com\/index.php\/plafond-organique-bois-patisseries-de-qualite\/93192\/#article","isPartOf":{"@id":"https:\/\/batijournal.com\/index.php\/plafond-organique-bois-patisseries-de-qualite\/93192\/"},"author":{"name":"St\u00e9phane Miget","@id":"https:\/\/batijournal.com\/#\/schema\/person\/1dc96ec6957aa1ccb25ebe78bb19f100"},"headline":"Plafond organique en bois pour p\u00e2tisseries de qualit\u00e9","datePublished":"2016-06-23T14:07:47+00:00","dateModified":"2019-07-15T09:27:52+00:00","mainEntityOfPage":{"@id":"https:\/\/batijournal.com\/index.php\/plafond-organique-bois-patisseries-de-qualite\/93192\/"},"wordCount":242,"image":{"@id":"https:\/\/batijournal.com\/index.php\/plafond-organique-bois-patisseries-de-qualite\/93192\/#primaryimage"},"thumbnailUrl":"https:\/\/batijournal.com\/wp-content\/uploads\/2016\/06\/LAUDESCHER_Oberweis_LINEA_SHAPE.jpg","keywords":["bois","lame","plafond"],"articleSection":["Architecture &amp; Conception","zz_Actualit\u00e9s - 5fa\u00e7ades"],"inLanguage":"fr-FR"},{"@type":"WebPage","@id":"https:\/\/batijournal.com\/index.php\/plafond-organique-bois-patisseries-de-qualite\/93192\/","url":"https:\/\/batijournal.com\/index.php\/plafond-organique-bois-patisseries-de-qualite\/93192\/","name":"Plafond organique en bois pour p\u00e2tisseries de qualit\u00e9","isPartOf":{"@id":"https:\/\/batijournal.com\/#website"},"primaryImageOfPage":{"@id":"https:\/\/batijournal.com\/index.php\/plafond-organique-bois-patisseries-de-qualite\/93192\/#primaryimage"},"image":{"@id":"https:\/\/batijournal.com\/index.php\/plafond-organique-bois-patisseries-de-qualite\/93192\/#primaryimage"},"thumbnailUrl":"https:\/\/batijournal.com\/wp-content\/uploads\/2016\/06\/LAUDESCHER_Oberweis_LINEA_SHAPE.jpg","datePublished":"2016-06-23T14:07:47+00:00","dateModified":"2019-07-15T09:27:52+00:00","author":{"@id":"https:\/\/batijournal.com\/#\/schema\/person\/1dc96ec6957aa1ccb25ebe78bb19f100"},"breadcrumb":{"@id":"https:\/\/batijournal.com\/index.php\/plafond-organique-bois-patisseries-de-qualite\/93192\/#breadcrumb"},"inLanguage":"fr-FR","potentialAction":[{"@type":"ReadAction","target":["https:\/\/batijournal.com\/index.php\/plafond-organique-bois-patisseries-de-qualite\/93192\/"]}]},{"@type":"ImageObject","inLanguage":"fr-FR","@id":"https:\/\/batijournal.com\/index.php\/plafond-organique-bois-patisseries-de-qualite\/93192\/#primaryimage","url":"https:\/\/batijournal.com\/wp-content\/uploads\/2016\/06\/LAUDESCHER_Oberweis_LINEA_SHAPE.jpg","contentUrl":"https:\/\/batijournal.com\/wp-content\/uploads\/2016\/06\/LAUDESCHER_Oberweis_LINEA_SHAPE.jpg","width":600,"height":800},{"@type":"BreadcrumbList","@id":"https:\/\/batijournal.com\/index.php\/plafond-organique-bois-patisseries-de-qualite\/93192\/#breadcrumb","itemListElement":[{"@type":"ListItem","position":1,"name":"Accueil","item":"https:\/\/batijournal.com\/"},{"@type":"ListItem","position":2,"name":"Actualit\u00e9s","item":"https:\/\/batijournal.com\/index.php\/category\/actualites\/"},{"@type":"ListItem","position":3,"name":"Architecture &amp; Conception","item":"https:\/\/batijournal.com\/index.php\/category\/actualites\/architecture-conception\/"},{"@type":"ListItem","position":4,"name":"Plafond organique en bois pour p\u00e2tisseries de qualit\u00e9"}]},{"@type":"WebSite","@id":"https:\/\/batijournal.com\/#website","url":"https:\/\/batijournal.com\/","name":"Batijournal","description":"L&#039;actualit\u00e9 du b\u00e2timent","potentialAction":[{"@type":"SearchAction","target":{"@type":"EntryPoint","urlTemplate":"https:\/\/batijournal.com\/?s={search_term_string}"},"query-input":{"@type":"PropertyValueSpecification","valueRequired":true,"valueName":"search_term_string"}}],"inLanguage":"fr-FR"},{"@type":"Person","@id":"https:\/\/batijournal.com\/#\/schema\/person\/1dc96ec6957aa1ccb25ebe78bb19f100","name":"St\u00e9phane Miget","image":{"@type":"ImageObject","inLanguage":"fr-FR","@id":"https:\/\/secure.gravatar.com\/avatar\/89915563d925342126b8ef0281b93d9d7fc337043e8df017f780908eb9644451?s=96&d=mm&r=g","url":"https:\/\/secure.gravatar.com\/avatar\/89915563d925342126b8ef0281b93d9d7fc337043e8df017f780908eb9644451?s=96&d=mm&r=g","contentUrl":"https:\/\/secure.gravatar.com\/avatar\/89915563d925342126b8ef0281b93d9d7fc337043e8df017f780908eb9644451?s=96&d=mm&r=g","caption":"St\u00e9phane Miget"},"url":"https:\/\/batijournal.com\/index.php\/author\/stephane\/"}]}},"_links":{"self":[{"href":"https:\/\/batijournal.com\/index.php\/wp-json\/wp\/v2\/posts\/93192","targetHints":{"allow":["GET"]}}],"collection":[{"href":"https:\/\/batijournal.com\/index.php\/wp-json\/wp\/v2\/posts"}],"about":[{"href":"https:\/\/batijournal.com\/index.php\/wp-json\/wp\/v2\/types\/post"}],"author":[{"embeddable":true,"href":"https:\/\/batijournal.com\/index.php\/wp-json\/wp\/v2\/users\/17"}],"replies":[{"embeddable":true,"href":"https:\/\/batijournal.com\/index.php\/wp-json\/wp\/v2\/comments?post=93192"}],"version-history":[{"count":0,"href":"https:\/\/batijournal.com\/index.php\/wp-json\/wp\/v2\/posts\/93192\/revisions"}],"wp:featuredmedia":[{"embeddable":true,"href":"https:\/\/batijournal.com\/index.php\/wp-json\/wp\/v2\/media\/93193"}],"wp:attachment":[{"href":"https:\/\/batijournal.com\/index.php\/wp-json\/wp\/v2\/media?parent=93192"}],"wp:term":[{"taxonomy":"category","embeddable":true,"href":"https:\/\/batijournal.com\/index.php\/wp-json\/wp\/v2\/categories?post=93192"},{"taxonomy":"post_tag","embeddable":true,"href":"https:\/\/batijournal.com\/index.php\/wp-json\/wp\/v2\/tags?post=93192"}],"curies":[{"name":"wp","href":"https:\/\/api.w.org\/{rel}","templated":true}]}}