{"id":93194,"date":"2016-06-23T16:31:27","date_gmt":"2016-06-23T14:31:27","guid":{"rendered":"http:\/\/batijournal.com\/?p=93194"},"modified":"2019-07-15T12:02:11","modified_gmt":"2019-07-15T10:02:11","slug":"xylexpo-dynamise-marche-de-machine-a-bois-italien","status":"publish","type":"post","link":"https:\/\/batijournal.com\/index.php\/xylexpo-dynamise-marche-de-machine-a-bois-italien\/93194\/","title":{"rendered":"Xylexpo dynamise le march\u00e9 de la machine \u00e0 bois italien"},"content":{"rendered":"<p>En 2015, le chiffre d&rsquo;affaires des industriels italiens de la machine \u00e0 bois a atteint 1 864 millions d&rsquo;euros, le premier trimestre 2016 montre d&rsquo;autres signes positifs avec 22,7% de croissance \u00e0 la fois sur le march\u00e9 italien et international. Le pr\u00e9sident d&rsquo;Acimall Lorenzo Primultini, souligne l&rsquo;influence du salon Xylexpo : \u00ab Durant les semaines pr\u00e9c\u00e9dant le salon, pendant l&rsquo;\u00e9v\u00e9nement et dans les retours des entreprises, on trouve un d\u00e9nominateur commun : la satisfaction du \u00ab\u00a0mois de mai milanais\u00a0\u00bb. Xylexpo est l&rsquo;occasion pour les entreprises italiennes de s&rsquo;adresser aux op\u00e9rateurs provenant du monde entier \u00bb.<\/p>\n","protected":false},"excerpt":{"rendered":"<p>En 2015, le chiffre d&rsquo;affaires des industriels italiens de la machine \u00e0 bois a atteint 1 864 millions d&rsquo;euros, le premier trimestre 2016 montre d&rsquo;autres signes positifs avec 22,7% de croissance \u00e0 la fois sur le march\u00e9 italien et international. Le pr\u00e9sident d&rsquo;Acimall Lorenzo Primultini, souligne l&rsquo;influence du salon Xylexpo : \u00ab Durant les semaines [&hellip;]<\/p>\n","protected":false},"author":17,"featured_media":93195,"comment_status":"closed","ping_status":"closed","sticky":false,"template":"","format":"standard","meta":{"_et_pb_use_builder":"","_et_pb_old_content":"","_et_gb_content_width":"","footnotes":""},"categories":[6345],"tags":[1028,1333],"class_list":["post-93194","post","type-post","status-publish","format-standard","has-post-thumbnail","hentry","category-economie-marches","tag-machines-a-bois","tag-xylexpo"],"yoast_head":"<!-- This site is optimized with the Yoast SEO plugin v27.4 - https:\/\/yoast.com\/product\/yoast-seo-wordpress\/ -->\n<title>Xylexpo dynamise le march\u00e9 de la machine \u00e0 bois italien<\/title>\n<meta name=\"robots\" content=\"index, follow, max-snippet:-1, max-image-preview:large, max-video-preview:-1\" \/>\n<link rel=\"canonical\" href=\"https:\/\/batijournal.com\/index.php\/xylexpo-dynamise-marche-de-machine-a-bois-italien\/93194\/\" \/>\n<meta property=\"og:locale\" content=\"fr_FR\" \/>\n<meta property=\"og:type\" content=\"article\" \/>\n<meta property=\"og:title\" content=\"Xylexpo dynamise le march\u00e9 de la machine \u00e0 bois italien\" \/>\n<meta property=\"og:description\" content=\"En 2015, le chiffre d&rsquo;affaires des industriels italiens de la machine \u00e0 bois a atteint 1 864 millions d&rsquo;euros, le premier trimestre 2016 montre d&rsquo;autres signes positifs avec 22,7% de croissance \u00e0 la fois sur le march\u00e9 italien et international. Le pr\u00e9sident d&rsquo;Acimall Lorenzo Primultini, souligne l&rsquo;influence du salon Xylexpo : \u00ab Durant les semaines [&hellip;]\" \/>\n<meta property=\"og:url\" content=\"https:\/\/batijournal.com\/index.php\/xylexpo-dynamise-marche-de-machine-a-bois-italien\/93194\/\" \/>\n<meta property=\"og:site_name\" content=\"Batijournal\" \/>\n<meta property=\"article:published_time\" content=\"2016-06-23T14:31:27+00:00\" \/>\n<meta property=\"article:modified_time\" content=\"2019-07-15T10:02:11+00:00\" \/>\n<meta property=\"og:image\" content=\"https:\/\/batijournal.com\/wp-content\/uploads\/2016\/06\/xylexpo-milan-italie.jpg\" \/>\n\t<meta property=\"og:image:width\" content=\"1200\" \/>\n\t<meta property=\"og:image:height\" content=\"800\" \/>\n\t<meta property=\"og:image:type\" content=\"image\/jpeg\" \/>\n<meta name=\"author\" content=\"St\u00e9phane Miget\" \/>\n<meta name=\"twitter:card\" content=\"summary_large_image\" \/>\n<meta name=\"twitter:creator\" content=\"@bati_journal\" \/>\n<meta name=\"twitter:site\" content=\"@bati_journal\" \/>\n<meta name=\"twitter:label1\" content=\"\u00c9crit par\" \/>\n\t<meta name=\"twitter:data1\" content=\"St\u00e9phane Miget\" \/>\n<script type=\"application\/ld+json\" class=\"yoast-schema-graph\">{\"@context\":\"https:\\\/\\\/schema.org\",\"@graph\":[{\"@type\":\"Article\",\"@id\":\"https:\\\/\\\/batijournal.com\\\/index.php\\\/xylexpo-dynamise-marche-de-machine-a-bois-italien\\\/93194\\\/#article\",\"isPartOf\":{\"@id\":\"https:\\\/\\\/batijournal.com\\\/index.php\\\/xylexpo-dynamise-marche-de-machine-a-bois-italien\\\/93194\\\/\"},\"author\":{\"name\":\"St\u00e9phane Miget\",\"@id\":\"https:\\\/\\\/batijournal.com\\\/#\\\/schema\\\/person\\\/1dc96ec6957aa1ccb25ebe78bb19f100\"},\"headline\":\"Xylexpo dynamise le march\u00e9 de la machine \u00e0 bois italien\",\"datePublished\":\"2016-06-23T14:31:27+00:00\",\"dateModified\":\"2019-07-15T10:02:11+00:00\",\"mainEntityOfPage\":{\"@id\":\"https:\\\/\\\/batijournal.com\\\/index.php\\\/xylexpo-dynamise-marche-de-machine-a-bois-italien\\\/93194\\\/\"},\"wordCount\":107,\"image\":{\"@id\":\"https:\\\/\\\/batijournal.com\\\/index.php\\\/xylexpo-dynamise-marche-de-machine-a-bois-italien\\\/93194\\\/#primaryimage\"},\"thumbnailUrl\":\"https:\\\/\\\/batijournal.com\\\/wp-content\\\/uploads\\\/2016\\\/06\\\/xylexpo-milan-italie.jpg\",\"keywords\":[\"machines \u00e0 bois\",\"xylexpo\"],\"articleSection\":[\"\u00c9conomie &amp; March\u00e9s\"],\"inLanguage\":\"fr-FR\"},{\"@type\":\"WebPage\",\"@id\":\"https:\\\/\\\/batijournal.com\\\/index.php\\\/xylexpo-dynamise-marche-de-machine-a-bois-italien\\\/93194\\\/\",\"url\":\"https:\\\/\\\/batijournal.com\\\/index.php\\\/xylexpo-dynamise-marche-de-machine-a-bois-italien\\\/93194\\\/\",\"name\":\"Xylexpo dynamise le march\u00e9 de la machine \u00e0 bois italien\",\"isPartOf\":{\"@id\":\"https:\\\/\\\/batijournal.com\\\/#website\"},\"primaryImageOfPage\":{\"@id\":\"https:\\\/\\\/batijournal.com\\\/index.php\\\/xylexpo-dynamise-marche-de-machine-a-bois-italien\\\/93194\\\/#primaryimage\"},\"image\":{\"@id\":\"https:\\\/\\\/batijournal.com\\\/index.php\\\/xylexpo-dynamise-marche-de-machine-a-bois-italien\\\/93194\\\/#primaryimage\"},\"thumbnailUrl\":\"https:\\\/\\\/batijournal.com\\\/wp-content\\\/uploads\\\/2016\\\/06\\\/xylexpo-milan-italie.jpg\",\"datePublished\":\"2016-06-23T14:31:27+00:00\",\"dateModified\":\"2019-07-15T10:02:11+00:00\",\"author\":{\"@id\":\"https:\\\/\\\/batijournal.com\\\/#\\\/schema\\\/person\\\/1dc96ec6957aa1ccb25ebe78bb19f100\"},\"breadcrumb\":{\"@id\":\"https:\\\/\\\/batijournal.com\\\/index.php\\\/xylexpo-dynamise-marche-de-machine-a-bois-italien\\\/93194\\\/#breadcrumb\"},\"inLanguage\":\"fr-FR\",\"potentialAction\":[{\"@type\":\"ReadAction\",\"target\":[\"https:\\\/\\\/batijournal.com\\\/index.php\\\/xylexpo-dynamise-marche-de-machine-a-bois-italien\\\/93194\\\/\"]}]},{\"@type\":\"ImageObject\",\"inLanguage\":\"fr-FR\",\"@id\":\"https:\\\/\\\/batijournal.com\\\/index.php\\\/xylexpo-dynamise-marche-de-machine-a-bois-italien\\\/93194\\\/#primaryimage\",\"url\":\"https:\\\/\\\/batijournal.com\\\/wp-content\\\/uploads\\\/2016\\\/06\\\/xylexpo-milan-italie.jpg\",\"contentUrl\":\"https:\\\/\\\/batijournal.com\\\/wp-content\\\/uploads\\\/2016\\\/06\\\/xylexpo-milan-italie.jpg\",\"width\":1200,\"height\":800},{\"@type\":\"BreadcrumbList\",\"@id\":\"https:\\\/\\\/batijournal.com\\\/index.php\\\/xylexpo-dynamise-marche-de-machine-a-bois-italien\\\/93194\\\/#breadcrumb\",\"itemListElement\":[{\"@type\":\"ListItem\",\"position\":1,\"name\":\"Accueil\",\"item\":\"https:\\\/\\\/batijournal.com\\\/\"},{\"@type\":\"ListItem\",\"position\":2,\"name\":\"Actualit\u00e9s\",\"item\":\"https:\\\/\\\/batijournal.com\\\/index.php\\\/category\\\/actualites\\\/\"},{\"@type\":\"ListItem\",\"position\":3,\"name\":\"\u00c9conomie &amp; March\u00e9s\",\"item\":\"https:\\\/\\\/batijournal.com\\\/index.php\\\/category\\\/actualites\\\/economie-marches\\\/\"},{\"@type\":\"ListItem\",\"position\":4,\"name\":\"Xylexpo dynamise le march\u00e9 de la machine \u00e0 bois italien\"}]},{\"@type\":\"WebSite\",\"@id\":\"https:\\\/\\\/batijournal.com\\\/#website\",\"url\":\"https:\\\/\\\/batijournal.com\\\/\",\"name\":\"Batijournal\",\"description\":\"L&#039;actualit\u00e9 du b\u00e2timent\",\"potentialAction\":[{\"@type\":\"SearchAction\",\"target\":{\"@type\":\"EntryPoint\",\"urlTemplate\":\"https:\\\/\\\/batijournal.com\\\/?s={search_term_string}\"},\"query-input\":{\"@type\":\"PropertyValueSpecification\",\"valueRequired\":true,\"valueName\":\"search_term_string\"}}],\"inLanguage\":\"fr-FR\"},{\"@type\":\"Person\",\"@id\":\"https:\\\/\\\/batijournal.com\\\/#\\\/schema\\\/person\\\/1dc96ec6957aa1ccb25ebe78bb19f100\",\"name\":\"St\u00e9phane Miget\",\"image\":{\"@type\":\"ImageObject\",\"inLanguage\":\"fr-FR\",\"@id\":\"https:\\\/\\\/secure.gravatar.com\\\/avatar\\\/89915563d925342126b8ef0281b93d9d7fc337043e8df017f780908eb9644451?s=96&d=mm&r=g\",\"url\":\"https:\\\/\\\/secure.gravatar.com\\\/avatar\\\/89915563d925342126b8ef0281b93d9d7fc337043e8df017f780908eb9644451?s=96&d=mm&r=g\",\"contentUrl\":\"https:\\\/\\\/secure.gravatar.com\\\/avatar\\\/89915563d925342126b8ef0281b93d9d7fc337043e8df017f780908eb9644451?s=96&d=mm&r=g\",\"caption\":\"St\u00e9phane Miget\"},\"url\":\"https:\\\/\\\/batijournal.com\\\/index.php\\\/author\\\/stephane\\\/\"}]}<\/script>\n<!-- \/ Yoast SEO plugin. -->","yoast_head_json":{"title":"Xylexpo dynamise le march\u00e9 de la machine \u00e0 bois italien","robots":{"index":"index","follow":"follow","max-snippet":"max-snippet:-1","max-image-preview":"max-image-preview:large","max-video-preview":"max-video-preview:-1"},"canonical":"https:\/\/batijournal.com\/index.php\/xylexpo-dynamise-marche-de-machine-a-bois-italien\/93194\/","og_locale":"fr_FR","og_type":"article","og_title":"Xylexpo dynamise le march\u00e9 de la machine \u00e0 bois italien","og_description":"En 2015, le chiffre d&rsquo;affaires des industriels italiens de la machine \u00e0 bois a atteint 1 864 millions d&rsquo;euros, le premier trimestre 2016 montre d&rsquo;autres signes positifs avec 22,7% de croissance \u00e0 la fois sur le march\u00e9 italien et international. Le pr\u00e9sident d&rsquo;Acimall Lorenzo Primultini, souligne l&rsquo;influence du salon Xylexpo : \u00ab Durant les semaines [&hellip;]","og_url":"https:\/\/batijournal.com\/index.php\/xylexpo-dynamise-marche-de-machine-a-bois-italien\/93194\/","og_site_name":"Batijournal","article_published_time":"2016-06-23T14:31:27+00:00","article_modified_time":"2019-07-15T10:02:11+00:00","og_image":[{"width":1200,"height":800,"url":"https:\/\/batijournal.com\/wp-content\/uploads\/2016\/06\/xylexpo-milan-italie.jpg","type":"image\/jpeg"}],"author":"St\u00e9phane Miget","twitter_card":"summary_large_image","twitter_creator":"@bati_journal","twitter_site":"@bati_journal","twitter_misc":{"\u00c9crit par":"St\u00e9phane Miget"},"schema":{"@context":"https:\/\/schema.org","@graph":[{"@type":"Article","@id":"https:\/\/batijournal.com\/index.php\/xylexpo-dynamise-marche-de-machine-a-bois-italien\/93194\/#article","isPartOf":{"@id":"https:\/\/batijournal.com\/index.php\/xylexpo-dynamise-marche-de-machine-a-bois-italien\/93194\/"},"author":{"name":"St\u00e9phane Miget","@id":"https:\/\/batijournal.com\/#\/schema\/person\/1dc96ec6957aa1ccb25ebe78bb19f100"},"headline":"Xylexpo dynamise le march\u00e9 de la machine \u00e0 bois italien","datePublished":"2016-06-23T14:31:27+00:00","dateModified":"2019-07-15T10:02:11+00:00","mainEntityOfPage":{"@id":"https:\/\/batijournal.com\/index.php\/xylexpo-dynamise-marche-de-machine-a-bois-italien\/93194\/"},"wordCount":107,"image":{"@id":"https:\/\/batijournal.com\/index.php\/xylexpo-dynamise-marche-de-machine-a-bois-italien\/93194\/#primaryimage"},"thumbnailUrl":"https:\/\/batijournal.com\/wp-content\/uploads\/2016\/06\/xylexpo-milan-italie.jpg","keywords":["machines \u00e0 bois","xylexpo"],"articleSection":["\u00c9conomie &amp; March\u00e9s"],"inLanguage":"fr-FR"},{"@type":"WebPage","@id":"https:\/\/batijournal.com\/index.php\/xylexpo-dynamise-marche-de-machine-a-bois-italien\/93194\/","url":"https:\/\/batijournal.com\/index.php\/xylexpo-dynamise-marche-de-machine-a-bois-italien\/93194\/","name":"Xylexpo dynamise le march\u00e9 de la machine \u00e0 bois italien","isPartOf":{"@id":"https:\/\/batijournal.com\/#website"},"primaryImageOfPage":{"@id":"https:\/\/batijournal.com\/index.php\/xylexpo-dynamise-marche-de-machine-a-bois-italien\/93194\/#primaryimage"},"image":{"@id":"https:\/\/batijournal.com\/index.php\/xylexpo-dynamise-marche-de-machine-a-bois-italien\/93194\/#primaryimage"},"thumbnailUrl":"https:\/\/batijournal.com\/wp-content\/uploads\/2016\/06\/xylexpo-milan-italie.jpg","datePublished":"2016-06-23T14:31:27+00:00","dateModified":"2019-07-15T10:02:11+00:00","author":{"@id":"https:\/\/batijournal.com\/#\/schema\/person\/1dc96ec6957aa1ccb25ebe78bb19f100"},"breadcrumb":{"@id":"https:\/\/batijournal.com\/index.php\/xylexpo-dynamise-marche-de-machine-a-bois-italien\/93194\/#breadcrumb"},"inLanguage":"fr-FR","potentialAction":[{"@type":"ReadAction","target":["https:\/\/batijournal.com\/index.php\/xylexpo-dynamise-marche-de-machine-a-bois-italien\/93194\/"]}]},{"@type":"ImageObject","inLanguage":"fr-FR","@id":"https:\/\/batijournal.com\/index.php\/xylexpo-dynamise-marche-de-machine-a-bois-italien\/93194\/#primaryimage","url":"https:\/\/batijournal.com\/wp-content\/uploads\/2016\/06\/xylexpo-milan-italie.jpg","contentUrl":"https:\/\/batijournal.com\/wp-content\/uploads\/2016\/06\/xylexpo-milan-italie.jpg","width":1200,"height":800},{"@type":"BreadcrumbList","@id":"https:\/\/batijournal.com\/index.php\/xylexpo-dynamise-marche-de-machine-a-bois-italien\/93194\/#breadcrumb","itemListElement":[{"@type":"ListItem","position":1,"name":"Accueil","item":"https:\/\/batijournal.com\/"},{"@type":"ListItem","position":2,"name":"Actualit\u00e9s","item":"https:\/\/batijournal.com\/index.php\/category\/actualites\/"},{"@type":"ListItem","position":3,"name":"\u00c9conomie &amp; March\u00e9s","item":"https:\/\/batijournal.com\/index.php\/category\/actualites\/economie-marches\/"},{"@type":"ListItem","position":4,"name":"Xylexpo dynamise le march\u00e9 de la machine \u00e0 bois italien"}]},{"@type":"WebSite","@id":"https:\/\/batijournal.com\/#website","url":"https:\/\/batijournal.com\/","name":"Batijournal","description":"L&#039;actualit\u00e9 du b\u00e2timent","potentialAction":[{"@type":"SearchAction","target":{"@type":"EntryPoint","urlTemplate":"https:\/\/batijournal.com\/?s={search_term_string}"},"query-input":{"@type":"PropertyValueSpecification","valueRequired":true,"valueName":"search_term_string"}}],"inLanguage":"fr-FR"},{"@type":"Person","@id":"https:\/\/batijournal.com\/#\/schema\/person\/1dc96ec6957aa1ccb25ebe78bb19f100","name":"St\u00e9phane Miget","image":{"@type":"ImageObject","inLanguage":"fr-FR","@id":"https:\/\/secure.gravatar.com\/avatar\/89915563d925342126b8ef0281b93d9d7fc337043e8df017f780908eb9644451?s=96&d=mm&r=g","url":"https:\/\/secure.gravatar.com\/avatar\/89915563d925342126b8ef0281b93d9d7fc337043e8df017f780908eb9644451?s=96&d=mm&r=g","contentUrl":"https:\/\/secure.gravatar.com\/avatar\/89915563d925342126b8ef0281b93d9d7fc337043e8df017f780908eb9644451?s=96&d=mm&r=g","caption":"St\u00e9phane Miget"},"url":"https:\/\/batijournal.com\/index.php\/author\/stephane\/"}]}},"_links":{"self":[{"href":"https:\/\/batijournal.com\/index.php\/wp-json\/wp\/v2\/posts\/93194","targetHints":{"allow":["GET"]}}],"collection":[{"href":"https:\/\/batijournal.com\/index.php\/wp-json\/wp\/v2\/posts"}],"about":[{"href":"https:\/\/batijournal.com\/index.php\/wp-json\/wp\/v2\/types\/post"}],"author":[{"embeddable":true,"href":"https:\/\/batijournal.com\/index.php\/wp-json\/wp\/v2\/users\/17"}],"replies":[{"embeddable":true,"href":"https:\/\/batijournal.com\/index.php\/wp-json\/wp\/v2\/comments?post=93194"}],"version-history":[{"count":0,"href":"https:\/\/batijournal.com\/index.php\/wp-json\/wp\/v2\/posts\/93194\/revisions"}],"wp:featuredmedia":[{"embeddable":true,"href":"https:\/\/batijournal.com\/index.php\/wp-json\/wp\/v2\/media\/93195"}],"wp:attachment":[{"href":"https:\/\/batijournal.com\/index.php\/wp-json\/wp\/v2\/media?parent=93194"}],"wp:term":[{"taxonomy":"category","embeddable":true,"href":"https:\/\/batijournal.com\/index.php\/wp-json\/wp\/v2\/categories?post=93194"},{"taxonomy":"post_tag","embeddable":true,"href":"https:\/\/batijournal.com\/index.php\/wp-json\/wp\/v2\/tags?post=93194"}],"curies":[{"name":"wp","href":"https:\/\/api.w.org\/{rel}","templated":true}]}}