{"id":93199,"date":"2016-06-24T08:10:54","date_gmt":"2016-06-24T06:10:54","guid":{"rendered":"http:\/\/batijournal.com\/?p=93199"},"modified":"2016-06-24T08:13:26","modified_gmt":"2016-06-24T06:13:26","slug":"lonf-salue-memoire-de-fondateur-edgard-pisani","status":"publish","type":"post","link":"https:\/\/batijournal.com\/index.php\/lonf-salue-memoire-de-fondateur-edgard-pisani\/93199\/","title":{"rendered":"L\u2019ONF salue la m\u00e9moire de son fondateur, Edgard Pisani"},"content":{"rendered":"<p><strong>Christian Dubreuil, directeur g\u00e9n\u00e9ral de l\u2019ONF, a salu\u00e9 la m\u00e9moire d\u2019Edgard Pisani, ancien ministre de l\u2019Agriculture et fondateur de l\u2019ONF en 1965-1966. Il a su, en cr\u00e9ant l\u2019Office il y a 50 ans, r\u00e9volutionner la gestion des for\u00eats publiques fran\u00e7aises.<\/strong><\/p>\n<p>Ministre de l&rsquo;Agriculture de 1961 \u00e0 1966, artisan des grandes lois agricoles qui accompagn\u00e8rent la cr\u00e9ation de la PAC, Edgard Pisani a profond\u00e9ment r\u00e9form\u00e9 la gestion de la for\u00eat fran\u00e7aise. Jeune ministre en charge de l&rsquo;agriculture et de la for\u00eat, Edgard Pisani a une conviction : la gestion de la for\u00eat publique &#8211; qui couvre 25% de la for\u00eat fran\u00e7aise &#8211; n\u00e9cessite d&rsquo;\u00eatre dynamis\u00e9e et seule une profonde r\u00e9forme de l&rsquo;administration des Eaux et For\u00eats permettra d&rsquo;y parvenir. A ses yeux, cette r\u00e9forme doit passer par la cr\u00e9ation d&rsquo;un \u00e9tablissement public \u00e0 caract\u00e8re industriel et commercial, d\u00e9di\u00e9 \u00e0 la gestion des for\u00eats publiques et dot\u00e9 d&rsquo;une autonomie juridique et financi\u00e8re : l&rsquo;Office national des for\u00eats.<\/p>\n<p>L&rsquo;id\u00e9e, tr\u00e8s novatrice pour l&rsquo;\u00e9poque, est loin de faire l&rsquo;unanimit\u00e9 au gouvernement et au Parlement. Elle rencontre m\u00eame l&rsquo;opposition farouche de plusieurs membres importants de l&rsquo;ex\u00e9cutif. Edgard Pisani parvient \u00e0 porter ses propositions jusqu&rsquo;au plus haut niveau de l&rsquo;Etat, et obtient l&rsquo;assentiment du G\u00e9n\u00e9ral de Gaulle et le feu vert de Georges Pompidou. L&rsquo;ONF fait ses premiers pas, nous sommes en 1966, et un nouveau chapitre de l&rsquo;histoire des for\u00eats publiques commence.<\/p>\n<p>Cinquante ans plus tard, l&rsquo;ONF, gestionnaire de 1 300 for\u00eats domaniales et de 15 600 for\u00eats de collectivit\u00e9s, est devenu un acteur majeur du d\u00e9veloppement durable en France.<\/p>\n<p>Les forestiers de l&rsquo;ONF expriment leur reconnaissance et leur hommage \u00e0 Edgard Pisani.<\/p>\n<p>&nbsp;<\/p>\n<p>Photo : premier conseil d\u2019administration de l\u2019ONF le 6 janvier 1966 \u00e0 Matignon en pr\u00e9sence d\u2019Edgard Pisani et Georges Pompidou (\u00e0 gauche et Michel Jobert (debout \u00e0 droite)<\/p>\n<p>&nbsp;<\/p>\n","protected":false},"excerpt":{"rendered":"<p>Christian Dubreuil, directeur g\u00e9n\u00e9ral de l\u2019ONF, a salu\u00e9 la m\u00e9moire d\u2019Edgard Pisani, ancien ministre de l\u2019Agriculture et fondateur de l\u2019ONF en 1965-1966. Il a su, en cr\u00e9ant l\u2019Office il y a 50 ans, r\u00e9volutionner la gestion des for\u00eats publiques fran\u00e7aises. Ministre de l&rsquo;Agriculture de 1961 \u00e0 1966, artisan des grandes lois agricoles qui accompagn\u00e8rent la [&hellip;]<\/p>\n","protected":false},"author":17,"featured_media":93200,"comment_status":"closed","ping_status":"closed","sticky":false,"template":"","format":"standard","meta":{"_et_pb_use_builder":"","_et_pb_old_content":"","_et_gb_content_width":"","footnotes":""},"categories":[10530],"tags":[772,2122],"class_list":["post-93199","post","type-post","status-publish","format-standard","has-post-thumbnail","hentry","category-actualites","tag-foret","tag-onf"],"yoast_head":"<!-- This site is optimized with the Yoast SEO plugin v27.4 - https:\/\/yoast.com\/product\/yoast-seo-wordpress\/ -->\n<title>L\u2019ONF salue la m\u00e9moire de son fondateur, Edgard Pisani<\/title>\n<meta name=\"robots\" content=\"index, follow, max-snippet:-1, max-image-preview:large, max-video-preview:-1\" \/>\n<link rel=\"canonical\" href=\"https:\/\/batijournal.com\/index.php\/lonf-salue-memoire-de-fondateur-edgard-pisani\/93199\/\" \/>\n<meta property=\"og:locale\" content=\"fr_FR\" \/>\n<meta property=\"og:type\" content=\"article\" \/>\n<meta property=\"og:title\" content=\"L\u2019ONF salue la m\u00e9moire de son fondateur, Edgard Pisani\" \/>\n<meta property=\"og:description\" content=\"Christian Dubreuil, directeur g\u00e9n\u00e9ral de l\u2019ONF, a salu\u00e9 la m\u00e9moire d\u2019Edgard Pisani, ancien ministre de l\u2019Agriculture et fondateur de l\u2019ONF en 1965-1966. Il a su, en cr\u00e9ant l\u2019Office il y a 50 ans, r\u00e9volutionner la gestion des for\u00eats publiques fran\u00e7aises. Ministre de l&rsquo;Agriculture de 1961 \u00e0 1966, artisan des grandes lois agricoles qui accompagn\u00e8rent la [&hellip;]\" \/>\n<meta property=\"og:url\" content=\"https:\/\/batijournal.com\/index.php\/lonf-salue-memoire-de-fondateur-edgard-pisani\/93199\/\" \/>\n<meta property=\"og:site_name\" content=\"Batijournal\" \/>\n<meta property=\"article:published_time\" content=\"2016-06-24T06:10:54+00:00\" \/>\n<meta property=\"article:modified_time\" content=\"2016-06-24T06:13:26+00:00\" \/>\n<meta property=\"og:image\" content=\"https:\/\/batijournal.com\/wp-content\/uploads\/2016\/06\/fondation-onf.jpeg\" \/>\n\t<meta property=\"og:image:width\" content=\"533\" \/>\n\t<meta property=\"og:image:height\" content=\"328\" \/>\n\t<meta property=\"og:image:type\" content=\"image\/jpeg\" \/>\n<meta name=\"author\" content=\"St\u00e9phane Miget\" \/>\n<meta name=\"twitter:card\" content=\"summary_large_image\" \/>\n<meta name=\"twitter:creator\" content=\"@bati_journal\" \/>\n<meta name=\"twitter:site\" content=\"@bati_journal\" \/>\n<meta name=\"twitter:label1\" content=\"\u00c9crit par\" \/>\n\t<meta name=\"twitter:data1\" content=\"St\u00e9phane Miget\" \/>\n\t<meta name=\"twitter:label2\" content=\"Dur\u00e9e de lecture estim\u00e9e\" \/>\n\t<meta name=\"twitter:data2\" content=\"2 minutes\" \/>\n<script type=\"application\/ld+json\" class=\"yoast-schema-graph\">{\"@context\":\"https:\\\/\\\/schema.org\",\"@graph\":[{\"@type\":\"Article\",\"@id\":\"https:\\\/\\\/batijournal.com\\\/index.php\\\/lonf-salue-memoire-de-fondateur-edgard-pisani\\\/93199\\\/#article\",\"isPartOf\":{\"@id\":\"https:\\\/\\\/batijournal.com\\\/index.php\\\/lonf-salue-memoire-de-fondateur-edgard-pisani\\\/93199\\\/\"},\"author\":{\"name\":\"St\u00e9phane Miget\",\"@id\":\"https:\\\/\\\/batijournal.com\\\/#\\\/schema\\\/person\\\/1dc96ec6957aa1ccb25ebe78bb19f100\"},\"headline\":\"L\u2019ONF salue la m\u00e9moire de son fondateur, Edgard Pisani\",\"datePublished\":\"2016-06-24T06:10:54+00:00\",\"dateModified\":\"2016-06-24T06:13:26+00:00\",\"mainEntityOfPage\":{\"@id\":\"https:\\\/\\\/batijournal.com\\\/index.php\\\/lonf-salue-memoire-de-fondateur-edgard-pisani\\\/93199\\\/\"},\"wordCount\":355,\"image\":{\"@id\":\"https:\\\/\\\/batijournal.com\\\/index.php\\\/lonf-salue-memoire-de-fondateur-edgard-pisani\\\/93199\\\/#primaryimage\"},\"thumbnailUrl\":\"https:\\\/\\\/batijournal.com\\\/wp-content\\\/uploads\\\/2016\\\/06\\\/fondation-onf.jpeg\",\"keywords\":[\"for\u00eat\",\"onf\"],\"articleSection\":[\"Actualit\u00e9s\"],\"inLanguage\":\"fr-FR\"},{\"@type\":\"WebPage\",\"@id\":\"https:\\\/\\\/batijournal.com\\\/index.php\\\/lonf-salue-memoire-de-fondateur-edgard-pisani\\\/93199\\\/\",\"url\":\"https:\\\/\\\/batijournal.com\\\/index.php\\\/lonf-salue-memoire-de-fondateur-edgard-pisani\\\/93199\\\/\",\"name\":\"L\u2019ONF salue la m\u00e9moire de son fondateur, Edgard Pisani\",\"isPartOf\":{\"@id\":\"https:\\\/\\\/batijournal.com\\\/#website\"},\"primaryImageOfPage\":{\"@id\":\"https:\\\/\\\/batijournal.com\\\/index.php\\\/lonf-salue-memoire-de-fondateur-edgard-pisani\\\/93199\\\/#primaryimage\"},\"image\":{\"@id\":\"https:\\\/\\\/batijournal.com\\\/index.php\\\/lonf-salue-memoire-de-fondateur-edgard-pisani\\\/93199\\\/#primaryimage\"},\"thumbnailUrl\":\"https:\\\/\\\/batijournal.com\\\/wp-content\\\/uploads\\\/2016\\\/06\\\/fondation-onf.jpeg\",\"datePublished\":\"2016-06-24T06:10:54+00:00\",\"dateModified\":\"2016-06-24T06:13:26+00:00\",\"author\":{\"@id\":\"https:\\\/\\\/batijournal.com\\\/#\\\/schema\\\/person\\\/1dc96ec6957aa1ccb25ebe78bb19f100\"},\"breadcrumb\":{\"@id\":\"https:\\\/\\\/batijournal.com\\\/index.php\\\/lonf-salue-memoire-de-fondateur-edgard-pisani\\\/93199\\\/#breadcrumb\"},\"inLanguage\":\"fr-FR\",\"potentialAction\":[{\"@type\":\"ReadAction\",\"target\":[\"https:\\\/\\\/batijournal.com\\\/index.php\\\/lonf-salue-memoire-de-fondateur-edgard-pisani\\\/93199\\\/\"]}]},{\"@type\":\"ImageObject\",\"inLanguage\":\"fr-FR\",\"@id\":\"https:\\\/\\\/batijournal.com\\\/index.php\\\/lonf-salue-memoire-de-fondateur-edgard-pisani\\\/93199\\\/#primaryimage\",\"url\":\"https:\\\/\\\/batijournal.com\\\/wp-content\\\/uploads\\\/2016\\\/06\\\/fondation-onf.jpeg\",\"contentUrl\":\"https:\\\/\\\/batijournal.com\\\/wp-content\\\/uploads\\\/2016\\\/06\\\/fondation-onf.jpeg\",\"width\":533,\"height\":328},{\"@type\":\"BreadcrumbList\",\"@id\":\"https:\\\/\\\/batijournal.com\\\/index.php\\\/lonf-salue-memoire-de-fondateur-edgard-pisani\\\/93199\\\/#breadcrumb\",\"itemListElement\":[{\"@type\":\"ListItem\",\"position\":1,\"name\":\"Accueil\",\"item\":\"https:\\\/\\\/batijournal.com\\\/\"},{\"@type\":\"ListItem\",\"position\":2,\"name\":\"Actualit\u00e9s\",\"item\":\"https:\\\/\\\/batijournal.com\\\/index.php\\\/category\\\/actualites\\\/\"},{\"@type\":\"ListItem\",\"position\":3,\"name\":\"L\u2019ONF salue la m\u00e9moire de son fondateur, Edgard Pisani\"}]},{\"@type\":\"WebSite\",\"@id\":\"https:\\\/\\\/batijournal.com\\\/#website\",\"url\":\"https:\\\/\\\/batijournal.com\\\/\",\"name\":\"Batijournal\",\"description\":\"L&#039;actualit\u00e9 du b\u00e2timent\",\"potentialAction\":[{\"@type\":\"SearchAction\",\"target\":{\"@type\":\"EntryPoint\",\"urlTemplate\":\"https:\\\/\\\/batijournal.com\\\/?s={search_term_string}\"},\"query-input\":{\"@type\":\"PropertyValueSpecification\",\"valueRequired\":true,\"valueName\":\"search_term_string\"}}],\"inLanguage\":\"fr-FR\"},{\"@type\":\"Person\",\"@id\":\"https:\\\/\\\/batijournal.com\\\/#\\\/schema\\\/person\\\/1dc96ec6957aa1ccb25ebe78bb19f100\",\"name\":\"St\u00e9phane Miget\",\"image\":{\"@type\":\"ImageObject\",\"inLanguage\":\"fr-FR\",\"@id\":\"https:\\\/\\\/secure.gravatar.com\\\/avatar\\\/89915563d925342126b8ef0281b93d9d7fc337043e8df017f780908eb9644451?s=96&d=mm&r=g\",\"url\":\"https:\\\/\\\/secure.gravatar.com\\\/avatar\\\/89915563d925342126b8ef0281b93d9d7fc337043e8df017f780908eb9644451?s=96&d=mm&r=g\",\"contentUrl\":\"https:\\\/\\\/secure.gravatar.com\\\/avatar\\\/89915563d925342126b8ef0281b93d9d7fc337043e8df017f780908eb9644451?s=96&d=mm&r=g\",\"caption\":\"St\u00e9phane Miget\"},\"url\":\"https:\\\/\\\/batijournal.com\\\/index.php\\\/author\\\/stephane\\\/\"}]}<\/script>\n<!-- \/ Yoast SEO plugin. -->","yoast_head_json":{"title":"L\u2019ONF salue la m\u00e9moire de son fondateur, Edgard Pisani","robots":{"index":"index","follow":"follow","max-snippet":"max-snippet:-1","max-image-preview":"max-image-preview:large","max-video-preview":"max-video-preview:-1"},"canonical":"https:\/\/batijournal.com\/index.php\/lonf-salue-memoire-de-fondateur-edgard-pisani\/93199\/","og_locale":"fr_FR","og_type":"article","og_title":"L\u2019ONF salue la m\u00e9moire de son fondateur, Edgard Pisani","og_description":"Christian Dubreuil, directeur g\u00e9n\u00e9ral de l\u2019ONF, a salu\u00e9 la m\u00e9moire d\u2019Edgard Pisani, ancien ministre de l\u2019Agriculture et fondateur de l\u2019ONF en 1965-1966. Il a su, en cr\u00e9ant l\u2019Office il y a 50 ans, r\u00e9volutionner la gestion des for\u00eats publiques fran\u00e7aises. Ministre de l&rsquo;Agriculture de 1961 \u00e0 1966, artisan des grandes lois agricoles qui accompagn\u00e8rent la [&hellip;]","og_url":"https:\/\/batijournal.com\/index.php\/lonf-salue-memoire-de-fondateur-edgard-pisani\/93199\/","og_site_name":"Batijournal","article_published_time":"2016-06-24T06:10:54+00:00","article_modified_time":"2016-06-24T06:13:26+00:00","og_image":[{"width":533,"height":328,"url":"https:\/\/batijournal.com\/wp-content\/uploads\/2016\/06\/fondation-onf.jpeg","type":"image\/jpeg"}],"author":"St\u00e9phane Miget","twitter_card":"summary_large_image","twitter_creator":"@bati_journal","twitter_site":"@bati_journal","twitter_misc":{"\u00c9crit par":"St\u00e9phane Miget","Dur\u00e9e de lecture estim\u00e9e":"2 minutes"},"schema":{"@context":"https:\/\/schema.org","@graph":[{"@type":"Article","@id":"https:\/\/batijournal.com\/index.php\/lonf-salue-memoire-de-fondateur-edgard-pisani\/93199\/#article","isPartOf":{"@id":"https:\/\/batijournal.com\/index.php\/lonf-salue-memoire-de-fondateur-edgard-pisani\/93199\/"},"author":{"name":"St\u00e9phane Miget","@id":"https:\/\/batijournal.com\/#\/schema\/person\/1dc96ec6957aa1ccb25ebe78bb19f100"},"headline":"L\u2019ONF salue la m\u00e9moire de son fondateur, Edgard Pisani","datePublished":"2016-06-24T06:10:54+00:00","dateModified":"2016-06-24T06:13:26+00:00","mainEntityOfPage":{"@id":"https:\/\/batijournal.com\/index.php\/lonf-salue-memoire-de-fondateur-edgard-pisani\/93199\/"},"wordCount":355,"image":{"@id":"https:\/\/batijournal.com\/index.php\/lonf-salue-memoire-de-fondateur-edgard-pisani\/93199\/#primaryimage"},"thumbnailUrl":"https:\/\/batijournal.com\/wp-content\/uploads\/2016\/06\/fondation-onf.jpeg","keywords":["for\u00eat","onf"],"articleSection":["Actualit\u00e9s"],"inLanguage":"fr-FR"},{"@type":"WebPage","@id":"https:\/\/batijournal.com\/index.php\/lonf-salue-memoire-de-fondateur-edgard-pisani\/93199\/","url":"https:\/\/batijournal.com\/index.php\/lonf-salue-memoire-de-fondateur-edgard-pisani\/93199\/","name":"L\u2019ONF salue la m\u00e9moire de son fondateur, Edgard Pisani","isPartOf":{"@id":"https:\/\/batijournal.com\/#website"},"primaryImageOfPage":{"@id":"https:\/\/batijournal.com\/index.php\/lonf-salue-memoire-de-fondateur-edgard-pisani\/93199\/#primaryimage"},"image":{"@id":"https:\/\/batijournal.com\/index.php\/lonf-salue-memoire-de-fondateur-edgard-pisani\/93199\/#primaryimage"},"thumbnailUrl":"https:\/\/batijournal.com\/wp-content\/uploads\/2016\/06\/fondation-onf.jpeg","datePublished":"2016-06-24T06:10:54+00:00","dateModified":"2016-06-24T06:13:26+00:00","author":{"@id":"https:\/\/batijournal.com\/#\/schema\/person\/1dc96ec6957aa1ccb25ebe78bb19f100"},"breadcrumb":{"@id":"https:\/\/batijournal.com\/index.php\/lonf-salue-memoire-de-fondateur-edgard-pisani\/93199\/#breadcrumb"},"inLanguage":"fr-FR","potentialAction":[{"@type":"ReadAction","target":["https:\/\/batijournal.com\/index.php\/lonf-salue-memoire-de-fondateur-edgard-pisani\/93199\/"]}]},{"@type":"ImageObject","inLanguage":"fr-FR","@id":"https:\/\/batijournal.com\/index.php\/lonf-salue-memoire-de-fondateur-edgard-pisani\/93199\/#primaryimage","url":"https:\/\/batijournal.com\/wp-content\/uploads\/2016\/06\/fondation-onf.jpeg","contentUrl":"https:\/\/batijournal.com\/wp-content\/uploads\/2016\/06\/fondation-onf.jpeg","width":533,"height":328},{"@type":"BreadcrumbList","@id":"https:\/\/batijournal.com\/index.php\/lonf-salue-memoire-de-fondateur-edgard-pisani\/93199\/#breadcrumb","itemListElement":[{"@type":"ListItem","position":1,"name":"Accueil","item":"https:\/\/batijournal.com\/"},{"@type":"ListItem","position":2,"name":"Actualit\u00e9s","item":"https:\/\/batijournal.com\/index.php\/category\/actualites\/"},{"@type":"ListItem","position":3,"name":"L\u2019ONF salue la m\u00e9moire de son fondateur, Edgard Pisani"}]},{"@type":"WebSite","@id":"https:\/\/batijournal.com\/#website","url":"https:\/\/batijournal.com\/","name":"Batijournal","description":"L&#039;actualit\u00e9 du b\u00e2timent","potentialAction":[{"@type":"SearchAction","target":{"@type":"EntryPoint","urlTemplate":"https:\/\/batijournal.com\/?s={search_term_string}"},"query-input":{"@type":"PropertyValueSpecification","valueRequired":true,"valueName":"search_term_string"}}],"inLanguage":"fr-FR"},{"@type":"Person","@id":"https:\/\/batijournal.com\/#\/schema\/person\/1dc96ec6957aa1ccb25ebe78bb19f100","name":"St\u00e9phane Miget","image":{"@type":"ImageObject","inLanguage":"fr-FR","@id":"https:\/\/secure.gravatar.com\/avatar\/89915563d925342126b8ef0281b93d9d7fc337043e8df017f780908eb9644451?s=96&d=mm&r=g","url":"https:\/\/secure.gravatar.com\/avatar\/89915563d925342126b8ef0281b93d9d7fc337043e8df017f780908eb9644451?s=96&d=mm&r=g","contentUrl":"https:\/\/secure.gravatar.com\/avatar\/89915563d925342126b8ef0281b93d9d7fc337043e8df017f780908eb9644451?s=96&d=mm&r=g","caption":"St\u00e9phane Miget"},"url":"https:\/\/batijournal.com\/index.php\/author\/stephane\/"}]}},"_links":{"self":[{"href":"https:\/\/batijournal.com\/index.php\/wp-json\/wp\/v2\/posts\/93199","targetHints":{"allow":["GET"]}}],"collection":[{"href":"https:\/\/batijournal.com\/index.php\/wp-json\/wp\/v2\/posts"}],"about":[{"href":"https:\/\/batijournal.com\/index.php\/wp-json\/wp\/v2\/types\/post"}],"author":[{"embeddable":true,"href":"https:\/\/batijournal.com\/index.php\/wp-json\/wp\/v2\/users\/17"}],"replies":[{"embeddable":true,"href":"https:\/\/batijournal.com\/index.php\/wp-json\/wp\/v2\/comments?post=93199"}],"version-history":[{"count":0,"href":"https:\/\/batijournal.com\/index.php\/wp-json\/wp\/v2\/posts\/93199\/revisions"}],"wp:featuredmedia":[{"embeddable":true,"href":"https:\/\/batijournal.com\/index.php\/wp-json\/wp\/v2\/media\/93200"}],"wp:attachment":[{"href":"https:\/\/batijournal.com\/index.php\/wp-json\/wp\/v2\/media?parent=93199"}],"wp:term":[{"taxonomy":"category","embeddable":true,"href":"https:\/\/batijournal.com\/index.php\/wp-json\/wp\/v2\/categories?post=93199"},{"taxonomy":"post_tag","embeddable":true,"href":"https:\/\/batijournal.com\/index.php\/wp-json\/wp\/v2\/tags?post=93199"}],"curies":[{"name":"wp","href":"https:\/\/api.w.org\/{rel}","templated":true}]}}