{"id":93207,"date":"2016-06-27T06:47:27","date_gmt":"2016-06-27T04:47:27","guid":{"rendered":"http:\/\/batijournal.com\/?p=93207"},"modified":"2016-06-27T06:47:27","modified_gmt":"2016-06-27T04:47:27","slug":"missions-de-lafpa-elargies","status":"publish","type":"post","link":"https:\/\/batijournal.com\/index.php\/missions-de-lafpa-elargies\/93207\/","title":{"rendered":"Les missions de l&rsquo;Afpa \u00e9largies"},"content":{"rendered":"<p><strong>La Secr\u00e9taire d\u2019Etat charg\u00e9e de la Formation professionnelle et de l\u2019Apprentissage, Clotilde Valter, a r\u00e9affirm\u00e9 au Conseil d\u2019Orientation de l\u2019Afpa le 21 juin 2016, le r\u00f4le qu\u2019il entend lui faire jouer dans le service public de l\u2019emploi, en devenant Etablissement public industriel et commercial (Epic) le 1er janvier 2017.\u00a0<\/strong><\/p>\n<p><strong>Les missions confi\u00e9es par l\u2019Etat \u00e0 l\u2019Afpa dans le cadre du service public de l\u2019emploi sont confirm\u00e9es et \u00e9largies autour de 4 piliers\u00a0:<\/strong><\/p>\n<ul>\n<li>L\u2019ing\u00e9nierie de certification professionnelle pour le compte de l\u2019Etat avec un p\u00e9rim\u00e8tre \u00e9largi,<\/li>\n<li>La structuration d\u2019un incubateur des formations aux m\u00e9tiers \u00e9mergents,<\/li>\n<li>Le d\u00e9veloppement d\u2019une expertise prospective pour anticiper, par des Gpec territoriales, les besoins en comp\u00e9tences sur les territoires,<\/li>\n<li>L\u2019appui au conseil en \u00e9volution professionnelle, notamment pour les publics les plus fragiles, avec la possibilit\u00e9 de d\u00e9couverte des m\u00e9tiers, de l\u2019ensemble de ses plateaux de formation et une mise \u00e0 disposition pour les acteurs de l\u2019orientation, de ressources et de m\u00e9thodes d\u2019ing\u00e9nierie de parcours.<\/li>\n<\/ul>\n<p>C\u2019est sur la base de la mise en \u0153uvre de ces missions que sera rendue effective la d\u00e9volution \u00e0 l\u2019Etablissement public, de l\u2019essentiel de l\u2019immobilier aujourd\u2019hui utilis\u00e9 par l\u2019Afpa.<\/p>\n<p>L\u2019Afpa, compos\u00e9e demain d\u2019un EPIC et d\u2019une filiale pour la formation et le conseil pour les entreprises, aura comme aujourd\u2019hui une gouvernance quadripartite, et sera, \u00e0 l\u2019issue du processus d\u2019information-consultation des instances repr\u00e9sentatives du personnel, organis\u00e9e en trois p\u00f4les\u00a0: Ing\u00e9nierie, Formation des demandeurs d\u2019emploi, \u00a0Entreprises.<\/p>\n<p>&nbsp;<\/p>\n","protected":false},"excerpt":{"rendered":"<p>La Secr\u00e9taire d\u2019Etat charg\u00e9e de la Formation professionnelle et de l\u2019Apprentissage, Clotilde Valter, a r\u00e9affirm\u00e9 au Conseil d\u2019Orientation de l\u2019Afpa le 21 juin 2016, le r\u00f4le qu\u2019il entend lui faire jouer dans le service public de l\u2019emploi, en devenant Etablissement public industriel et commercial (Epic) le 1er janvier 2017.\u00a0 Les missions confi\u00e9es par l\u2019Etat \u00e0 [&hellip;]<\/p>\n","protected":false},"author":17,"featured_media":93208,"comment_status":"closed","ping_status":"closed","sticky":false,"template":"","format":"standard","meta":{"_et_pb_use_builder":"","_et_pb_old_content":"","_et_gb_content_width":"","footnotes":""},"categories":[10530],"tags":[517],"class_list":["post-93207","post","type-post","status-publish","format-standard","has-post-thumbnail","hentry","category-actualites","tag-formation"],"yoast_head":"<!-- This site is optimized with the Yoast SEO plugin v27.4 - https:\/\/yoast.com\/product\/yoast-seo-wordpress\/ -->\n<title>Les missions de l&#039;Afpa \u00e9largies<\/title>\n<meta name=\"robots\" content=\"index, follow, max-snippet:-1, max-image-preview:large, max-video-preview:-1\" \/>\n<link rel=\"canonical\" href=\"https:\/\/batijournal.com\/index.php\/missions-de-lafpa-elargies\/93207\/\" \/>\n<meta property=\"og:locale\" content=\"fr_FR\" \/>\n<meta property=\"og:type\" content=\"article\" \/>\n<meta property=\"og:title\" content=\"Les missions de l&#039;Afpa \u00e9largies\" \/>\n<meta property=\"og:description\" content=\"La Secr\u00e9taire d\u2019Etat charg\u00e9e de la Formation professionnelle et de l\u2019Apprentissage, Clotilde Valter, a r\u00e9affirm\u00e9 au Conseil d\u2019Orientation de l\u2019Afpa le 21 juin 2016, le r\u00f4le qu\u2019il entend lui faire jouer dans le service public de l\u2019emploi, en devenant Etablissement public industriel et commercial (Epic) le 1er janvier 2017.\u00a0 Les missions confi\u00e9es par l\u2019Etat \u00e0 [&hellip;]\" \/>\n<meta property=\"og:url\" content=\"https:\/\/batijournal.com\/index.php\/missions-de-lafpa-elargies\/93207\/\" \/>\n<meta property=\"og:site_name\" content=\"Batijournal\" \/>\n<meta property=\"article:published_time\" content=\"2016-06-27T04:47:27+00:00\" \/>\n<meta property=\"og:image\" content=\"https:\/\/batijournal.com\/wp-content\/uploads\/2016\/06\/afpa.png\" \/>\n\t<meta property=\"og:image:width\" content=\"504\" \/>\n\t<meta property=\"og:image:height\" content=\"225\" \/>\n\t<meta property=\"og:image:type\" content=\"image\/png\" \/>\n<meta name=\"author\" content=\"St\u00e9phane Miget\" \/>\n<meta name=\"twitter:card\" content=\"summary_large_image\" \/>\n<meta name=\"twitter:creator\" content=\"@bati_journal\" \/>\n<meta name=\"twitter:site\" content=\"@bati_journal\" \/>\n<meta name=\"twitter:label1\" content=\"\u00c9crit par\" \/>\n\t<meta name=\"twitter:data1\" content=\"St\u00e9phane Miget\" \/>\n\t<meta name=\"twitter:label2\" content=\"Dur\u00e9e de lecture estim\u00e9e\" \/>\n\t<meta name=\"twitter:data2\" content=\"1 minute\" \/>\n<script type=\"application\/ld+json\" class=\"yoast-schema-graph\">{\"@context\":\"https:\\\/\\\/schema.org\",\"@graph\":[{\"@type\":\"Article\",\"@id\":\"https:\\\/\\\/batijournal.com\\\/index.php\\\/missions-de-lafpa-elargies\\\/93207\\\/#article\",\"isPartOf\":{\"@id\":\"https:\\\/\\\/batijournal.com\\\/index.php\\\/missions-de-lafpa-elargies\\\/93207\\\/\"},\"author\":{\"name\":\"St\u00e9phane Miget\",\"@id\":\"https:\\\/\\\/batijournal.com\\\/#\\\/schema\\\/person\\\/1dc96ec6957aa1ccb25ebe78bb19f100\"},\"headline\":\"Les missions de l&rsquo;Afpa \u00e9largies\",\"datePublished\":\"2016-06-27T04:47:27+00:00\",\"mainEntityOfPage\":{\"@id\":\"https:\\\/\\\/batijournal.com\\\/index.php\\\/missions-de-lafpa-elargies\\\/93207\\\/\"},\"wordCount\":282,\"image\":{\"@id\":\"https:\\\/\\\/batijournal.com\\\/index.php\\\/missions-de-lafpa-elargies\\\/93207\\\/#primaryimage\"},\"thumbnailUrl\":\"https:\\\/\\\/batijournal.com\\\/wp-content\\\/uploads\\\/2016\\\/06\\\/afpa.png\",\"keywords\":[\"formation\"],\"articleSection\":[\"Actualit\u00e9s\"],\"inLanguage\":\"fr-FR\"},{\"@type\":\"WebPage\",\"@id\":\"https:\\\/\\\/batijournal.com\\\/index.php\\\/missions-de-lafpa-elargies\\\/93207\\\/\",\"url\":\"https:\\\/\\\/batijournal.com\\\/index.php\\\/missions-de-lafpa-elargies\\\/93207\\\/\",\"name\":\"Les missions de l'Afpa \u00e9largies\",\"isPartOf\":{\"@id\":\"https:\\\/\\\/batijournal.com\\\/#website\"},\"primaryImageOfPage\":{\"@id\":\"https:\\\/\\\/batijournal.com\\\/index.php\\\/missions-de-lafpa-elargies\\\/93207\\\/#primaryimage\"},\"image\":{\"@id\":\"https:\\\/\\\/batijournal.com\\\/index.php\\\/missions-de-lafpa-elargies\\\/93207\\\/#primaryimage\"},\"thumbnailUrl\":\"https:\\\/\\\/batijournal.com\\\/wp-content\\\/uploads\\\/2016\\\/06\\\/afpa.png\",\"datePublished\":\"2016-06-27T04:47:27+00:00\",\"author\":{\"@id\":\"https:\\\/\\\/batijournal.com\\\/#\\\/schema\\\/person\\\/1dc96ec6957aa1ccb25ebe78bb19f100\"},\"breadcrumb\":{\"@id\":\"https:\\\/\\\/batijournal.com\\\/index.php\\\/missions-de-lafpa-elargies\\\/93207\\\/#breadcrumb\"},\"inLanguage\":\"fr-FR\",\"potentialAction\":[{\"@type\":\"ReadAction\",\"target\":[\"https:\\\/\\\/batijournal.com\\\/index.php\\\/missions-de-lafpa-elargies\\\/93207\\\/\"]}]},{\"@type\":\"ImageObject\",\"inLanguage\":\"fr-FR\",\"@id\":\"https:\\\/\\\/batijournal.com\\\/index.php\\\/missions-de-lafpa-elargies\\\/93207\\\/#primaryimage\",\"url\":\"https:\\\/\\\/batijournal.com\\\/wp-content\\\/uploads\\\/2016\\\/06\\\/afpa.png\",\"contentUrl\":\"https:\\\/\\\/batijournal.com\\\/wp-content\\\/uploads\\\/2016\\\/06\\\/afpa.png\",\"width\":504,\"height\":225},{\"@type\":\"BreadcrumbList\",\"@id\":\"https:\\\/\\\/batijournal.com\\\/index.php\\\/missions-de-lafpa-elargies\\\/93207\\\/#breadcrumb\",\"itemListElement\":[{\"@type\":\"ListItem\",\"position\":1,\"name\":\"Accueil\",\"item\":\"https:\\\/\\\/batijournal.com\\\/\"},{\"@type\":\"ListItem\",\"position\":2,\"name\":\"Actualit\u00e9s\",\"item\":\"https:\\\/\\\/batijournal.com\\\/index.php\\\/category\\\/actualites\\\/\"},{\"@type\":\"ListItem\",\"position\":3,\"name\":\"Les missions de l&rsquo;Afpa \u00e9largies\"}]},{\"@type\":\"WebSite\",\"@id\":\"https:\\\/\\\/batijournal.com\\\/#website\",\"url\":\"https:\\\/\\\/batijournal.com\\\/\",\"name\":\"Batijournal\",\"description\":\"L&#039;actualit\u00e9 du b\u00e2timent\",\"potentialAction\":[{\"@type\":\"SearchAction\",\"target\":{\"@type\":\"EntryPoint\",\"urlTemplate\":\"https:\\\/\\\/batijournal.com\\\/?s={search_term_string}\"},\"query-input\":{\"@type\":\"PropertyValueSpecification\",\"valueRequired\":true,\"valueName\":\"search_term_string\"}}],\"inLanguage\":\"fr-FR\"},{\"@type\":\"Person\",\"@id\":\"https:\\\/\\\/batijournal.com\\\/#\\\/schema\\\/person\\\/1dc96ec6957aa1ccb25ebe78bb19f100\",\"name\":\"St\u00e9phane Miget\",\"image\":{\"@type\":\"ImageObject\",\"inLanguage\":\"fr-FR\",\"@id\":\"https:\\\/\\\/secure.gravatar.com\\\/avatar\\\/89915563d925342126b8ef0281b93d9d7fc337043e8df017f780908eb9644451?s=96&d=mm&r=g\",\"url\":\"https:\\\/\\\/secure.gravatar.com\\\/avatar\\\/89915563d925342126b8ef0281b93d9d7fc337043e8df017f780908eb9644451?s=96&d=mm&r=g\",\"contentUrl\":\"https:\\\/\\\/secure.gravatar.com\\\/avatar\\\/89915563d925342126b8ef0281b93d9d7fc337043e8df017f780908eb9644451?s=96&d=mm&r=g\",\"caption\":\"St\u00e9phane Miget\"},\"url\":\"https:\\\/\\\/batijournal.com\\\/index.php\\\/author\\\/stephane\\\/\"}]}<\/script>\n<!-- \/ Yoast SEO plugin. -->","yoast_head_json":{"title":"Les missions de l'Afpa \u00e9largies","robots":{"index":"index","follow":"follow","max-snippet":"max-snippet:-1","max-image-preview":"max-image-preview:large","max-video-preview":"max-video-preview:-1"},"canonical":"https:\/\/batijournal.com\/index.php\/missions-de-lafpa-elargies\/93207\/","og_locale":"fr_FR","og_type":"article","og_title":"Les missions de l'Afpa \u00e9largies","og_description":"La Secr\u00e9taire d\u2019Etat charg\u00e9e de la Formation professionnelle et de l\u2019Apprentissage, Clotilde Valter, a r\u00e9affirm\u00e9 au Conseil d\u2019Orientation de l\u2019Afpa le 21 juin 2016, le r\u00f4le qu\u2019il entend lui faire jouer dans le service public de l\u2019emploi, en devenant Etablissement public industriel et commercial (Epic) le 1er janvier 2017.\u00a0 Les missions confi\u00e9es par l\u2019Etat \u00e0 [&hellip;]","og_url":"https:\/\/batijournal.com\/index.php\/missions-de-lafpa-elargies\/93207\/","og_site_name":"Batijournal","article_published_time":"2016-06-27T04:47:27+00:00","og_image":[{"width":504,"height":225,"url":"https:\/\/batijournal.com\/wp-content\/uploads\/2016\/06\/afpa.png","type":"image\/png"}],"author":"St\u00e9phane Miget","twitter_card":"summary_large_image","twitter_creator":"@bati_journal","twitter_site":"@bati_journal","twitter_misc":{"\u00c9crit par":"St\u00e9phane Miget","Dur\u00e9e de lecture estim\u00e9e":"1 minute"},"schema":{"@context":"https:\/\/schema.org","@graph":[{"@type":"Article","@id":"https:\/\/batijournal.com\/index.php\/missions-de-lafpa-elargies\/93207\/#article","isPartOf":{"@id":"https:\/\/batijournal.com\/index.php\/missions-de-lafpa-elargies\/93207\/"},"author":{"name":"St\u00e9phane Miget","@id":"https:\/\/batijournal.com\/#\/schema\/person\/1dc96ec6957aa1ccb25ebe78bb19f100"},"headline":"Les missions de l&rsquo;Afpa \u00e9largies","datePublished":"2016-06-27T04:47:27+00:00","mainEntityOfPage":{"@id":"https:\/\/batijournal.com\/index.php\/missions-de-lafpa-elargies\/93207\/"},"wordCount":282,"image":{"@id":"https:\/\/batijournal.com\/index.php\/missions-de-lafpa-elargies\/93207\/#primaryimage"},"thumbnailUrl":"https:\/\/batijournal.com\/wp-content\/uploads\/2016\/06\/afpa.png","keywords":["formation"],"articleSection":["Actualit\u00e9s"],"inLanguage":"fr-FR"},{"@type":"WebPage","@id":"https:\/\/batijournal.com\/index.php\/missions-de-lafpa-elargies\/93207\/","url":"https:\/\/batijournal.com\/index.php\/missions-de-lafpa-elargies\/93207\/","name":"Les missions de l'Afpa \u00e9largies","isPartOf":{"@id":"https:\/\/batijournal.com\/#website"},"primaryImageOfPage":{"@id":"https:\/\/batijournal.com\/index.php\/missions-de-lafpa-elargies\/93207\/#primaryimage"},"image":{"@id":"https:\/\/batijournal.com\/index.php\/missions-de-lafpa-elargies\/93207\/#primaryimage"},"thumbnailUrl":"https:\/\/batijournal.com\/wp-content\/uploads\/2016\/06\/afpa.png","datePublished":"2016-06-27T04:47:27+00:00","author":{"@id":"https:\/\/batijournal.com\/#\/schema\/person\/1dc96ec6957aa1ccb25ebe78bb19f100"},"breadcrumb":{"@id":"https:\/\/batijournal.com\/index.php\/missions-de-lafpa-elargies\/93207\/#breadcrumb"},"inLanguage":"fr-FR","potentialAction":[{"@type":"ReadAction","target":["https:\/\/batijournal.com\/index.php\/missions-de-lafpa-elargies\/93207\/"]}]},{"@type":"ImageObject","inLanguage":"fr-FR","@id":"https:\/\/batijournal.com\/index.php\/missions-de-lafpa-elargies\/93207\/#primaryimage","url":"https:\/\/batijournal.com\/wp-content\/uploads\/2016\/06\/afpa.png","contentUrl":"https:\/\/batijournal.com\/wp-content\/uploads\/2016\/06\/afpa.png","width":504,"height":225},{"@type":"BreadcrumbList","@id":"https:\/\/batijournal.com\/index.php\/missions-de-lafpa-elargies\/93207\/#breadcrumb","itemListElement":[{"@type":"ListItem","position":1,"name":"Accueil","item":"https:\/\/batijournal.com\/"},{"@type":"ListItem","position":2,"name":"Actualit\u00e9s","item":"https:\/\/batijournal.com\/index.php\/category\/actualites\/"},{"@type":"ListItem","position":3,"name":"Les missions de l&rsquo;Afpa \u00e9largies"}]},{"@type":"WebSite","@id":"https:\/\/batijournal.com\/#website","url":"https:\/\/batijournal.com\/","name":"Batijournal","description":"L&#039;actualit\u00e9 du b\u00e2timent","potentialAction":[{"@type":"SearchAction","target":{"@type":"EntryPoint","urlTemplate":"https:\/\/batijournal.com\/?s={search_term_string}"},"query-input":{"@type":"PropertyValueSpecification","valueRequired":true,"valueName":"search_term_string"}}],"inLanguage":"fr-FR"},{"@type":"Person","@id":"https:\/\/batijournal.com\/#\/schema\/person\/1dc96ec6957aa1ccb25ebe78bb19f100","name":"St\u00e9phane Miget","image":{"@type":"ImageObject","inLanguage":"fr-FR","@id":"https:\/\/secure.gravatar.com\/avatar\/89915563d925342126b8ef0281b93d9d7fc337043e8df017f780908eb9644451?s=96&d=mm&r=g","url":"https:\/\/secure.gravatar.com\/avatar\/89915563d925342126b8ef0281b93d9d7fc337043e8df017f780908eb9644451?s=96&d=mm&r=g","contentUrl":"https:\/\/secure.gravatar.com\/avatar\/89915563d925342126b8ef0281b93d9d7fc337043e8df017f780908eb9644451?s=96&d=mm&r=g","caption":"St\u00e9phane Miget"},"url":"https:\/\/batijournal.com\/index.php\/author\/stephane\/"}]}},"_links":{"self":[{"href":"https:\/\/batijournal.com\/index.php\/wp-json\/wp\/v2\/posts\/93207","targetHints":{"allow":["GET"]}}],"collection":[{"href":"https:\/\/batijournal.com\/index.php\/wp-json\/wp\/v2\/posts"}],"about":[{"href":"https:\/\/batijournal.com\/index.php\/wp-json\/wp\/v2\/types\/post"}],"author":[{"embeddable":true,"href":"https:\/\/batijournal.com\/index.php\/wp-json\/wp\/v2\/users\/17"}],"replies":[{"embeddable":true,"href":"https:\/\/batijournal.com\/index.php\/wp-json\/wp\/v2\/comments?post=93207"}],"version-history":[{"count":0,"href":"https:\/\/batijournal.com\/index.php\/wp-json\/wp\/v2\/posts\/93207\/revisions"}],"wp:featuredmedia":[{"embeddable":true,"href":"https:\/\/batijournal.com\/index.php\/wp-json\/wp\/v2\/media\/93208"}],"wp:attachment":[{"href":"https:\/\/batijournal.com\/index.php\/wp-json\/wp\/v2\/media?parent=93207"}],"wp:term":[{"taxonomy":"category","embeddable":true,"href":"https:\/\/batijournal.com\/index.php\/wp-json\/wp\/v2\/categories?post=93207"},{"taxonomy":"post_tag","embeddable":true,"href":"https:\/\/batijournal.com\/index.php\/wp-json\/wp\/v2\/tags?post=93207"}],"curies":[{"name":"wp","href":"https:\/\/api.w.org\/{rel}","templated":true}]}}