{"id":93209,"date":"2016-06-27T06:53:07","date_gmt":"2016-06-27T04:53:07","guid":{"rendered":"http:\/\/batijournal.com\/?p=93209"},"modified":"2016-06-27T06:53:07","modified_gmt":"2016-06-27T04:53:07","slug":"intercommunalites-associees-plan-de-mobilisation-energies-logement-abordable-lhabitat-durable","status":"publish","type":"post","link":"https:\/\/batijournal.com\/index.php\/intercommunalites-associees-plan-de-mobilisation-energies-logement-abordable-lhabitat-durable\/93209\/","title":{"rendered":"Les intercommunalit\u00e9s associ\u00e9es au plan de mobilisation des \u00e9nergies pour le logement abordable et l\u2019habitat durable"},"content":{"rendered":"<p>Pour contribuer \u00e0 l\u2019objectif de logement de 115 000 personnes par la mobilisation de 50 000 logements en trois ans, l\u2019Etat va s\u2019engager aux c\u00f4t\u00e9s des collectivit\u00e9s qui ont lanc\u00e9 des dispositifs d\u2019incitation et de soutien financier aux propri\u00e9taires ayant des logements vacants. Ainsi, un \u00ab R\u00e9seau des collectivit\u00e9s territoriales pour la mobilisation des logements vacants \u00bb sera lanc\u00e9 par l\u2019AdCF et le minist\u00e8re du Logement et de l\u2019Habitat durable. Les initiatives et bonnes pratiques des collectivit\u00e9s y seront expos\u00e9es et partag\u00e9es afin d\u2019aboutir \u00e0 la production d\u2019un \u00ab cahier d\u2019exemples \u00bb d\u2019initiatives locales.<\/p>\n<p>Emmanuelle Cosse lancera \u00e0 la rentr\u00e9e, avec S\u00e9gol\u00e8ne Royal, un club des initiatives locales pour la r\u00e9novation \u00e9nerg\u00e9tique qui s\u2019appuiera sur l\u2019Agence nationale de l\u2019habitat (Anah) et l\u2019Ademe.<\/p>\n<p>Afin de soutenir la r\u00e9novation \u00e9nerg\u00e9tique des copropri\u00e9t\u00e9s dites fragiles, un programme national d\u2019action sera engag\u00e9. Les modalit\u00e9s d\u2019intervention de l\u2019Anah seront adapt\u00e9es pour lui permettre de subventionner, comme dans le cadre des copropri\u00e9t\u00e9s d\u00e9grad\u00e9es, l\u2019ing\u00e9nierie et des travaux dans des parties communes.<\/p>\n","protected":false},"excerpt":{"rendered":"<p>Pour contribuer \u00e0 l\u2019objectif de logement de 115 000 personnes par la mobilisation de 50 000 logements en trois ans, l\u2019Etat va s\u2019engager aux c\u00f4t\u00e9s des collectivit\u00e9s qui ont lanc\u00e9 des dispositifs d\u2019incitation et de soutien financier aux propri\u00e9taires ayant des logements vacants. Ainsi, un \u00ab R\u00e9seau des collectivit\u00e9s territoriales pour la mobilisation des logements [&hellip;]<\/p>\n","protected":false},"author":17,"featured_media":86453,"comment_status":"closed","ping_status":"closed","sticky":false,"template":"","format":"standard","meta":{"_et_pb_use_builder":"","_et_pb_old_content":"","_et_gb_content_width":"","footnotes":""},"categories":[10530],"tags":[1683],"class_list":["post-93209","post","type-post","status-publish","format-standard","has-post-thumbnail","hentry","category-actualites","tag-renovation-energetique"],"yoast_head":"<!-- This site is optimized with the Yoast SEO plugin v27.4 - https:\/\/yoast.com\/product\/yoast-seo-wordpress\/ -->\n<title>Les intercommunalit\u00e9s associ\u00e9es au plan de mobilisation des \u00e9nergies pour le logement abordable et l\u2019habitat durable<\/title>\n<meta name=\"robots\" content=\"index, follow, max-snippet:-1, max-image-preview:large, max-video-preview:-1\" \/>\n<link rel=\"canonical\" href=\"https:\/\/batijournal.com\/index.php\/intercommunalites-associees-plan-de-mobilisation-energies-logement-abordable-lhabitat-durable\/93209\/\" \/>\n<meta property=\"og:locale\" content=\"fr_FR\" \/>\n<meta property=\"og:type\" content=\"article\" \/>\n<meta property=\"og:title\" content=\"Les intercommunalit\u00e9s associ\u00e9es au plan de mobilisation des \u00e9nergies pour le logement abordable et l\u2019habitat durable\" \/>\n<meta property=\"og:description\" content=\"Pour contribuer \u00e0 l\u2019objectif de logement de 115 000 personnes par la mobilisation de 50 000 logements en trois ans, l\u2019Etat va s\u2019engager aux c\u00f4t\u00e9s des collectivit\u00e9s qui ont lanc\u00e9 des dispositifs d\u2019incitation et de soutien financier aux propri\u00e9taires ayant des logements vacants. Ainsi, un \u00ab R\u00e9seau des collectivit\u00e9s territoriales pour la mobilisation des logements [&hellip;]\" \/>\n<meta property=\"og:url\" content=\"https:\/\/batijournal.com\/index.php\/intercommunalites-associees-plan-de-mobilisation-energies-logement-abordable-lhabitat-durable\/93209\/\" \/>\n<meta property=\"og:site_name\" content=\"Batijournal\" \/>\n<meta property=\"article:published_time\" content=\"2016-06-27T04:53:07+00:00\" \/>\n<meta property=\"og:image\" content=\"https:\/\/batijournal.com\/wp-content\/uploads\/2015\/03\/97273383.jpg\" \/>\n\t<meta property=\"og:image:width\" content=\"600\" \/>\n\t<meta property=\"og:image:height\" content=\"560\" \/>\n\t<meta property=\"og:image:type\" content=\"image\/jpeg\" \/>\n<meta name=\"author\" content=\"St\u00e9phane Miget\" \/>\n<meta name=\"twitter:card\" content=\"summary_large_image\" \/>\n<meta name=\"twitter:creator\" content=\"@bati_journal\" \/>\n<meta name=\"twitter:site\" content=\"@bati_journal\" \/>\n<meta name=\"twitter:label1\" content=\"\u00c9crit par\" \/>\n\t<meta name=\"twitter:data1\" content=\"St\u00e9phane Miget\" \/>\n\t<meta name=\"twitter:label2\" content=\"Dur\u00e9e de lecture estim\u00e9e\" \/>\n\t<meta name=\"twitter:data2\" content=\"1 minute\" \/>\n<script type=\"application\/ld+json\" class=\"yoast-schema-graph\">{\"@context\":\"https:\\\/\\\/schema.org\",\"@graph\":[{\"@type\":\"Article\",\"@id\":\"https:\\\/\\\/batijournal.com\\\/index.php\\\/intercommunalites-associees-plan-de-mobilisation-energies-logement-abordable-lhabitat-durable\\\/93209\\\/#article\",\"isPartOf\":{\"@id\":\"https:\\\/\\\/batijournal.com\\\/index.php\\\/intercommunalites-associees-plan-de-mobilisation-energies-logement-abordable-lhabitat-durable\\\/93209\\\/\"},\"author\":{\"name\":\"St\u00e9phane Miget\",\"@id\":\"https:\\\/\\\/batijournal.com\\\/#\\\/schema\\\/person\\\/1dc96ec6957aa1ccb25ebe78bb19f100\"},\"headline\":\"Les intercommunalit\u00e9s associ\u00e9es au plan de mobilisation des \u00e9nergies pour le logement abordable et l\u2019habitat durable\",\"datePublished\":\"2016-06-27T04:53:07+00:00\",\"mainEntityOfPage\":{\"@id\":\"https:\\\/\\\/batijournal.com\\\/index.php\\\/intercommunalites-associees-plan-de-mobilisation-energies-logement-abordable-lhabitat-durable\\\/93209\\\/\"},\"wordCount\":217,\"image\":{\"@id\":\"https:\\\/\\\/batijournal.com\\\/index.php\\\/intercommunalites-associees-plan-de-mobilisation-energies-logement-abordable-lhabitat-durable\\\/93209\\\/#primaryimage\"},\"thumbnailUrl\":\"https:\\\/\\\/batijournal.com\\\/wp-content\\\/uploads\\\/2015\\\/03\\\/97273383.jpg\",\"keywords\":[\"renovation energetique\"],\"articleSection\":[\"Actualit\u00e9s\"],\"inLanguage\":\"fr-FR\"},{\"@type\":\"WebPage\",\"@id\":\"https:\\\/\\\/batijournal.com\\\/index.php\\\/intercommunalites-associees-plan-de-mobilisation-energies-logement-abordable-lhabitat-durable\\\/93209\\\/\",\"url\":\"https:\\\/\\\/batijournal.com\\\/index.php\\\/intercommunalites-associees-plan-de-mobilisation-energies-logement-abordable-lhabitat-durable\\\/93209\\\/\",\"name\":\"Les intercommunalit\u00e9s associ\u00e9es au plan de mobilisation des \u00e9nergies pour le logement abordable et l\u2019habitat durable\",\"isPartOf\":{\"@id\":\"https:\\\/\\\/batijournal.com\\\/#website\"},\"primaryImageOfPage\":{\"@id\":\"https:\\\/\\\/batijournal.com\\\/index.php\\\/intercommunalites-associees-plan-de-mobilisation-energies-logement-abordable-lhabitat-durable\\\/93209\\\/#primaryimage\"},\"image\":{\"@id\":\"https:\\\/\\\/batijournal.com\\\/index.php\\\/intercommunalites-associees-plan-de-mobilisation-energies-logement-abordable-lhabitat-durable\\\/93209\\\/#primaryimage\"},\"thumbnailUrl\":\"https:\\\/\\\/batijournal.com\\\/wp-content\\\/uploads\\\/2015\\\/03\\\/97273383.jpg\",\"datePublished\":\"2016-06-27T04:53:07+00:00\",\"author\":{\"@id\":\"https:\\\/\\\/batijournal.com\\\/#\\\/schema\\\/person\\\/1dc96ec6957aa1ccb25ebe78bb19f100\"},\"breadcrumb\":{\"@id\":\"https:\\\/\\\/batijournal.com\\\/index.php\\\/intercommunalites-associees-plan-de-mobilisation-energies-logement-abordable-lhabitat-durable\\\/93209\\\/#breadcrumb\"},\"inLanguage\":\"fr-FR\",\"potentialAction\":[{\"@type\":\"ReadAction\",\"target\":[\"https:\\\/\\\/batijournal.com\\\/index.php\\\/intercommunalites-associees-plan-de-mobilisation-energies-logement-abordable-lhabitat-durable\\\/93209\\\/\"]}]},{\"@type\":\"ImageObject\",\"inLanguage\":\"fr-FR\",\"@id\":\"https:\\\/\\\/batijournal.com\\\/index.php\\\/intercommunalites-associees-plan-de-mobilisation-energies-logement-abordable-lhabitat-durable\\\/93209\\\/#primaryimage\",\"url\":\"https:\\\/\\\/batijournal.com\\\/wp-content\\\/uploads\\\/2015\\\/03\\\/97273383.jpg\",\"contentUrl\":\"https:\\\/\\\/batijournal.com\\\/wp-content\\\/uploads\\\/2015\\\/03\\\/97273383.jpg\",\"width\":600,\"height\":560,\"caption\":\"r\u00e9novation\"},{\"@type\":\"BreadcrumbList\",\"@id\":\"https:\\\/\\\/batijournal.com\\\/index.php\\\/intercommunalites-associees-plan-de-mobilisation-energies-logement-abordable-lhabitat-durable\\\/93209\\\/#breadcrumb\",\"itemListElement\":[{\"@type\":\"ListItem\",\"position\":1,\"name\":\"Accueil\",\"item\":\"https:\\\/\\\/batijournal.com\\\/\"},{\"@type\":\"ListItem\",\"position\":2,\"name\":\"Actualit\u00e9s\",\"item\":\"https:\\\/\\\/batijournal.com\\\/index.php\\\/category\\\/actualites\\\/\"},{\"@type\":\"ListItem\",\"position\":3,\"name\":\"Les intercommunalit\u00e9s associ\u00e9es au plan de mobilisation des \u00e9nergies pour le logement abordable et l\u2019habitat durable\"}]},{\"@type\":\"WebSite\",\"@id\":\"https:\\\/\\\/batijournal.com\\\/#website\",\"url\":\"https:\\\/\\\/batijournal.com\\\/\",\"name\":\"Batijournal\",\"description\":\"L&#039;actualit\u00e9 du b\u00e2timent\",\"potentialAction\":[{\"@type\":\"SearchAction\",\"target\":{\"@type\":\"EntryPoint\",\"urlTemplate\":\"https:\\\/\\\/batijournal.com\\\/?s={search_term_string}\"},\"query-input\":{\"@type\":\"PropertyValueSpecification\",\"valueRequired\":true,\"valueName\":\"search_term_string\"}}],\"inLanguage\":\"fr-FR\"},{\"@type\":\"Person\",\"@id\":\"https:\\\/\\\/batijournal.com\\\/#\\\/schema\\\/person\\\/1dc96ec6957aa1ccb25ebe78bb19f100\",\"name\":\"St\u00e9phane Miget\",\"image\":{\"@type\":\"ImageObject\",\"inLanguage\":\"fr-FR\",\"@id\":\"https:\\\/\\\/secure.gravatar.com\\\/avatar\\\/89915563d925342126b8ef0281b93d9d7fc337043e8df017f780908eb9644451?s=96&d=mm&r=g\",\"url\":\"https:\\\/\\\/secure.gravatar.com\\\/avatar\\\/89915563d925342126b8ef0281b93d9d7fc337043e8df017f780908eb9644451?s=96&d=mm&r=g\",\"contentUrl\":\"https:\\\/\\\/secure.gravatar.com\\\/avatar\\\/89915563d925342126b8ef0281b93d9d7fc337043e8df017f780908eb9644451?s=96&d=mm&r=g\",\"caption\":\"St\u00e9phane Miget\"},\"url\":\"https:\\\/\\\/batijournal.com\\\/index.php\\\/author\\\/stephane\\\/\"}]}<\/script>\n<!-- \/ Yoast SEO plugin. -->","yoast_head_json":{"title":"Les intercommunalit\u00e9s associ\u00e9es au plan de mobilisation des \u00e9nergies pour le logement abordable et l\u2019habitat durable","robots":{"index":"index","follow":"follow","max-snippet":"max-snippet:-1","max-image-preview":"max-image-preview:large","max-video-preview":"max-video-preview:-1"},"canonical":"https:\/\/batijournal.com\/index.php\/intercommunalites-associees-plan-de-mobilisation-energies-logement-abordable-lhabitat-durable\/93209\/","og_locale":"fr_FR","og_type":"article","og_title":"Les intercommunalit\u00e9s associ\u00e9es au plan de mobilisation des \u00e9nergies pour le logement abordable et l\u2019habitat durable","og_description":"Pour contribuer \u00e0 l\u2019objectif de logement de 115 000 personnes par la mobilisation de 50 000 logements en trois ans, l\u2019Etat va s\u2019engager aux c\u00f4t\u00e9s des collectivit\u00e9s qui ont lanc\u00e9 des dispositifs d\u2019incitation et de soutien financier aux propri\u00e9taires ayant des logements vacants. Ainsi, un \u00ab R\u00e9seau des collectivit\u00e9s territoriales pour la mobilisation des logements [&hellip;]","og_url":"https:\/\/batijournal.com\/index.php\/intercommunalites-associees-plan-de-mobilisation-energies-logement-abordable-lhabitat-durable\/93209\/","og_site_name":"Batijournal","article_published_time":"2016-06-27T04:53:07+00:00","og_image":[{"width":600,"height":560,"url":"https:\/\/batijournal.com\/wp-content\/uploads\/2015\/03\/97273383.jpg","type":"image\/jpeg"}],"author":"St\u00e9phane Miget","twitter_card":"summary_large_image","twitter_creator":"@bati_journal","twitter_site":"@bati_journal","twitter_misc":{"\u00c9crit par":"St\u00e9phane Miget","Dur\u00e9e de lecture estim\u00e9e":"1 minute"},"schema":{"@context":"https:\/\/schema.org","@graph":[{"@type":"Article","@id":"https:\/\/batijournal.com\/index.php\/intercommunalites-associees-plan-de-mobilisation-energies-logement-abordable-lhabitat-durable\/93209\/#article","isPartOf":{"@id":"https:\/\/batijournal.com\/index.php\/intercommunalites-associees-plan-de-mobilisation-energies-logement-abordable-lhabitat-durable\/93209\/"},"author":{"name":"St\u00e9phane Miget","@id":"https:\/\/batijournal.com\/#\/schema\/person\/1dc96ec6957aa1ccb25ebe78bb19f100"},"headline":"Les intercommunalit\u00e9s associ\u00e9es au plan de mobilisation des \u00e9nergies pour le logement abordable et l\u2019habitat durable","datePublished":"2016-06-27T04:53:07+00:00","mainEntityOfPage":{"@id":"https:\/\/batijournal.com\/index.php\/intercommunalites-associees-plan-de-mobilisation-energies-logement-abordable-lhabitat-durable\/93209\/"},"wordCount":217,"image":{"@id":"https:\/\/batijournal.com\/index.php\/intercommunalites-associees-plan-de-mobilisation-energies-logement-abordable-lhabitat-durable\/93209\/#primaryimage"},"thumbnailUrl":"https:\/\/batijournal.com\/wp-content\/uploads\/2015\/03\/97273383.jpg","keywords":["renovation energetique"],"articleSection":["Actualit\u00e9s"],"inLanguage":"fr-FR"},{"@type":"WebPage","@id":"https:\/\/batijournal.com\/index.php\/intercommunalites-associees-plan-de-mobilisation-energies-logement-abordable-lhabitat-durable\/93209\/","url":"https:\/\/batijournal.com\/index.php\/intercommunalites-associees-plan-de-mobilisation-energies-logement-abordable-lhabitat-durable\/93209\/","name":"Les intercommunalit\u00e9s associ\u00e9es au plan de mobilisation des \u00e9nergies pour le logement abordable et l\u2019habitat durable","isPartOf":{"@id":"https:\/\/batijournal.com\/#website"},"primaryImageOfPage":{"@id":"https:\/\/batijournal.com\/index.php\/intercommunalites-associees-plan-de-mobilisation-energies-logement-abordable-lhabitat-durable\/93209\/#primaryimage"},"image":{"@id":"https:\/\/batijournal.com\/index.php\/intercommunalites-associees-plan-de-mobilisation-energies-logement-abordable-lhabitat-durable\/93209\/#primaryimage"},"thumbnailUrl":"https:\/\/batijournal.com\/wp-content\/uploads\/2015\/03\/97273383.jpg","datePublished":"2016-06-27T04:53:07+00:00","author":{"@id":"https:\/\/batijournal.com\/#\/schema\/person\/1dc96ec6957aa1ccb25ebe78bb19f100"},"breadcrumb":{"@id":"https:\/\/batijournal.com\/index.php\/intercommunalites-associees-plan-de-mobilisation-energies-logement-abordable-lhabitat-durable\/93209\/#breadcrumb"},"inLanguage":"fr-FR","potentialAction":[{"@type":"ReadAction","target":["https:\/\/batijournal.com\/index.php\/intercommunalites-associees-plan-de-mobilisation-energies-logement-abordable-lhabitat-durable\/93209\/"]}]},{"@type":"ImageObject","inLanguage":"fr-FR","@id":"https:\/\/batijournal.com\/index.php\/intercommunalites-associees-plan-de-mobilisation-energies-logement-abordable-lhabitat-durable\/93209\/#primaryimage","url":"https:\/\/batijournal.com\/wp-content\/uploads\/2015\/03\/97273383.jpg","contentUrl":"https:\/\/batijournal.com\/wp-content\/uploads\/2015\/03\/97273383.jpg","width":600,"height":560,"caption":"r\u00e9novation"},{"@type":"BreadcrumbList","@id":"https:\/\/batijournal.com\/index.php\/intercommunalites-associees-plan-de-mobilisation-energies-logement-abordable-lhabitat-durable\/93209\/#breadcrumb","itemListElement":[{"@type":"ListItem","position":1,"name":"Accueil","item":"https:\/\/batijournal.com\/"},{"@type":"ListItem","position":2,"name":"Actualit\u00e9s","item":"https:\/\/batijournal.com\/index.php\/category\/actualites\/"},{"@type":"ListItem","position":3,"name":"Les intercommunalit\u00e9s associ\u00e9es au plan de mobilisation des \u00e9nergies pour le logement abordable et l\u2019habitat durable"}]},{"@type":"WebSite","@id":"https:\/\/batijournal.com\/#website","url":"https:\/\/batijournal.com\/","name":"Batijournal","description":"L&#039;actualit\u00e9 du b\u00e2timent","potentialAction":[{"@type":"SearchAction","target":{"@type":"EntryPoint","urlTemplate":"https:\/\/batijournal.com\/?s={search_term_string}"},"query-input":{"@type":"PropertyValueSpecification","valueRequired":true,"valueName":"search_term_string"}}],"inLanguage":"fr-FR"},{"@type":"Person","@id":"https:\/\/batijournal.com\/#\/schema\/person\/1dc96ec6957aa1ccb25ebe78bb19f100","name":"St\u00e9phane Miget","image":{"@type":"ImageObject","inLanguage":"fr-FR","@id":"https:\/\/secure.gravatar.com\/avatar\/89915563d925342126b8ef0281b93d9d7fc337043e8df017f780908eb9644451?s=96&d=mm&r=g","url":"https:\/\/secure.gravatar.com\/avatar\/89915563d925342126b8ef0281b93d9d7fc337043e8df017f780908eb9644451?s=96&d=mm&r=g","contentUrl":"https:\/\/secure.gravatar.com\/avatar\/89915563d925342126b8ef0281b93d9d7fc337043e8df017f780908eb9644451?s=96&d=mm&r=g","caption":"St\u00e9phane Miget"},"url":"https:\/\/batijournal.com\/index.php\/author\/stephane\/"}]}},"_links":{"self":[{"href":"https:\/\/batijournal.com\/index.php\/wp-json\/wp\/v2\/posts\/93209","targetHints":{"allow":["GET"]}}],"collection":[{"href":"https:\/\/batijournal.com\/index.php\/wp-json\/wp\/v2\/posts"}],"about":[{"href":"https:\/\/batijournal.com\/index.php\/wp-json\/wp\/v2\/types\/post"}],"author":[{"embeddable":true,"href":"https:\/\/batijournal.com\/index.php\/wp-json\/wp\/v2\/users\/17"}],"replies":[{"embeddable":true,"href":"https:\/\/batijournal.com\/index.php\/wp-json\/wp\/v2\/comments?post=93209"}],"version-history":[{"count":0,"href":"https:\/\/batijournal.com\/index.php\/wp-json\/wp\/v2\/posts\/93209\/revisions"}],"wp:featuredmedia":[{"embeddable":true,"href":"https:\/\/batijournal.com\/index.php\/wp-json\/wp\/v2\/media\/86453"}],"wp:attachment":[{"href":"https:\/\/batijournal.com\/index.php\/wp-json\/wp\/v2\/media?parent=93209"}],"wp:term":[{"taxonomy":"category","embeddable":true,"href":"https:\/\/batijournal.com\/index.php\/wp-json\/wp\/v2\/categories?post=93209"},{"taxonomy":"post_tag","embeddable":true,"href":"https:\/\/batijournal.com\/index.php\/wp-json\/wp\/v2\/tags?post=93209"}],"curies":[{"name":"wp","href":"https:\/\/api.w.org\/{rel}","templated":true}]}}