{"id":93215,"date":"2016-06-28T06:09:13","date_gmt":"2016-06-28T04:09:13","guid":{"rendered":"http:\/\/batijournal.com\/?p=93215"},"modified":"2019-07-15T12:22:07","modified_gmt":"2019-07-15T10:22:07","slug":"30-de-particules-fines-label-flamme-verte","status":"publish","type":"post","link":"https:\/\/batijournal.com\/index.php\/30-de-particules-fines-label-flamme-verte\/93215\/","title":{"rendered":"30 fois moins de particules fines avec le label \u00ab Flamme Verte \u00bb"},"content":{"rendered":"<p>Les particules fines, principale cause de la mauvaise qualit\u00e9 de l\u2019air, sont \u00e9mises par plusieurs secteurs : transports, industrie, agriculture, chauffage \u00e0 partir de combustible fossile mais aussi du bois. Bien que le bois \u00e9nergie soit une \u00e9nergie renouvelable, acteur de la lutte contre le d\u00e9r\u00e8glement climatique, mal utilis\u00e9 dans les chemin\u00e9es ouvertes ou les appareils v\u00e9tustes, il participe \u00e0 la pollution atmosph\u00e9rique. 7 millions de m\u00e9nages utilisent le bois pour chauffer leur logement, ils seront 9 millions \u00e0 l\u2019horizon 2020. Le Syndicat des \u00e9nergies renouvelables rappelle qu&rsquo;il est indispensable de remplacer les chemin\u00e9es \u00e0 foyer ouvert et les \u00e9quipements v\u00e9tustes par des appareils labellis\u00e9s \u00ab Flamme Verte \u00bb qui r\u00e9pondent \u00e0 des exigences strictes et permettent de r\u00e9duire par 30 les \u00e9missions polluantes.<\/p>\n<p>Les pouvoirs publics ont mis en place un cr\u00e9dit d\u2019imp\u00f4t de 30 % pour l\u2019acquisition d\u2019un appareil de chauffage au bois labellis\u00e9 Flamme Verte, ou \u00e9quivalent. Quelques collectivit\u00e9s s\u2019engagent, aux c\u00f4t\u00e9s de l\u2019ADEME, via la mise en \u0153uvre de Fonds Air-Bois qui subventionne entre 800 et 1 200 \u20ac selon le p\u00e9rim\u00e8tre du fonds, le renouvellement d\u2019\u00e9quipements.<\/p>\n<p>Photo : Calimax<\/p>\n<p>&nbsp;<\/p>\n","protected":false},"excerpt":{"rendered":"<p>Les particules fines, principale cause de la mauvaise qualit\u00e9 de l\u2019air, sont \u00e9mises par plusieurs secteurs : transports, industrie, agriculture, chauffage \u00e0 partir de combustible fossile mais aussi du bois. Bien que le bois \u00e9nergie soit une \u00e9nergie renouvelable, acteur de la lutte contre le d\u00e9r\u00e8glement climatique, mal utilis\u00e9 dans les chemin\u00e9es ouvertes ou les [&hellip;]<\/p>\n","protected":false},"author":17,"featured_media":93217,"comment_status":"closed","ping_status":"closed","sticky":false,"template":"","format":"standard","meta":{"_et_pb_use_builder":"","_et_pb_old_content":"","_et_gb_content_width":"","footnotes":""},"categories":[6351],"tags":[1778,3152,3657],"class_list":["post-93215","post","type-post","status-publish","format-standard","has-post-thumbnail","hentry","category-energie-environnement","tag-chauffage-au-bois","tag-energie-renouvelable","tag-flamme-verte"],"yoast_head":"<!-- This site is optimized with the Yoast SEO plugin v27.4 - https:\/\/yoast.com\/product\/yoast-seo-wordpress\/ -->\n<title>30 fois moins de particules fines avec le label \u00ab Flamme Verte \u00bb<\/title>\n<meta name=\"robots\" content=\"index, follow, max-snippet:-1, max-image-preview:large, max-video-preview:-1\" \/>\n<link rel=\"canonical\" href=\"https:\/\/batijournal.com\/index.php\/30-de-particules-fines-label-flamme-verte\/93215\/\" \/>\n<meta property=\"og:locale\" content=\"fr_FR\" \/>\n<meta property=\"og:type\" content=\"article\" \/>\n<meta property=\"og:title\" content=\"30 fois moins de particules fines avec le label \u00ab Flamme Verte \u00bb\" \/>\n<meta property=\"og:description\" content=\"Les particules fines, principale cause de la mauvaise qualit\u00e9 de l\u2019air, sont \u00e9mises par plusieurs secteurs : transports, industrie, agriculture, chauffage \u00e0 partir de combustible fossile mais aussi du bois. Bien que le bois \u00e9nergie soit une \u00e9nergie renouvelable, acteur de la lutte contre le d\u00e9r\u00e8glement climatique, mal utilis\u00e9 dans les chemin\u00e9es ouvertes ou les [&hellip;]\" \/>\n<meta property=\"og:url\" content=\"https:\/\/batijournal.com\/index.php\/30-de-particules-fines-label-flamme-verte\/93215\/\" \/>\n<meta property=\"og:site_name\" content=\"Batijournal\" \/>\n<meta property=\"article:published_time\" content=\"2016-06-28T04:09:13+00:00\" \/>\n<meta property=\"article:modified_time\" content=\"2019-07-15T10:22:07+00:00\" \/>\n<meta property=\"og:image\" content=\"https:\/\/batijournal.com\/wp-content\/uploads\/2016\/06\/poele-a-granules-solida-calimax.jpg\" \/>\n\t<meta property=\"og:image:width\" content=\"1024\" \/>\n\t<meta property=\"og:image:height\" content=\"678\" \/>\n\t<meta property=\"og:image:type\" content=\"image\/jpeg\" \/>\n<meta name=\"author\" content=\"St\u00e9phane Miget\" \/>\n<meta name=\"twitter:card\" content=\"summary_large_image\" \/>\n<meta name=\"twitter:creator\" content=\"@bati_journal\" \/>\n<meta name=\"twitter:site\" content=\"@bati_journal\" \/>\n<meta name=\"twitter:label1\" content=\"\u00c9crit par\" \/>\n\t<meta name=\"twitter:data1\" content=\"St\u00e9phane Miget\" \/>\n\t<meta name=\"twitter:label2\" content=\"Dur\u00e9e de lecture estim\u00e9e\" \/>\n\t<meta name=\"twitter:data2\" content=\"1 minute\" \/>\n<script type=\"application\/ld+json\" class=\"yoast-schema-graph\">{\"@context\":\"https:\\\/\\\/schema.org\",\"@graph\":[{\"@type\":\"Article\",\"@id\":\"https:\\\/\\\/batijournal.com\\\/index.php\\\/30-de-particules-fines-label-flamme-verte\\\/93215\\\/#article\",\"isPartOf\":{\"@id\":\"https:\\\/\\\/batijournal.com\\\/index.php\\\/30-de-particules-fines-label-flamme-verte\\\/93215\\\/\"},\"author\":{\"name\":\"St\u00e9phane Miget\",\"@id\":\"https:\\\/\\\/batijournal.com\\\/#\\\/schema\\\/person\\\/1dc96ec6957aa1ccb25ebe78bb19f100\"},\"headline\":\"30 fois moins de particules fines avec le label \u00ab Flamme Verte \u00bb\",\"datePublished\":\"2016-06-28T04:09:13+00:00\",\"dateModified\":\"2019-07-15T10:22:07+00:00\",\"mainEntityOfPage\":{\"@id\":\"https:\\\/\\\/batijournal.com\\\/index.php\\\/30-de-particules-fines-label-flamme-verte\\\/93215\\\/\"},\"wordCount\":203,\"image\":{\"@id\":\"https:\\\/\\\/batijournal.com\\\/index.php\\\/30-de-particules-fines-label-flamme-verte\\\/93215\\\/#primaryimage\"},\"thumbnailUrl\":\"https:\\\/\\\/batijournal.com\\\/wp-content\\\/uploads\\\/2016\\\/06\\\/poele-a-granules-solida-calimax.jpg\",\"keywords\":[\"chauffage au bois\",\"\u00e9nergie renouvelable\",\"Flamme verte\"],\"articleSection\":[\"\u00c9nergie &amp; Environnement\"],\"inLanguage\":\"fr-FR\"},{\"@type\":\"WebPage\",\"@id\":\"https:\\\/\\\/batijournal.com\\\/index.php\\\/30-de-particules-fines-label-flamme-verte\\\/93215\\\/\",\"url\":\"https:\\\/\\\/batijournal.com\\\/index.php\\\/30-de-particules-fines-label-flamme-verte\\\/93215\\\/\",\"name\":\"30 fois moins de particules fines avec le label \u00ab Flamme Verte \u00bb\",\"isPartOf\":{\"@id\":\"https:\\\/\\\/batijournal.com\\\/#website\"},\"primaryImageOfPage\":{\"@id\":\"https:\\\/\\\/batijournal.com\\\/index.php\\\/30-de-particules-fines-label-flamme-verte\\\/93215\\\/#primaryimage\"},\"image\":{\"@id\":\"https:\\\/\\\/batijournal.com\\\/index.php\\\/30-de-particules-fines-label-flamme-verte\\\/93215\\\/#primaryimage\"},\"thumbnailUrl\":\"https:\\\/\\\/batijournal.com\\\/wp-content\\\/uploads\\\/2016\\\/06\\\/poele-a-granules-solida-calimax.jpg\",\"datePublished\":\"2016-06-28T04:09:13+00:00\",\"dateModified\":\"2019-07-15T10:22:07+00:00\",\"author\":{\"@id\":\"https:\\\/\\\/batijournal.com\\\/#\\\/schema\\\/person\\\/1dc96ec6957aa1ccb25ebe78bb19f100\"},\"breadcrumb\":{\"@id\":\"https:\\\/\\\/batijournal.com\\\/index.php\\\/30-de-particules-fines-label-flamme-verte\\\/93215\\\/#breadcrumb\"},\"inLanguage\":\"fr-FR\",\"potentialAction\":[{\"@type\":\"ReadAction\",\"target\":[\"https:\\\/\\\/batijournal.com\\\/index.php\\\/30-de-particules-fines-label-flamme-verte\\\/93215\\\/\"]}]},{\"@type\":\"ImageObject\",\"inLanguage\":\"fr-FR\",\"@id\":\"https:\\\/\\\/batijournal.com\\\/index.php\\\/30-de-particules-fines-label-flamme-verte\\\/93215\\\/#primaryimage\",\"url\":\"https:\\\/\\\/batijournal.com\\\/wp-content\\\/uploads\\\/2016\\\/06\\\/poele-a-granules-solida-calimax.jpg\",\"contentUrl\":\"https:\\\/\\\/batijournal.com\\\/wp-content\\\/uploads\\\/2016\\\/06\\\/poele-a-granules-solida-calimax.jpg\",\"width\":1024,\"height\":678},{\"@type\":\"BreadcrumbList\",\"@id\":\"https:\\\/\\\/batijournal.com\\\/index.php\\\/30-de-particules-fines-label-flamme-verte\\\/93215\\\/#breadcrumb\",\"itemListElement\":[{\"@type\":\"ListItem\",\"position\":1,\"name\":\"Accueil\",\"item\":\"https:\\\/\\\/batijournal.com\\\/\"},{\"@type\":\"ListItem\",\"position\":2,\"name\":\"Actualit\u00e9s\",\"item\":\"https:\\\/\\\/batijournal.com\\\/index.php\\\/category\\\/actualites\\\/\"},{\"@type\":\"ListItem\",\"position\":3,\"name\":\"\u00c9nergie &amp; Environnement\",\"item\":\"https:\\\/\\\/batijournal.com\\\/index.php\\\/category\\\/actualites\\\/energie-environnement\\\/\"},{\"@type\":\"ListItem\",\"position\":4,\"name\":\"30 fois moins de particules fines avec le label \u00ab Flamme Verte \u00bb\"}]},{\"@type\":\"WebSite\",\"@id\":\"https:\\\/\\\/batijournal.com\\\/#website\",\"url\":\"https:\\\/\\\/batijournal.com\\\/\",\"name\":\"Batijournal\",\"description\":\"L&#039;actualit\u00e9 du b\u00e2timent\",\"potentialAction\":[{\"@type\":\"SearchAction\",\"target\":{\"@type\":\"EntryPoint\",\"urlTemplate\":\"https:\\\/\\\/batijournal.com\\\/?s={search_term_string}\"},\"query-input\":{\"@type\":\"PropertyValueSpecification\",\"valueRequired\":true,\"valueName\":\"search_term_string\"}}],\"inLanguage\":\"fr-FR\"},{\"@type\":\"Person\",\"@id\":\"https:\\\/\\\/batijournal.com\\\/#\\\/schema\\\/person\\\/1dc96ec6957aa1ccb25ebe78bb19f100\",\"name\":\"St\u00e9phane Miget\",\"image\":{\"@type\":\"ImageObject\",\"inLanguage\":\"fr-FR\",\"@id\":\"https:\\\/\\\/secure.gravatar.com\\\/avatar\\\/89915563d925342126b8ef0281b93d9d7fc337043e8df017f780908eb9644451?s=96&d=mm&r=g\",\"url\":\"https:\\\/\\\/secure.gravatar.com\\\/avatar\\\/89915563d925342126b8ef0281b93d9d7fc337043e8df017f780908eb9644451?s=96&d=mm&r=g\",\"contentUrl\":\"https:\\\/\\\/secure.gravatar.com\\\/avatar\\\/89915563d925342126b8ef0281b93d9d7fc337043e8df017f780908eb9644451?s=96&d=mm&r=g\",\"caption\":\"St\u00e9phane Miget\"},\"url\":\"https:\\\/\\\/batijournal.com\\\/index.php\\\/author\\\/stephane\\\/\"}]}<\/script>\n<!-- \/ Yoast SEO plugin. -->","yoast_head_json":{"title":"30 fois moins de particules fines avec le label \u00ab Flamme Verte \u00bb","robots":{"index":"index","follow":"follow","max-snippet":"max-snippet:-1","max-image-preview":"max-image-preview:large","max-video-preview":"max-video-preview:-1"},"canonical":"https:\/\/batijournal.com\/index.php\/30-de-particules-fines-label-flamme-verte\/93215\/","og_locale":"fr_FR","og_type":"article","og_title":"30 fois moins de particules fines avec le label \u00ab Flamme Verte \u00bb","og_description":"Les particules fines, principale cause de la mauvaise qualit\u00e9 de l\u2019air, sont \u00e9mises par plusieurs secteurs : transports, industrie, agriculture, chauffage \u00e0 partir de combustible fossile mais aussi du bois. Bien que le bois \u00e9nergie soit une \u00e9nergie renouvelable, acteur de la lutte contre le d\u00e9r\u00e8glement climatique, mal utilis\u00e9 dans les chemin\u00e9es ouvertes ou les [&hellip;]","og_url":"https:\/\/batijournal.com\/index.php\/30-de-particules-fines-label-flamme-verte\/93215\/","og_site_name":"Batijournal","article_published_time":"2016-06-28T04:09:13+00:00","article_modified_time":"2019-07-15T10:22:07+00:00","og_image":[{"width":1024,"height":678,"url":"https:\/\/batijournal.com\/wp-content\/uploads\/2016\/06\/poele-a-granules-solida-calimax.jpg","type":"image\/jpeg"}],"author":"St\u00e9phane Miget","twitter_card":"summary_large_image","twitter_creator":"@bati_journal","twitter_site":"@bati_journal","twitter_misc":{"\u00c9crit par":"St\u00e9phane Miget","Dur\u00e9e de lecture estim\u00e9e":"1 minute"},"schema":{"@context":"https:\/\/schema.org","@graph":[{"@type":"Article","@id":"https:\/\/batijournal.com\/index.php\/30-de-particules-fines-label-flamme-verte\/93215\/#article","isPartOf":{"@id":"https:\/\/batijournal.com\/index.php\/30-de-particules-fines-label-flamme-verte\/93215\/"},"author":{"name":"St\u00e9phane Miget","@id":"https:\/\/batijournal.com\/#\/schema\/person\/1dc96ec6957aa1ccb25ebe78bb19f100"},"headline":"30 fois moins de particules fines avec le label \u00ab Flamme Verte \u00bb","datePublished":"2016-06-28T04:09:13+00:00","dateModified":"2019-07-15T10:22:07+00:00","mainEntityOfPage":{"@id":"https:\/\/batijournal.com\/index.php\/30-de-particules-fines-label-flamme-verte\/93215\/"},"wordCount":203,"image":{"@id":"https:\/\/batijournal.com\/index.php\/30-de-particules-fines-label-flamme-verte\/93215\/#primaryimage"},"thumbnailUrl":"https:\/\/batijournal.com\/wp-content\/uploads\/2016\/06\/poele-a-granules-solida-calimax.jpg","keywords":["chauffage au bois","\u00e9nergie renouvelable","Flamme verte"],"articleSection":["\u00c9nergie &amp; Environnement"],"inLanguage":"fr-FR"},{"@type":"WebPage","@id":"https:\/\/batijournal.com\/index.php\/30-de-particules-fines-label-flamme-verte\/93215\/","url":"https:\/\/batijournal.com\/index.php\/30-de-particules-fines-label-flamme-verte\/93215\/","name":"30 fois moins de particules fines avec le label \u00ab Flamme Verte \u00bb","isPartOf":{"@id":"https:\/\/batijournal.com\/#website"},"primaryImageOfPage":{"@id":"https:\/\/batijournal.com\/index.php\/30-de-particules-fines-label-flamme-verte\/93215\/#primaryimage"},"image":{"@id":"https:\/\/batijournal.com\/index.php\/30-de-particules-fines-label-flamme-verte\/93215\/#primaryimage"},"thumbnailUrl":"https:\/\/batijournal.com\/wp-content\/uploads\/2016\/06\/poele-a-granules-solida-calimax.jpg","datePublished":"2016-06-28T04:09:13+00:00","dateModified":"2019-07-15T10:22:07+00:00","author":{"@id":"https:\/\/batijournal.com\/#\/schema\/person\/1dc96ec6957aa1ccb25ebe78bb19f100"},"breadcrumb":{"@id":"https:\/\/batijournal.com\/index.php\/30-de-particules-fines-label-flamme-verte\/93215\/#breadcrumb"},"inLanguage":"fr-FR","potentialAction":[{"@type":"ReadAction","target":["https:\/\/batijournal.com\/index.php\/30-de-particules-fines-label-flamme-verte\/93215\/"]}]},{"@type":"ImageObject","inLanguage":"fr-FR","@id":"https:\/\/batijournal.com\/index.php\/30-de-particules-fines-label-flamme-verte\/93215\/#primaryimage","url":"https:\/\/batijournal.com\/wp-content\/uploads\/2016\/06\/poele-a-granules-solida-calimax.jpg","contentUrl":"https:\/\/batijournal.com\/wp-content\/uploads\/2016\/06\/poele-a-granules-solida-calimax.jpg","width":1024,"height":678},{"@type":"BreadcrumbList","@id":"https:\/\/batijournal.com\/index.php\/30-de-particules-fines-label-flamme-verte\/93215\/#breadcrumb","itemListElement":[{"@type":"ListItem","position":1,"name":"Accueil","item":"https:\/\/batijournal.com\/"},{"@type":"ListItem","position":2,"name":"Actualit\u00e9s","item":"https:\/\/batijournal.com\/index.php\/category\/actualites\/"},{"@type":"ListItem","position":3,"name":"\u00c9nergie &amp; Environnement","item":"https:\/\/batijournal.com\/index.php\/category\/actualites\/energie-environnement\/"},{"@type":"ListItem","position":4,"name":"30 fois moins de particules fines avec le label \u00ab Flamme Verte \u00bb"}]},{"@type":"WebSite","@id":"https:\/\/batijournal.com\/#website","url":"https:\/\/batijournal.com\/","name":"Batijournal","description":"L&#039;actualit\u00e9 du b\u00e2timent","potentialAction":[{"@type":"SearchAction","target":{"@type":"EntryPoint","urlTemplate":"https:\/\/batijournal.com\/?s={search_term_string}"},"query-input":{"@type":"PropertyValueSpecification","valueRequired":true,"valueName":"search_term_string"}}],"inLanguage":"fr-FR"},{"@type":"Person","@id":"https:\/\/batijournal.com\/#\/schema\/person\/1dc96ec6957aa1ccb25ebe78bb19f100","name":"St\u00e9phane Miget","image":{"@type":"ImageObject","inLanguage":"fr-FR","@id":"https:\/\/secure.gravatar.com\/avatar\/89915563d925342126b8ef0281b93d9d7fc337043e8df017f780908eb9644451?s=96&d=mm&r=g","url":"https:\/\/secure.gravatar.com\/avatar\/89915563d925342126b8ef0281b93d9d7fc337043e8df017f780908eb9644451?s=96&d=mm&r=g","contentUrl":"https:\/\/secure.gravatar.com\/avatar\/89915563d925342126b8ef0281b93d9d7fc337043e8df017f780908eb9644451?s=96&d=mm&r=g","caption":"St\u00e9phane Miget"},"url":"https:\/\/batijournal.com\/index.php\/author\/stephane\/"}]}},"_links":{"self":[{"href":"https:\/\/batijournal.com\/index.php\/wp-json\/wp\/v2\/posts\/93215","targetHints":{"allow":["GET"]}}],"collection":[{"href":"https:\/\/batijournal.com\/index.php\/wp-json\/wp\/v2\/posts"}],"about":[{"href":"https:\/\/batijournal.com\/index.php\/wp-json\/wp\/v2\/types\/post"}],"author":[{"embeddable":true,"href":"https:\/\/batijournal.com\/index.php\/wp-json\/wp\/v2\/users\/17"}],"replies":[{"embeddable":true,"href":"https:\/\/batijournal.com\/index.php\/wp-json\/wp\/v2\/comments?post=93215"}],"version-history":[{"count":0,"href":"https:\/\/batijournal.com\/index.php\/wp-json\/wp\/v2\/posts\/93215\/revisions"}],"wp:featuredmedia":[{"embeddable":true,"href":"https:\/\/batijournal.com\/index.php\/wp-json\/wp\/v2\/media\/93217"}],"wp:attachment":[{"href":"https:\/\/batijournal.com\/index.php\/wp-json\/wp\/v2\/media?parent=93215"}],"wp:term":[{"taxonomy":"category","embeddable":true,"href":"https:\/\/batijournal.com\/index.php\/wp-json\/wp\/v2\/categories?post=93215"},{"taxonomy":"post_tag","embeddable":true,"href":"https:\/\/batijournal.com\/index.php\/wp-json\/wp\/v2\/tags?post=93215"}],"curies":[{"name":"wp","href":"https:\/\/api.w.org\/{rel}","templated":true}]}}