{"id":93220,"date":"2016-06-28T10:05:36","date_gmt":"2016-06-28T08:05:36","guid":{"rendered":"http:\/\/batijournal.com\/?p=93220"},"modified":"2019-07-15T11:21:44","modified_gmt":"2019-07-15T09:21:44","slug":"ffb-ne-craint-brexit","status":"publish","type":"post","link":"https:\/\/batijournal.com\/index.php\/ffb-ne-craint-brexit\/93220\/","title":{"rendered":"La FFB ne craint pas le Brexit\u00a0"},"content":{"rendered":"<p>Jacques Chanut, Pr\u00e9sident de la FFB, vient de faire un point conjoncture et emploi dans le B\u00e2timent pour 2016. Le Brexit va g\u00e9n\u00e9rer pendant quelques trimestres de l\u2019incertitude au sein de l\u2019UE, ce qui p\u00e9nalisera n\u00e9cessairement la croissance des pays membres. Il n\u2019est cependant pas certain qu\u2019il faille craindre une crise plus lourde encore. D&rsquo;abord, parce que les acteurs institutionnels, gouvernements et banques centrales en t\u00eate, s&rsquo;\u00e9taient pr\u00e9par\u00e9s \u00e0 ce risque. Ils ont d&rsquo;ailleurs promptement r\u00e9agi \u00e0 la crise de liquidit\u00e9 qui mena\u00e7ait. Ensuite, parce que ce choc politique intervient dans un monde dont les exc\u00e8s ont \u00e9t\u00e9 largement corrig\u00e9s, \u00e0 l&rsquo;exception d&rsquo;ailleurs notable du Royaume-Uni, dont tous les acteurs vivent \u00e0 cr\u00e9dit au plan macro-\u00e9conomique. Enfin, parce que l&rsquo;immobilier, notamment en France, peut aussi servir de valeur refuge dans ces p\u00e9riodes chahut\u00e9es, tout comme l&rsquo;or ou les emprunts d&rsquo;\u00c9tat, d\u00e9j\u00e0 largement consomm\u00e9s.\u00a0Le mouvement de renforcement de la croissance observ\u00e9 comme esp\u00e9r\u00e9, dans l\u2019UE comme en France, ne serait donc pas remis en cause, m\u00eame si son intensit\u00e9 p\u00e2tirait un peu de la volatilit\u00e9 g\u00e9n\u00e9rale. Cela constitue ind\u00e9niablement une bonne nouvelle pour le secteur. Pour autant, la dynamique reste contenue, puisque le consensus de place tablait, juste avant le Brexit, sur une croissance en volume d\u2019environ 1,5\u00a0% en 2016 et 1,6\u00a0% en 2017 pour la France.<\/p>\n","protected":false},"excerpt":{"rendered":"<p>Jacques Chanut, Pr\u00e9sident de la FFB, vient de faire un point conjoncture et emploi dans le B\u00e2timent pour 2016. Le Brexit va g\u00e9n\u00e9rer pendant quelques trimestres de l\u2019incertitude au sein de l\u2019UE, ce qui p\u00e9nalisera n\u00e9cessairement la croissance des pays membres. Il n\u2019est cependant pas certain qu\u2019il faille craindre une crise plus lourde encore. D&rsquo;abord, [&hellip;]<\/p>\n","protected":false},"author":17,"featured_media":87330,"comment_status":"closed","ping_status":"closed","sticky":false,"template":"","format":"standard","meta":{"_et_pb_use_builder":"","_et_pb_old_content":"","_et_gb_content_width":"","footnotes":""},"categories":[10736,6340],"tags":[1339,373],"class_list":["post-93220","post","type-post","status-publish","format-standard","has-post-thumbnail","hentry","category-a-la-une","category-architecture-conception","tag-conjoncture","tag-ffb"],"yoast_head":"<!-- This site is optimized with the Yoast SEO plugin v27.4 - https:\/\/yoast.com\/product\/yoast-seo-wordpress\/ -->\n<title>La FFB ne craint pas le Brexit\u00a0<\/title>\n<meta name=\"robots\" content=\"index, follow, max-snippet:-1, max-image-preview:large, max-video-preview:-1\" \/>\n<link rel=\"canonical\" href=\"https:\/\/batijournal.com\/index.php\/ffb-ne-craint-brexit\/93220\/\" \/>\n<meta property=\"og:locale\" content=\"fr_FR\" \/>\n<meta property=\"og:type\" content=\"article\" \/>\n<meta property=\"og:title\" content=\"La FFB ne craint pas le Brexit\u00a0\" \/>\n<meta property=\"og:description\" content=\"Jacques Chanut, Pr\u00e9sident de la FFB, vient de faire un point conjoncture et emploi dans le B\u00e2timent pour 2016. Le Brexit va g\u00e9n\u00e9rer pendant quelques trimestres de l\u2019incertitude au sein de l\u2019UE, ce qui p\u00e9nalisera n\u00e9cessairement la croissance des pays membres. Il n\u2019est cependant pas certain qu\u2019il faille craindre une crise plus lourde encore. D&rsquo;abord, [&hellip;]\" \/>\n<meta property=\"og:url\" content=\"https:\/\/batijournal.com\/index.php\/ffb-ne-craint-brexit\/93220\/\" \/>\n<meta property=\"og:site_name\" content=\"Batijournal\" \/>\n<meta property=\"article:published_time\" content=\"2016-06-28T08:05:36+00:00\" \/>\n<meta property=\"article:modified_time\" content=\"2019-07-15T09:21:44+00:00\" \/>\n<meta property=\"og:image\" content=\"https:\/\/batijournal.com\/wp-content\/uploads\/2015\/05\/100076178.jpg\" \/>\n\t<meta property=\"og:image:width\" content=\"600\" \/>\n\t<meta property=\"og:image:height\" content=\"450\" \/>\n\t<meta property=\"og:image:type\" content=\"image\/jpeg\" \/>\n<meta name=\"author\" content=\"St\u00e9phane Miget\" \/>\n<meta name=\"twitter:card\" content=\"summary_large_image\" \/>\n<meta name=\"twitter:creator\" content=\"@bati_journal\" \/>\n<meta name=\"twitter:site\" content=\"@bati_journal\" \/>\n<meta name=\"twitter:label1\" content=\"\u00c9crit par\" \/>\n\t<meta name=\"twitter:data1\" content=\"St\u00e9phane Miget\" \/>\n\t<meta name=\"twitter:label2\" content=\"Dur\u00e9e de lecture estim\u00e9e\" \/>\n\t<meta name=\"twitter:data2\" content=\"1 minute\" \/>\n<script type=\"application\/ld+json\" class=\"yoast-schema-graph\">{\"@context\":\"https:\\\/\\\/schema.org\",\"@graph\":[{\"@type\":\"Article\",\"@id\":\"https:\\\/\\\/batijournal.com\\\/index.php\\\/ffb-ne-craint-brexit\\\/93220\\\/#article\",\"isPartOf\":{\"@id\":\"https:\\\/\\\/batijournal.com\\\/index.php\\\/ffb-ne-craint-brexit\\\/93220\\\/\"},\"author\":{\"name\":\"St\u00e9phane Miget\",\"@id\":\"https:\\\/\\\/batijournal.com\\\/#\\\/schema\\\/person\\\/1dc96ec6957aa1ccb25ebe78bb19f100\"},\"headline\":\"La FFB ne craint pas le Brexit\u00a0\",\"datePublished\":\"2016-06-28T08:05:36+00:00\",\"dateModified\":\"2019-07-15T09:21:44+00:00\",\"mainEntityOfPage\":{\"@id\":\"https:\\\/\\\/batijournal.com\\\/index.php\\\/ffb-ne-craint-brexit\\\/93220\\\/\"},\"wordCount\":254,\"image\":{\"@id\":\"https:\\\/\\\/batijournal.com\\\/index.php\\\/ffb-ne-craint-brexit\\\/93220\\\/#primaryimage\"},\"thumbnailUrl\":\"https:\\\/\\\/batijournal.com\\\/wp-content\\\/uploads\\\/2015\\\/05\\\/100076178.jpg\",\"keywords\":[\"conjoncture\",\"ffb\"],\"articleSection\":[\"A la Une\",\"Architecture &amp; Conception\"],\"inLanguage\":\"fr-FR\"},{\"@type\":\"WebPage\",\"@id\":\"https:\\\/\\\/batijournal.com\\\/index.php\\\/ffb-ne-craint-brexit\\\/93220\\\/\",\"url\":\"https:\\\/\\\/batijournal.com\\\/index.php\\\/ffb-ne-craint-brexit\\\/93220\\\/\",\"name\":\"La FFB ne craint pas le Brexit\u00a0\",\"isPartOf\":{\"@id\":\"https:\\\/\\\/batijournal.com\\\/#website\"},\"primaryImageOfPage\":{\"@id\":\"https:\\\/\\\/batijournal.com\\\/index.php\\\/ffb-ne-craint-brexit\\\/93220\\\/#primaryimage\"},\"image\":{\"@id\":\"https:\\\/\\\/batijournal.com\\\/index.php\\\/ffb-ne-craint-brexit\\\/93220\\\/#primaryimage\"},\"thumbnailUrl\":\"https:\\\/\\\/batijournal.com\\\/wp-content\\\/uploads\\\/2015\\\/05\\\/100076178.jpg\",\"datePublished\":\"2016-06-28T08:05:36+00:00\",\"dateModified\":\"2019-07-15T09:21:44+00:00\",\"author\":{\"@id\":\"https:\\\/\\\/batijournal.com\\\/#\\\/schema\\\/person\\\/1dc96ec6957aa1ccb25ebe78bb19f100\"},\"breadcrumb\":{\"@id\":\"https:\\\/\\\/batijournal.com\\\/index.php\\\/ffb-ne-craint-brexit\\\/93220\\\/#breadcrumb\"},\"inLanguage\":\"fr-FR\",\"potentialAction\":[{\"@type\":\"ReadAction\",\"target\":[\"https:\\\/\\\/batijournal.com\\\/index.php\\\/ffb-ne-craint-brexit\\\/93220\\\/\"]}]},{\"@type\":\"ImageObject\",\"inLanguage\":\"fr-FR\",\"@id\":\"https:\\\/\\\/batijournal.com\\\/index.php\\\/ffb-ne-craint-brexit\\\/93220\\\/#primaryimage\",\"url\":\"https:\\\/\\\/batijournal.com\\\/wp-content\\\/uploads\\\/2015\\\/05\\\/100076178.jpg\",\"contentUrl\":\"https:\\\/\\\/batijournal.com\\\/wp-content\\\/uploads\\\/2015\\\/05\\\/100076178.jpg\",\"width\":600,\"height\":450,\"caption\":\"chantier\"},{\"@type\":\"BreadcrumbList\",\"@id\":\"https:\\\/\\\/batijournal.com\\\/index.php\\\/ffb-ne-craint-brexit\\\/93220\\\/#breadcrumb\",\"itemListElement\":[{\"@type\":\"ListItem\",\"position\":1,\"name\":\"Accueil\",\"item\":\"https:\\\/\\\/batijournal.com\\\/\"},{\"@type\":\"ListItem\",\"position\":2,\"name\":\"A la Une\",\"item\":\"https:\\\/\\\/batijournal.com\\\/index.php\\\/category\\\/a-la-une\\\/\"},{\"@type\":\"ListItem\",\"position\":3,\"name\":\"La FFB ne craint pas le Brexit\u00a0\"}]},{\"@type\":\"WebSite\",\"@id\":\"https:\\\/\\\/batijournal.com\\\/#website\",\"url\":\"https:\\\/\\\/batijournal.com\\\/\",\"name\":\"Batijournal\",\"description\":\"L&#039;actualit\u00e9 du b\u00e2timent\",\"potentialAction\":[{\"@type\":\"SearchAction\",\"target\":{\"@type\":\"EntryPoint\",\"urlTemplate\":\"https:\\\/\\\/batijournal.com\\\/?s={search_term_string}\"},\"query-input\":{\"@type\":\"PropertyValueSpecification\",\"valueRequired\":true,\"valueName\":\"search_term_string\"}}],\"inLanguage\":\"fr-FR\"},{\"@type\":\"Person\",\"@id\":\"https:\\\/\\\/batijournal.com\\\/#\\\/schema\\\/person\\\/1dc96ec6957aa1ccb25ebe78bb19f100\",\"name\":\"St\u00e9phane Miget\",\"image\":{\"@type\":\"ImageObject\",\"inLanguage\":\"fr-FR\",\"@id\":\"https:\\\/\\\/secure.gravatar.com\\\/avatar\\\/89915563d925342126b8ef0281b93d9d7fc337043e8df017f780908eb9644451?s=96&d=mm&r=g\",\"url\":\"https:\\\/\\\/secure.gravatar.com\\\/avatar\\\/89915563d925342126b8ef0281b93d9d7fc337043e8df017f780908eb9644451?s=96&d=mm&r=g\",\"contentUrl\":\"https:\\\/\\\/secure.gravatar.com\\\/avatar\\\/89915563d925342126b8ef0281b93d9d7fc337043e8df017f780908eb9644451?s=96&d=mm&r=g\",\"caption\":\"St\u00e9phane Miget\"},\"url\":\"https:\\\/\\\/batijournal.com\\\/index.php\\\/author\\\/stephane\\\/\"}]}<\/script>\n<!-- \/ Yoast SEO plugin. -->","yoast_head_json":{"title":"La FFB ne craint pas le Brexit\u00a0","robots":{"index":"index","follow":"follow","max-snippet":"max-snippet:-1","max-image-preview":"max-image-preview:large","max-video-preview":"max-video-preview:-1"},"canonical":"https:\/\/batijournal.com\/index.php\/ffb-ne-craint-brexit\/93220\/","og_locale":"fr_FR","og_type":"article","og_title":"La FFB ne craint pas le Brexit\u00a0","og_description":"Jacques Chanut, Pr\u00e9sident de la FFB, vient de faire un point conjoncture et emploi dans le B\u00e2timent pour 2016. Le Brexit va g\u00e9n\u00e9rer pendant quelques trimestres de l\u2019incertitude au sein de l\u2019UE, ce qui p\u00e9nalisera n\u00e9cessairement la croissance des pays membres. Il n\u2019est cependant pas certain qu\u2019il faille craindre une crise plus lourde encore. D&rsquo;abord, [&hellip;]","og_url":"https:\/\/batijournal.com\/index.php\/ffb-ne-craint-brexit\/93220\/","og_site_name":"Batijournal","article_published_time":"2016-06-28T08:05:36+00:00","article_modified_time":"2019-07-15T09:21:44+00:00","og_image":[{"width":600,"height":450,"url":"https:\/\/batijournal.com\/wp-content\/uploads\/2015\/05\/100076178.jpg","type":"image\/jpeg"}],"author":"St\u00e9phane Miget","twitter_card":"summary_large_image","twitter_creator":"@bati_journal","twitter_site":"@bati_journal","twitter_misc":{"\u00c9crit par":"St\u00e9phane Miget","Dur\u00e9e de lecture estim\u00e9e":"1 minute"},"schema":{"@context":"https:\/\/schema.org","@graph":[{"@type":"Article","@id":"https:\/\/batijournal.com\/index.php\/ffb-ne-craint-brexit\/93220\/#article","isPartOf":{"@id":"https:\/\/batijournal.com\/index.php\/ffb-ne-craint-brexit\/93220\/"},"author":{"name":"St\u00e9phane Miget","@id":"https:\/\/batijournal.com\/#\/schema\/person\/1dc96ec6957aa1ccb25ebe78bb19f100"},"headline":"La FFB ne craint pas le Brexit\u00a0","datePublished":"2016-06-28T08:05:36+00:00","dateModified":"2019-07-15T09:21:44+00:00","mainEntityOfPage":{"@id":"https:\/\/batijournal.com\/index.php\/ffb-ne-craint-brexit\/93220\/"},"wordCount":254,"image":{"@id":"https:\/\/batijournal.com\/index.php\/ffb-ne-craint-brexit\/93220\/#primaryimage"},"thumbnailUrl":"https:\/\/batijournal.com\/wp-content\/uploads\/2015\/05\/100076178.jpg","keywords":["conjoncture","ffb"],"articleSection":["A la Une","Architecture &amp; Conception"],"inLanguage":"fr-FR"},{"@type":"WebPage","@id":"https:\/\/batijournal.com\/index.php\/ffb-ne-craint-brexit\/93220\/","url":"https:\/\/batijournal.com\/index.php\/ffb-ne-craint-brexit\/93220\/","name":"La FFB ne craint pas le Brexit\u00a0","isPartOf":{"@id":"https:\/\/batijournal.com\/#website"},"primaryImageOfPage":{"@id":"https:\/\/batijournal.com\/index.php\/ffb-ne-craint-brexit\/93220\/#primaryimage"},"image":{"@id":"https:\/\/batijournal.com\/index.php\/ffb-ne-craint-brexit\/93220\/#primaryimage"},"thumbnailUrl":"https:\/\/batijournal.com\/wp-content\/uploads\/2015\/05\/100076178.jpg","datePublished":"2016-06-28T08:05:36+00:00","dateModified":"2019-07-15T09:21:44+00:00","author":{"@id":"https:\/\/batijournal.com\/#\/schema\/person\/1dc96ec6957aa1ccb25ebe78bb19f100"},"breadcrumb":{"@id":"https:\/\/batijournal.com\/index.php\/ffb-ne-craint-brexit\/93220\/#breadcrumb"},"inLanguage":"fr-FR","potentialAction":[{"@type":"ReadAction","target":["https:\/\/batijournal.com\/index.php\/ffb-ne-craint-brexit\/93220\/"]}]},{"@type":"ImageObject","inLanguage":"fr-FR","@id":"https:\/\/batijournal.com\/index.php\/ffb-ne-craint-brexit\/93220\/#primaryimage","url":"https:\/\/batijournal.com\/wp-content\/uploads\/2015\/05\/100076178.jpg","contentUrl":"https:\/\/batijournal.com\/wp-content\/uploads\/2015\/05\/100076178.jpg","width":600,"height":450,"caption":"chantier"},{"@type":"BreadcrumbList","@id":"https:\/\/batijournal.com\/index.php\/ffb-ne-craint-brexit\/93220\/#breadcrumb","itemListElement":[{"@type":"ListItem","position":1,"name":"Accueil","item":"https:\/\/batijournal.com\/"},{"@type":"ListItem","position":2,"name":"A la Une","item":"https:\/\/batijournal.com\/index.php\/category\/a-la-une\/"},{"@type":"ListItem","position":3,"name":"La FFB ne craint pas le Brexit\u00a0"}]},{"@type":"WebSite","@id":"https:\/\/batijournal.com\/#website","url":"https:\/\/batijournal.com\/","name":"Batijournal","description":"L&#039;actualit\u00e9 du b\u00e2timent","potentialAction":[{"@type":"SearchAction","target":{"@type":"EntryPoint","urlTemplate":"https:\/\/batijournal.com\/?s={search_term_string}"},"query-input":{"@type":"PropertyValueSpecification","valueRequired":true,"valueName":"search_term_string"}}],"inLanguage":"fr-FR"},{"@type":"Person","@id":"https:\/\/batijournal.com\/#\/schema\/person\/1dc96ec6957aa1ccb25ebe78bb19f100","name":"St\u00e9phane Miget","image":{"@type":"ImageObject","inLanguage":"fr-FR","@id":"https:\/\/secure.gravatar.com\/avatar\/89915563d925342126b8ef0281b93d9d7fc337043e8df017f780908eb9644451?s=96&d=mm&r=g","url":"https:\/\/secure.gravatar.com\/avatar\/89915563d925342126b8ef0281b93d9d7fc337043e8df017f780908eb9644451?s=96&d=mm&r=g","contentUrl":"https:\/\/secure.gravatar.com\/avatar\/89915563d925342126b8ef0281b93d9d7fc337043e8df017f780908eb9644451?s=96&d=mm&r=g","caption":"St\u00e9phane Miget"},"url":"https:\/\/batijournal.com\/index.php\/author\/stephane\/"}]}},"_links":{"self":[{"href":"https:\/\/batijournal.com\/index.php\/wp-json\/wp\/v2\/posts\/93220","targetHints":{"allow":["GET"]}}],"collection":[{"href":"https:\/\/batijournal.com\/index.php\/wp-json\/wp\/v2\/posts"}],"about":[{"href":"https:\/\/batijournal.com\/index.php\/wp-json\/wp\/v2\/types\/post"}],"author":[{"embeddable":true,"href":"https:\/\/batijournal.com\/index.php\/wp-json\/wp\/v2\/users\/17"}],"replies":[{"embeddable":true,"href":"https:\/\/batijournal.com\/index.php\/wp-json\/wp\/v2\/comments?post=93220"}],"version-history":[{"count":0,"href":"https:\/\/batijournal.com\/index.php\/wp-json\/wp\/v2\/posts\/93220\/revisions"}],"wp:featuredmedia":[{"embeddable":true,"href":"https:\/\/batijournal.com\/index.php\/wp-json\/wp\/v2\/media\/87330"}],"wp:attachment":[{"href":"https:\/\/batijournal.com\/index.php\/wp-json\/wp\/v2\/media?parent=93220"}],"wp:term":[{"taxonomy":"category","embeddable":true,"href":"https:\/\/batijournal.com\/index.php\/wp-json\/wp\/v2\/categories?post=93220"},{"taxonomy":"post_tag","embeddable":true,"href":"https:\/\/batijournal.com\/index.php\/wp-json\/wp\/v2\/tags?post=93220"}],"curies":[{"name":"wp","href":"https:\/\/api.w.org\/{rel}","templated":true}]}}