{"id":93227,"date":"2016-06-29T06:33:20","date_gmt":"2016-06-29T04:33:20","guid":{"rendered":"http:\/\/batijournal.com\/?p=93227"},"modified":"2019-07-15T11:16:42","modified_gmt":"2019-07-15T09:16:42","slug":"decouverte-de-leglise-plus-ancienne-de-nimes","status":"publish","type":"post","link":"https:\/\/batijournal.com\/index.php\/decouverte-de-leglise-plus-ancienne-de-nimes\/93227\/","title":{"rendered":"D\u00e9couverte de l\u2019\u00e9glise la plus ancienne de N\u00eemes"},"content":{"rendered":"<p>[et_pb_section admin_label=\u00a0\u00bbsection\u00a0\u00bb][et_pb_row admin_label=\u00a0\u00bbLigne\u00a0\u00bb][et_pb_column type=\u00a0\u00bb1_2&Prime;][et_pb_text admin_label=\u00a0\u00bbTexte\u00a0\u00bb background_layout=\u00a0\u00bblight\u00a0\u00bb text_orientation=\u00a0\u00bbleft\u00a0\u00bb use_border_color=\u00a0\u00bboff\u00a0\u00bb border_color=\u00a0\u00bb#ffffff\u00a0\u00bb border_style=\u00a0\u00bbsolid\u00a0\u00bb text_font_size=\u00a0\u00bb18&Prime;]<\/p>\n<p><strong>Dans le cadre d\u2019une fouille pr\u00e9ventive r\u00e9alis\u00e9e en amont de la construction d\u2019une maison individuelle au nord du quartier des Amoureux de N\u00eemes, sur une parcelle de 330 m2, les arch\u00e9ologues de l&rsquo;Inrap ont d\u00e9couvert une partie des imposantes fondations d\u2019une \u00e9glise, en particulier une abside semi-circulaire.\u00a0<\/strong><\/p>\n<p>[\/et_pb_text][et_pb_image admin_label=\u00a0\u00bbImage\u00a0\u00bb src=\u00a0\u00bbhttps:\/\/batijournal.com\/wp-content\/uploads\/2016\/06\/16tombe_denfant_dans_un_coffre_fait_de_steles_antiques.jpg\u00a0\u00bb show_in_lightbox=\u00a0\u00bbon\u00a0\u00bb url_new_window=\u00a0\u00bboff\u00a0\u00bb use_overlay=\u00a0\u00bboff\u00a0\u00bb animation=\u00a0\u00bboff\u00a0\u00bb sticky=\u00a0\u00bbon\u00a0\u00bb align=\u00a0\u00bbleft\u00a0\u00bb force_fullwidth=\u00a0\u00bboff\u00a0\u00bb always_center_on_mobile=\u00a0\u00bbon\u00a0\u00bb use_border_color=\u00a0\u00bboff\u00a0\u00bb border_color=\u00a0\u00bb#ffffff\u00a0\u00bb border_style=\u00a0\u00bbsolid\u00a0\u00bb] [\/et_pb_image][et_pb_text admin_label=\u00a0\u00bbTexte\u00a0\u00bb background_layout=\u00a0\u00bblight\u00a0\u00bb text_orientation=\u00a0\u00bbleft\u00a0\u00bb text_font_size=\u00a0\u00bb12&Prime; use_border_color=\u00a0\u00bboff\u00a0\u00bb border_color=\u00a0\u00bb#ffffff\u00a0\u00bb border_style=\u00a0\u00bbsolid\u00a0\u00bb]<\/p>\n<p>Tombe d\u2019enfant dont l\u2019architecture est constitu\u00e9e de st\u00e8les en remploi.<br \/>\n\u00a9 F. Leroy, Inrap<\/p>\n<p>[\/et_pb_text][et_pb_text admin_label=\u00a0\u00bbTexte\u00a0\u00bb background_layout=\u00a0\u00bblight\u00a0\u00bb text_orientation=\u00a0\u00bbleft\u00a0\u00bb use_border_color=\u00a0\u00bboff\u00a0\u00bb border_color=\u00a0\u00bb#ffffff\u00a0\u00bb border_style=\u00a0\u00bbsolid\u00a0\u00bb]<\/p>\n<p>L\u2019\u00e9difice a \u00e9t\u00e9 b\u00e2ti avec des remplois antiques monumentaux provenant sans doute d\u2019anciens mausol\u00e9es situ\u00e9s non loin. La datation de l\u2019\u00e9glise peut \u00eatre estim\u00e9e du tout d\u00e9but du Ve si\u00e8cle au regard des mobiliers c\u00e9ramiques recueillis, ce qui en fait le plus ancien \u00e9difice de culte chr\u00e9tien d\u00e9couvert \u00e0 N\u00eemes.<\/p>\n<p>[\/et_pb_text][et_pb_image admin_label=\u00a0\u00bbImage\u00a0\u00bb src=\u00a0\u00bbhttps:\/\/batijournal.com\/wp-content\/uploads\/2016\/06\/13une_tombe_batie.jpg\u00a0\u00bb show_in_lightbox=\u00a0\u00bbon\u00a0\u00bb url_new_window=\u00a0\u00bboff\u00a0\u00bb use_overlay=\u00a0\u00bboff\u00a0\u00bb animation=\u00a0\u00bboff\u00a0\u00bb sticky=\u00a0\u00bbon\u00a0\u00bb align=\u00a0\u00bbleft\u00a0\u00bb force_fullwidth=\u00a0\u00bboff\u00a0\u00bb always_center_on_mobile=\u00a0\u00bbon\u00a0\u00bb use_border_color=\u00a0\u00bboff\u00a0\u00bb border_color=\u00a0\u00bb#ffffff\u00a0\u00bb border_style=\u00a0\u00bbsolid\u00a0\u00bb] [\/et_pb_image][et_pb_text admin_label=\u00a0\u00bbTexte\u00a0\u00bb background_layout=\u00a0\u00bblight\u00a0\u00bb text_orientation=\u00a0\u00bbleft\u00a0\u00bb text_font_size=\u00a0\u00bb12&Prime; use_border_color=\u00a0\u00bboff\u00a0\u00bb border_color=\u00a0\u00bb#ffffff\u00a0\u00bb border_style=\u00a0\u00bbsolid\u00a0\u00bb]<\/p>\n<div class=\"field field-name-field-legende field-type-text-long field-label-hidden\">\n<div class=\"field-items\">\n<div class=\"field-item even\">\n<p>Tombe dont la construction devait \u00eatre monumentale. Elle est faite de mur en pierre recouvert \u00e0 l\u2019int\u00e9rieur d\u2019un enduit.<br \/>\n\u00a9 L. Wozny, Inrap<\/p>\n<\/div>\n<\/div>\n<\/div>\n<p>[\/et_pb_text][et_pb_text admin_label=\u00a0\u00bbTexte\u00a0\u00bb background_layout=\u00a0\u00bblight\u00a0\u00bb text_orientation=\u00a0\u00bbleft\u00a0\u00bb use_border_color=\u00a0\u00bboff\u00a0\u00bb border_color=\u00a0\u00bb#ffffff\u00a0\u00bb border_style=\u00a0\u00bbsolid\u00a0\u00bb]<\/p>\n<p>L\u2019int\u00e9rieur de l\u2019abside accueille de nombreuses s\u00e9pultures : l\u2019une d\u2019elle se distingue par un coffre construit avec de grandes dalles antiques. Il s\u2019agit manifestement d\u2019une tombe privil\u00e9gi\u00e9e, probablement celle d\u2019un d\u00e9funt au statut important. De nombreux sarcophages en pierre et des inhumations d\u2019enfants d\u00e9pos\u00e9s dans des coffrages de tuile ou dans des amphores sont \u00e9galement pr\u00e9sents \u00e0 l\u2019int\u00e9rieur de l\u2019\u00e9difice.<\/p>\n<p>[\/et_pb_text][\/et_pb_column][et_pb_column type=\u00a0\u00bb1_2&Prime;][et_pb_text admin_label=\u00a0\u00bbTexte\u00a0\u00bb background_layout=\u00a0\u00bblight\u00a0\u00bb text_orientation=\u00a0\u00bbleft\u00a0\u00bb use_border_color=\u00a0\u00bboff\u00a0\u00bb border_color=\u00a0\u00bb#ffffff\u00a0\u00bb border_style=\u00a0\u00bbsolid\u00a0\u00bb]<\/p>\n<p>Sur cette parcelle, situ\u00e9e vraisemblablement au sud d\u2019une voie utilis\u00e9e d\u00e8s l\u2019Antiquit\u00e9, se d\u00e9veloppe aussi un cimeti\u00e8re, dont l\u2019extension, d\u00e9passant les limites de la fouille, n\u2019a pu \u00eatre reconnue. N\u00e9anmoins, les arch\u00e9ologues ont mis en \u00e9vidence une densit\u00e9 \u00e9lev\u00e9e d\u2019inhumations, illustr\u00e9e par l\u2019apport et le recoupement de multiples d\u00e9p\u00f4ts fun\u00e9raires successifs, et qui se d\u00e9veloppe par endroit sur 2 m\u00e8tres de profondeur. Huit sarcophages en plomb constituent l\u2019ensemble le plus ancien de la n\u00e9cropole, autour du IIIe si\u00e8cle. Cette s\u00e9rie particuli\u00e8rement importante pour ce type de structure t\u00e9moigne d\u2019un mode d\u2019inhumation privil\u00e9gi\u00e9. S\u2019y ajoutent quelques autres tombes contemporaines, en particulier la s\u00e9pulture \u00e0 coffrage mixte de pierre et bois d\u2019une jeune fille, accompagn\u00e9e de bijoux et divers objets.<\/p>\n<p>[\/et_pb_text][et_pb_image admin_label=\u00a0\u00bbImage\u00a0\u00bb src=\u00a0\u00bbhttps:\/\/batijournal.com\/wp-content\/uploads\/2016\/06\/18sarcophages_en_plomb.jpg\u00a0\u00bb show_in_lightbox=\u00a0\u00bbon\u00a0\u00bb url_new_window=\u00a0\u00bboff\u00a0\u00bb use_overlay=\u00a0\u00bboff\u00a0\u00bb animation=\u00a0\u00bboff\u00a0\u00bb sticky=\u00a0\u00bbon\u00a0\u00bb align=\u00a0\u00bbleft\u00a0\u00bb force_fullwidth=\u00a0\u00bboff\u00a0\u00bb always_center_on_mobile=\u00a0\u00bbon\u00a0\u00bb use_border_color=\u00a0\u00bboff\u00a0\u00bb border_color=\u00a0\u00bb#ffffff\u00a0\u00bb border_style=\u00a0\u00bbsolid\u00a0\u00bb] [\/et_pb_image][et_pb_text admin_label=\u00a0\u00bbTexte\u00a0\u00bb background_layout=\u00a0\u00bblight\u00a0\u00bb text_orientation=\u00a0\u00bbleft\u00a0\u00bb text_font_size=\u00a0\u00bb12&Prime; use_border_color=\u00a0\u00bboff\u00a0\u00bb border_color=\u00a0\u00bb#ffffff\u00a0\u00bb border_style=\u00a0\u00bbsolid\u00a0\u00bb]<\/p>\n<p>Ensemble de sarcophages en plomb.<br \/>\n\u00a9 S. Duchesne, Inrap<\/p>\n<p>[\/et_pb_text][et_pb_text admin_label=\u00a0\u00bbTexte\u00a0\u00bb background_layout=\u00a0\u00bblight\u00a0\u00bb text_orientation=\u00a0\u00bbleft\u00a0\u00bb use_border_color=\u00a0\u00bboff\u00a0\u00bb border_color=\u00a0\u00bb#ffffff\u00a0\u00bb border_style=\u00a0\u00bbsolid\u00a0\u00bb]<\/p>\n<p>Les arch\u00e9ologues ignorent encore \u00e0 qui \u00e9tait d\u00e9di\u00e9e cette \u00e9glise, si elle \u00e9tait construite autour de la tombe d\u2019une personne au statut particulier. Ils ignorent aussi si l\u2019\u00e9glise mentionn\u00e9e dans les textes \u00e0 partir du Xe si\u00e8cle sous le vocable de sainte Perp\u00e9tue correspond \u00e0 celle mise au jour ou s\u2019il s\u2019agit d\u2019un \u00e9difice plus ancien. La vocation fun\u00e9raire des lieux, observ\u00e9e sur plusieurs si\u00e8cles, t\u00e9moigne \u00e9galement de la transition entre la p\u00e9riode antique et le haut Moyen \u00c2ge, certaines pratiques \u00e9voluant au cours des si\u00e8cles, comme l\u2019enracinement du christianisme \u00e0 partir des IVe-Ve si\u00e8cles.<\/p>\n<p>[\/et_pb_text][et_pb_image admin_label=\u00a0\u00bbImage\u00a0\u00bb src=\u00a0\u00bbhttps:\/\/batijournal.com\/wp-content\/uploads\/2016\/06\/10plusieurs_tombes_corr.jpg\u00a0\u00bb show_in_lightbox=\u00a0\u00bbon\u00a0\u00bb url_new_window=\u00a0\u00bboff\u00a0\u00bb use_overlay=\u00a0\u00bboff\u00a0\u00bb animation=\u00a0\u00bboff\u00a0\u00bb sticky=\u00a0\u00bbon\u00a0\u00bb align=\u00a0\u00bbleft\u00a0\u00bb force_fullwidth=\u00a0\u00bboff\u00a0\u00bb always_center_on_mobile=\u00a0\u00bbon\u00a0\u00bb use_border_color=\u00a0\u00bboff\u00a0\u00bb border_color=\u00a0\u00bb#ffffff\u00a0\u00bb border_style=\u00a0\u00bbsolid\u00a0\u00bb] [\/et_pb_image][et_pb_text admin_label=\u00a0\u00bbTexte\u00a0\u00bb background_layout=\u00a0\u00bblight\u00a0\u00bb text_orientation=\u00a0\u00bbleft\u00a0\u00bb text_font_size=\u00a0\u00bb12&Prime; use_border_color=\u00a0\u00bboff\u00a0\u00bb border_color=\u00a0\u00bb#ffffff\u00a0\u00bb border_style=\u00a0\u00bbsolid\u00a0\u00bb]<\/p>\n<div class=\"field field-name-field-legende field-type-text-long field-label-hidden\">\n<div class=\"field-items\">\n<div class=\"field-item even\">\n<p>Plusieurs s\u00e9pultures \u00e0 coffrage de pierre, au centre un moellon en calcaire sert \u00e0 la signalisation d\u2019une des tombes.<br \/>\n\u00a9 L. Wozny, Inrap<\/p>\n<p>Photo en-t\u00eate : Vue g\u00e9n\u00e9rale de l\u2019abside de l\u2019\u00e9glise et des nombreuses s\u00e9pultures pr\u00e9sentes \u00e0 l\u2019int\u00e9rieur.<br \/>\n\u00a9 B. Thomas, Inrap<\/p>\n<\/div>\n<\/div>\n<\/div>\n<p>[\/et_pb_text][\/et_pb_column][\/et_pb_row][\/et_pb_section]<\/p>\n","protected":false},"excerpt":{"rendered":"<p>Sur une parcelle de 330 m2, les arch\u00e9ologues de l&rsquo;Inrap ont d\u00e9couvert une partie des imposantes fondations d\u2019une \u00e9glise, en particulier une abside semi-circulaire.<\/p>\n","protected":false},"author":17,"featured_media":93229,"comment_status":"closed","ping_status":"closed","sticky":false,"template":"","format":"standard","meta":{"_et_pb_use_builder":"on","_et_pb_old_content":"","_et_gb_content_width":"","footnotes":""},"categories":[6340],"tags":[1548],"class_list":["post-93227","post","type-post","status-publish","format-standard","has-post-thumbnail","hentry","category-architecture-conception","tag-eglise"],"yoast_head":"<!-- This site is optimized with the Yoast SEO plugin v27.4 - https:\/\/yoast.com\/product\/yoast-seo-wordpress\/ -->\n<title>D\u00e9couverte de l\u2019\u00e9glise la plus ancienne de N\u00eemes<\/title>\n<meta name=\"robots\" content=\"index, follow, max-snippet:-1, max-image-preview:large, max-video-preview:-1\" \/>\n<link rel=\"canonical\" href=\"https:\/\/batijournal.com\/index.php\/decouverte-de-leglise-plus-ancienne-de-nimes\/93227\/\" \/>\n<meta property=\"og:locale\" content=\"fr_FR\" \/>\n<meta property=\"og:type\" content=\"article\" \/>\n<meta property=\"og:title\" content=\"D\u00e9couverte de l\u2019\u00e9glise la plus ancienne de N\u00eemes\" \/>\n<meta property=\"og:description\" content=\"Sur une parcelle de 330 m2, les arch\u00e9ologues de l&#039;Inrap ont d\u00e9couvert une partie des imposantes fondations d\u2019une \u00e9glise, en particulier une abside semi-circulaire.\" \/>\n<meta property=\"og:url\" content=\"https:\/\/batijournal.com\/index.php\/decouverte-de-leglise-plus-ancienne-de-nimes\/93227\/\" \/>\n<meta property=\"og:site_name\" content=\"Batijournal\" \/>\n<meta property=\"article:published_time\" content=\"2016-06-29T04:33:20+00:00\" \/>\n<meta property=\"article:modified_time\" content=\"2019-07-15T09:16:42+00:00\" \/>\n<meta property=\"og:image\" content=\"https:\/\/batijournal.com\/wp-content\/uploads\/2016\/06\/08eglise_paleochretienne_et_sarcophages.jpg\" \/>\n\t<meta property=\"og:image:width\" content=\"1920\" \/>\n\t<meta property=\"og:image:height\" content=\"1280\" \/>\n\t<meta property=\"og:image:type\" content=\"image\/jpeg\" \/>\n<meta name=\"author\" content=\"St\u00e9phane Miget\" \/>\n<meta name=\"twitter:card\" content=\"summary_large_image\" \/>\n<meta name=\"twitter:creator\" content=\"@bati_journal\" \/>\n<meta name=\"twitter:site\" content=\"@bati_journal\" \/>\n<meta name=\"twitter:label1\" content=\"\u00c9crit par\" \/>\n\t<meta name=\"twitter:data1\" content=\"St\u00e9phane Miget\" \/>\n\t<meta name=\"twitter:label2\" content=\"Dur\u00e9e de lecture estim\u00e9e\" \/>\n\t<meta name=\"twitter:data2\" content=\"5 minutes\" \/>\n<script type=\"application\/ld+json\" class=\"yoast-schema-graph\">{\"@context\":\"https:\\\/\\\/schema.org\",\"@graph\":[{\"@type\":\"Article\",\"@id\":\"https:\\\/\\\/batijournal.com\\\/index.php\\\/decouverte-de-leglise-plus-ancienne-de-nimes\\\/93227\\\/#article\",\"isPartOf\":{\"@id\":\"https:\\\/\\\/batijournal.com\\\/index.php\\\/decouverte-de-leglise-plus-ancienne-de-nimes\\\/93227\\\/\"},\"author\":{\"name\":\"St\u00e9phane Miget\",\"@id\":\"https:\\\/\\\/batijournal.com\\\/#\\\/schema\\\/person\\\/1dc96ec6957aa1ccb25ebe78bb19f100\"},\"headline\":\"D\u00e9couverte de l\u2019\u00e9glise la plus ancienne de N\u00eemes\",\"datePublished\":\"2016-06-29T04:33:20+00:00\",\"dateModified\":\"2019-07-15T09:16:42+00:00\",\"mainEntityOfPage\":{\"@id\":\"https:\\\/\\\/batijournal.com\\\/index.php\\\/decouverte-de-leglise-plus-ancienne-de-nimes\\\/93227\\\/\"},\"wordCount\":1057,\"image\":{\"@id\":\"https:\\\/\\\/batijournal.com\\\/index.php\\\/decouverte-de-leglise-plus-ancienne-de-nimes\\\/93227\\\/#primaryimage\"},\"thumbnailUrl\":\"https:\\\/\\\/batijournal.com\\\/wp-content\\\/uploads\\\/2016\\\/06\\\/08eglise_paleochretienne_et_sarcophages.jpg\",\"keywords\":[\"\u00e9glise\"],\"articleSection\":[\"Architecture &amp; Conception\"],\"inLanguage\":\"fr-FR\"},{\"@type\":\"WebPage\",\"@id\":\"https:\\\/\\\/batijournal.com\\\/index.php\\\/decouverte-de-leglise-plus-ancienne-de-nimes\\\/93227\\\/\",\"url\":\"https:\\\/\\\/batijournal.com\\\/index.php\\\/decouverte-de-leglise-plus-ancienne-de-nimes\\\/93227\\\/\",\"name\":\"D\u00e9couverte de l\u2019\u00e9glise la plus ancienne de N\u00eemes\",\"isPartOf\":{\"@id\":\"https:\\\/\\\/batijournal.com\\\/#website\"},\"primaryImageOfPage\":{\"@id\":\"https:\\\/\\\/batijournal.com\\\/index.php\\\/decouverte-de-leglise-plus-ancienne-de-nimes\\\/93227\\\/#primaryimage\"},\"image\":{\"@id\":\"https:\\\/\\\/batijournal.com\\\/index.php\\\/decouverte-de-leglise-plus-ancienne-de-nimes\\\/93227\\\/#primaryimage\"},\"thumbnailUrl\":\"https:\\\/\\\/batijournal.com\\\/wp-content\\\/uploads\\\/2016\\\/06\\\/08eglise_paleochretienne_et_sarcophages.jpg\",\"datePublished\":\"2016-06-29T04:33:20+00:00\",\"dateModified\":\"2019-07-15T09:16:42+00:00\",\"author\":{\"@id\":\"https:\\\/\\\/batijournal.com\\\/#\\\/schema\\\/person\\\/1dc96ec6957aa1ccb25ebe78bb19f100\"},\"breadcrumb\":{\"@id\":\"https:\\\/\\\/batijournal.com\\\/index.php\\\/decouverte-de-leglise-plus-ancienne-de-nimes\\\/93227\\\/#breadcrumb\"},\"inLanguage\":\"fr-FR\",\"potentialAction\":[{\"@type\":\"ReadAction\",\"target\":[\"https:\\\/\\\/batijournal.com\\\/index.php\\\/decouverte-de-leglise-plus-ancienne-de-nimes\\\/93227\\\/\"]}]},{\"@type\":\"ImageObject\",\"inLanguage\":\"fr-FR\",\"@id\":\"https:\\\/\\\/batijournal.com\\\/index.php\\\/decouverte-de-leglise-plus-ancienne-de-nimes\\\/93227\\\/#primaryimage\",\"url\":\"https:\\\/\\\/batijournal.com\\\/wp-content\\\/uploads\\\/2016\\\/06\\\/08eglise_paleochretienne_et_sarcophages.jpg\",\"contentUrl\":\"https:\\\/\\\/batijournal.com\\\/wp-content\\\/uploads\\\/2016\\\/06\\\/08eglise_paleochretienne_et_sarcophages.jpg\",\"width\":1920,\"height\":1280},{\"@type\":\"BreadcrumbList\",\"@id\":\"https:\\\/\\\/batijournal.com\\\/index.php\\\/decouverte-de-leglise-plus-ancienne-de-nimes\\\/93227\\\/#breadcrumb\",\"itemListElement\":[{\"@type\":\"ListItem\",\"position\":1,\"name\":\"Accueil\",\"item\":\"https:\\\/\\\/batijournal.com\\\/\"},{\"@type\":\"ListItem\",\"position\":2,\"name\":\"Actualit\u00e9s\",\"item\":\"https:\\\/\\\/batijournal.com\\\/index.php\\\/category\\\/actualites\\\/\"},{\"@type\":\"ListItem\",\"position\":3,\"name\":\"Architecture &amp; Conception\",\"item\":\"https:\\\/\\\/batijournal.com\\\/index.php\\\/category\\\/actualites\\\/architecture-conception\\\/\"},{\"@type\":\"ListItem\",\"position\":4,\"name\":\"D\u00e9couverte de l\u2019\u00e9glise la plus ancienne de N\u00eemes\"}]},{\"@type\":\"WebSite\",\"@id\":\"https:\\\/\\\/batijournal.com\\\/#website\",\"url\":\"https:\\\/\\\/batijournal.com\\\/\",\"name\":\"Batijournal\",\"description\":\"L&#039;actualit\u00e9 du b\u00e2timent\",\"potentialAction\":[{\"@type\":\"SearchAction\",\"target\":{\"@type\":\"EntryPoint\",\"urlTemplate\":\"https:\\\/\\\/batijournal.com\\\/?s={search_term_string}\"},\"query-input\":{\"@type\":\"PropertyValueSpecification\",\"valueRequired\":true,\"valueName\":\"search_term_string\"}}],\"inLanguage\":\"fr-FR\"},{\"@type\":\"Person\",\"@id\":\"https:\\\/\\\/batijournal.com\\\/#\\\/schema\\\/person\\\/1dc96ec6957aa1ccb25ebe78bb19f100\",\"name\":\"St\u00e9phane Miget\",\"image\":{\"@type\":\"ImageObject\",\"inLanguage\":\"fr-FR\",\"@id\":\"https:\\\/\\\/secure.gravatar.com\\\/avatar\\\/89915563d925342126b8ef0281b93d9d7fc337043e8df017f780908eb9644451?s=96&d=mm&r=g\",\"url\":\"https:\\\/\\\/secure.gravatar.com\\\/avatar\\\/89915563d925342126b8ef0281b93d9d7fc337043e8df017f780908eb9644451?s=96&d=mm&r=g\",\"contentUrl\":\"https:\\\/\\\/secure.gravatar.com\\\/avatar\\\/89915563d925342126b8ef0281b93d9d7fc337043e8df017f780908eb9644451?s=96&d=mm&r=g\",\"caption\":\"St\u00e9phane Miget\"},\"url\":\"https:\\\/\\\/batijournal.com\\\/index.php\\\/author\\\/stephane\\\/\"}]}<\/script>\n<!-- \/ Yoast SEO plugin. -->","yoast_head_json":{"title":"D\u00e9couverte de l\u2019\u00e9glise la plus ancienne de N\u00eemes","robots":{"index":"index","follow":"follow","max-snippet":"max-snippet:-1","max-image-preview":"max-image-preview:large","max-video-preview":"max-video-preview:-1"},"canonical":"https:\/\/batijournal.com\/index.php\/decouverte-de-leglise-plus-ancienne-de-nimes\/93227\/","og_locale":"fr_FR","og_type":"article","og_title":"D\u00e9couverte de l\u2019\u00e9glise la plus ancienne de N\u00eemes","og_description":"Sur une parcelle de 330 m2, les arch\u00e9ologues de l'Inrap ont d\u00e9couvert une partie des imposantes fondations d\u2019une \u00e9glise, en particulier une abside semi-circulaire.","og_url":"https:\/\/batijournal.com\/index.php\/decouverte-de-leglise-plus-ancienne-de-nimes\/93227\/","og_site_name":"Batijournal","article_published_time":"2016-06-29T04:33:20+00:00","article_modified_time":"2019-07-15T09:16:42+00:00","og_image":[{"width":1920,"height":1280,"url":"https:\/\/batijournal.com\/wp-content\/uploads\/2016\/06\/08eglise_paleochretienne_et_sarcophages.jpg","type":"image\/jpeg"}],"author":"St\u00e9phane Miget","twitter_card":"summary_large_image","twitter_creator":"@bati_journal","twitter_site":"@bati_journal","twitter_misc":{"\u00c9crit par":"St\u00e9phane Miget","Dur\u00e9e de lecture estim\u00e9e":"5 minutes"},"schema":{"@context":"https:\/\/schema.org","@graph":[{"@type":"Article","@id":"https:\/\/batijournal.com\/index.php\/decouverte-de-leglise-plus-ancienne-de-nimes\/93227\/#article","isPartOf":{"@id":"https:\/\/batijournal.com\/index.php\/decouverte-de-leglise-plus-ancienne-de-nimes\/93227\/"},"author":{"name":"St\u00e9phane Miget","@id":"https:\/\/batijournal.com\/#\/schema\/person\/1dc96ec6957aa1ccb25ebe78bb19f100"},"headline":"D\u00e9couverte de l\u2019\u00e9glise la plus ancienne de N\u00eemes","datePublished":"2016-06-29T04:33:20+00:00","dateModified":"2019-07-15T09:16:42+00:00","mainEntityOfPage":{"@id":"https:\/\/batijournal.com\/index.php\/decouverte-de-leglise-plus-ancienne-de-nimes\/93227\/"},"wordCount":1057,"image":{"@id":"https:\/\/batijournal.com\/index.php\/decouverte-de-leglise-plus-ancienne-de-nimes\/93227\/#primaryimage"},"thumbnailUrl":"https:\/\/batijournal.com\/wp-content\/uploads\/2016\/06\/08eglise_paleochretienne_et_sarcophages.jpg","keywords":["\u00e9glise"],"articleSection":["Architecture &amp; Conception"],"inLanguage":"fr-FR"},{"@type":"WebPage","@id":"https:\/\/batijournal.com\/index.php\/decouverte-de-leglise-plus-ancienne-de-nimes\/93227\/","url":"https:\/\/batijournal.com\/index.php\/decouverte-de-leglise-plus-ancienne-de-nimes\/93227\/","name":"D\u00e9couverte de l\u2019\u00e9glise la plus ancienne de N\u00eemes","isPartOf":{"@id":"https:\/\/batijournal.com\/#website"},"primaryImageOfPage":{"@id":"https:\/\/batijournal.com\/index.php\/decouverte-de-leglise-plus-ancienne-de-nimes\/93227\/#primaryimage"},"image":{"@id":"https:\/\/batijournal.com\/index.php\/decouverte-de-leglise-plus-ancienne-de-nimes\/93227\/#primaryimage"},"thumbnailUrl":"https:\/\/batijournal.com\/wp-content\/uploads\/2016\/06\/08eglise_paleochretienne_et_sarcophages.jpg","datePublished":"2016-06-29T04:33:20+00:00","dateModified":"2019-07-15T09:16:42+00:00","author":{"@id":"https:\/\/batijournal.com\/#\/schema\/person\/1dc96ec6957aa1ccb25ebe78bb19f100"},"breadcrumb":{"@id":"https:\/\/batijournal.com\/index.php\/decouverte-de-leglise-plus-ancienne-de-nimes\/93227\/#breadcrumb"},"inLanguage":"fr-FR","potentialAction":[{"@type":"ReadAction","target":["https:\/\/batijournal.com\/index.php\/decouverte-de-leglise-plus-ancienne-de-nimes\/93227\/"]}]},{"@type":"ImageObject","inLanguage":"fr-FR","@id":"https:\/\/batijournal.com\/index.php\/decouverte-de-leglise-plus-ancienne-de-nimes\/93227\/#primaryimage","url":"https:\/\/batijournal.com\/wp-content\/uploads\/2016\/06\/08eglise_paleochretienne_et_sarcophages.jpg","contentUrl":"https:\/\/batijournal.com\/wp-content\/uploads\/2016\/06\/08eglise_paleochretienne_et_sarcophages.jpg","width":1920,"height":1280},{"@type":"BreadcrumbList","@id":"https:\/\/batijournal.com\/index.php\/decouverte-de-leglise-plus-ancienne-de-nimes\/93227\/#breadcrumb","itemListElement":[{"@type":"ListItem","position":1,"name":"Accueil","item":"https:\/\/batijournal.com\/"},{"@type":"ListItem","position":2,"name":"Actualit\u00e9s","item":"https:\/\/batijournal.com\/index.php\/category\/actualites\/"},{"@type":"ListItem","position":3,"name":"Architecture &amp; Conception","item":"https:\/\/batijournal.com\/index.php\/category\/actualites\/architecture-conception\/"},{"@type":"ListItem","position":4,"name":"D\u00e9couverte de l\u2019\u00e9glise la plus ancienne de N\u00eemes"}]},{"@type":"WebSite","@id":"https:\/\/batijournal.com\/#website","url":"https:\/\/batijournal.com\/","name":"Batijournal","description":"L&#039;actualit\u00e9 du b\u00e2timent","potentialAction":[{"@type":"SearchAction","target":{"@type":"EntryPoint","urlTemplate":"https:\/\/batijournal.com\/?s={search_term_string}"},"query-input":{"@type":"PropertyValueSpecification","valueRequired":true,"valueName":"search_term_string"}}],"inLanguage":"fr-FR"},{"@type":"Person","@id":"https:\/\/batijournal.com\/#\/schema\/person\/1dc96ec6957aa1ccb25ebe78bb19f100","name":"St\u00e9phane Miget","image":{"@type":"ImageObject","inLanguage":"fr-FR","@id":"https:\/\/secure.gravatar.com\/avatar\/89915563d925342126b8ef0281b93d9d7fc337043e8df017f780908eb9644451?s=96&d=mm&r=g","url":"https:\/\/secure.gravatar.com\/avatar\/89915563d925342126b8ef0281b93d9d7fc337043e8df017f780908eb9644451?s=96&d=mm&r=g","contentUrl":"https:\/\/secure.gravatar.com\/avatar\/89915563d925342126b8ef0281b93d9d7fc337043e8df017f780908eb9644451?s=96&d=mm&r=g","caption":"St\u00e9phane Miget"},"url":"https:\/\/batijournal.com\/index.php\/author\/stephane\/"}]}},"_links":{"self":[{"href":"https:\/\/batijournal.com\/index.php\/wp-json\/wp\/v2\/posts\/93227","targetHints":{"allow":["GET"]}}],"collection":[{"href":"https:\/\/batijournal.com\/index.php\/wp-json\/wp\/v2\/posts"}],"about":[{"href":"https:\/\/batijournal.com\/index.php\/wp-json\/wp\/v2\/types\/post"}],"author":[{"embeddable":true,"href":"https:\/\/batijournal.com\/index.php\/wp-json\/wp\/v2\/users\/17"}],"replies":[{"embeddable":true,"href":"https:\/\/batijournal.com\/index.php\/wp-json\/wp\/v2\/comments?post=93227"}],"version-history":[{"count":0,"href":"https:\/\/batijournal.com\/index.php\/wp-json\/wp\/v2\/posts\/93227\/revisions"}],"wp:featuredmedia":[{"embeddable":true,"href":"https:\/\/batijournal.com\/index.php\/wp-json\/wp\/v2\/media\/93229"}],"wp:attachment":[{"href":"https:\/\/batijournal.com\/index.php\/wp-json\/wp\/v2\/media?parent=93227"}],"wp:term":[{"taxonomy":"category","embeddable":true,"href":"https:\/\/batijournal.com\/index.php\/wp-json\/wp\/v2\/categories?post=93227"},{"taxonomy":"post_tag","embeddable":true,"href":"https:\/\/batijournal.com\/index.php\/wp-json\/wp\/v2\/tags?post=93227"}],"curies":[{"name":"wp","href":"https:\/\/api.w.org\/{rel}","templated":true}]}}