{"id":93274,"date":"2016-07-01T05:08:20","date_gmt":"2016-07-01T03:08:20","guid":{"rendered":"http:\/\/batijournal.com\/?p=93274"},"modified":"2019-07-15T11:21:44","modified_gmt":"2019-07-15T09:21:44","slug":"grande-concertation-donner-nouvelle-impulsion-a-demarche-ecoquartier","status":"publish","type":"post","link":"https:\/\/batijournal.com\/index.php\/grande-concertation-donner-nouvelle-impulsion-a-demarche-ecoquartier\/93274\/","title":{"rendered":"Grande concertation pour donner une nouvelle impulsion \u00e0 la d\u00e9marche \u00c9coQuartier"},"content":{"rendered":"<p><strong>La 4\u00e8me campagne de labellisation \u00c9coQuartier bat son plein, avec une nouvelle fois pr\u00e8s de 50 collectivit\u00e9s candidates en 2016. Dans le cadre de son plan de mobilisation des \u00e9nergies pour le logement abordable et l\u2019habitat durable, Emmanuelle Cosse, ministre du Logement et de l\u2019Habitat durable, a lanc\u00e9 mardi 28 juin 2016 une concertation avec les collectivit\u00e9s, am\u00e9nageurs, associations et organismes d\u2019\u00c9tat pour donner une nouvelle impulsion \u00e0 la d\u00e9marche \u00c9coQuartier.<\/strong><\/p>\n<p>R\u00e9unis \u00e0 la Maison des M\u00e9tallos (Paris 11\u00e8me) pour le Forum Ouvert des \u00c9coQuartiers, pr\u00e8s de 300 acteurs ont particip\u00e9 \u00e0 des ateliers collaboratifs et \u00e9changes crois\u00e9s sur les \u00c9coQuartiers de demain et le renouvellement du label, suivant les 5 priorit\u00e9s donn\u00e9es par la ministre :<br \/>\n&#8211; l\u2019int\u00e9gration des \u00c9coQuartiers \u00e0 leur environnement ;<br \/>\n&#8211; l\u2019application de la labellisation \u00e0 l\u2019ensemble du cycle de production de l\u2019\u00c9coQuartier, depuis la conception jusqu\u2019\u00e0 la vie quotidienne des habitants ;<br \/>\n&#8211; la participation des habitants \u00e0 la conception et \u00e0 la gestion de leur quartier pour mieux r\u00e9pondre \u00e0 leur besoin ;<br \/>\n&#8211; une r\u00e9flexion approfondie sur la sant\u00e9, le bien-\u00eatre et la nature en ville ;<br \/>\n&#8211; l\u2019attention particuli\u00e8re port\u00e9e \u00e0 l\u2019\u00e9conomie circulaire, l\u2019usage de mat\u00e9riaux locaux, la valorisation des entreprises du territoire.<\/p>\n<p>Les \u00e9changes de Cette journ\u00e9e, pr\u00e9sid\u00e9e par Alain Jund et avec la participation de Mich\u00e8le Pappalardo au titre du r\u00e9seau Vivapolis des acteurs de la ville durable, permettront de nourrir la r\u00e9flexion sur la d\u00e9marche dans un esprit de concertation et de co-construction jusqu\u2019\u00e0 novembre 2016. A l\u2019issue, le vice-pr\u00e9sident de l\u2019Eurom\u00e9tropole de Strasbourg, missionn\u00e9 pour travailler sur le renouveau du r\u00e9f\u00e9rentiel restituera ses travaux \u00e0 la ministre. Le Label des \u00c9coQuartiers de demain sera pr\u00e9sent\u00e9 en d\u00e9cembre \u00e0 l\u2019occasion de la remise des labels aux laur\u00e9ats 2016.<\/p>\n","protected":false},"excerpt":{"rendered":"<p>La 4\u00e8me campagne de labellisation \u00c9coQuartier bat son plein, avec une nouvelle fois pr\u00e8s de 50 collectivit\u00e9s candidates en 2016. Dans le cadre de son plan de mobilisation des \u00e9nergies pour le logement abordable et l\u2019habitat durable, Emmanuelle Cosse, ministre du Logement et de l\u2019Habitat durable, a lanc\u00e9 mardi 28 juin 2016 une concertation avec [&hellip;]<\/p>\n","protected":false},"author":17,"featured_media":88669,"comment_status":"closed","ping_status":"closed","sticky":false,"template":"","format":"standard","meta":{"_et_pb_use_builder":"","_et_pb_old_content":"","_et_gb_content_width":"","footnotes":""},"categories":[6340],"tags":[870,1155],"class_list":["post-93274","post","type-post","status-publish","format-standard","has-post-thumbnail","hentry","category-architecture-conception","tag-ecoquartier","tag-ecoquartiers"],"yoast_head":"<!-- This site is optimized with the Yoast SEO plugin v27.4 - https:\/\/yoast.com\/product\/yoast-seo-wordpress\/ -->\n<title>Grande concertation pour donner une nouvelle impulsion \u00e0 la d\u00e9marche \u00c9coQuartier<\/title>\n<meta name=\"robots\" content=\"index, follow, max-snippet:-1, max-image-preview:large, max-video-preview:-1\" \/>\n<link rel=\"canonical\" href=\"https:\/\/batijournal.com\/index.php\/grande-concertation-donner-nouvelle-impulsion-a-demarche-ecoquartier\/93274\/\" \/>\n<meta property=\"og:locale\" content=\"fr_FR\" \/>\n<meta property=\"og:type\" content=\"article\" \/>\n<meta property=\"og:title\" content=\"Grande concertation pour donner une nouvelle impulsion \u00e0 la d\u00e9marche \u00c9coQuartier\" \/>\n<meta property=\"og:description\" content=\"La 4\u00e8me campagne de labellisation \u00c9coQuartier bat son plein, avec une nouvelle fois pr\u00e8s de 50 collectivit\u00e9s candidates en 2016. Dans le cadre de son plan de mobilisation des \u00e9nergies pour le logement abordable et l\u2019habitat durable, Emmanuelle Cosse, ministre du Logement et de l\u2019Habitat durable, a lanc\u00e9 mardi 28 juin 2016 une concertation avec [&hellip;]\" \/>\n<meta property=\"og:url\" content=\"https:\/\/batijournal.com\/index.php\/grande-concertation-donner-nouvelle-impulsion-a-demarche-ecoquartier\/93274\/\" \/>\n<meta property=\"og:site_name\" content=\"Batijournal\" \/>\n<meta property=\"article:published_time\" content=\"2016-07-01T03:08:20+00:00\" \/>\n<meta property=\"article:modified_time\" content=\"2019-07-15T09:21:44+00:00\" \/>\n<meta property=\"og:image\" content=\"https:\/\/batijournal.com\/wp-content\/uploads\/2015\/07\/photo-6-tramway-urbanisme-tours.jpg\" \/>\n\t<meta property=\"og:image:width\" content=\"953\" \/>\n\t<meta property=\"og:image:height\" content=\"480\" \/>\n\t<meta property=\"og:image:type\" content=\"image\/jpeg\" \/>\n<meta name=\"author\" content=\"St\u00e9phane Miget\" \/>\n<meta name=\"twitter:card\" content=\"summary_large_image\" \/>\n<meta name=\"twitter:creator\" content=\"@bati_journal\" \/>\n<meta name=\"twitter:site\" content=\"@bati_journal\" \/>\n<meta name=\"twitter:label1\" content=\"\u00c9crit par\" \/>\n\t<meta name=\"twitter:data1\" content=\"St\u00e9phane Miget\" \/>\n\t<meta name=\"twitter:label2\" content=\"Dur\u00e9e de lecture estim\u00e9e\" \/>\n\t<meta name=\"twitter:data2\" content=\"2 minutes\" \/>\n<script type=\"application\/ld+json\" class=\"yoast-schema-graph\">{\"@context\":\"https:\\\/\\\/schema.org\",\"@graph\":[{\"@type\":\"Article\",\"@id\":\"https:\\\/\\\/batijournal.com\\\/index.php\\\/grande-concertation-donner-nouvelle-impulsion-a-demarche-ecoquartier\\\/93274\\\/#article\",\"isPartOf\":{\"@id\":\"https:\\\/\\\/batijournal.com\\\/index.php\\\/grande-concertation-donner-nouvelle-impulsion-a-demarche-ecoquartier\\\/93274\\\/\"},\"author\":{\"name\":\"St\u00e9phane Miget\",\"@id\":\"https:\\\/\\\/batijournal.com\\\/#\\\/schema\\\/person\\\/1dc96ec6957aa1ccb25ebe78bb19f100\"},\"headline\":\"Grande concertation pour donner une nouvelle impulsion \u00e0 la d\u00e9marche \u00c9coQuartier\",\"datePublished\":\"2016-07-01T03:08:20+00:00\",\"dateModified\":\"2019-07-15T09:21:44+00:00\",\"mainEntityOfPage\":{\"@id\":\"https:\\\/\\\/batijournal.com\\\/index.php\\\/grande-concertation-donner-nouvelle-impulsion-a-demarche-ecoquartier\\\/93274\\\/\"},\"wordCount\":322,\"image\":{\"@id\":\"https:\\\/\\\/batijournal.com\\\/index.php\\\/grande-concertation-donner-nouvelle-impulsion-a-demarche-ecoquartier\\\/93274\\\/#primaryimage\"},\"thumbnailUrl\":\"https:\\\/\\\/batijournal.com\\\/wp-content\\\/uploads\\\/2015\\\/07\\\/photo-6-tramway-urbanisme-tours.jpg\",\"keywords\":[\"\u00e9coquartier\",\"\u00e9coquartiers\"],\"articleSection\":[\"Architecture &amp; Conception\"],\"inLanguage\":\"fr-FR\"},{\"@type\":\"WebPage\",\"@id\":\"https:\\\/\\\/batijournal.com\\\/index.php\\\/grande-concertation-donner-nouvelle-impulsion-a-demarche-ecoquartier\\\/93274\\\/\",\"url\":\"https:\\\/\\\/batijournal.com\\\/index.php\\\/grande-concertation-donner-nouvelle-impulsion-a-demarche-ecoquartier\\\/93274\\\/\",\"name\":\"Grande concertation pour donner une nouvelle impulsion \u00e0 la d\u00e9marche \u00c9coQuartier\",\"isPartOf\":{\"@id\":\"https:\\\/\\\/batijournal.com\\\/#website\"},\"primaryImageOfPage\":{\"@id\":\"https:\\\/\\\/batijournal.com\\\/index.php\\\/grande-concertation-donner-nouvelle-impulsion-a-demarche-ecoquartier\\\/93274\\\/#primaryimage\"},\"image\":{\"@id\":\"https:\\\/\\\/batijournal.com\\\/index.php\\\/grande-concertation-donner-nouvelle-impulsion-a-demarche-ecoquartier\\\/93274\\\/#primaryimage\"},\"thumbnailUrl\":\"https:\\\/\\\/batijournal.com\\\/wp-content\\\/uploads\\\/2015\\\/07\\\/photo-6-tramway-urbanisme-tours.jpg\",\"datePublished\":\"2016-07-01T03:08:20+00:00\",\"dateModified\":\"2019-07-15T09:21:44+00:00\",\"author\":{\"@id\":\"https:\\\/\\\/batijournal.com\\\/#\\\/schema\\\/person\\\/1dc96ec6957aa1ccb25ebe78bb19f100\"},\"breadcrumb\":{\"@id\":\"https:\\\/\\\/batijournal.com\\\/index.php\\\/grande-concertation-donner-nouvelle-impulsion-a-demarche-ecoquartier\\\/93274\\\/#breadcrumb\"},\"inLanguage\":\"fr-FR\",\"potentialAction\":[{\"@type\":\"ReadAction\",\"target\":[\"https:\\\/\\\/batijournal.com\\\/index.php\\\/grande-concertation-donner-nouvelle-impulsion-a-demarche-ecoquartier\\\/93274\\\/\"]}]},{\"@type\":\"ImageObject\",\"inLanguage\":\"fr-FR\",\"@id\":\"https:\\\/\\\/batijournal.com\\\/index.php\\\/grande-concertation-donner-nouvelle-impulsion-a-demarche-ecoquartier\\\/93274\\\/#primaryimage\",\"url\":\"https:\\\/\\\/batijournal.com\\\/wp-content\\\/uploads\\\/2015\\\/07\\\/photo-6-tramway-urbanisme-tours.jpg\",\"contentUrl\":\"https:\\\/\\\/batijournal.com\\\/wp-content\\\/uploads\\\/2015\\\/07\\\/photo-6-tramway-urbanisme-tours.jpg\",\"width\":953,\"height\":480,\"caption\":\"Transformer une emprise militaire en \u00e9coquartier mixte et ouvert, telle est l\u2019ambition du site des anciennes casernes. Doc.\u00a0: SET\"},{\"@type\":\"BreadcrumbList\",\"@id\":\"https:\\\/\\\/batijournal.com\\\/index.php\\\/grande-concertation-donner-nouvelle-impulsion-a-demarche-ecoquartier\\\/93274\\\/#breadcrumb\",\"itemListElement\":[{\"@type\":\"ListItem\",\"position\":1,\"name\":\"Accueil\",\"item\":\"https:\\\/\\\/batijournal.com\\\/\"},{\"@type\":\"ListItem\",\"position\":2,\"name\":\"Actualit\u00e9s\",\"item\":\"https:\\\/\\\/batijournal.com\\\/index.php\\\/category\\\/actualites\\\/\"},{\"@type\":\"ListItem\",\"position\":3,\"name\":\"Architecture &amp; Conception\",\"item\":\"https:\\\/\\\/batijournal.com\\\/index.php\\\/category\\\/actualites\\\/architecture-conception\\\/\"},{\"@type\":\"ListItem\",\"position\":4,\"name\":\"Grande concertation pour donner une nouvelle impulsion \u00e0 la d\u00e9marche \u00c9coQuartier\"}]},{\"@type\":\"WebSite\",\"@id\":\"https:\\\/\\\/batijournal.com\\\/#website\",\"url\":\"https:\\\/\\\/batijournal.com\\\/\",\"name\":\"Batijournal\",\"description\":\"L&#039;actualit\u00e9 du b\u00e2timent\",\"potentialAction\":[{\"@type\":\"SearchAction\",\"target\":{\"@type\":\"EntryPoint\",\"urlTemplate\":\"https:\\\/\\\/batijournal.com\\\/?s={search_term_string}\"},\"query-input\":{\"@type\":\"PropertyValueSpecification\",\"valueRequired\":true,\"valueName\":\"search_term_string\"}}],\"inLanguage\":\"fr-FR\"},{\"@type\":\"Person\",\"@id\":\"https:\\\/\\\/batijournal.com\\\/#\\\/schema\\\/person\\\/1dc96ec6957aa1ccb25ebe78bb19f100\",\"name\":\"St\u00e9phane Miget\",\"image\":{\"@type\":\"ImageObject\",\"inLanguage\":\"fr-FR\",\"@id\":\"https:\\\/\\\/secure.gravatar.com\\\/avatar\\\/89915563d925342126b8ef0281b93d9d7fc337043e8df017f780908eb9644451?s=96&d=mm&r=g\",\"url\":\"https:\\\/\\\/secure.gravatar.com\\\/avatar\\\/89915563d925342126b8ef0281b93d9d7fc337043e8df017f780908eb9644451?s=96&d=mm&r=g\",\"contentUrl\":\"https:\\\/\\\/secure.gravatar.com\\\/avatar\\\/89915563d925342126b8ef0281b93d9d7fc337043e8df017f780908eb9644451?s=96&d=mm&r=g\",\"caption\":\"St\u00e9phane Miget\"},\"url\":\"https:\\\/\\\/batijournal.com\\\/index.php\\\/author\\\/stephane\\\/\"}]}<\/script>\n<!-- \/ Yoast SEO plugin. -->","yoast_head_json":{"title":"Grande concertation pour donner une nouvelle impulsion \u00e0 la d\u00e9marche \u00c9coQuartier","robots":{"index":"index","follow":"follow","max-snippet":"max-snippet:-1","max-image-preview":"max-image-preview:large","max-video-preview":"max-video-preview:-1"},"canonical":"https:\/\/batijournal.com\/index.php\/grande-concertation-donner-nouvelle-impulsion-a-demarche-ecoquartier\/93274\/","og_locale":"fr_FR","og_type":"article","og_title":"Grande concertation pour donner une nouvelle impulsion \u00e0 la d\u00e9marche \u00c9coQuartier","og_description":"La 4\u00e8me campagne de labellisation \u00c9coQuartier bat son plein, avec une nouvelle fois pr\u00e8s de 50 collectivit\u00e9s candidates en 2016. Dans le cadre de son plan de mobilisation des \u00e9nergies pour le logement abordable et l\u2019habitat durable, Emmanuelle Cosse, ministre du Logement et de l\u2019Habitat durable, a lanc\u00e9 mardi 28 juin 2016 une concertation avec [&hellip;]","og_url":"https:\/\/batijournal.com\/index.php\/grande-concertation-donner-nouvelle-impulsion-a-demarche-ecoquartier\/93274\/","og_site_name":"Batijournal","article_published_time":"2016-07-01T03:08:20+00:00","article_modified_time":"2019-07-15T09:21:44+00:00","og_image":[{"width":953,"height":480,"url":"https:\/\/batijournal.com\/wp-content\/uploads\/2015\/07\/photo-6-tramway-urbanisme-tours.jpg","type":"image\/jpeg"}],"author":"St\u00e9phane Miget","twitter_card":"summary_large_image","twitter_creator":"@bati_journal","twitter_site":"@bati_journal","twitter_misc":{"\u00c9crit par":"St\u00e9phane Miget","Dur\u00e9e de lecture estim\u00e9e":"2 minutes"},"schema":{"@context":"https:\/\/schema.org","@graph":[{"@type":"Article","@id":"https:\/\/batijournal.com\/index.php\/grande-concertation-donner-nouvelle-impulsion-a-demarche-ecoquartier\/93274\/#article","isPartOf":{"@id":"https:\/\/batijournal.com\/index.php\/grande-concertation-donner-nouvelle-impulsion-a-demarche-ecoquartier\/93274\/"},"author":{"name":"St\u00e9phane Miget","@id":"https:\/\/batijournal.com\/#\/schema\/person\/1dc96ec6957aa1ccb25ebe78bb19f100"},"headline":"Grande concertation pour donner une nouvelle impulsion \u00e0 la d\u00e9marche \u00c9coQuartier","datePublished":"2016-07-01T03:08:20+00:00","dateModified":"2019-07-15T09:21:44+00:00","mainEntityOfPage":{"@id":"https:\/\/batijournal.com\/index.php\/grande-concertation-donner-nouvelle-impulsion-a-demarche-ecoquartier\/93274\/"},"wordCount":322,"image":{"@id":"https:\/\/batijournal.com\/index.php\/grande-concertation-donner-nouvelle-impulsion-a-demarche-ecoquartier\/93274\/#primaryimage"},"thumbnailUrl":"https:\/\/batijournal.com\/wp-content\/uploads\/2015\/07\/photo-6-tramway-urbanisme-tours.jpg","keywords":["\u00e9coquartier","\u00e9coquartiers"],"articleSection":["Architecture &amp; Conception"],"inLanguage":"fr-FR"},{"@type":"WebPage","@id":"https:\/\/batijournal.com\/index.php\/grande-concertation-donner-nouvelle-impulsion-a-demarche-ecoquartier\/93274\/","url":"https:\/\/batijournal.com\/index.php\/grande-concertation-donner-nouvelle-impulsion-a-demarche-ecoquartier\/93274\/","name":"Grande concertation pour donner une nouvelle impulsion \u00e0 la d\u00e9marche \u00c9coQuartier","isPartOf":{"@id":"https:\/\/batijournal.com\/#website"},"primaryImageOfPage":{"@id":"https:\/\/batijournal.com\/index.php\/grande-concertation-donner-nouvelle-impulsion-a-demarche-ecoquartier\/93274\/#primaryimage"},"image":{"@id":"https:\/\/batijournal.com\/index.php\/grande-concertation-donner-nouvelle-impulsion-a-demarche-ecoquartier\/93274\/#primaryimage"},"thumbnailUrl":"https:\/\/batijournal.com\/wp-content\/uploads\/2015\/07\/photo-6-tramway-urbanisme-tours.jpg","datePublished":"2016-07-01T03:08:20+00:00","dateModified":"2019-07-15T09:21:44+00:00","author":{"@id":"https:\/\/batijournal.com\/#\/schema\/person\/1dc96ec6957aa1ccb25ebe78bb19f100"},"breadcrumb":{"@id":"https:\/\/batijournal.com\/index.php\/grande-concertation-donner-nouvelle-impulsion-a-demarche-ecoquartier\/93274\/#breadcrumb"},"inLanguage":"fr-FR","potentialAction":[{"@type":"ReadAction","target":["https:\/\/batijournal.com\/index.php\/grande-concertation-donner-nouvelle-impulsion-a-demarche-ecoquartier\/93274\/"]}]},{"@type":"ImageObject","inLanguage":"fr-FR","@id":"https:\/\/batijournal.com\/index.php\/grande-concertation-donner-nouvelle-impulsion-a-demarche-ecoquartier\/93274\/#primaryimage","url":"https:\/\/batijournal.com\/wp-content\/uploads\/2015\/07\/photo-6-tramway-urbanisme-tours.jpg","contentUrl":"https:\/\/batijournal.com\/wp-content\/uploads\/2015\/07\/photo-6-tramway-urbanisme-tours.jpg","width":953,"height":480,"caption":"Transformer une emprise militaire en \u00e9coquartier mixte et ouvert, telle est l\u2019ambition du site des anciennes casernes. Doc.\u00a0: SET"},{"@type":"BreadcrumbList","@id":"https:\/\/batijournal.com\/index.php\/grande-concertation-donner-nouvelle-impulsion-a-demarche-ecoquartier\/93274\/#breadcrumb","itemListElement":[{"@type":"ListItem","position":1,"name":"Accueil","item":"https:\/\/batijournal.com\/"},{"@type":"ListItem","position":2,"name":"Actualit\u00e9s","item":"https:\/\/batijournal.com\/index.php\/category\/actualites\/"},{"@type":"ListItem","position":3,"name":"Architecture &amp; Conception","item":"https:\/\/batijournal.com\/index.php\/category\/actualites\/architecture-conception\/"},{"@type":"ListItem","position":4,"name":"Grande concertation pour donner une nouvelle impulsion \u00e0 la d\u00e9marche \u00c9coQuartier"}]},{"@type":"WebSite","@id":"https:\/\/batijournal.com\/#website","url":"https:\/\/batijournal.com\/","name":"Batijournal","description":"L&#039;actualit\u00e9 du b\u00e2timent","potentialAction":[{"@type":"SearchAction","target":{"@type":"EntryPoint","urlTemplate":"https:\/\/batijournal.com\/?s={search_term_string}"},"query-input":{"@type":"PropertyValueSpecification","valueRequired":true,"valueName":"search_term_string"}}],"inLanguage":"fr-FR"},{"@type":"Person","@id":"https:\/\/batijournal.com\/#\/schema\/person\/1dc96ec6957aa1ccb25ebe78bb19f100","name":"St\u00e9phane Miget","image":{"@type":"ImageObject","inLanguage":"fr-FR","@id":"https:\/\/secure.gravatar.com\/avatar\/89915563d925342126b8ef0281b93d9d7fc337043e8df017f780908eb9644451?s=96&d=mm&r=g","url":"https:\/\/secure.gravatar.com\/avatar\/89915563d925342126b8ef0281b93d9d7fc337043e8df017f780908eb9644451?s=96&d=mm&r=g","contentUrl":"https:\/\/secure.gravatar.com\/avatar\/89915563d925342126b8ef0281b93d9d7fc337043e8df017f780908eb9644451?s=96&d=mm&r=g","caption":"St\u00e9phane Miget"},"url":"https:\/\/batijournal.com\/index.php\/author\/stephane\/"}]}},"_links":{"self":[{"href":"https:\/\/batijournal.com\/index.php\/wp-json\/wp\/v2\/posts\/93274","targetHints":{"allow":["GET"]}}],"collection":[{"href":"https:\/\/batijournal.com\/index.php\/wp-json\/wp\/v2\/posts"}],"about":[{"href":"https:\/\/batijournal.com\/index.php\/wp-json\/wp\/v2\/types\/post"}],"author":[{"embeddable":true,"href":"https:\/\/batijournal.com\/index.php\/wp-json\/wp\/v2\/users\/17"}],"replies":[{"embeddable":true,"href":"https:\/\/batijournal.com\/index.php\/wp-json\/wp\/v2\/comments?post=93274"}],"version-history":[{"count":0,"href":"https:\/\/batijournal.com\/index.php\/wp-json\/wp\/v2\/posts\/93274\/revisions"}],"wp:featuredmedia":[{"embeddable":true,"href":"https:\/\/batijournal.com\/index.php\/wp-json\/wp\/v2\/media\/88669"}],"wp:attachment":[{"href":"https:\/\/batijournal.com\/index.php\/wp-json\/wp\/v2\/media?parent=93274"}],"wp:term":[{"taxonomy":"category","embeddable":true,"href":"https:\/\/batijournal.com\/index.php\/wp-json\/wp\/v2\/categories?post=93274"},{"taxonomy":"post_tag","embeddable":true,"href":"https:\/\/batijournal.com\/index.php\/wp-json\/wp\/v2\/tags?post=93274"}],"curies":[{"name":"wp","href":"https:\/\/api.w.org\/{rel}","templated":true}]}}