{"id":93280,"date":"2016-07-01T07:33:13","date_gmt":"2016-07-01T05:33:13","guid":{"rendered":"http:\/\/batijournal.com\/?p=93280"},"modified":"2019-07-15T11:27:52","modified_gmt":"2019-07-15T09:27:52","slug":"immeuble-bois-de-35-m-a-nice","status":"publish","type":"post","link":"https:\/\/batijournal.com\/index.php\/immeuble-bois-de-35-m-a-nice\/93280\/","title":{"rendered":"Un immeuble bois de 35 m \u00e0 Nice"},"content":{"rendered":"<p><strong>Un immeuble de bureaux de 35 m en structure bois va sortir de terre dans l&rsquo;Eco-Vall\u00e9e, \u00e0 Nice M\u00e9ridia, il sera le plus haut de France. Le projet de Nexity Ywood avec le concours d&rsquo;Architecture-Studio a \u00e9t\u00e9 d\u00e9sign\u00e9 par un jury international, le 13 juin dernier, laur\u00e9at d&rsquo;une consultation pilot\u00e9e par l&rsquo;EPA Eco-Vall\u00e9e Plaine du Var.<\/strong><\/p>\n<p>Baptis\u00e9 Palazzo M\u00e9ridia, cet immeuble de bureaux en structure bois R+9 sera livr\u00e9 au 1e trimestre 2018 apr\u00e8s 12 mois de travaux. Ce b\u00e2timent iconique, \u00e0 l&rsquo;architecture \u00e9lanc\u00e9e, traduit l&rsquo;ambition d&rsquo;\u00e9co-exemplarit\u00e9, d&rsquo;innovation et de qualit\u00e9 architecturale voulue par la M\u00e9tropole Nice C\u00f4te d&rsquo;Azur. Au-del\u00e0 de ses qualit\u00e9s \u00e9nerg\u00e9tiques et architecturales, cette construction, qui n\u00e9cessitera 900 tonnes de bois d&rsquo;origine fran\u00e7aise, dynamisera et p\u00e9rennisera la \ufb01li\u00e8re bois r\u00e9gionale et nationale. Le Palazzo M\u00e9ridia sera raccord\u00e9 au Smart Grid mis en place \u00e0 l&rsquo;\u00e9chelle de toute la technopole. ll se rattachera \u00e0 la boucle g\u00e9othermique d&rsquo;eau temp\u00e9r\u00e9e de la ZAC permettant la production de chaud et de froid n\u00e9cessaire au b\u00e2timent. Dans cette logique d&rsquo;optimisation des charges, Nexity a travaill\u00e9 \u00e9troitement avec EDF et Dalkia pour \u00e9quiper la toiture d&rsquo;environ 500 m2 de panneaux photovolta\u00efques qui seront fabriqu\u00e9s en France. Lab\u00e9lis\u00e9 BEPOS Ef\ufb01nergie, le b\u00e2timent atteindra le niveau Argent de la d\u00e9marche B\u00e2timents Durables M\u00e9diterran\u00e9ens et r\u00e9pondra \u00e0 un niveau d&rsquo;exigence sup\u00e9rieur au niveau maximal du label Biosourc\u00e9.<\/p>\n<p>Apr\u00e8s l&rsquo;lnstitut du Monde Arabe \u00e0 Paris, le Parlement Europ\u00e9en \u00e0 Strasbourg, le Th\u00e9\u00e2tre national d&rsquo;Al-Manama \u00e0 Bahre\u00efn&#8230; les architectes d&rsquo;Architecture-Studio, qui portent une attention constante \u00e0 l&rsquo;\u00e9volution des nouveaux usages et \u00e0 la ville \u00e9cologique, ont con\u00e7u un b\u00e2timent qui \u00e9pouse la philosophie du quartier avec une architecture m\u00e9diterran\u00e9enne. L&rsquo;exosquelette m\u00e9tallique du b\u00e2timent, comme un paravent, supporte les circulations verticales situ\u00e9es en p\u00e9riph\u00e9rie, sa peau ext\u00e9rieure est une structure arborescente qui s&rsquo;\u00e9l\u00e8ve vers le ciel. Le socle ajour\u00e9 permet de cr\u00e9er un lien direct avec la vie urbaine de Nice M\u00e9ridia. La double fa\u00e7ade accompagne l&rsquo;am\u00e9nagement de balcons \ufb01lants devant un lin\u00e9aire de bureaux, proposant \u00e0 la fois des lieux de travail ext\u00e9rieurs et des jardins. Les terrasses ont \u00e9t\u00e9 imagin\u00e9es comme des \u00ab\u00a0troisi\u00e8mes lieux\u00a0\u00bb, ouverts et mixtes, propices aux nouveaux usages dans la mani\u00e8re de travailler, d&rsquo;\u00e9changer, de partager, de se rencontrer. \u00ab\u00a0II s&rsquo;agit d&rsquo;inventer de nouveaux usages dans la mani\u00e8re de travailler, d&rsquo;\u00e9changer, de partager, de se rencontrer. Le socle ajour\u00e9 permet de cr\u00e9er un lien direct avec la ville et la vie urbaine du quartier\u00a0\u00bb indique Marc Lehmann, architecte associ\u00e9 d&rsquo;Architecture-Studio.<\/p>\n<p>Image : Architecture-Studio<\/p>\n","protected":false},"excerpt":{"rendered":"<p>Un immeuble de bureaux de 35 m en structure bois va sortir de terre dans l&rsquo;Eco-Vall\u00e9e, \u00e0 Nice M\u00e9ridia, il sera le plus haut de France. Le projet de Nexity Ywood avec le concours d&rsquo;Architecture-Studio a \u00e9t\u00e9 d\u00e9sign\u00e9 par un jury international, le 13 juin dernier, laur\u00e9at d&rsquo;une consultation pilot\u00e9e par l&rsquo;EPA Eco-Vall\u00e9e Plaine du [&hellip;]<\/p>\n","protected":false},"author":17,"featured_media":93281,"comment_status":"closed","ping_status":"closed","sticky":false,"template":"","format":"standard","meta":{"_et_pb_use_builder":"","_et_pb_old_content":"","_et_gb_content_width":"","footnotes":""},"categories":[6340],"tags":[11536],"class_list":["post-93280","post","type-post","status-publish","format-standard","has-post-thumbnail","hentry","category-architecture-conception","tag-immeuble-bois"],"yoast_head":"<!-- This site is optimized with the Yoast SEO plugin v27.4 - https:\/\/yoast.com\/product\/yoast-seo-wordpress\/ -->\n<title>Un immeuble bois de 35 m \u00e0 Nice<\/title>\n<meta name=\"robots\" content=\"index, follow, max-snippet:-1, max-image-preview:large, max-video-preview:-1\" \/>\n<link rel=\"canonical\" href=\"https:\/\/batijournal.com\/index.php\/immeuble-bois-de-35-m-a-nice\/93280\/\" \/>\n<meta property=\"og:locale\" content=\"fr_FR\" \/>\n<meta property=\"og:type\" content=\"article\" \/>\n<meta property=\"og:title\" content=\"Un immeuble bois de 35 m \u00e0 Nice\" \/>\n<meta property=\"og:description\" content=\"Un immeuble de bureaux de 35 m en structure bois va sortir de terre dans l&rsquo;Eco-Vall\u00e9e, \u00e0 Nice M\u00e9ridia, il sera le plus haut de France. Le projet de Nexity Ywood avec le concours d&rsquo;Architecture-Studio a \u00e9t\u00e9 d\u00e9sign\u00e9 par un jury international, le 13 juin dernier, laur\u00e9at d&rsquo;une consultation pilot\u00e9e par l&rsquo;EPA Eco-Vall\u00e9e Plaine du [&hellip;]\" \/>\n<meta property=\"og:url\" content=\"https:\/\/batijournal.com\/index.php\/immeuble-bois-de-35-m-a-nice\/93280\/\" \/>\n<meta property=\"og:site_name\" content=\"Batijournal\" \/>\n<meta property=\"article:published_time\" content=\"2016-07-01T05:33:13+00:00\" \/>\n<meta property=\"article:modified_time\" content=\"2019-07-15T09:27:52+00:00\" \/>\n<meta property=\"og:image\" content=\"https:\/\/batijournal.com\/wp-content\/uploads\/2016\/07\/immeuble-bois-Palazzo-M\u00e9ridia.png\" \/>\n\t<meta property=\"og:image:width\" content=\"1035\" \/>\n\t<meta property=\"og:image:height\" content=\"681\" \/>\n\t<meta property=\"og:image:type\" content=\"image\/png\" \/>\n<meta name=\"author\" content=\"St\u00e9phane Miget\" \/>\n<meta name=\"twitter:card\" content=\"summary_large_image\" \/>\n<meta name=\"twitter:creator\" content=\"@bati_journal\" \/>\n<meta name=\"twitter:site\" content=\"@bati_journal\" \/>\n<meta name=\"twitter:label1\" content=\"\u00c9crit par\" \/>\n\t<meta name=\"twitter:data1\" content=\"St\u00e9phane Miget\" \/>\n\t<meta name=\"twitter:label2\" content=\"Dur\u00e9e de lecture estim\u00e9e\" \/>\n\t<meta name=\"twitter:data2\" content=\"2 minutes\" \/>\n<script type=\"application\/ld+json\" class=\"yoast-schema-graph\">{\"@context\":\"https:\\\/\\\/schema.org\",\"@graph\":[{\"@type\":\"Article\",\"@id\":\"https:\\\/\\\/batijournal.com\\\/index.php\\\/immeuble-bois-de-35-m-a-nice\\\/93280\\\/#article\",\"isPartOf\":{\"@id\":\"https:\\\/\\\/batijournal.com\\\/index.php\\\/immeuble-bois-de-35-m-a-nice\\\/93280\\\/\"},\"author\":{\"name\":\"St\u00e9phane Miget\",\"@id\":\"https:\\\/\\\/batijournal.com\\\/#\\\/schema\\\/person\\\/1dc96ec6957aa1ccb25ebe78bb19f100\"},\"headline\":\"Un immeuble bois de 35 m \u00e0 Nice\",\"datePublished\":\"2016-07-01T05:33:13+00:00\",\"dateModified\":\"2019-07-15T09:27:52+00:00\",\"mainEntityOfPage\":{\"@id\":\"https:\\\/\\\/batijournal.com\\\/index.php\\\/immeuble-bois-de-35-m-a-nice\\\/93280\\\/\"},\"wordCount\":487,\"image\":{\"@id\":\"https:\\\/\\\/batijournal.com\\\/index.php\\\/immeuble-bois-de-35-m-a-nice\\\/93280\\\/#primaryimage\"},\"thumbnailUrl\":\"https:\\\/\\\/batijournal.com\\\/wp-content\\\/uploads\\\/2016\\\/07\\\/immeuble-bois-Palazzo-M\u00e9ridia.png\",\"keywords\":[\"immeuble bois\"],\"articleSection\":[\"Architecture &amp; Conception\"],\"inLanguage\":\"fr-FR\"},{\"@type\":\"WebPage\",\"@id\":\"https:\\\/\\\/batijournal.com\\\/index.php\\\/immeuble-bois-de-35-m-a-nice\\\/93280\\\/\",\"url\":\"https:\\\/\\\/batijournal.com\\\/index.php\\\/immeuble-bois-de-35-m-a-nice\\\/93280\\\/\",\"name\":\"Un immeuble bois de 35 m \u00e0 Nice\",\"isPartOf\":{\"@id\":\"https:\\\/\\\/batijournal.com\\\/#website\"},\"primaryImageOfPage\":{\"@id\":\"https:\\\/\\\/batijournal.com\\\/index.php\\\/immeuble-bois-de-35-m-a-nice\\\/93280\\\/#primaryimage\"},\"image\":{\"@id\":\"https:\\\/\\\/batijournal.com\\\/index.php\\\/immeuble-bois-de-35-m-a-nice\\\/93280\\\/#primaryimage\"},\"thumbnailUrl\":\"https:\\\/\\\/batijournal.com\\\/wp-content\\\/uploads\\\/2016\\\/07\\\/immeuble-bois-Palazzo-M\u00e9ridia.png\",\"datePublished\":\"2016-07-01T05:33:13+00:00\",\"dateModified\":\"2019-07-15T09:27:52+00:00\",\"author\":{\"@id\":\"https:\\\/\\\/batijournal.com\\\/#\\\/schema\\\/person\\\/1dc96ec6957aa1ccb25ebe78bb19f100\"},\"breadcrumb\":{\"@id\":\"https:\\\/\\\/batijournal.com\\\/index.php\\\/immeuble-bois-de-35-m-a-nice\\\/93280\\\/#breadcrumb\"},\"inLanguage\":\"fr-FR\",\"potentialAction\":[{\"@type\":\"ReadAction\",\"target\":[\"https:\\\/\\\/batijournal.com\\\/index.php\\\/immeuble-bois-de-35-m-a-nice\\\/93280\\\/\"]}]},{\"@type\":\"ImageObject\",\"inLanguage\":\"fr-FR\",\"@id\":\"https:\\\/\\\/batijournal.com\\\/index.php\\\/immeuble-bois-de-35-m-a-nice\\\/93280\\\/#primaryimage\",\"url\":\"https:\\\/\\\/batijournal.com\\\/wp-content\\\/uploads\\\/2016\\\/07\\\/immeuble-bois-Palazzo-M\u00e9ridia.png\",\"contentUrl\":\"https:\\\/\\\/batijournal.com\\\/wp-content\\\/uploads\\\/2016\\\/07\\\/immeuble-bois-Palazzo-M\u00e9ridia.png\",\"width\":1035,\"height\":681},{\"@type\":\"BreadcrumbList\",\"@id\":\"https:\\\/\\\/batijournal.com\\\/index.php\\\/immeuble-bois-de-35-m-a-nice\\\/93280\\\/#breadcrumb\",\"itemListElement\":[{\"@type\":\"ListItem\",\"position\":1,\"name\":\"Accueil\",\"item\":\"https:\\\/\\\/batijournal.com\\\/\"},{\"@type\":\"ListItem\",\"position\":2,\"name\":\"Actualit\u00e9s\",\"item\":\"https:\\\/\\\/batijournal.com\\\/index.php\\\/category\\\/actualites\\\/\"},{\"@type\":\"ListItem\",\"position\":3,\"name\":\"Architecture &amp; Conception\",\"item\":\"https:\\\/\\\/batijournal.com\\\/index.php\\\/category\\\/actualites\\\/architecture-conception\\\/\"},{\"@type\":\"ListItem\",\"position\":4,\"name\":\"Un immeuble bois de 35 m \u00e0 Nice\"}]},{\"@type\":\"WebSite\",\"@id\":\"https:\\\/\\\/batijournal.com\\\/#website\",\"url\":\"https:\\\/\\\/batijournal.com\\\/\",\"name\":\"Batijournal\",\"description\":\"L&#039;actualit\u00e9 du b\u00e2timent\",\"potentialAction\":[{\"@type\":\"SearchAction\",\"target\":{\"@type\":\"EntryPoint\",\"urlTemplate\":\"https:\\\/\\\/batijournal.com\\\/?s={search_term_string}\"},\"query-input\":{\"@type\":\"PropertyValueSpecification\",\"valueRequired\":true,\"valueName\":\"search_term_string\"}}],\"inLanguage\":\"fr-FR\"},{\"@type\":\"Person\",\"@id\":\"https:\\\/\\\/batijournal.com\\\/#\\\/schema\\\/person\\\/1dc96ec6957aa1ccb25ebe78bb19f100\",\"name\":\"St\u00e9phane Miget\",\"image\":{\"@type\":\"ImageObject\",\"inLanguage\":\"fr-FR\",\"@id\":\"https:\\\/\\\/secure.gravatar.com\\\/avatar\\\/89915563d925342126b8ef0281b93d9d7fc337043e8df017f780908eb9644451?s=96&d=mm&r=g\",\"url\":\"https:\\\/\\\/secure.gravatar.com\\\/avatar\\\/89915563d925342126b8ef0281b93d9d7fc337043e8df017f780908eb9644451?s=96&d=mm&r=g\",\"contentUrl\":\"https:\\\/\\\/secure.gravatar.com\\\/avatar\\\/89915563d925342126b8ef0281b93d9d7fc337043e8df017f780908eb9644451?s=96&d=mm&r=g\",\"caption\":\"St\u00e9phane Miget\"},\"url\":\"https:\\\/\\\/batijournal.com\\\/index.php\\\/author\\\/stephane\\\/\"}]}<\/script>\n<!-- \/ Yoast SEO plugin. -->","yoast_head_json":{"title":"Un immeuble bois de 35 m \u00e0 Nice","robots":{"index":"index","follow":"follow","max-snippet":"max-snippet:-1","max-image-preview":"max-image-preview:large","max-video-preview":"max-video-preview:-1"},"canonical":"https:\/\/batijournal.com\/index.php\/immeuble-bois-de-35-m-a-nice\/93280\/","og_locale":"fr_FR","og_type":"article","og_title":"Un immeuble bois de 35 m \u00e0 Nice","og_description":"Un immeuble de bureaux de 35 m en structure bois va sortir de terre dans l&rsquo;Eco-Vall\u00e9e, \u00e0 Nice M\u00e9ridia, il sera le plus haut de France. Le projet de Nexity Ywood avec le concours d&rsquo;Architecture-Studio a \u00e9t\u00e9 d\u00e9sign\u00e9 par un jury international, le 13 juin dernier, laur\u00e9at d&rsquo;une consultation pilot\u00e9e par l&rsquo;EPA Eco-Vall\u00e9e Plaine du [&hellip;]","og_url":"https:\/\/batijournal.com\/index.php\/immeuble-bois-de-35-m-a-nice\/93280\/","og_site_name":"Batijournal","article_published_time":"2016-07-01T05:33:13+00:00","article_modified_time":"2019-07-15T09:27:52+00:00","og_image":[{"width":1035,"height":681,"url":"https:\/\/batijournal.com\/wp-content\/uploads\/2016\/07\/immeuble-bois-Palazzo-M\u00e9ridia.png","type":"image\/png"}],"author":"St\u00e9phane Miget","twitter_card":"summary_large_image","twitter_creator":"@bati_journal","twitter_site":"@bati_journal","twitter_misc":{"\u00c9crit par":"St\u00e9phane Miget","Dur\u00e9e de lecture estim\u00e9e":"2 minutes"},"schema":{"@context":"https:\/\/schema.org","@graph":[{"@type":"Article","@id":"https:\/\/batijournal.com\/index.php\/immeuble-bois-de-35-m-a-nice\/93280\/#article","isPartOf":{"@id":"https:\/\/batijournal.com\/index.php\/immeuble-bois-de-35-m-a-nice\/93280\/"},"author":{"name":"St\u00e9phane Miget","@id":"https:\/\/batijournal.com\/#\/schema\/person\/1dc96ec6957aa1ccb25ebe78bb19f100"},"headline":"Un immeuble bois de 35 m \u00e0 Nice","datePublished":"2016-07-01T05:33:13+00:00","dateModified":"2019-07-15T09:27:52+00:00","mainEntityOfPage":{"@id":"https:\/\/batijournal.com\/index.php\/immeuble-bois-de-35-m-a-nice\/93280\/"},"wordCount":487,"image":{"@id":"https:\/\/batijournal.com\/index.php\/immeuble-bois-de-35-m-a-nice\/93280\/#primaryimage"},"thumbnailUrl":"https:\/\/batijournal.com\/wp-content\/uploads\/2016\/07\/immeuble-bois-Palazzo-M\u00e9ridia.png","keywords":["immeuble bois"],"articleSection":["Architecture &amp; Conception"],"inLanguage":"fr-FR"},{"@type":"WebPage","@id":"https:\/\/batijournal.com\/index.php\/immeuble-bois-de-35-m-a-nice\/93280\/","url":"https:\/\/batijournal.com\/index.php\/immeuble-bois-de-35-m-a-nice\/93280\/","name":"Un immeuble bois de 35 m \u00e0 Nice","isPartOf":{"@id":"https:\/\/batijournal.com\/#website"},"primaryImageOfPage":{"@id":"https:\/\/batijournal.com\/index.php\/immeuble-bois-de-35-m-a-nice\/93280\/#primaryimage"},"image":{"@id":"https:\/\/batijournal.com\/index.php\/immeuble-bois-de-35-m-a-nice\/93280\/#primaryimage"},"thumbnailUrl":"https:\/\/batijournal.com\/wp-content\/uploads\/2016\/07\/immeuble-bois-Palazzo-M\u00e9ridia.png","datePublished":"2016-07-01T05:33:13+00:00","dateModified":"2019-07-15T09:27:52+00:00","author":{"@id":"https:\/\/batijournal.com\/#\/schema\/person\/1dc96ec6957aa1ccb25ebe78bb19f100"},"breadcrumb":{"@id":"https:\/\/batijournal.com\/index.php\/immeuble-bois-de-35-m-a-nice\/93280\/#breadcrumb"},"inLanguage":"fr-FR","potentialAction":[{"@type":"ReadAction","target":["https:\/\/batijournal.com\/index.php\/immeuble-bois-de-35-m-a-nice\/93280\/"]}]},{"@type":"ImageObject","inLanguage":"fr-FR","@id":"https:\/\/batijournal.com\/index.php\/immeuble-bois-de-35-m-a-nice\/93280\/#primaryimage","url":"https:\/\/batijournal.com\/wp-content\/uploads\/2016\/07\/immeuble-bois-Palazzo-M\u00e9ridia.png","contentUrl":"https:\/\/batijournal.com\/wp-content\/uploads\/2016\/07\/immeuble-bois-Palazzo-M\u00e9ridia.png","width":1035,"height":681},{"@type":"BreadcrumbList","@id":"https:\/\/batijournal.com\/index.php\/immeuble-bois-de-35-m-a-nice\/93280\/#breadcrumb","itemListElement":[{"@type":"ListItem","position":1,"name":"Accueil","item":"https:\/\/batijournal.com\/"},{"@type":"ListItem","position":2,"name":"Actualit\u00e9s","item":"https:\/\/batijournal.com\/index.php\/category\/actualites\/"},{"@type":"ListItem","position":3,"name":"Architecture &amp; Conception","item":"https:\/\/batijournal.com\/index.php\/category\/actualites\/architecture-conception\/"},{"@type":"ListItem","position":4,"name":"Un immeuble bois de 35 m \u00e0 Nice"}]},{"@type":"WebSite","@id":"https:\/\/batijournal.com\/#website","url":"https:\/\/batijournal.com\/","name":"Batijournal","description":"L&#039;actualit\u00e9 du b\u00e2timent","potentialAction":[{"@type":"SearchAction","target":{"@type":"EntryPoint","urlTemplate":"https:\/\/batijournal.com\/?s={search_term_string}"},"query-input":{"@type":"PropertyValueSpecification","valueRequired":true,"valueName":"search_term_string"}}],"inLanguage":"fr-FR"},{"@type":"Person","@id":"https:\/\/batijournal.com\/#\/schema\/person\/1dc96ec6957aa1ccb25ebe78bb19f100","name":"St\u00e9phane Miget","image":{"@type":"ImageObject","inLanguage":"fr-FR","@id":"https:\/\/secure.gravatar.com\/avatar\/89915563d925342126b8ef0281b93d9d7fc337043e8df017f780908eb9644451?s=96&d=mm&r=g","url":"https:\/\/secure.gravatar.com\/avatar\/89915563d925342126b8ef0281b93d9d7fc337043e8df017f780908eb9644451?s=96&d=mm&r=g","contentUrl":"https:\/\/secure.gravatar.com\/avatar\/89915563d925342126b8ef0281b93d9d7fc337043e8df017f780908eb9644451?s=96&d=mm&r=g","caption":"St\u00e9phane Miget"},"url":"https:\/\/batijournal.com\/index.php\/author\/stephane\/"}]}},"_links":{"self":[{"href":"https:\/\/batijournal.com\/index.php\/wp-json\/wp\/v2\/posts\/93280","targetHints":{"allow":["GET"]}}],"collection":[{"href":"https:\/\/batijournal.com\/index.php\/wp-json\/wp\/v2\/posts"}],"about":[{"href":"https:\/\/batijournal.com\/index.php\/wp-json\/wp\/v2\/types\/post"}],"author":[{"embeddable":true,"href":"https:\/\/batijournal.com\/index.php\/wp-json\/wp\/v2\/users\/17"}],"replies":[{"embeddable":true,"href":"https:\/\/batijournal.com\/index.php\/wp-json\/wp\/v2\/comments?post=93280"}],"version-history":[{"count":0,"href":"https:\/\/batijournal.com\/index.php\/wp-json\/wp\/v2\/posts\/93280\/revisions"}],"wp:featuredmedia":[{"embeddable":true,"href":"https:\/\/batijournal.com\/index.php\/wp-json\/wp\/v2\/media\/93281"}],"wp:attachment":[{"href":"https:\/\/batijournal.com\/index.php\/wp-json\/wp\/v2\/media?parent=93280"}],"wp:term":[{"taxonomy":"category","embeddable":true,"href":"https:\/\/batijournal.com\/index.php\/wp-json\/wp\/v2\/categories?post=93280"},{"taxonomy":"post_tag","embeddable":true,"href":"https:\/\/batijournal.com\/index.php\/wp-json\/wp\/v2\/tags?post=93280"}],"curies":[{"name":"wp","href":"https:\/\/api.w.org\/{rel}","templated":true}]}}