{"id":93282,"date":"2016-07-01T11:52:13","date_gmt":"2016-07-01T09:52:13","guid":{"rendered":"http:\/\/batijournal.com\/?p=93282"},"modified":"2016-07-01T11:52:13","modified_gmt":"2016-07-01T09:52:13","slug":"david-chipperfield-aires-mateus-architectes-ilots-a1-a2-nord-de-confluence-a-lyon","status":"publish","type":"post","link":"https:\/\/batijournal.com\/index.php\/david-chipperfield-aires-mateus-architectes-ilots-a1-a2-nord-de-confluence-a-lyon\/93282\/","title":{"rendered":"David Chipperfield et Aires Mateus architectes des \u00eelots A1 et A2 nord de La Confluence \u00e0 Lyon"},"content":{"rendered":"<p>L\u2019architecte britannique David Chipperfield, figure majeure de l\u2019architecture contemporaine, a \u00e9t\u00e9 s\u00e9lectionn\u00e9 le 30 juin \u00e0 l\u2019issue d\u2019une audition face aux op\u00e9rateurs de l\u2019am\u00e9nagement du quartier de La Confluence \u00e0 Lyon. Le portugais Manuel Aires Mateus interviendra \u00e0 ses c\u00f4t\u00e9s, pour concevoir une partie des b\u00e2timents. Trois agences d\u2019architecture de stature internationale, \u00e9taient invit\u00e9es \u00e0 exprimer leur vision de Lyon, de La Confluence et \u00e0 livrer leurs premi\u00e8res pistes de r\u00e9flexion sur la r\u00e9alisation des futurs \u00eelots A1 et A2 nord de la ZAC 2 de La Confluence. David Chipperfield Architects assurera la coordination du projet global des \u00eelots A1 et A2 nord et r\u00e9alisera 30 \u00e0 40 % des b\u00e2timents. Aires Mateus et Associados assurera la r\u00e9alisation de 40 % des b\u00e2timents.<br \/>\nUn architecte lyonnais dont le nom sera d\u00e9voil\u00e9 en septembre 2016 sera associ\u00e9 \u00e0 l\u2019\u00e9quipe.<\/p>\n<p>Les \u00eelots A1 A2 nord sont destin\u00e9s \u00e0 accueillir un programme mixte logements-bureaux-commerces qui devra composer avec un parking public enterr\u00e9 de 5 niveaux dans sa partie sud, et un b\u00e2timent existant partiellement conserv\u00e9 dans sa partie nord (le b\u00e2timent \u00ab porche \u00bb), o\u00f9 est install\u00e9e la salle des musiques actuelles dite du \u00ab march\u00e9 gare \u00bb. Cet ensemble de 27000 m2 est constitu\u00e9 de douze b\u00e2timents.<br \/>\nVisuel : Asylum \/ SPL Lyon Confluence \u2013 2015<\/p>\n<p>&nbsp;<\/p>\n","protected":false},"excerpt":{"rendered":"<p>L\u2019architecte britannique David Chipperfield, figure majeure de l\u2019architecture contemporaine, a \u00e9t\u00e9 s\u00e9lectionn\u00e9 le 30 juin \u00e0 l\u2019issue d\u2019une audition face aux op\u00e9rateurs de l\u2019am\u00e9nagement du quartier de La Confluence \u00e0 Lyon. Le portugais Manuel Aires Mateus interviendra \u00e0 ses c\u00f4t\u00e9s, pour concevoir une partie des b\u00e2timents. Trois agences d\u2019architecture de stature internationale, \u00e9taient invit\u00e9es \u00e0 [&hellip;]<\/p>\n","protected":false},"author":17,"featured_media":93283,"comment_status":"closed","ping_status":"closed","sticky":false,"template":"","format":"standard","meta":{"_et_pb_use_builder":"","_et_pb_old_content":"","_et_gb_content_width":"","footnotes":""},"categories":[6340],"tags":[],"class_list":["post-93282","post","type-post","status-publish","format-standard","has-post-thumbnail","hentry","category-architecture-conception"],"yoast_head":"<!-- This site is optimized with the Yoast SEO plugin v27.4 - https:\/\/yoast.com\/product\/yoast-seo-wordpress\/ -->\n<title>David Chipperfield et Aires Mateus architectes des \u00eelots A1 et A2 nord de La Confluence \u00e0 Lyon<\/title>\n<meta name=\"robots\" content=\"index, follow, max-snippet:-1, max-image-preview:large, max-video-preview:-1\" \/>\n<link rel=\"canonical\" href=\"https:\/\/batijournal.com\/index.php\/david-chipperfield-aires-mateus-architectes-ilots-a1-a2-nord-de-confluence-a-lyon\/93282\/\" \/>\n<meta property=\"og:locale\" content=\"fr_FR\" \/>\n<meta property=\"og:type\" content=\"article\" \/>\n<meta property=\"og:title\" content=\"David Chipperfield et Aires Mateus architectes des \u00eelots A1 et A2 nord de La Confluence \u00e0 Lyon\" \/>\n<meta property=\"og:description\" content=\"L\u2019architecte britannique David Chipperfield, figure majeure de l\u2019architecture contemporaine, a \u00e9t\u00e9 s\u00e9lectionn\u00e9 le 30 juin \u00e0 l\u2019issue d\u2019une audition face aux op\u00e9rateurs de l\u2019am\u00e9nagement du quartier de La Confluence \u00e0 Lyon. Le portugais Manuel Aires Mateus interviendra \u00e0 ses c\u00f4t\u00e9s, pour concevoir une partie des b\u00e2timents. Trois agences d\u2019architecture de stature internationale, \u00e9taient invit\u00e9es \u00e0 [&hellip;]\" \/>\n<meta property=\"og:url\" content=\"https:\/\/batijournal.com\/index.php\/david-chipperfield-aires-mateus-architectes-ilots-a1-a2-nord-de-confluence-a-lyon\/93282\/\" \/>\n<meta property=\"og:site_name\" content=\"Batijournal\" \/>\n<meta property=\"article:published_time\" content=\"2016-07-01T09:52:13+00:00\" \/>\n<meta property=\"og:image\" content=\"https:\/\/batijournal.com\/wp-content\/uploads\/2016\/07\/ilots-A1-et-A2-nord-lyon-confluence.png\" \/>\n\t<meta property=\"og:image:width\" content=\"1183\" \/>\n\t<meta property=\"og:image:height\" content=\"497\" \/>\n\t<meta property=\"og:image:type\" content=\"image\/png\" \/>\n<meta name=\"author\" content=\"St\u00e9phane Miget\" \/>\n<meta name=\"twitter:card\" content=\"summary_large_image\" \/>\n<meta name=\"twitter:creator\" content=\"@bati_journal\" \/>\n<meta name=\"twitter:site\" content=\"@bati_journal\" \/>\n<meta name=\"twitter:label1\" content=\"\u00c9crit par\" \/>\n\t<meta name=\"twitter:data1\" content=\"St\u00e9phane Miget\" \/>\n\t<meta name=\"twitter:label2\" content=\"Dur\u00e9e de lecture estim\u00e9e\" \/>\n\t<meta name=\"twitter:data2\" content=\"1 minute\" \/>\n<script type=\"application\/ld+json\" class=\"yoast-schema-graph\">{\"@context\":\"https:\\\/\\\/schema.org\",\"@graph\":[{\"@type\":\"Article\",\"@id\":\"https:\\\/\\\/batijournal.com\\\/index.php\\\/david-chipperfield-aires-mateus-architectes-ilots-a1-a2-nord-de-confluence-a-lyon\\\/93282\\\/#article\",\"isPartOf\":{\"@id\":\"https:\\\/\\\/batijournal.com\\\/index.php\\\/david-chipperfield-aires-mateus-architectes-ilots-a1-a2-nord-de-confluence-a-lyon\\\/93282\\\/\"},\"author\":{\"name\":\"St\u00e9phane Miget\",\"@id\":\"https:\\\/\\\/batijournal.com\\\/#\\\/schema\\\/person\\\/1dc96ec6957aa1ccb25ebe78bb19f100\"},\"headline\":\"David Chipperfield et Aires Mateus architectes des \u00eelots A1 et A2 nord de La Confluence \u00e0 Lyon\",\"datePublished\":\"2016-07-01T09:52:13+00:00\",\"mainEntityOfPage\":{\"@id\":\"https:\\\/\\\/batijournal.com\\\/index.php\\\/david-chipperfield-aires-mateus-architectes-ilots-a1-a2-nord-de-confluence-a-lyon\\\/93282\\\/\"},\"wordCount\":232,\"image\":{\"@id\":\"https:\\\/\\\/batijournal.com\\\/index.php\\\/david-chipperfield-aires-mateus-architectes-ilots-a1-a2-nord-de-confluence-a-lyon\\\/93282\\\/#primaryimage\"},\"thumbnailUrl\":\"https:\\\/\\\/batijournal.com\\\/wp-content\\\/uploads\\\/2016\\\/07\\\/ilots-A1-et-A2-nord-lyon-confluence.png\",\"articleSection\":[\"Architecture &amp; Conception\"],\"inLanguage\":\"fr-FR\"},{\"@type\":\"WebPage\",\"@id\":\"https:\\\/\\\/batijournal.com\\\/index.php\\\/david-chipperfield-aires-mateus-architectes-ilots-a1-a2-nord-de-confluence-a-lyon\\\/93282\\\/\",\"url\":\"https:\\\/\\\/batijournal.com\\\/index.php\\\/david-chipperfield-aires-mateus-architectes-ilots-a1-a2-nord-de-confluence-a-lyon\\\/93282\\\/\",\"name\":\"David Chipperfield et Aires Mateus architectes des \u00eelots A1 et A2 nord de La Confluence \u00e0 Lyon\",\"isPartOf\":{\"@id\":\"https:\\\/\\\/batijournal.com\\\/#website\"},\"primaryImageOfPage\":{\"@id\":\"https:\\\/\\\/batijournal.com\\\/index.php\\\/david-chipperfield-aires-mateus-architectes-ilots-a1-a2-nord-de-confluence-a-lyon\\\/93282\\\/#primaryimage\"},\"image\":{\"@id\":\"https:\\\/\\\/batijournal.com\\\/index.php\\\/david-chipperfield-aires-mateus-architectes-ilots-a1-a2-nord-de-confluence-a-lyon\\\/93282\\\/#primaryimage\"},\"thumbnailUrl\":\"https:\\\/\\\/batijournal.com\\\/wp-content\\\/uploads\\\/2016\\\/07\\\/ilots-A1-et-A2-nord-lyon-confluence.png\",\"datePublished\":\"2016-07-01T09:52:13+00:00\",\"author\":{\"@id\":\"https:\\\/\\\/batijournal.com\\\/#\\\/schema\\\/person\\\/1dc96ec6957aa1ccb25ebe78bb19f100\"},\"breadcrumb\":{\"@id\":\"https:\\\/\\\/batijournal.com\\\/index.php\\\/david-chipperfield-aires-mateus-architectes-ilots-a1-a2-nord-de-confluence-a-lyon\\\/93282\\\/#breadcrumb\"},\"inLanguage\":\"fr-FR\",\"potentialAction\":[{\"@type\":\"ReadAction\",\"target\":[\"https:\\\/\\\/batijournal.com\\\/index.php\\\/david-chipperfield-aires-mateus-architectes-ilots-a1-a2-nord-de-confluence-a-lyon\\\/93282\\\/\"]}]},{\"@type\":\"ImageObject\",\"inLanguage\":\"fr-FR\",\"@id\":\"https:\\\/\\\/batijournal.com\\\/index.php\\\/david-chipperfield-aires-mateus-architectes-ilots-a1-a2-nord-de-confluence-a-lyon\\\/93282\\\/#primaryimage\",\"url\":\"https:\\\/\\\/batijournal.com\\\/wp-content\\\/uploads\\\/2016\\\/07\\\/ilots-A1-et-A2-nord-lyon-confluence.png\",\"contentUrl\":\"https:\\\/\\\/batijournal.com\\\/wp-content\\\/uploads\\\/2016\\\/07\\\/ilots-A1-et-A2-nord-lyon-confluence.png\",\"width\":1183,\"height\":497},{\"@type\":\"BreadcrumbList\",\"@id\":\"https:\\\/\\\/batijournal.com\\\/index.php\\\/david-chipperfield-aires-mateus-architectes-ilots-a1-a2-nord-de-confluence-a-lyon\\\/93282\\\/#breadcrumb\",\"itemListElement\":[{\"@type\":\"ListItem\",\"position\":1,\"name\":\"Accueil\",\"item\":\"https:\\\/\\\/batijournal.com\\\/\"},{\"@type\":\"ListItem\",\"position\":2,\"name\":\"Actualit\u00e9s\",\"item\":\"https:\\\/\\\/batijournal.com\\\/index.php\\\/category\\\/actualites\\\/\"},{\"@type\":\"ListItem\",\"position\":3,\"name\":\"Architecture &amp; Conception\",\"item\":\"https:\\\/\\\/batijournal.com\\\/index.php\\\/category\\\/actualites\\\/architecture-conception\\\/\"},{\"@type\":\"ListItem\",\"position\":4,\"name\":\"David Chipperfield et Aires Mateus architectes des \u00eelots A1 et A2 nord de La Confluence \u00e0 Lyon\"}]},{\"@type\":\"WebSite\",\"@id\":\"https:\\\/\\\/batijournal.com\\\/#website\",\"url\":\"https:\\\/\\\/batijournal.com\\\/\",\"name\":\"Batijournal\",\"description\":\"L&#039;actualit\u00e9 du b\u00e2timent\",\"potentialAction\":[{\"@type\":\"SearchAction\",\"target\":{\"@type\":\"EntryPoint\",\"urlTemplate\":\"https:\\\/\\\/batijournal.com\\\/?s={search_term_string}\"},\"query-input\":{\"@type\":\"PropertyValueSpecification\",\"valueRequired\":true,\"valueName\":\"search_term_string\"}}],\"inLanguage\":\"fr-FR\"},{\"@type\":\"Person\",\"@id\":\"https:\\\/\\\/batijournal.com\\\/#\\\/schema\\\/person\\\/1dc96ec6957aa1ccb25ebe78bb19f100\",\"name\":\"St\u00e9phane Miget\",\"image\":{\"@type\":\"ImageObject\",\"inLanguage\":\"fr-FR\",\"@id\":\"https:\\\/\\\/secure.gravatar.com\\\/avatar\\\/89915563d925342126b8ef0281b93d9d7fc337043e8df017f780908eb9644451?s=96&d=mm&r=g\",\"url\":\"https:\\\/\\\/secure.gravatar.com\\\/avatar\\\/89915563d925342126b8ef0281b93d9d7fc337043e8df017f780908eb9644451?s=96&d=mm&r=g\",\"contentUrl\":\"https:\\\/\\\/secure.gravatar.com\\\/avatar\\\/89915563d925342126b8ef0281b93d9d7fc337043e8df017f780908eb9644451?s=96&d=mm&r=g\",\"caption\":\"St\u00e9phane Miget\"},\"url\":\"https:\\\/\\\/batijournal.com\\\/index.php\\\/author\\\/stephane\\\/\"}]}<\/script>\n<!-- \/ Yoast SEO plugin. -->","yoast_head_json":{"title":"David Chipperfield et Aires Mateus architectes des \u00eelots A1 et A2 nord de La Confluence \u00e0 Lyon","robots":{"index":"index","follow":"follow","max-snippet":"max-snippet:-1","max-image-preview":"max-image-preview:large","max-video-preview":"max-video-preview:-1"},"canonical":"https:\/\/batijournal.com\/index.php\/david-chipperfield-aires-mateus-architectes-ilots-a1-a2-nord-de-confluence-a-lyon\/93282\/","og_locale":"fr_FR","og_type":"article","og_title":"David Chipperfield et Aires Mateus architectes des \u00eelots A1 et A2 nord de La Confluence \u00e0 Lyon","og_description":"L\u2019architecte britannique David Chipperfield, figure majeure de l\u2019architecture contemporaine, a \u00e9t\u00e9 s\u00e9lectionn\u00e9 le 30 juin \u00e0 l\u2019issue d\u2019une audition face aux op\u00e9rateurs de l\u2019am\u00e9nagement du quartier de La Confluence \u00e0 Lyon. Le portugais Manuel Aires Mateus interviendra \u00e0 ses c\u00f4t\u00e9s, pour concevoir une partie des b\u00e2timents. Trois agences d\u2019architecture de stature internationale, \u00e9taient invit\u00e9es \u00e0 [&hellip;]","og_url":"https:\/\/batijournal.com\/index.php\/david-chipperfield-aires-mateus-architectes-ilots-a1-a2-nord-de-confluence-a-lyon\/93282\/","og_site_name":"Batijournal","article_published_time":"2016-07-01T09:52:13+00:00","og_image":[{"width":1183,"height":497,"url":"https:\/\/batijournal.com\/wp-content\/uploads\/2016\/07\/ilots-A1-et-A2-nord-lyon-confluence.png","type":"image\/png"}],"author":"St\u00e9phane Miget","twitter_card":"summary_large_image","twitter_creator":"@bati_journal","twitter_site":"@bati_journal","twitter_misc":{"\u00c9crit par":"St\u00e9phane Miget","Dur\u00e9e de lecture estim\u00e9e":"1 minute"},"schema":{"@context":"https:\/\/schema.org","@graph":[{"@type":"Article","@id":"https:\/\/batijournal.com\/index.php\/david-chipperfield-aires-mateus-architectes-ilots-a1-a2-nord-de-confluence-a-lyon\/93282\/#article","isPartOf":{"@id":"https:\/\/batijournal.com\/index.php\/david-chipperfield-aires-mateus-architectes-ilots-a1-a2-nord-de-confluence-a-lyon\/93282\/"},"author":{"name":"St\u00e9phane Miget","@id":"https:\/\/batijournal.com\/#\/schema\/person\/1dc96ec6957aa1ccb25ebe78bb19f100"},"headline":"David Chipperfield et Aires Mateus architectes des \u00eelots A1 et A2 nord de La Confluence \u00e0 Lyon","datePublished":"2016-07-01T09:52:13+00:00","mainEntityOfPage":{"@id":"https:\/\/batijournal.com\/index.php\/david-chipperfield-aires-mateus-architectes-ilots-a1-a2-nord-de-confluence-a-lyon\/93282\/"},"wordCount":232,"image":{"@id":"https:\/\/batijournal.com\/index.php\/david-chipperfield-aires-mateus-architectes-ilots-a1-a2-nord-de-confluence-a-lyon\/93282\/#primaryimage"},"thumbnailUrl":"https:\/\/batijournal.com\/wp-content\/uploads\/2016\/07\/ilots-A1-et-A2-nord-lyon-confluence.png","articleSection":["Architecture &amp; Conception"],"inLanguage":"fr-FR"},{"@type":"WebPage","@id":"https:\/\/batijournal.com\/index.php\/david-chipperfield-aires-mateus-architectes-ilots-a1-a2-nord-de-confluence-a-lyon\/93282\/","url":"https:\/\/batijournal.com\/index.php\/david-chipperfield-aires-mateus-architectes-ilots-a1-a2-nord-de-confluence-a-lyon\/93282\/","name":"David Chipperfield et Aires Mateus architectes des \u00eelots A1 et A2 nord de La Confluence \u00e0 Lyon","isPartOf":{"@id":"https:\/\/batijournal.com\/#website"},"primaryImageOfPage":{"@id":"https:\/\/batijournal.com\/index.php\/david-chipperfield-aires-mateus-architectes-ilots-a1-a2-nord-de-confluence-a-lyon\/93282\/#primaryimage"},"image":{"@id":"https:\/\/batijournal.com\/index.php\/david-chipperfield-aires-mateus-architectes-ilots-a1-a2-nord-de-confluence-a-lyon\/93282\/#primaryimage"},"thumbnailUrl":"https:\/\/batijournal.com\/wp-content\/uploads\/2016\/07\/ilots-A1-et-A2-nord-lyon-confluence.png","datePublished":"2016-07-01T09:52:13+00:00","author":{"@id":"https:\/\/batijournal.com\/#\/schema\/person\/1dc96ec6957aa1ccb25ebe78bb19f100"},"breadcrumb":{"@id":"https:\/\/batijournal.com\/index.php\/david-chipperfield-aires-mateus-architectes-ilots-a1-a2-nord-de-confluence-a-lyon\/93282\/#breadcrumb"},"inLanguage":"fr-FR","potentialAction":[{"@type":"ReadAction","target":["https:\/\/batijournal.com\/index.php\/david-chipperfield-aires-mateus-architectes-ilots-a1-a2-nord-de-confluence-a-lyon\/93282\/"]}]},{"@type":"ImageObject","inLanguage":"fr-FR","@id":"https:\/\/batijournal.com\/index.php\/david-chipperfield-aires-mateus-architectes-ilots-a1-a2-nord-de-confluence-a-lyon\/93282\/#primaryimage","url":"https:\/\/batijournal.com\/wp-content\/uploads\/2016\/07\/ilots-A1-et-A2-nord-lyon-confluence.png","contentUrl":"https:\/\/batijournal.com\/wp-content\/uploads\/2016\/07\/ilots-A1-et-A2-nord-lyon-confluence.png","width":1183,"height":497},{"@type":"BreadcrumbList","@id":"https:\/\/batijournal.com\/index.php\/david-chipperfield-aires-mateus-architectes-ilots-a1-a2-nord-de-confluence-a-lyon\/93282\/#breadcrumb","itemListElement":[{"@type":"ListItem","position":1,"name":"Accueil","item":"https:\/\/batijournal.com\/"},{"@type":"ListItem","position":2,"name":"Actualit\u00e9s","item":"https:\/\/batijournal.com\/index.php\/category\/actualites\/"},{"@type":"ListItem","position":3,"name":"Architecture &amp; Conception","item":"https:\/\/batijournal.com\/index.php\/category\/actualites\/architecture-conception\/"},{"@type":"ListItem","position":4,"name":"David Chipperfield et Aires Mateus architectes des \u00eelots A1 et A2 nord de La Confluence \u00e0 Lyon"}]},{"@type":"WebSite","@id":"https:\/\/batijournal.com\/#website","url":"https:\/\/batijournal.com\/","name":"Batijournal","description":"L&#039;actualit\u00e9 du b\u00e2timent","potentialAction":[{"@type":"SearchAction","target":{"@type":"EntryPoint","urlTemplate":"https:\/\/batijournal.com\/?s={search_term_string}"},"query-input":{"@type":"PropertyValueSpecification","valueRequired":true,"valueName":"search_term_string"}}],"inLanguage":"fr-FR"},{"@type":"Person","@id":"https:\/\/batijournal.com\/#\/schema\/person\/1dc96ec6957aa1ccb25ebe78bb19f100","name":"St\u00e9phane Miget","image":{"@type":"ImageObject","inLanguage":"fr-FR","@id":"https:\/\/secure.gravatar.com\/avatar\/89915563d925342126b8ef0281b93d9d7fc337043e8df017f780908eb9644451?s=96&d=mm&r=g","url":"https:\/\/secure.gravatar.com\/avatar\/89915563d925342126b8ef0281b93d9d7fc337043e8df017f780908eb9644451?s=96&d=mm&r=g","contentUrl":"https:\/\/secure.gravatar.com\/avatar\/89915563d925342126b8ef0281b93d9d7fc337043e8df017f780908eb9644451?s=96&d=mm&r=g","caption":"St\u00e9phane Miget"},"url":"https:\/\/batijournal.com\/index.php\/author\/stephane\/"}]}},"_links":{"self":[{"href":"https:\/\/batijournal.com\/index.php\/wp-json\/wp\/v2\/posts\/93282","targetHints":{"allow":["GET"]}}],"collection":[{"href":"https:\/\/batijournal.com\/index.php\/wp-json\/wp\/v2\/posts"}],"about":[{"href":"https:\/\/batijournal.com\/index.php\/wp-json\/wp\/v2\/types\/post"}],"author":[{"embeddable":true,"href":"https:\/\/batijournal.com\/index.php\/wp-json\/wp\/v2\/users\/17"}],"replies":[{"embeddable":true,"href":"https:\/\/batijournal.com\/index.php\/wp-json\/wp\/v2\/comments?post=93282"}],"version-history":[{"count":0,"href":"https:\/\/batijournal.com\/index.php\/wp-json\/wp\/v2\/posts\/93282\/revisions"}],"wp:featuredmedia":[{"embeddable":true,"href":"https:\/\/batijournal.com\/index.php\/wp-json\/wp\/v2\/media\/93283"}],"wp:attachment":[{"href":"https:\/\/batijournal.com\/index.php\/wp-json\/wp\/v2\/media?parent=93282"}],"wp:term":[{"taxonomy":"category","embeddable":true,"href":"https:\/\/batijournal.com\/index.php\/wp-json\/wp\/v2\/categories?post=93282"},{"taxonomy":"post_tag","embeddable":true,"href":"https:\/\/batijournal.com\/index.php\/wp-json\/wp\/v2\/tags?post=93282"}],"curies":[{"name":"wp","href":"https:\/\/api.w.org\/{rel}","templated":true}]}}