{"id":93284,"date":"2016-07-01T13:47:00","date_gmt":"2016-07-01T11:47:00","guid":{"rendered":"http:\/\/batijournal.com\/?p=93284"},"modified":"2019-07-15T11:16:41","modified_gmt":"2019-07-15T09:16:41","slug":"fondation-patrimoine-a-20-ans","status":"publish","type":"post","link":"https:\/\/batijournal.com\/index.php\/fondation-patrimoine-a-20-ans\/93284\/","title":{"rendered":"La Fondation du patrimoine a 20 ans"},"content":{"rendered":"<p>En 1996, le s\u00e9nateur-maire de Saumur Jean-Paul Hugot pr\u00e9sentait devant le S\u00e9nat un rapport qui concluait \u00e0 l\u2019absolue n\u00e9cessit\u00e9 pour notre pays de se doter d\u2019une structure charg\u00e9e d\u2019impulser une politique active de mobilisation du secteur priv\u00e9 en faveur du patrimoine. Sous la forte impulsion du pr\u00e9sident de la R\u00e9publique, le minist\u00e8re de la Culture pr\u00e9parait le texte qui, une fois adopt\u00e9 par le Parlement, allait devenir la loi du 2 juillet 1996 cr\u00e9ant la Fondation du patrimoine, reconnue d\u2019utilit\u00e9 publique par un d\u00e9cret du 18 avril 1997.<\/p>\n<p>En 20 ans d\u2019activit\u00e9, la Fondation du patrimoine a accompagn\u00e9 pr\u00e8s de 30 000 projets en conjuguant les moyens publics avec ceux du b\u00e9n\u00e9volat et du m\u00e9c\u00e9nat. Les 550 b\u00e9n\u00e9voles et les 70 salari\u00e9s ont d\u00e9velopp\u00e9 des outils qui permettent aux acteurs du secteur priv\u00e9 d\u2019associer leurs moyens \u00e0 ceux des services de l\u2019Etat et des collectivit\u00e9s territoriales. Le patrimoine de proximit\u00e9, de pays, essentiellement non prot\u00e9g\u00e9 et souvent rural est ainsi entretenu dans les r\u00e8gles de l\u2019art pour garder sa place, l\u2019adapter ou en trouver une autre quand sa raison d\u2019\u00eatre a disparu. Plus de deux milliards d\u2019euros de travaux ont \u00e9t\u00e9 accompagn\u00e9s, plus de 60 000 emplois, eux aussi de proximit\u00e9 et non d\u00e9localisables ont \u00e9t\u00e9 soutenus dans les secteurs du b\u00e2timent et des m\u00e9tiers d\u2019art.<\/p>\n<p>De nombreuses manifestations sont organis\u00e9es en 2016 dans toutes les r\u00e9gions de France pour marquer les 20 ans de la Fondation du patrimoine : visites, rallyes, concerts, conf\u00e9rences, publications\u2026<\/p>\n<ul>\n<li>A Saumur, le 2 juillet 2016, la Fondation du patrimoine qui a voulu que son vingti\u00e8me anniversaire soit l\u2019occasion de se souvenir de ses premiers pas et des hommes qui les ont accompagn\u00e9s organise une matin\u00e9e exceptionnelle d\u2019interventions et de conf\u00e9rences qui aura lieu au th\u00e9\u00e2tre du D\u00f4me.<\/li>\n<li>A Paris, la Fondation s\u2019affichera du 17 septembre 2016 au 15 janvier 2017 sur les grilles du jardin du Luxembourg au travers de l\u2019exposition Le patrimoine, une passion, des hommes dont les 80 panneaux porteront les images de nos actions.<\/li>\n<li>Un beau livre Le patrimoine, une passion, des hommes les reprendra et les commentera pour prolonger et exporter la d\u00e9ambulation parisienne et donner au lecteur l\u2019envie d\u2019aller voir de plus pr\u00e8s et de regarder autrement le patrimoine qui l\u2019entoure (sortie le 7 septembre 2016 \u2013 Editions Autrement).<\/li>\n<li>Un num\u00e9ro sp\u00e9cial du Journal du Parlement La Fondation du patrimoine a \u00e9t\u00e9 publi\u00e9 au printemps dernier avec un \u00e9ditorial de la ministre de la Culture et de la Communication Audrey Azoulay, et des textes de G\u00e9rard Larcher, Jean-Jacques Aillagon, Pierre Nora&#8230;<\/li>\n<li>Fin septembre, la Fondation pr\u00e9sentera son nouveau site Internet dot\u00e9 d\u2019une plateforme de dons ind\u00e9pendante. Refondu, il sera aussi au service des porteurs de projets.<\/li>\n<\/ul>\n<p>&nbsp;<\/p>\n<p>Photo : un des panneaux de l\u2019exposition qui se tiendra sur les grilles du jardin du Luxembourg \u00e0 partir du 17 septembre 2016 : inauguration de la restauration du pigeonnier Jean-de-Blanc \u00e0 Saint-Astier en Lot-et-Garonne. \u00a9 Yvon Bo\u00eblle pour la Fondation du patrimoine<\/p>\n<p>&nbsp;<\/p>\n","protected":false},"excerpt":{"rendered":"<p>En 1996, le s\u00e9nateur-maire de Saumur Jean-Paul Hugot pr\u00e9sentait devant le S\u00e9nat un rapport qui concluait \u00e0 l\u2019absolue n\u00e9cessit\u00e9 pour notre pays de se doter d\u2019une structure charg\u00e9e d\u2019impulser une politique active de mobilisation du secteur priv\u00e9 en faveur du patrimoine. Sous la forte impulsion du pr\u00e9sident de la R\u00e9publique, le minist\u00e8re de la Culture [&hellip;]<\/p>\n","protected":false},"author":17,"featured_media":93285,"comment_status":"closed","ping_status":"closed","sticky":false,"template":"","format":"standard","meta":{"_et_pb_use_builder":"","_et_pb_old_content":"","_et_gb_content_width":"","footnotes":""},"categories":[6340],"tags":[5905],"class_list":["post-93284","post","type-post","status-publish","format-standard","has-post-thumbnail","hentry","category-architecture-conception","tag-fondation-du-patrimoine"],"yoast_head":"<!-- This site is optimized with the Yoast SEO plugin v27.4 - https:\/\/yoast.com\/product\/yoast-seo-wordpress\/ -->\n<title>La Fondation du patrimoine a 20 ans<\/title>\n<meta name=\"robots\" content=\"index, follow, max-snippet:-1, max-image-preview:large, max-video-preview:-1\" \/>\n<link rel=\"canonical\" href=\"https:\/\/batijournal.com\/index.php\/fondation-patrimoine-a-20-ans\/93284\/\" \/>\n<meta property=\"og:locale\" content=\"fr_FR\" \/>\n<meta property=\"og:type\" content=\"article\" \/>\n<meta property=\"og:title\" content=\"La Fondation du patrimoine a 20 ans\" \/>\n<meta property=\"og:description\" content=\"En 1996, le s\u00e9nateur-maire de Saumur Jean-Paul Hugot pr\u00e9sentait devant le S\u00e9nat un rapport qui concluait \u00e0 l\u2019absolue n\u00e9cessit\u00e9 pour notre pays de se doter d\u2019une structure charg\u00e9e d\u2019impulser une politique active de mobilisation du secteur priv\u00e9 en faveur du patrimoine. Sous la forte impulsion du pr\u00e9sident de la R\u00e9publique, le minist\u00e8re de la Culture [&hellip;]\" \/>\n<meta property=\"og:url\" content=\"https:\/\/batijournal.com\/index.php\/fondation-patrimoine-a-20-ans\/93284\/\" \/>\n<meta property=\"og:site_name\" content=\"Batijournal\" \/>\n<meta property=\"article:published_time\" content=\"2016-07-01T11:47:00+00:00\" \/>\n<meta property=\"article:modified_time\" content=\"2019-07-15T09:16:41+00:00\" \/>\n<meta property=\"og:image\" content=\"https:\/\/batijournal.com\/wp-content\/uploads\/2016\/07\/20-ans-fondation-du-patrimoine.jpg\" \/>\n\t<meta property=\"og:image:width\" content=\"1419\" \/>\n\t<meta property=\"og:image:height\" content=\"891\" \/>\n\t<meta property=\"og:image:type\" content=\"image\/jpeg\" \/>\n<meta name=\"author\" content=\"St\u00e9phane Miget\" \/>\n<meta name=\"twitter:card\" content=\"summary_large_image\" \/>\n<meta name=\"twitter:creator\" content=\"@bati_journal\" \/>\n<meta name=\"twitter:site\" content=\"@bati_journal\" \/>\n<meta name=\"twitter:label1\" content=\"\u00c9crit par\" \/>\n\t<meta name=\"twitter:data1\" content=\"St\u00e9phane Miget\" \/>\n\t<meta name=\"twitter:label2\" content=\"Dur\u00e9e de lecture estim\u00e9e\" \/>\n\t<meta name=\"twitter:data2\" content=\"3 minutes\" \/>\n<script type=\"application\/ld+json\" class=\"yoast-schema-graph\">{\"@context\":\"https:\\\/\\\/schema.org\",\"@graph\":[{\"@type\":\"Article\",\"@id\":\"https:\\\/\\\/batijournal.com\\\/index.php\\\/fondation-patrimoine-a-20-ans\\\/93284\\\/#article\",\"isPartOf\":{\"@id\":\"https:\\\/\\\/batijournal.com\\\/index.php\\\/fondation-patrimoine-a-20-ans\\\/93284\\\/\"},\"author\":{\"name\":\"St\u00e9phane Miget\",\"@id\":\"https:\\\/\\\/batijournal.com\\\/#\\\/schema\\\/person\\\/1dc96ec6957aa1ccb25ebe78bb19f100\"},\"headline\":\"La Fondation du patrimoine a 20 ans\",\"datePublished\":\"2016-07-01T11:47:00+00:00\",\"dateModified\":\"2019-07-15T09:16:41+00:00\",\"mainEntityOfPage\":{\"@id\":\"https:\\\/\\\/batijournal.com\\\/index.php\\\/fondation-patrimoine-a-20-ans\\\/93284\\\/\"},\"wordCount\":529,\"image\":{\"@id\":\"https:\\\/\\\/batijournal.com\\\/index.php\\\/fondation-patrimoine-a-20-ans\\\/93284\\\/#primaryimage\"},\"thumbnailUrl\":\"https:\\\/\\\/batijournal.com\\\/wp-content\\\/uploads\\\/2016\\\/07\\\/20-ans-fondation-du-patrimoine.jpg\",\"keywords\":[\"fondation du patrimoine\"],\"articleSection\":[\"Architecture &amp; Conception\"],\"inLanguage\":\"fr-FR\"},{\"@type\":\"WebPage\",\"@id\":\"https:\\\/\\\/batijournal.com\\\/index.php\\\/fondation-patrimoine-a-20-ans\\\/93284\\\/\",\"url\":\"https:\\\/\\\/batijournal.com\\\/index.php\\\/fondation-patrimoine-a-20-ans\\\/93284\\\/\",\"name\":\"La Fondation du patrimoine a 20 ans\",\"isPartOf\":{\"@id\":\"https:\\\/\\\/batijournal.com\\\/#website\"},\"primaryImageOfPage\":{\"@id\":\"https:\\\/\\\/batijournal.com\\\/index.php\\\/fondation-patrimoine-a-20-ans\\\/93284\\\/#primaryimage\"},\"image\":{\"@id\":\"https:\\\/\\\/batijournal.com\\\/index.php\\\/fondation-patrimoine-a-20-ans\\\/93284\\\/#primaryimage\"},\"thumbnailUrl\":\"https:\\\/\\\/batijournal.com\\\/wp-content\\\/uploads\\\/2016\\\/07\\\/20-ans-fondation-du-patrimoine.jpg\",\"datePublished\":\"2016-07-01T11:47:00+00:00\",\"dateModified\":\"2019-07-15T09:16:41+00:00\",\"author\":{\"@id\":\"https:\\\/\\\/batijournal.com\\\/#\\\/schema\\\/person\\\/1dc96ec6957aa1ccb25ebe78bb19f100\"},\"breadcrumb\":{\"@id\":\"https:\\\/\\\/batijournal.com\\\/index.php\\\/fondation-patrimoine-a-20-ans\\\/93284\\\/#breadcrumb\"},\"inLanguage\":\"fr-FR\",\"potentialAction\":[{\"@type\":\"ReadAction\",\"target\":[\"https:\\\/\\\/batijournal.com\\\/index.php\\\/fondation-patrimoine-a-20-ans\\\/93284\\\/\"]}]},{\"@type\":\"ImageObject\",\"inLanguage\":\"fr-FR\",\"@id\":\"https:\\\/\\\/batijournal.com\\\/index.php\\\/fondation-patrimoine-a-20-ans\\\/93284\\\/#primaryimage\",\"url\":\"https:\\\/\\\/batijournal.com\\\/wp-content\\\/uploads\\\/2016\\\/07\\\/20-ans-fondation-du-patrimoine.jpg\",\"contentUrl\":\"https:\\\/\\\/batijournal.com\\\/wp-content\\\/uploads\\\/2016\\\/07\\\/20-ans-fondation-du-patrimoine.jpg\",\"width\":1419,\"height\":891},{\"@type\":\"BreadcrumbList\",\"@id\":\"https:\\\/\\\/batijournal.com\\\/index.php\\\/fondation-patrimoine-a-20-ans\\\/93284\\\/#breadcrumb\",\"itemListElement\":[{\"@type\":\"ListItem\",\"position\":1,\"name\":\"Accueil\",\"item\":\"https:\\\/\\\/batijournal.com\\\/\"},{\"@type\":\"ListItem\",\"position\":2,\"name\":\"Actualit\u00e9s\",\"item\":\"https:\\\/\\\/batijournal.com\\\/index.php\\\/category\\\/actualites\\\/\"},{\"@type\":\"ListItem\",\"position\":3,\"name\":\"Architecture &amp; Conception\",\"item\":\"https:\\\/\\\/batijournal.com\\\/index.php\\\/category\\\/actualites\\\/architecture-conception\\\/\"},{\"@type\":\"ListItem\",\"position\":4,\"name\":\"La Fondation du patrimoine a 20 ans\"}]},{\"@type\":\"WebSite\",\"@id\":\"https:\\\/\\\/batijournal.com\\\/#website\",\"url\":\"https:\\\/\\\/batijournal.com\\\/\",\"name\":\"Batijournal\",\"description\":\"L&#039;actualit\u00e9 du b\u00e2timent\",\"potentialAction\":[{\"@type\":\"SearchAction\",\"target\":{\"@type\":\"EntryPoint\",\"urlTemplate\":\"https:\\\/\\\/batijournal.com\\\/?s={search_term_string}\"},\"query-input\":{\"@type\":\"PropertyValueSpecification\",\"valueRequired\":true,\"valueName\":\"search_term_string\"}}],\"inLanguage\":\"fr-FR\"},{\"@type\":\"Person\",\"@id\":\"https:\\\/\\\/batijournal.com\\\/#\\\/schema\\\/person\\\/1dc96ec6957aa1ccb25ebe78bb19f100\",\"name\":\"St\u00e9phane Miget\",\"image\":{\"@type\":\"ImageObject\",\"inLanguage\":\"fr-FR\",\"@id\":\"https:\\\/\\\/secure.gravatar.com\\\/avatar\\\/89915563d925342126b8ef0281b93d9d7fc337043e8df017f780908eb9644451?s=96&d=mm&r=g\",\"url\":\"https:\\\/\\\/secure.gravatar.com\\\/avatar\\\/89915563d925342126b8ef0281b93d9d7fc337043e8df017f780908eb9644451?s=96&d=mm&r=g\",\"contentUrl\":\"https:\\\/\\\/secure.gravatar.com\\\/avatar\\\/89915563d925342126b8ef0281b93d9d7fc337043e8df017f780908eb9644451?s=96&d=mm&r=g\",\"caption\":\"St\u00e9phane Miget\"},\"url\":\"https:\\\/\\\/batijournal.com\\\/index.php\\\/author\\\/stephane\\\/\"}]}<\/script>\n<!-- \/ Yoast SEO plugin. -->","yoast_head_json":{"title":"La Fondation du patrimoine a 20 ans","robots":{"index":"index","follow":"follow","max-snippet":"max-snippet:-1","max-image-preview":"max-image-preview:large","max-video-preview":"max-video-preview:-1"},"canonical":"https:\/\/batijournal.com\/index.php\/fondation-patrimoine-a-20-ans\/93284\/","og_locale":"fr_FR","og_type":"article","og_title":"La Fondation du patrimoine a 20 ans","og_description":"En 1996, le s\u00e9nateur-maire de Saumur Jean-Paul Hugot pr\u00e9sentait devant le S\u00e9nat un rapport qui concluait \u00e0 l\u2019absolue n\u00e9cessit\u00e9 pour notre pays de se doter d\u2019une structure charg\u00e9e d\u2019impulser une politique active de mobilisation du secteur priv\u00e9 en faveur du patrimoine. Sous la forte impulsion du pr\u00e9sident de la R\u00e9publique, le minist\u00e8re de la Culture [&hellip;]","og_url":"https:\/\/batijournal.com\/index.php\/fondation-patrimoine-a-20-ans\/93284\/","og_site_name":"Batijournal","article_published_time":"2016-07-01T11:47:00+00:00","article_modified_time":"2019-07-15T09:16:41+00:00","og_image":[{"width":1419,"height":891,"url":"https:\/\/batijournal.com\/wp-content\/uploads\/2016\/07\/20-ans-fondation-du-patrimoine.jpg","type":"image\/jpeg"}],"author":"St\u00e9phane Miget","twitter_card":"summary_large_image","twitter_creator":"@bati_journal","twitter_site":"@bati_journal","twitter_misc":{"\u00c9crit par":"St\u00e9phane Miget","Dur\u00e9e de lecture estim\u00e9e":"3 minutes"},"schema":{"@context":"https:\/\/schema.org","@graph":[{"@type":"Article","@id":"https:\/\/batijournal.com\/index.php\/fondation-patrimoine-a-20-ans\/93284\/#article","isPartOf":{"@id":"https:\/\/batijournal.com\/index.php\/fondation-patrimoine-a-20-ans\/93284\/"},"author":{"name":"St\u00e9phane Miget","@id":"https:\/\/batijournal.com\/#\/schema\/person\/1dc96ec6957aa1ccb25ebe78bb19f100"},"headline":"La Fondation du patrimoine a 20 ans","datePublished":"2016-07-01T11:47:00+00:00","dateModified":"2019-07-15T09:16:41+00:00","mainEntityOfPage":{"@id":"https:\/\/batijournal.com\/index.php\/fondation-patrimoine-a-20-ans\/93284\/"},"wordCount":529,"image":{"@id":"https:\/\/batijournal.com\/index.php\/fondation-patrimoine-a-20-ans\/93284\/#primaryimage"},"thumbnailUrl":"https:\/\/batijournal.com\/wp-content\/uploads\/2016\/07\/20-ans-fondation-du-patrimoine.jpg","keywords":["fondation du patrimoine"],"articleSection":["Architecture &amp; Conception"],"inLanguage":"fr-FR"},{"@type":"WebPage","@id":"https:\/\/batijournal.com\/index.php\/fondation-patrimoine-a-20-ans\/93284\/","url":"https:\/\/batijournal.com\/index.php\/fondation-patrimoine-a-20-ans\/93284\/","name":"La Fondation du patrimoine a 20 ans","isPartOf":{"@id":"https:\/\/batijournal.com\/#website"},"primaryImageOfPage":{"@id":"https:\/\/batijournal.com\/index.php\/fondation-patrimoine-a-20-ans\/93284\/#primaryimage"},"image":{"@id":"https:\/\/batijournal.com\/index.php\/fondation-patrimoine-a-20-ans\/93284\/#primaryimage"},"thumbnailUrl":"https:\/\/batijournal.com\/wp-content\/uploads\/2016\/07\/20-ans-fondation-du-patrimoine.jpg","datePublished":"2016-07-01T11:47:00+00:00","dateModified":"2019-07-15T09:16:41+00:00","author":{"@id":"https:\/\/batijournal.com\/#\/schema\/person\/1dc96ec6957aa1ccb25ebe78bb19f100"},"breadcrumb":{"@id":"https:\/\/batijournal.com\/index.php\/fondation-patrimoine-a-20-ans\/93284\/#breadcrumb"},"inLanguage":"fr-FR","potentialAction":[{"@type":"ReadAction","target":["https:\/\/batijournal.com\/index.php\/fondation-patrimoine-a-20-ans\/93284\/"]}]},{"@type":"ImageObject","inLanguage":"fr-FR","@id":"https:\/\/batijournal.com\/index.php\/fondation-patrimoine-a-20-ans\/93284\/#primaryimage","url":"https:\/\/batijournal.com\/wp-content\/uploads\/2016\/07\/20-ans-fondation-du-patrimoine.jpg","contentUrl":"https:\/\/batijournal.com\/wp-content\/uploads\/2016\/07\/20-ans-fondation-du-patrimoine.jpg","width":1419,"height":891},{"@type":"BreadcrumbList","@id":"https:\/\/batijournal.com\/index.php\/fondation-patrimoine-a-20-ans\/93284\/#breadcrumb","itemListElement":[{"@type":"ListItem","position":1,"name":"Accueil","item":"https:\/\/batijournal.com\/"},{"@type":"ListItem","position":2,"name":"Actualit\u00e9s","item":"https:\/\/batijournal.com\/index.php\/category\/actualites\/"},{"@type":"ListItem","position":3,"name":"Architecture &amp; Conception","item":"https:\/\/batijournal.com\/index.php\/category\/actualites\/architecture-conception\/"},{"@type":"ListItem","position":4,"name":"La Fondation du patrimoine a 20 ans"}]},{"@type":"WebSite","@id":"https:\/\/batijournal.com\/#website","url":"https:\/\/batijournal.com\/","name":"Batijournal","description":"L&#039;actualit\u00e9 du b\u00e2timent","potentialAction":[{"@type":"SearchAction","target":{"@type":"EntryPoint","urlTemplate":"https:\/\/batijournal.com\/?s={search_term_string}"},"query-input":{"@type":"PropertyValueSpecification","valueRequired":true,"valueName":"search_term_string"}}],"inLanguage":"fr-FR"},{"@type":"Person","@id":"https:\/\/batijournal.com\/#\/schema\/person\/1dc96ec6957aa1ccb25ebe78bb19f100","name":"St\u00e9phane Miget","image":{"@type":"ImageObject","inLanguage":"fr-FR","@id":"https:\/\/secure.gravatar.com\/avatar\/89915563d925342126b8ef0281b93d9d7fc337043e8df017f780908eb9644451?s=96&d=mm&r=g","url":"https:\/\/secure.gravatar.com\/avatar\/89915563d925342126b8ef0281b93d9d7fc337043e8df017f780908eb9644451?s=96&d=mm&r=g","contentUrl":"https:\/\/secure.gravatar.com\/avatar\/89915563d925342126b8ef0281b93d9d7fc337043e8df017f780908eb9644451?s=96&d=mm&r=g","caption":"St\u00e9phane Miget"},"url":"https:\/\/batijournal.com\/index.php\/author\/stephane\/"}]}},"_links":{"self":[{"href":"https:\/\/batijournal.com\/index.php\/wp-json\/wp\/v2\/posts\/93284","targetHints":{"allow":["GET"]}}],"collection":[{"href":"https:\/\/batijournal.com\/index.php\/wp-json\/wp\/v2\/posts"}],"about":[{"href":"https:\/\/batijournal.com\/index.php\/wp-json\/wp\/v2\/types\/post"}],"author":[{"embeddable":true,"href":"https:\/\/batijournal.com\/index.php\/wp-json\/wp\/v2\/users\/17"}],"replies":[{"embeddable":true,"href":"https:\/\/batijournal.com\/index.php\/wp-json\/wp\/v2\/comments?post=93284"}],"version-history":[{"count":0,"href":"https:\/\/batijournal.com\/index.php\/wp-json\/wp\/v2\/posts\/93284\/revisions"}],"wp:featuredmedia":[{"embeddable":true,"href":"https:\/\/batijournal.com\/index.php\/wp-json\/wp\/v2\/media\/93285"}],"wp:attachment":[{"href":"https:\/\/batijournal.com\/index.php\/wp-json\/wp\/v2\/media?parent=93284"}],"wp:term":[{"taxonomy":"category","embeddable":true,"href":"https:\/\/batijournal.com\/index.php\/wp-json\/wp\/v2\/categories?post=93284"},{"taxonomy":"post_tag","embeddable":true,"href":"https:\/\/batijournal.com\/index.php\/wp-json\/wp\/v2\/tags?post=93284"}],"curies":[{"name":"wp","href":"https:\/\/api.w.org\/{rel}","templated":true}]}}