{"id":93289,"date":"2016-07-04T08:51:17","date_gmt":"2016-07-04T06:51:17","guid":{"rendered":"http:\/\/batijournal.com\/?p=93289"},"modified":"2019-07-15T12:20:12","modified_gmt":"2019-07-15T10:20:12","slug":"velux-experimente-renovation-energetique-abordable","status":"publish","type":"post","link":"https:\/\/batijournal.com\/index.php\/velux-experimente-renovation-energetique-abordable\/93289\/","title":{"rendered":"Velux exp\u00e9rimente la r\u00e9novation \u00e9nerg\u00e9tique abordable"},"content":{"rendered":"<p>[et_pb_section admin_label=\u00a0\u00bbsection\u00a0\u00bb][et_pb_row admin_label=\u00a0\u00bbrow\u00a0\u00bb][et_pb_column type=\u00a0\u00bb4_4&Prime;][et_pb_text admin_label=\u00a0\u00bbTexte\u00a0\u00bb]<\/p>\n<p><strong>Depuis l\u2019exp\u00e9rimentation Model Home 2020 men\u00e9e \u00e0 travers l\u2019Europe, le Groupe VELUX a renouvel\u00e9 son engagement avec un concept de r\u00e9novation reproductible et accessible. Il d\u00e9montre qu\u2019il est possible de stimuler la r\u00e9novation \u00e9nerg\u00e9tique, en faisant co\u00efncider l\u2019int\u00e9r\u00eat g\u00e9n\u00e9ral (performances \u00e9nerg\u00e9tiques) et les attentes des particuliers (confort et qualit\u00e9 de vie) et de le faire \u00e0 un co\u00fbt abordable. Apr\u00e8s 7 mois de travaux, la maison RenovActive situ\u00e9e dans la banlieue de Bruxelles est aujourd\u2019hui ouverte \u00e0 la visite des particuliers et des professionnels, avant l\u2019arriv\u00e9e d\u2019une famille dans quelques mois.<\/strong><\/p>\n<p>Pour r\u00e9aliser son projet, VELUX s\u2019est associ\u00e9 au bailleur social belge \u00ab Le Foyer Anderlechtois \u00bb, propri\u00e9taire de 3 600 logements \u00e0 Anderlecht. L\u2019am\u00e9lioration de la qualit\u00e9 de vie et de l\u2019efficacit\u00e9 \u00e9nerg\u00e9tique est une pr\u00e9occupation majeure des deux partenaires intervenant sur cette maison semi-mitoyenne construite dans les ann\u00e9es 1920.<\/p>\n<p><strong>La maison<\/strong><br \/>\nAu coeur du projet RenovActive, une maison traditionnelle et semi-mitoyenne de 80 m2, en briques, avec une toiture \u00e0 trois pans recouverte de tuiles en terre cuite. La charpente et le plancher sont en bois.<\/p>\n<p><strong>Le quartier<\/strong><br \/>\nCette maison est situ\u00e9e dans la cit\u00e9 du Bon Air d\u2019Anderlecht. Construite dans les ann\u00e9es 1920, la cit\u00e9 a \u00e9t\u00e9 con\u00e7ue pour offrir des logements de qualit\u00e9 aux personnes vivant dans des conditions difficiles et pour reloger les habitants expropri\u00e9s du centre de Bruxelles. Imagin\u00e9e comme une transition entre la ville et la campagne, elle offre \u00e0 ses habitants un contact privil\u00e9gi\u00e9 avec la nature et renforce la coh\u00e9sion sociale.\u00a0Si ces maisons \u00e9taient, \u00e0 l\u2019\u00e9poque, \u00e0 l\u2019avant-garde de l\u2019architecture et incarnaient une grande part de modernit\u00e9, elles ne r\u00e9pondent plus aujourd\u2019hui aux normes en mati\u00e8re de logement et doivent \u00eatre imp\u00e9rativement r\u00e9nov\u00e9es.<\/p>\n<p><strong>Le concept architectural<\/strong><br \/>\nAu terme d\u2019un appel d\u2019offres, un jury d\u2019architectes, de repr\u00e9sentants VELUX et du Foyer Anderlechtois, a s\u00e9lectionn\u00e9 le concept de r\u00e9novation intelligent et ambitieux pr\u00e9sent\u00e9 par le cabinet anversois ONO Architectuur. Ce projet conjugue l\u2019utilisation optimale de l\u2019espace, le bon rapport co\u00fbt- efficacit\u00e9 et une approche technique efficace et facilement reproductible.<\/p>\n<p>&nbsp;<\/p>\n<p>[\/et_pb_text][\/et_pb_column][\/et_pb_row][et_pb_row admin_label=\u00a0\u00bbLigne\u00a0\u00bb][et_pb_column type=\u00a0\u00bb4_4&Prime;][et_pb_text admin_label=\u00a0\u00bbTexte\u00a0\u00bb background_layout=\u00a0\u00bblight\u00a0\u00bb text_orientation=\u00a0\u00bbleft\u00a0\u00bb text_font_size=\u00a0\u00bb24&Prime; use_border_color=\u00a0\u00bboff\u00a0\u00bb border_color=\u00a0\u00bb#ffffff\u00a0\u00bb border_style=\u00a0\u00bbsolid\u00a0\u00bb]<\/p>\n<div title=\"Page 5\">\n<div>\n<div>\n<p>Le concept de RenovActive s\u2019articule autour de 7 piliers reproductibles :<\/p>\n<\/div>\n<\/div>\n<\/div>\n<p>[\/et_pb_text][\/et_pb_column][\/et_pb_row][et_pb_row admin_label=\u00a0\u00bbLigne\u00a0\u00bb][et_pb_column type=\u00a0\u00bb4_4&Prime;][et_pb_slider admin_label=\u00a0\u00bbDiapo\u00a0\u00bb show_arrows=\u00a0\u00bbon\u00a0\u00bb show_pagination=\u00a0\u00bbon\u00a0\u00bb auto=\u00a0\u00bbon\u00a0\u00bb auto_speed=\u00a0\u00bb12000&Prime; auto_ignore_hover=\u00a0\u00bboff\u00a0\u00bb parallax=\u00a0\u00bboff\u00a0\u00bb parallax_method=\u00a0\u00bboff\u00a0\u00bb remove_inner_shadow=\u00a0\u00bboff\u00a0\u00bb background_position=\u00a0\u00bbdefault\u00a0\u00bb background_size=\u00a0\u00bbdefault\u00a0\u00bb top_padding=\u00a0\u00bb100px\u00a0\u00bb bottom_padding=\u00a0\u00bb200px\u00a0\u00bb hide_content_on_mobile=\u00a0\u00bboff\u00a0\u00bb hide_cta_on_mobile=\u00a0\u00bboff\u00a0\u00bb show_image_video_mobile=\u00a0\u00bboff\u00a0\u00bb custom_button=\u00a0\u00bboff\u00a0\u00bb button_letter_spacing=\u00a0\u00bb0&Prime; button_use_icon=\u00a0\u00bbdefault\u00a0\u00bb button_icon_placement=\u00a0\u00bbright\u00a0\u00bb button_on_hover=\u00a0\u00bbon\u00a0\u00bb button_letter_spacing_hover=\u00a0\u00bb0&Prime; header_font_size=\u00a0\u00bb24&Prime; body_font_size=\u00a0\u00bb14&Prime;] [et_pb_slide heading=\u00a0\u00bbL\u2019am\u00e9nagement des combles\u00a0\u00bb background_image=\u00a0\u00bbhttps:\/\/batijournal.com\/wp-content\/uploads\/2016\/07\/maison_RenoActive_velux-schema.jpg\u00a0\u00bb background_position=\u00a0\u00bbcenter_left\u00a0\u00bb background_size=\u00a0\u00bbcover\u00a0\u00bb background_color=\u00a0\u00bb#ffffff\u00a0\u00bb use_bg_overlay=\u00a0\u00bbon\u00a0\u00bb use_text_overlay=\u00a0\u00bboff\u00a0\u00bb text_overlay_color=\u00a0\u00bbrgba(252,252,252,0.8)\u00a0\u00bb alignment=\u00a0\u00bbcenter\u00a0\u00bb background_layout=\u00a0\u00bblight\u00a0\u00bb allow_player_pause=\u00a0\u00bboff\u00a0\u00bb text_border_radius=\u00a0\u00bb3&Prime; header_font_select=\u00a0\u00bbdefault\u00a0\u00bb header_font=\u00a0\u00bb||||\u00a0\u00bb body_font_select=\u00a0\u00bbdefault\u00a0\u00bb body_font=\u00a0\u00bb||||\u00a0\u00bb custom_button=\u00a0\u00bboff\u00a0\u00bb button_font_select=\u00a0\u00bbdefault\u00a0\u00bb button_font=\u00a0\u00bb||||\u00a0\u00bb button_use_icon=\u00a0\u00bbdefault\u00a0\u00bb button_icon_placement=\u00a0\u00bbright\u00a0\u00bb button_on_hover=\u00a0\u00bbon\u00a0\u00bb header_font_size=\u00a0\u00bb26&Prime; header_font_size_tablet=\u00a0\u00bb26&Prime; header_font_size_phone=\u00a0\u00bb26&Prime; bg_overlay_color=\u00a0\u00bbrgba(255,255,255,0.76)\u00a0\u00bb]<\/p>\n<div class=\"page\" title=\"Page 5\">\n<div class=\"layoutArea\">\n<div class=\"column\">\n<p style=\"text-align: left;\">Afin d\u2019optimiser les m2 existants, la pi\u00e8ce sous les toits servant de grenier a \u00e9t\u00e9 am\u00e9nag\u00e9e en espace baign\u00e9 de lumi\u00e8re pour les enfants, gr\u00e2ce aux fen\u00eatres de toit. Cet am\u00e9nagement fait gagner 12,5 m2 suppl\u00e9mentaires habitables \u00e0 un co\u00fbt nettement inf\u00e9rieur \u00e0 leur valeur additionnelle. Autre avantage, l\u2019isolation des combles permet de faire b\u00e9n\u00e9ficier \u00e0 la maison d\u2019une meilleure compacit\u00e9, contribuant ainsi fortement aux performances \u00e9nerg\u00e9tiques.<\/p>\n<\/div>\n<\/div>\n<\/div>\n<p>[\/et_pb_slide][et_pb_slide heading=\u00a0\u00bbDe la lumi\u00e8re naturelle en abondance\u00a0\u00bb background_image=\u00a0\u00bbhttps:\/\/batijournal.com\/wp-content\/uploads\/2016\/07\/maison_RenoActive_velux-schema.jpg\u00a0\u00bb background_position=\u00a0\u00bbcenter_left\u00a0\u00bb background_size=\u00a0\u00bbcover\u00a0\u00bb background_color=\u00a0\u00bb#ffffff\u00a0\u00bb use_bg_overlay=\u00a0\u00bbon\u00a0\u00bb use_text_overlay=\u00a0\u00bboff\u00a0\u00bb text_overlay_color=\u00a0\u00bbrgba(252,252,252,0.8)\u00a0\u00bb alignment=\u00a0\u00bbcenter\u00a0\u00bb background_layout=\u00a0\u00bblight\u00a0\u00bb allow_player_pause=\u00a0\u00bboff\u00a0\u00bb text_border_radius=\u00a0\u00bb3&Prime; header_font_select=\u00a0\u00bbdefault\u00a0\u00bb header_font=\u00a0\u00bb||||\u00a0\u00bb body_font_select=\u00a0\u00bbdefault\u00a0\u00bb body_font=\u00a0\u00bb||||\u00a0\u00bb custom_button=\u00a0\u00bboff\u00a0\u00bb button_font_select=\u00a0\u00bbdefault\u00a0\u00bb button_font=\u00a0\u00bb||||\u00a0\u00bb button_use_icon=\u00a0\u00bbdefault\u00a0\u00bb button_icon_placement=\u00a0\u00bbright\u00a0\u00bb button_on_hover=\u00a0\u00bbon\u00a0\u00bb header_font_size=\u00a0\u00bb26&Prime; header_font_size_tablet=\u00a0\u00bb26&Prime; header_font_size_phone=\u00a0\u00bb26&Prime; bg_overlay_color=\u00a0\u00bbrgba(255,255,255,0.76)\u00a0\u00bb]<\/p>\n<div class=\"page\" title=\"Page 6\">\n<div class=\"layoutArea\">\n<div class=\"column\">\n<p>Le projet RenovActive met l\u2019accent sur la quantit\u00e9 et la qualit\u00e9 de la lumi\u00e8re naturelle gr\u00e2ce aux fen\u00eatres de toit et aux menuiseries en fa\u00e7ade situ\u00e9es de fa\u00e7on strat\u00e9gique.\u00a0Chaque pi\u00e8ce a fait l\u2019objet de simulations avec le VELUX Daylight Visualizer, pour obtenir une bonne r\u00e9partition de la lumi\u00e8re tout au long de la journ\u00e9e.<\/p>\n<\/div>\n<\/div>\n<\/div>\n<p>[\/et_pb_slide][et_pb_slide heading=\u00a0\u00bbLa cage d\u2019escalier, puits de lumi\u00e8re et de ventilation\u00a0\u00bb background_image=\u00a0\u00bbhttps:\/\/batijournal.com\/wp-content\/uploads\/2016\/07\/maison_RenoActive_velux-schema.jpg\u00a0\u00bb background_position=\u00a0\u00bbcenter_left\u00a0\u00bb background_size=\u00a0\u00bbcover\u00a0\u00bb background_color=\u00a0\u00bb#ffffff\u00a0\u00bb use_bg_overlay=\u00a0\u00bbon\u00a0\u00bb use_text_overlay=\u00a0\u00bboff\u00a0\u00bb text_overlay_color=\u00a0\u00bbrgba(252,252,252,0.8)\u00a0\u00bb alignment=\u00a0\u00bbcenter\u00a0\u00bb background_layout=\u00a0\u00bblight\u00a0\u00bb allow_player_pause=\u00a0\u00bboff\u00a0\u00bb text_border_radius=\u00a0\u00bb3&Prime; header_font_select=\u00a0\u00bbdefault\u00a0\u00bb header_font=\u00a0\u00bb||||\u00a0\u00bb body_font_select=\u00a0\u00bbdefault\u00a0\u00bb body_font=\u00a0\u00bb||||\u00a0\u00bb custom_button=\u00a0\u00bboff\u00a0\u00bb button_font_select=\u00a0\u00bbdefault\u00a0\u00bb button_font=\u00a0\u00bb||||\u00a0\u00bb button_use_icon=\u00a0\u00bbdefault\u00a0\u00bb button_icon_placement=\u00a0\u00bbright\u00a0\u00bb button_on_hover=\u00a0\u00bbon\u00a0\u00bb header_font_size=\u00a0\u00bb26&Prime; header_font_size_tablet=\u00a0\u00bb26&Prime; header_font_size_phone=\u00a0\u00bb26&Prime; bg_overlay_color=\u00a0\u00bbrgba(255,255,255,0.76)\u00a0\u00bb]<\/p>\n<div class=\"page\" title=\"Page 6\">\n<div class=\"layoutArea\">\n<div class=\"column\">\n<p>Avec l\u2019installation de 2 grandes fen\u00eatres VELUX, la cage d\u2019escalier joue un r\u00f4le strat\u00e9gique. Elle favorise la diffusion de la lumi\u00e8re dans les pi\u00e8ces situ\u00e9es \u00e0 l\u2019\u00e9tage et permet d\u2019assurer une meilleure circulation de l\u2019air gr\u00e2ce \u00e0 l\u2019effet chemin\u00e9e. En \u00e9t\u00e9, le tirage thermique rafra\u00eechit naturellement la maison pendant la nuit.<\/p>\n<\/div>\n<\/div>\n<\/div>\n<p>[\/et_pb_slide][et_pb_slide heading=\u00a0\u00bbUne gestion dynamique des protections ext\u00e9rieures\u00a0\u00bb background_image=\u00a0\u00bbhttps:\/\/batijournal.com\/wp-content\/uploads\/2016\/07\/maison_RenoActive_velux-schema.jpg\u00a0\u00bb background_position=\u00a0\u00bbcenter_left\u00a0\u00bb background_size=\u00a0\u00bbcover\u00a0\u00bb background_color=\u00a0\u00bb#ffffff\u00a0\u00bb use_bg_overlay=\u00a0\u00bbon\u00a0\u00bb use_text_overlay=\u00a0\u00bboff\u00a0\u00bb text_overlay_color=\u00a0\u00bbrgba(252,252,252,0.8)\u00a0\u00bb alignment=\u00a0\u00bbcenter\u00a0\u00bb background_layout=\u00a0\u00bblight\u00a0\u00bb allow_player_pause=\u00a0\u00bboff\u00a0\u00bb text_border_radius=\u00a0\u00bb3&Prime; header_font_select=\u00a0\u00bbdefault\u00a0\u00bb header_font=\u00a0\u00bb||||\u00a0\u00bb body_font_select=\u00a0\u00bbdefault\u00a0\u00bb body_font=\u00a0\u00bb||||\u00a0\u00bb custom_button=\u00a0\u00bboff\u00a0\u00bb button_font_select=\u00a0\u00bbdefault\u00a0\u00bb button_font=\u00a0\u00bb||||\u00a0\u00bb button_use_icon=\u00a0\u00bbdefault\u00a0\u00bb button_icon_placement=\u00a0\u00bbright\u00a0\u00bb button_on_hover=\u00a0\u00bbon\u00a0\u00bb header_font_size=\u00a0\u00bb26&Prime; header_font_size_tablet=\u00a0\u00bb26&Prime; header_font_size_phone=\u00a0\u00bb26&Prime; bg_overlay_color=\u00a0\u00bbrgba(255,255,255,0.76)\u00a0\u00bb]<\/p>\n<div class=\"page\" title=\"Page 6\">\n<div class=\"layoutArea\">\n<div class=\"column\">\n<p>Des stores ext\u00e9rieurs pare-soleil automatis\u00e9s \u00e9quipent les fen\u00eatres pour r\u00e9guler la temp\u00e9rature int\u00e9rieure en fonction de l\u2019ensoleillement et optimiser ainsi le confort thermique des habitants.<\/p>\n<\/div>\n<\/div>\n<\/div>\n<p>[\/et_pb_slide][et_pb_slide heading=\u00a0\u00bbUn syst\u00e8me de ventilation hybride\u00a0\u00bb background_image=\u00a0\u00bbhttps:\/\/batijournal.com\/wp-content\/uploads\/2016\/07\/maison_RenoActive_velux-schema.jpg\u00a0\u00bb background_position=\u00a0\u00bbcenter_left\u00a0\u00bb background_size=\u00a0\u00bbcover\u00a0\u00bb background_color=\u00a0\u00bb#ffffff\u00a0\u00bb use_bg_overlay=\u00a0\u00bbon\u00a0\u00bb use_text_overlay=\u00a0\u00bboff\u00a0\u00bb text_overlay_color=\u00a0\u00bbrgba(252,252,252,0.8)\u00a0\u00bb alignment=\u00a0\u00bbcenter\u00a0\u00bb background_layout=\u00a0\u00bblight\u00a0\u00bb allow_player_pause=\u00a0\u00bboff\u00a0\u00bb text_border_radius=\u00a0\u00bb3&Prime; header_font_select=\u00a0\u00bbdefault\u00a0\u00bb header_font=\u00a0\u00bb||||\u00a0\u00bb body_font_select=\u00a0\u00bbdefault\u00a0\u00bb body_font=\u00a0\u00bb||||\u00a0\u00bb custom_button=\u00a0\u00bboff\u00a0\u00bb button_font_select=\u00a0\u00bbdefault\u00a0\u00bb button_font=\u00a0\u00bb||||\u00a0\u00bb button_use_icon=\u00a0\u00bbdefault\u00a0\u00bb button_icon_placement=\u00a0\u00bbright\u00a0\u00bb button_on_hover=\u00a0\u00bbon\u00a0\u00bb header_font_size=\u00a0\u00bb26&Prime; header_font_size_tablet=\u00a0\u00bb26&Prime; header_font_size_phone=\u00a0\u00bb26&Prime; bg_overlay_color=\u00a0\u00bbrgba(255,255,255,0.76)\u00a0\u00bb]<\/p>\n<div class=\"page\" title=\"Page 7\">\n<div class=\"layoutArea\">\n<div class=\"column\">\n<p>Garantie d\u2019un climat int\u00e9rieur sain, le syst\u00e8me de renouvellement de l\u2019air combine ventilation naturelle et ventilation m\u00e9canique en fonction des saisons. Pendant l\u2019\u00e9t\u00e9, l\u2019ouverture automatis\u00e9e des fen\u00eatres permet de rafra\u00eechir naturellement la maison gr\u00e2ce \u00e0 l\u2019effet chemin\u00e9e de la cage d\u2019escalier. En hiver, la ventilation m\u00e9canique prend le relais pour g\u00e9rer la qualit\u00e9 de l\u2019air int\u00e9rieur. Des capteurs mesurant la temp\u00e9rature int\u00e9rieure et la qualit\u00e9 de l\u2019air commandent le syst\u00e8me et contr\u00f4lent l\u2019ouverture automatique des fen\u00eatres.<\/p>\n<\/div>\n<\/div>\n<\/div>\n<p>[\/et_pb_slide][et_pb_slide heading=\u00a0\u00bbUne enveloppe thermique performante\u00a0\u00bb background_image=\u00a0\u00bbhttps:\/\/batijournal.com\/wp-content\/uploads\/2016\/07\/maison_RenoActive_velux-schema.jpg\u00a0\u00bb background_position=\u00a0\u00bbcenter_left\u00a0\u00bb background_size=\u00a0\u00bbcover\u00a0\u00bb background_color=\u00a0\u00bb#ffffff\u00a0\u00bb use_bg_overlay=\u00a0\u00bbon\u00a0\u00bb use_text_overlay=\u00a0\u00bboff\u00a0\u00bb text_overlay_color=\u00a0\u00bbrgba(252,252,252,0.8)\u00a0\u00bb alignment=\u00a0\u00bbcenter\u00a0\u00bb background_layout=\u00a0\u00bblight\u00a0\u00bb allow_player_pause=\u00a0\u00bboff\u00a0\u00bb text_border_radius=\u00a0\u00bb3&Prime; header_font_select=\u00a0\u00bbdefault\u00a0\u00bb header_font=\u00a0\u00bb||||\u00a0\u00bb body_font_select=\u00a0\u00bbdefault\u00a0\u00bb body_font=\u00a0\u00bb||||\u00a0\u00bb custom_button=\u00a0\u00bboff\u00a0\u00bb button_font_select=\u00a0\u00bbdefault\u00a0\u00bb button_font=\u00a0\u00bb||||\u00a0\u00bb button_use_icon=\u00a0\u00bbdefault\u00a0\u00bb button_icon_placement=\u00a0\u00bbright\u00a0\u00bb button_on_hover=\u00a0\u00bbon\u00a0\u00bb header_font_size=\u00a0\u00bb26&Prime; header_font_size_tablet=\u00a0\u00bb26&Prime; header_font_size_phone=\u00a0\u00bb26&Prime; bg_overlay_color=\u00a0\u00bbrgba(255,255,255,0.76)\u00a0\u00bb]<\/p>\n<div class=\"page\" title=\"Page 7\">\n<div class=\"layoutArea\">\n<div class=\"column\">\n<p>L\u2019enveloppe thermique de la maison a \u00e9t\u00e9 renfor- c\u00e9e gr\u00e2ce \u00e0 l\u2019isolation par l\u2019ext\u00e9rieur de la fa\u00e7ade, la pose d\u2019une nouvelle toiture et l\u2019installation de fen\u00eatres \u00e9quip\u00e9es d\u2019un double ou triple vitrage selon l\u2019orientation.\u00a0Un nouveau syst\u00e8me de chauffage au gaz compos\u00e9 d\u2019un chauffage au sol au rez-de-chauss\u00e9e et de radiateurs au design modernes dans les \u00e9tages. Au final, la maison RenovActive r\u00e9duira ses besoins en chauffage de 385 \u00e0 environ 19 Kw\/h\/ m2\/an, ce qui repr\u00e9sente une prouesse pour ce type de r\u00e9novation.<\/p>\n<\/div>\n<\/div>\n<\/div>\n<p>[\/et_pb_slide][et_pb_slide heading=\u00a0\u00bbL\u2019extension de la maison\u00a0\u00bb background_image=\u00a0\u00bbhttps:\/\/batijournal.com\/wp-content\/uploads\/2016\/07\/maison_RenoActive_velux-schema.jpg\u00a0\u00bb background_position=\u00a0\u00bbcenter_left\u00a0\u00bb background_size=\u00a0\u00bbcover\u00a0\u00bb background_color=\u00a0\u00bb#ffffff\u00a0\u00bb use_bg_overlay=\u00a0\u00bbon\u00a0\u00bb use_text_overlay=\u00a0\u00bboff\u00a0\u00bb text_overlay_color=\u00a0\u00bbrgba(252,252,252,0.8)\u00a0\u00bb alignment=\u00a0\u00bbcenter\u00a0\u00bb background_layout=\u00a0\u00bblight\u00a0\u00bb allow_player_pause=\u00a0\u00bboff\u00a0\u00bb text_border_radius=\u00a0\u00bb3&Prime; header_font_select=\u00a0\u00bbdefault\u00a0\u00bb header_font=\u00a0\u00bb||||\u00a0\u00bb body_font_select=\u00a0\u00bbdefault\u00a0\u00bb body_font=\u00a0\u00bb||||\u00a0\u00bb custom_button=\u00a0\u00bboff\u00a0\u00bb button_font_select=\u00a0\u00bbdefault\u00a0\u00bb button_font=\u00a0\u00bb||||\u00a0\u00bb button_use_icon=\u00a0\u00bbdefault\u00a0\u00bb button_icon_placement=\u00a0\u00bbright\u00a0\u00bb button_on_hover=\u00a0\u00bbon\u00a0\u00bb header_font_size=\u00a0\u00bb26&Prime; header_font_size_tablet=\u00a0\u00bb26&Prime; header_font_size_phone=\u00a0\u00bb26&Prime; bg_overlay_color=\u00a0\u00bbrgba(255,255,255,0.76)\u00a0\u00bb]<\/p>\n<div class=\"page\" title=\"Page 7\">\n<div class=\"layoutArea\">\n<div class=\"column\">\n<p>Comme le terrain le permettait, la maison a \u00e9t\u00e9 agrandie avec une extension s\u2019ouvrant sur le jardin pour accueillir la cuisine. Cette pi\u00e8ce b\u00e9n\u00e9ficie d\u2019une fen\u00eatre plane, derni\u00e8re innovation VELUX. Cet espace fait gagner 15 m2 suppl\u00e9mentaires \u00e0 la maison.<\/p>\n<\/div>\n<\/div>\n<\/div>\n<p>[\/et_pb_slide] [\/et_pb_slider][\/et_pb_column][\/et_pb_row][et_pb_row admin_label=\u00a0\u00bbLigne\u00a0\u00bb][et_pb_column type=\u00a0\u00bb4_4&Prime;][et_pb_text admin_label=\u00a0\u00bbTexte\u00a0\u00bb background_layout=\u00a0\u00bblight\u00a0\u00bb text_orientation=\u00a0\u00bbleft\u00a0\u00bb use_border_color=\u00a0\u00bboff\u00a0\u00bb border_color=\u00a0\u00bb#ffffff\u00a0\u00bb border_style=\u00a0\u00bbsolid\u00a0\u00bb]<\/p>\n<div title=\"Page 5\">\n<div>\n<div>\n<p>La maison accueillera pendant deux ans une famille de 5 personnes (2 adultes et 3 enfants) qui exp\u00e9rimentera les principes de cette r\u00e9novation durable. Elle fera l\u2019objet d\u2019un monitoring r\u00e9gulier mesurant notamment la consommation \u00e9nerg\u00e9tique.\u00a0Une analyse qualitative mettra en \u00e9vidence la mani\u00e8re dont la conception de la maison influence la vie quotidienne des habitants et leur bien-\u00eatre.<\/p>\n<\/div>\n<\/div>\n<\/div>\n<p>[\/et_pb_text][\/et_pb_column][\/et_pb_row][\/et_pb_section]<\/p>\n","protected":false},"excerpt":{"rendered":"<p>Depuis l\u2019exp\u00e9rimentation Model Home 2020 men\u00e9e \u00e0 travers l\u2019Europe, le Groupe VELUX a renouvel\u00e9 son engagement avec un concept de r\u00e9novation reproductible et accessible. Il d\u00e9montre qu\u2019il est possible de stimuler la r\u00e9novation \u00e9nerg\u00e9tique, en faisant co\u00efncider l\u2019int\u00e9r\u00eat g\u00e9n\u00e9ral (performances \u00e9nerg\u00e9tiques) et les attentes des particuliers (confort et qualit\u00e9 de vie) et de le faire [&hellip;]<\/p>\n","protected":false},"author":17,"featured_media":93290,"comment_status":"closed","ping_status":"closed","sticky":false,"template":"","format":"standard","meta":{"_et_pb_use_builder":"on","_et_pb_old_content":"<p><strong>Depuis l\u2019exp\u00e9rimentation Model Home 2020 men\u00e9e \u00e0 travers l\u2019Europe, le Groupe VELUX a renouvel\u00e9 son engagement avec un concept de r\u00e9novation reproductible et accessible. Il d\u00e9montre qu\u2019il est possible de stimuler la r\u00e9novation \u00e9nerg\u00e9tique, en faisant co\u00efncider l\u2019int\u00e9r\u00eat g\u00e9n\u00e9ral (performances \u00e9nerg\u00e9tiques) et les attentes des particuliers (confort et qualit\u00e9 de vie) et de le faire \u00e0 un co\u00fbt abordable. Apr\u00e8s 7 mois de travaux, la maison RenovActive situ\u00e9e dans la banlieue de Bruxelles est aujourd\u2019hui ouverte \u00e0 la visite des particuliers et des professionnels, avant l\u2019arriv\u00e9e d\u2019une famille dans quelques mois.<\/strong><\/p><p>Pour r\u00e9aliser son projet, VELUX s\u2019est associ\u00e9 au bailleur social belge \u00ab Le Foyer Anderlechtois \u00bb, propri\u00e9taire de 3 600 logements \u00e0 Anderlecht. L\u2019am\u00e9lioration de la qualit\u00e9 de vie et de l\u2019efficacit\u00e9 \u00e9nerg\u00e9tique est une pr\u00e9occupation majeure des deux partenaires intervenant sur cette maison semi-mitoyenne construite dans les ann\u00e9es 1920.<\/p><p><strong>La maison<\/strong><br \/> Au coeur du projet RenovActive, une maison traditionnelle et semi-mitoyenne de 80 m2, en briques, avec une toiture \u00e0 trois pans recouverte de tuiles en terre cuite. La charpente et le plancher sont en bois.<\/p><p><strong>Le quartier<\/strong><br \/> Cette maison est situ\u00e9e dans la cit\u00e9 du Bon Air d\u2019Anderlecht. Construite dans les ann\u00e9es 1920, la cit\u00e9 a \u00e9t\u00e9 con\u00e7ue pour offrir des logements de qualit\u00e9 aux personnes vivant dans des conditions difficiles et pour reloger les habitants expropri\u00e9s du centre de Bruxelles. Imagin\u00e9e comme une transition entre la ville et la campagne, elle offre \u00e0 ses habitants un contact privil\u00e9gi\u00e9 avec la nature et renforce la coh\u00e9sion sociale.\u00a0Si ces maisons \u00e9taient, \u00e0 l\u2019\u00e9poque, \u00e0 l\u2019avant-garde de l\u2019architecture et incarnaient une grande part de modernit\u00e9, elles ne r\u00e9pondent plus aujourd\u2019hui aux normes en mati\u00e8re de logement et doivent \u00eatre imp\u00e9rativement r\u00e9nov\u00e9es.<\/p><p><strong>Le concept architectural<\/strong><br \/> Au terme d\u2019un appel d\u2019offres, un jury d\u2019architectes, de repr\u00e9sentants VELUX et du Foyer Anderlechtois, a s\u00e9lectionn\u00e9 le concept de r\u00e9novation intelligent et ambitieux pr\u00e9sent\u00e9 par le cabinet anversois ONO Architectuur. Ce projet conjugue l\u2019utilisation optimale de l\u2019espace, le bon rapport co\u00fbt- efficacit\u00e9 et une approche technique efficace et facilement reproductible.<\/p><p>\u00a0<\/p>","_et_gb_content_width":"","footnotes":""},"categories":[6351,10787],"tags":[1683,455],"class_list":["post-93289","post","type-post","status-publish","format-standard","has-post-thumbnail","hentry","category-energie-environnement","category-entreprises-et-chantiers","tag-renovation-energetique","tag-velux"],"yoast_head":"<!-- This site is optimized with the Yoast SEO plugin v27.4 - https:\/\/yoast.com\/product\/yoast-seo-wordpress\/ -->\n<title>Velux exp\u00e9rimente la r\u00e9novation \u00e9nerg\u00e9tique abordable<\/title>\n<meta name=\"robots\" content=\"index, follow, max-snippet:-1, max-image-preview:large, max-video-preview:-1\" \/>\n<link rel=\"canonical\" href=\"https:\/\/batijournal.com\/index.php\/velux-experimente-renovation-energetique-abordable\/93289\/\" \/>\n<meta property=\"og:locale\" content=\"fr_FR\" \/>\n<meta property=\"og:type\" content=\"article\" \/>\n<meta property=\"og:title\" content=\"Velux exp\u00e9rimente la r\u00e9novation \u00e9nerg\u00e9tique abordable\" \/>\n<meta property=\"og:description\" content=\"Depuis l\u2019exp\u00e9rimentation Model Home 2020 men\u00e9e \u00e0 travers l\u2019Europe, le Groupe VELUX a renouvel\u00e9 son engagement avec un concept de r\u00e9novation reproductible et accessible. Il d\u00e9montre qu\u2019il est possible de stimuler la r\u00e9novation \u00e9nerg\u00e9tique, en faisant co\u00efncider l\u2019int\u00e9r\u00eat g\u00e9n\u00e9ral (performances \u00e9nerg\u00e9tiques) et les attentes des particuliers (confort et qualit\u00e9 de vie) et de le faire [&hellip;]\" \/>\n<meta property=\"og:url\" content=\"https:\/\/batijournal.com\/index.php\/velux-experimente-renovation-energetique-abordable\/93289\/\" \/>\n<meta property=\"og:site_name\" content=\"Batijournal\" \/>\n<meta property=\"article:published_time\" content=\"2016-07-04T06:51:17+00:00\" \/>\n<meta property=\"article:modified_time\" content=\"2019-07-15T10:20:12+00:00\" \/>\n<meta property=\"og:image\" content=\"https:\/\/batijournal.com\/wp-content\/uploads\/2016\/07\/maison_RenoActive_velux.jpg\" \/>\n\t<meta property=\"og:image:width\" content=\"1271\" \/>\n\t<meta property=\"og:image:height\" content=\"644\" \/>\n\t<meta property=\"og:image:type\" content=\"image\/jpeg\" \/>\n<meta name=\"author\" content=\"St\u00e9phane Miget\" \/>\n<meta name=\"twitter:card\" content=\"summary_large_image\" \/>\n<meta name=\"twitter:creator\" content=\"@bati_journal\" \/>\n<meta name=\"twitter:site\" content=\"@bati_journal\" \/>\n<meta name=\"twitter:label1\" content=\"\u00c9crit par\" \/>\n\t<meta name=\"twitter:data1\" content=\"St\u00e9phane Miget\" \/>\n\t<meta name=\"twitter:label2\" content=\"Dur\u00e9e de lecture estim\u00e9e\" \/>\n\t<meta name=\"twitter:data2\" content=\"10 minutes\" \/>\n<script type=\"application\/ld+json\" class=\"yoast-schema-graph\">{\"@context\":\"https:\\\/\\\/schema.org\",\"@graph\":[{\"@type\":\"Article\",\"@id\":\"https:\\\/\\\/batijournal.com\\\/index.php\\\/velux-experimente-renovation-energetique-abordable\\\/93289\\\/#article\",\"isPartOf\":{\"@id\":\"https:\\\/\\\/batijournal.com\\\/index.php\\\/velux-experimente-renovation-energetique-abordable\\\/93289\\\/\"},\"author\":{\"name\":\"St\u00e9phane Miget\",\"@id\":\"https:\\\/\\\/batijournal.com\\\/#\\\/schema\\\/person\\\/1dc96ec6957aa1ccb25ebe78bb19f100\"},\"headline\":\"Velux exp\u00e9rimente la r\u00e9novation \u00e9nerg\u00e9tique abordable\",\"datePublished\":\"2016-07-04T06:51:17+00:00\",\"dateModified\":\"2019-07-15T10:20:12+00:00\",\"mainEntityOfPage\":{\"@id\":\"https:\\\/\\\/batijournal.com\\\/index.php\\\/velux-experimente-renovation-energetique-abordable\\\/93289\\\/\"},\"wordCount\":1918,\"image\":{\"@id\":\"https:\\\/\\\/batijournal.com\\\/index.php\\\/velux-experimente-renovation-energetique-abordable\\\/93289\\\/#primaryimage\"},\"thumbnailUrl\":\"https:\\\/\\\/batijournal.com\\\/wp-content\\\/uploads\\\/2016\\\/07\\\/maison_RenoActive_velux.jpg\",\"keywords\":[\"renovation energetique\",\"Velux\"],\"articleSection\":[\"\u00c9nergie &amp; Environnement\",\"zz_Entreprises et chantiers - AC\"],\"inLanguage\":\"fr-FR\"},{\"@type\":\"WebPage\",\"@id\":\"https:\\\/\\\/batijournal.com\\\/index.php\\\/velux-experimente-renovation-energetique-abordable\\\/93289\\\/\",\"url\":\"https:\\\/\\\/batijournal.com\\\/index.php\\\/velux-experimente-renovation-energetique-abordable\\\/93289\\\/\",\"name\":\"Velux exp\u00e9rimente la r\u00e9novation \u00e9nerg\u00e9tique abordable\",\"isPartOf\":{\"@id\":\"https:\\\/\\\/batijournal.com\\\/#website\"},\"primaryImageOfPage\":{\"@id\":\"https:\\\/\\\/batijournal.com\\\/index.php\\\/velux-experimente-renovation-energetique-abordable\\\/93289\\\/#primaryimage\"},\"image\":{\"@id\":\"https:\\\/\\\/batijournal.com\\\/index.php\\\/velux-experimente-renovation-energetique-abordable\\\/93289\\\/#primaryimage\"},\"thumbnailUrl\":\"https:\\\/\\\/batijournal.com\\\/wp-content\\\/uploads\\\/2016\\\/07\\\/maison_RenoActive_velux.jpg\",\"datePublished\":\"2016-07-04T06:51:17+00:00\",\"dateModified\":\"2019-07-15T10:20:12+00:00\",\"author\":{\"@id\":\"https:\\\/\\\/batijournal.com\\\/#\\\/schema\\\/person\\\/1dc96ec6957aa1ccb25ebe78bb19f100\"},\"breadcrumb\":{\"@id\":\"https:\\\/\\\/batijournal.com\\\/index.php\\\/velux-experimente-renovation-energetique-abordable\\\/93289\\\/#breadcrumb\"},\"inLanguage\":\"fr-FR\",\"potentialAction\":[{\"@type\":\"ReadAction\",\"target\":[\"https:\\\/\\\/batijournal.com\\\/index.php\\\/velux-experimente-renovation-energetique-abordable\\\/93289\\\/\"]}]},{\"@type\":\"ImageObject\",\"inLanguage\":\"fr-FR\",\"@id\":\"https:\\\/\\\/batijournal.com\\\/index.php\\\/velux-experimente-renovation-energetique-abordable\\\/93289\\\/#primaryimage\",\"url\":\"https:\\\/\\\/batijournal.com\\\/wp-content\\\/uploads\\\/2016\\\/07\\\/maison_RenoActive_velux.jpg\",\"contentUrl\":\"https:\\\/\\\/batijournal.com\\\/wp-content\\\/uploads\\\/2016\\\/07\\\/maison_RenoActive_velux.jpg\",\"width\":1271,\"height\":644},{\"@type\":\"BreadcrumbList\",\"@id\":\"https:\\\/\\\/batijournal.com\\\/index.php\\\/velux-experimente-renovation-energetique-abordable\\\/93289\\\/#breadcrumb\",\"itemListElement\":[{\"@type\":\"ListItem\",\"position\":1,\"name\":\"Accueil\",\"item\":\"https:\\\/\\\/batijournal.com\\\/\"},{\"@type\":\"ListItem\",\"position\":2,\"name\":\"Actualit\u00e9s\",\"item\":\"https:\\\/\\\/batijournal.com\\\/index.php\\\/category\\\/actualites\\\/\"},{\"@type\":\"ListItem\",\"position\":3,\"name\":\"\u00c9nergie &amp; Environnement\",\"item\":\"https:\\\/\\\/batijournal.com\\\/index.php\\\/category\\\/actualites\\\/energie-environnement\\\/\"},{\"@type\":\"ListItem\",\"position\":4,\"name\":\"Velux exp\u00e9rimente la r\u00e9novation \u00e9nerg\u00e9tique abordable\"}]},{\"@type\":\"WebSite\",\"@id\":\"https:\\\/\\\/batijournal.com\\\/#website\",\"url\":\"https:\\\/\\\/batijournal.com\\\/\",\"name\":\"Batijournal\",\"description\":\"L&#039;actualit\u00e9 du b\u00e2timent\",\"potentialAction\":[{\"@type\":\"SearchAction\",\"target\":{\"@type\":\"EntryPoint\",\"urlTemplate\":\"https:\\\/\\\/batijournal.com\\\/?s={search_term_string}\"},\"query-input\":{\"@type\":\"PropertyValueSpecification\",\"valueRequired\":true,\"valueName\":\"search_term_string\"}}],\"inLanguage\":\"fr-FR\"},{\"@type\":\"Person\",\"@id\":\"https:\\\/\\\/batijournal.com\\\/#\\\/schema\\\/person\\\/1dc96ec6957aa1ccb25ebe78bb19f100\",\"name\":\"St\u00e9phane Miget\",\"image\":{\"@type\":\"ImageObject\",\"inLanguage\":\"fr-FR\",\"@id\":\"https:\\\/\\\/secure.gravatar.com\\\/avatar\\\/89915563d925342126b8ef0281b93d9d7fc337043e8df017f780908eb9644451?s=96&d=mm&r=g\",\"url\":\"https:\\\/\\\/secure.gravatar.com\\\/avatar\\\/89915563d925342126b8ef0281b93d9d7fc337043e8df017f780908eb9644451?s=96&d=mm&r=g\",\"contentUrl\":\"https:\\\/\\\/secure.gravatar.com\\\/avatar\\\/89915563d925342126b8ef0281b93d9d7fc337043e8df017f780908eb9644451?s=96&d=mm&r=g\",\"caption\":\"St\u00e9phane Miget\"},\"url\":\"https:\\\/\\\/batijournal.com\\\/index.php\\\/author\\\/stephane\\\/\"}]}<\/script>\n<!-- \/ Yoast SEO plugin. -->","yoast_head_json":{"title":"Velux exp\u00e9rimente la r\u00e9novation \u00e9nerg\u00e9tique abordable","robots":{"index":"index","follow":"follow","max-snippet":"max-snippet:-1","max-image-preview":"max-image-preview:large","max-video-preview":"max-video-preview:-1"},"canonical":"https:\/\/batijournal.com\/index.php\/velux-experimente-renovation-energetique-abordable\/93289\/","og_locale":"fr_FR","og_type":"article","og_title":"Velux exp\u00e9rimente la r\u00e9novation \u00e9nerg\u00e9tique abordable","og_description":"Depuis l\u2019exp\u00e9rimentation Model Home 2020 men\u00e9e \u00e0 travers l\u2019Europe, le Groupe VELUX a renouvel\u00e9 son engagement avec un concept de r\u00e9novation reproductible et accessible. Il d\u00e9montre qu\u2019il est possible de stimuler la r\u00e9novation \u00e9nerg\u00e9tique, en faisant co\u00efncider l\u2019int\u00e9r\u00eat g\u00e9n\u00e9ral (performances \u00e9nerg\u00e9tiques) et les attentes des particuliers (confort et qualit\u00e9 de vie) et de le faire [&hellip;]","og_url":"https:\/\/batijournal.com\/index.php\/velux-experimente-renovation-energetique-abordable\/93289\/","og_site_name":"Batijournal","article_published_time":"2016-07-04T06:51:17+00:00","article_modified_time":"2019-07-15T10:20:12+00:00","og_image":[{"width":1271,"height":644,"url":"https:\/\/batijournal.com\/wp-content\/uploads\/2016\/07\/maison_RenoActive_velux.jpg","type":"image\/jpeg"}],"author":"St\u00e9phane Miget","twitter_card":"summary_large_image","twitter_creator":"@bati_journal","twitter_site":"@bati_journal","twitter_misc":{"\u00c9crit par":"St\u00e9phane Miget","Dur\u00e9e de lecture estim\u00e9e":"10 minutes"},"schema":{"@context":"https:\/\/schema.org","@graph":[{"@type":"Article","@id":"https:\/\/batijournal.com\/index.php\/velux-experimente-renovation-energetique-abordable\/93289\/#article","isPartOf":{"@id":"https:\/\/batijournal.com\/index.php\/velux-experimente-renovation-energetique-abordable\/93289\/"},"author":{"name":"St\u00e9phane Miget","@id":"https:\/\/batijournal.com\/#\/schema\/person\/1dc96ec6957aa1ccb25ebe78bb19f100"},"headline":"Velux exp\u00e9rimente la r\u00e9novation \u00e9nerg\u00e9tique abordable","datePublished":"2016-07-04T06:51:17+00:00","dateModified":"2019-07-15T10:20:12+00:00","mainEntityOfPage":{"@id":"https:\/\/batijournal.com\/index.php\/velux-experimente-renovation-energetique-abordable\/93289\/"},"wordCount":1918,"image":{"@id":"https:\/\/batijournal.com\/index.php\/velux-experimente-renovation-energetique-abordable\/93289\/#primaryimage"},"thumbnailUrl":"https:\/\/batijournal.com\/wp-content\/uploads\/2016\/07\/maison_RenoActive_velux.jpg","keywords":["renovation energetique","Velux"],"articleSection":["\u00c9nergie &amp; Environnement","zz_Entreprises et chantiers - AC"],"inLanguage":"fr-FR"},{"@type":"WebPage","@id":"https:\/\/batijournal.com\/index.php\/velux-experimente-renovation-energetique-abordable\/93289\/","url":"https:\/\/batijournal.com\/index.php\/velux-experimente-renovation-energetique-abordable\/93289\/","name":"Velux exp\u00e9rimente la r\u00e9novation \u00e9nerg\u00e9tique abordable","isPartOf":{"@id":"https:\/\/batijournal.com\/#website"},"primaryImageOfPage":{"@id":"https:\/\/batijournal.com\/index.php\/velux-experimente-renovation-energetique-abordable\/93289\/#primaryimage"},"image":{"@id":"https:\/\/batijournal.com\/index.php\/velux-experimente-renovation-energetique-abordable\/93289\/#primaryimage"},"thumbnailUrl":"https:\/\/batijournal.com\/wp-content\/uploads\/2016\/07\/maison_RenoActive_velux.jpg","datePublished":"2016-07-04T06:51:17+00:00","dateModified":"2019-07-15T10:20:12+00:00","author":{"@id":"https:\/\/batijournal.com\/#\/schema\/person\/1dc96ec6957aa1ccb25ebe78bb19f100"},"breadcrumb":{"@id":"https:\/\/batijournal.com\/index.php\/velux-experimente-renovation-energetique-abordable\/93289\/#breadcrumb"},"inLanguage":"fr-FR","potentialAction":[{"@type":"ReadAction","target":["https:\/\/batijournal.com\/index.php\/velux-experimente-renovation-energetique-abordable\/93289\/"]}]},{"@type":"ImageObject","inLanguage":"fr-FR","@id":"https:\/\/batijournal.com\/index.php\/velux-experimente-renovation-energetique-abordable\/93289\/#primaryimage","url":"https:\/\/batijournal.com\/wp-content\/uploads\/2016\/07\/maison_RenoActive_velux.jpg","contentUrl":"https:\/\/batijournal.com\/wp-content\/uploads\/2016\/07\/maison_RenoActive_velux.jpg","width":1271,"height":644},{"@type":"BreadcrumbList","@id":"https:\/\/batijournal.com\/index.php\/velux-experimente-renovation-energetique-abordable\/93289\/#breadcrumb","itemListElement":[{"@type":"ListItem","position":1,"name":"Accueil","item":"https:\/\/batijournal.com\/"},{"@type":"ListItem","position":2,"name":"Actualit\u00e9s","item":"https:\/\/batijournal.com\/index.php\/category\/actualites\/"},{"@type":"ListItem","position":3,"name":"\u00c9nergie &amp; Environnement","item":"https:\/\/batijournal.com\/index.php\/category\/actualites\/energie-environnement\/"},{"@type":"ListItem","position":4,"name":"Velux exp\u00e9rimente la r\u00e9novation \u00e9nerg\u00e9tique abordable"}]},{"@type":"WebSite","@id":"https:\/\/batijournal.com\/#website","url":"https:\/\/batijournal.com\/","name":"Batijournal","description":"L&#039;actualit\u00e9 du b\u00e2timent","potentialAction":[{"@type":"SearchAction","target":{"@type":"EntryPoint","urlTemplate":"https:\/\/batijournal.com\/?s={search_term_string}"},"query-input":{"@type":"PropertyValueSpecification","valueRequired":true,"valueName":"search_term_string"}}],"inLanguage":"fr-FR"},{"@type":"Person","@id":"https:\/\/batijournal.com\/#\/schema\/person\/1dc96ec6957aa1ccb25ebe78bb19f100","name":"St\u00e9phane Miget","image":{"@type":"ImageObject","inLanguage":"fr-FR","@id":"https:\/\/secure.gravatar.com\/avatar\/89915563d925342126b8ef0281b93d9d7fc337043e8df017f780908eb9644451?s=96&d=mm&r=g","url":"https:\/\/secure.gravatar.com\/avatar\/89915563d925342126b8ef0281b93d9d7fc337043e8df017f780908eb9644451?s=96&d=mm&r=g","contentUrl":"https:\/\/secure.gravatar.com\/avatar\/89915563d925342126b8ef0281b93d9d7fc337043e8df017f780908eb9644451?s=96&d=mm&r=g","caption":"St\u00e9phane Miget"},"url":"https:\/\/batijournal.com\/index.php\/author\/stephane\/"}]}},"_links":{"self":[{"href":"https:\/\/batijournal.com\/index.php\/wp-json\/wp\/v2\/posts\/93289","targetHints":{"allow":["GET"]}}],"collection":[{"href":"https:\/\/batijournal.com\/index.php\/wp-json\/wp\/v2\/posts"}],"about":[{"href":"https:\/\/batijournal.com\/index.php\/wp-json\/wp\/v2\/types\/post"}],"author":[{"embeddable":true,"href":"https:\/\/batijournal.com\/index.php\/wp-json\/wp\/v2\/users\/17"}],"replies":[{"embeddable":true,"href":"https:\/\/batijournal.com\/index.php\/wp-json\/wp\/v2\/comments?post=93289"}],"version-history":[{"count":0,"href":"https:\/\/batijournal.com\/index.php\/wp-json\/wp\/v2\/posts\/93289\/revisions"}],"wp:featuredmedia":[{"embeddable":true,"href":"https:\/\/batijournal.com\/index.php\/wp-json\/wp\/v2\/media\/93290"}],"wp:attachment":[{"href":"https:\/\/batijournal.com\/index.php\/wp-json\/wp\/v2\/media?parent=93289"}],"wp:term":[{"taxonomy":"category","embeddable":true,"href":"https:\/\/batijournal.com\/index.php\/wp-json\/wp\/v2\/categories?post=93289"},{"taxonomy":"post_tag","embeddable":true,"href":"https:\/\/batijournal.com\/index.php\/wp-json\/wp\/v2\/tags?post=93289"}],"curies":[{"name":"wp","href":"https:\/\/api.w.org\/{rel}","templated":true}]}}