{"id":93304,"date":"2016-07-06T03:57:55","date_gmt":"2016-07-06T01:57:55","guid":{"rendered":"http:\/\/batijournal.com\/?p=93304"},"modified":"2019-07-15T11:16:41","modified_gmt":"2019-07-15T09:16:41","slug":"portes-temps-souvrent-de-nouveau","status":"publish","type":"post","link":"https:\/\/batijournal.com\/index.php\/portes-temps-souvrent-de-nouveau\/93304\/","title":{"rendered":"Les Portes du temps s&rsquo;ouvrent de nouveau"},"content":{"rendered":"<p>La 12\u00e8me \u00e9dition des Portes du temps se d\u00e9roulera pendant les vacances d\u2019\u00e9t\u00e9 et d\u2019automne 2016. Dispositif de d\u00e9mocratisation culturelle et de lutte contre les fractures sociales, cette op\u00e9ration permet de sensibiliser au patrimoine et \u00e0 l\u2019histoire, en dehors du temps scolaire, les jeunes issus des quartiers populaires. 35 000 enfants et adolescents sont attendus dans plus de 130 sites : mus\u00e9es, centres d\u2019archives, monuments historiques, sites arch\u00e9ologiques ou encore villes et pays d\u2019art et d\u2019histoire&#8230; Des formes in\u00e9dites et ludiques d&rsquo;appropriation des lieux patrimoniaux leur sont propos\u00e9es, \u00e0 travers des pratiques artistiques dans les domaines du spectacle vivant, des arts plastiques, des arts num\u00e9riques et du multim\u00e9dia, et au travers d\u2019\u00e9changes sur l\u2019histoire des arts, le dessin, la musique, la danse, l\u2019art du jardin et le sport.<\/p>\n<p><a href=\"http:\/\/lesportesdutemps.culturecommunication.gouv.fr\" target=\"_blank\" rel=\"noopener noreferrer\">lesportesdutemps.culturecommunication.gouv.fr<\/a><\/p>\n","protected":false},"excerpt":{"rendered":"<p>La 12\u00e8me \u00e9dition des Portes du temps se d\u00e9roulera pendant les vacances d\u2019\u00e9t\u00e9 et d\u2019automne 2016. Dispositif de d\u00e9mocratisation culturelle et de lutte contre les fractures sociales, cette op\u00e9ration permet de sensibiliser au patrimoine et \u00e0 l\u2019histoire, en dehors du temps scolaire, les jeunes issus des quartiers populaires. 35 000 enfants et adolescents sont attendus [&hellip;]<\/p>\n","protected":false},"author":17,"featured_media":93303,"comment_status":"closed","ping_status":"closed","sticky":false,"template":"","format":"standard","meta":{"_et_pb_use_builder":"","_et_pb_old_content":"","_et_gb_content_width":"","footnotes":""},"categories":[6340],"tags":[4474],"class_list":["post-93304","post","type-post","status-publish","format-standard","has-post-thumbnail","hentry","category-architecture-conception","tag-monuments-historiques"],"yoast_head":"<!-- This site is optimized with the Yoast SEO plugin v27.4 - https:\/\/yoast.com\/product\/yoast-seo-wordpress\/ -->\n<title>Les Portes du temps s&#039;ouvrent de nouveau<\/title>\n<meta name=\"robots\" content=\"index, follow, max-snippet:-1, max-image-preview:large, max-video-preview:-1\" \/>\n<link rel=\"canonical\" href=\"https:\/\/batijournal.com\/index.php\/portes-temps-souvrent-de-nouveau\/93304\/\" \/>\n<meta property=\"og:locale\" content=\"fr_FR\" \/>\n<meta property=\"og:type\" content=\"article\" \/>\n<meta property=\"og:title\" content=\"Les Portes du temps s&#039;ouvrent de nouveau\" \/>\n<meta property=\"og:description\" content=\"La 12\u00e8me \u00e9dition des Portes du temps se d\u00e9roulera pendant les vacances d\u2019\u00e9t\u00e9 et d\u2019automne 2016. Dispositif de d\u00e9mocratisation culturelle et de lutte contre les fractures sociales, cette op\u00e9ration permet de sensibiliser au patrimoine et \u00e0 l\u2019histoire, en dehors du temps scolaire, les jeunes issus des quartiers populaires. 35 000 enfants et adolescents sont attendus [&hellip;]\" \/>\n<meta property=\"og:url\" content=\"https:\/\/batijournal.com\/index.php\/portes-temps-souvrent-de-nouveau\/93304\/\" \/>\n<meta property=\"og:site_name\" content=\"Batijournal\" \/>\n<meta property=\"article:published_time\" content=\"2016-07-06T01:57:55+00:00\" \/>\n<meta property=\"article:modified_time\" content=\"2019-07-15T09:16:41+00:00\" \/>\n<meta property=\"og:image\" content=\"https:\/\/batijournal.com\/wp-content\/uploads\/2016\/07\/Affiche-les-portes-du-temps-2016.jpg\" \/>\n\t<meta property=\"og:image:width\" content=\"667\" \/>\n\t<meta property=\"og:image:height\" content=\"1000\" \/>\n\t<meta property=\"og:image:type\" content=\"image\/jpeg\" \/>\n<meta name=\"author\" content=\"St\u00e9phane Miget\" \/>\n<meta name=\"twitter:card\" content=\"summary_large_image\" \/>\n<meta name=\"twitter:creator\" content=\"@bati_journal\" \/>\n<meta name=\"twitter:site\" content=\"@bati_journal\" \/>\n<meta name=\"twitter:label1\" content=\"\u00c9crit par\" \/>\n\t<meta name=\"twitter:data1\" content=\"St\u00e9phane Miget\" \/>\n\t<meta name=\"twitter:label2\" content=\"Dur\u00e9e de lecture estim\u00e9e\" \/>\n\t<meta name=\"twitter:data2\" content=\"1 minute\" \/>\n<script type=\"application\/ld+json\" class=\"yoast-schema-graph\">{\"@context\":\"https:\\\/\\\/schema.org\",\"@graph\":[{\"@type\":\"Article\",\"@id\":\"https:\\\/\\\/batijournal.com\\\/index.php\\\/portes-temps-souvrent-de-nouveau\\\/93304\\\/#article\",\"isPartOf\":{\"@id\":\"https:\\\/\\\/batijournal.com\\\/index.php\\\/portes-temps-souvrent-de-nouveau\\\/93304\\\/\"},\"author\":{\"name\":\"St\u00e9phane Miget\",\"@id\":\"https:\\\/\\\/batijournal.com\\\/#\\\/schema\\\/person\\\/1dc96ec6957aa1ccb25ebe78bb19f100\"},\"headline\":\"Les Portes du temps s&rsquo;ouvrent de nouveau\",\"datePublished\":\"2016-07-06T01:57:55+00:00\",\"dateModified\":\"2019-07-15T09:16:41+00:00\",\"mainEntityOfPage\":{\"@id\":\"https:\\\/\\\/batijournal.com\\\/index.php\\\/portes-temps-souvrent-de-nouveau\\\/93304\\\/\"},\"wordCount\":152,\"image\":{\"@id\":\"https:\\\/\\\/batijournal.com\\\/index.php\\\/portes-temps-souvrent-de-nouveau\\\/93304\\\/#primaryimage\"},\"thumbnailUrl\":\"https:\\\/\\\/batijournal.com\\\/wp-content\\\/uploads\\\/2016\\\/07\\\/Affiche-les-portes-du-temps-2016.jpg\",\"keywords\":[\"monuments historiques\"],\"articleSection\":[\"Architecture &amp; Conception\"],\"inLanguage\":\"fr-FR\"},{\"@type\":\"WebPage\",\"@id\":\"https:\\\/\\\/batijournal.com\\\/index.php\\\/portes-temps-souvrent-de-nouveau\\\/93304\\\/\",\"url\":\"https:\\\/\\\/batijournal.com\\\/index.php\\\/portes-temps-souvrent-de-nouveau\\\/93304\\\/\",\"name\":\"Les Portes du temps s'ouvrent de nouveau\",\"isPartOf\":{\"@id\":\"https:\\\/\\\/batijournal.com\\\/#website\"},\"primaryImageOfPage\":{\"@id\":\"https:\\\/\\\/batijournal.com\\\/index.php\\\/portes-temps-souvrent-de-nouveau\\\/93304\\\/#primaryimage\"},\"image\":{\"@id\":\"https:\\\/\\\/batijournal.com\\\/index.php\\\/portes-temps-souvrent-de-nouveau\\\/93304\\\/#primaryimage\"},\"thumbnailUrl\":\"https:\\\/\\\/batijournal.com\\\/wp-content\\\/uploads\\\/2016\\\/07\\\/Affiche-les-portes-du-temps-2016.jpg\",\"datePublished\":\"2016-07-06T01:57:55+00:00\",\"dateModified\":\"2019-07-15T09:16:41+00:00\",\"author\":{\"@id\":\"https:\\\/\\\/batijournal.com\\\/#\\\/schema\\\/person\\\/1dc96ec6957aa1ccb25ebe78bb19f100\"},\"breadcrumb\":{\"@id\":\"https:\\\/\\\/batijournal.com\\\/index.php\\\/portes-temps-souvrent-de-nouveau\\\/93304\\\/#breadcrumb\"},\"inLanguage\":\"fr-FR\",\"potentialAction\":[{\"@type\":\"ReadAction\",\"target\":[\"https:\\\/\\\/batijournal.com\\\/index.php\\\/portes-temps-souvrent-de-nouveau\\\/93304\\\/\"]}]},{\"@type\":\"ImageObject\",\"inLanguage\":\"fr-FR\",\"@id\":\"https:\\\/\\\/batijournal.com\\\/index.php\\\/portes-temps-souvrent-de-nouveau\\\/93304\\\/#primaryimage\",\"url\":\"https:\\\/\\\/batijournal.com\\\/wp-content\\\/uploads\\\/2016\\\/07\\\/Affiche-les-portes-du-temps-2016.jpg\",\"contentUrl\":\"https:\\\/\\\/batijournal.com\\\/wp-content\\\/uploads\\\/2016\\\/07\\\/Affiche-les-portes-du-temps-2016.jpg\",\"width\":667,\"height\":1000},{\"@type\":\"BreadcrumbList\",\"@id\":\"https:\\\/\\\/batijournal.com\\\/index.php\\\/portes-temps-souvrent-de-nouveau\\\/93304\\\/#breadcrumb\",\"itemListElement\":[{\"@type\":\"ListItem\",\"position\":1,\"name\":\"Accueil\",\"item\":\"https:\\\/\\\/batijournal.com\\\/\"},{\"@type\":\"ListItem\",\"position\":2,\"name\":\"Actualit\u00e9s\",\"item\":\"https:\\\/\\\/batijournal.com\\\/index.php\\\/category\\\/actualites\\\/\"},{\"@type\":\"ListItem\",\"position\":3,\"name\":\"Architecture &amp; Conception\",\"item\":\"https:\\\/\\\/batijournal.com\\\/index.php\\\/category\\\/actualites\\\/architecture-conception\\\/\"},{\"@type\":\"ListItem\",\"position\":4,\"name\":\"Les Portes du temps s&rsquo;ouvrent de nouveau\"}]},{\"@type\":\"WebSite\",\"@id\":\"https:\\\/\\\/batijournal.com\\\/#website\",\"url\":\"https:\\\/\\\/batijournal.com\\\/\",\"name\":\"Batijournal\",\"description\":\"L&#039;actualit\u00e9 du b\u00e2timent\",\"potentialAction\":[{\"@type\":\"SearchAction\",\"target\":{\"@type\":\"EntryPoint\",\"urlTemplate\":\"https:\\\/\\\/batijournal.com\\\/?s={search_term_string}\"},\"query-input\":{\"@type\":\"PropertyValueSpecification\",\"valueRequired\":true,\"valueName\":\"search_term_string\"}}],\"inLanguage\":\"fr-FR\"},{\"@type\":\"Person\",\"@id\":\"https:\\\/\\\/batijournal.com\\\/#\\\/schema\\\/person\\\/1dc96ec6957aa1ccb25ebe78bb19f100\",\"name\":\"St\u00e9phane Miget\",\"image\":{\"@type\":\"ImageObject\",\"inLanguage\":\"fr-FR\",\"@id\":\"https:\\\/\\\/secure.gravatar.com\\\/avatar\\\/89915563d925342126b8ef0281b93d9d7fc337043e8df017f780908eb9644451?s=96&d=mm&r=g\",\"url\":\"https:\\\/\\\/secure.gravatar.com\\\/avatar\\\/89915563d925342126b8ef0281b93d9d7fc337043e8df017f780908eb9644451?s=96&d=mm&r=g\",\"contentUrl\":\"https:\\\/\\\/secure.gravatar.com\\\/avatar\\\/89915563d925342126b8ef0281b93d9d7fc337043e8df017f780908eb9644451?s=96&d=mm&r=g\",\"caption\":\"St\u00e9phane Miget\"},\"url\":\"https:\\\/\\\/batijournal.com\\\/index.php\\\/author\\\/stephane\\\/\"}]}<\/script>\n<!-- \/ Yoast SEO plugin. -->","yoast_head_json":{"title":"Les Portes du temps s'ouvrent de nouveau","robots":{"index":"index","follow":"follow","max-snippet":"max-snippet:-1","max-image-preview":"max-image-preview:large","max-video-preview":"max-video-preview:-1"},"canonical":"https:\/\/batijournal.com\/index.php\/portes-temps-souvrent-de-nouveau\/93304\/","og_locale":"fr_FR","og_type":"article","og_title":"Les Portes du temps s'ouvrent de nouveau","og_description":"La 12\u00e8me \u00e9dition des Portes du temps se d\u00e9roulera pendant les vacances d\u2019\u00e9t\u00e9 et d\u2019automne 2016. Dispositif de d\u00e9mocratisation culturelle et de lutte contre les fractures sociales, cette op\u00e9ration permet de sensibiliser au patrimoine et \u00e0 l\u2019histoire, en dehors du temps scolaire, les jeunes issus des quartiers populaires. 35 000 enfants et adolescents sont attendus [&hellip;]","og_url":"https:\/\/batijournal.com\/index.php\/portes-temps-souvrent-de-nouveau\/93304\/","og_site_name":"Batijournal","article_published_time":"2016-07-06T01:57:55+00:00","article_modified_time":"2019-07-15T09:16:41+00:00","og_image":[{"width":667,"height":1000,"url":"https:\/\/batijournal.com\/wp-content\/uploads\/2016\/07\/Affiche-les-portes-du-temps-2016.jpg","type":"image\/jpeg"}],"author":"St\u00e9phane Miget","twitter_card":"summary_large_image","twitter_creator":"@bati_journal","twitter_site":"@bati_journal","twitter_misc":{"\u00c9crit par":"St\u00e9phane Miget","Dur\u00e9e de lecture estim\u00e9e":"1 minute"},"schema":{"@context":"https:\/\/schema.org","@graph":[{"@type":"Article","@id":"https:\/\/batijournal.com\/index.php\/portes-temps-souvrent-de-nouveau\/93304\/#article","isPartOf":{"@id":"https:\/\/batijournal.com\/index.php\/portes-temps-souvrent-de-nouveau\/93304\/"},"author":{"name":"St\u00e9phane Miget","@id":"https:\/\/batijournal.com\/#\/schema\/person\/1dc96ec6957aa1ccb25ebe78bb19f100"},"headline":"Les Portes du temps s&rsquo;ouvrent de nouveau","datePublished":"2016-07-06T01:57:55+00:00","dateModified":"2019-07-15T09:16:41+00:00","mainEntityOfPage":{"@id":"https:\/\/batijournal.com\/index.php\/portes-temps-souvrent-de-nouveau\/93304\/"},"wordCount":152,"image":{"@id":"https:\/\/batijournal.com\/index.php\/portes-temps-souvrent-de-nouveau\/93304\/#primaryimage"},"thumbnailUrl":"https:\/\/batijournal.com\/wp-content\/uploads\/2016\/07\/Affiche-les-portes-du-temps-2016.jpg","keywords":["monuments historiques"],"articleSection":["Architecture &amp; Conception"],"inLanguage":"fr-FR"},{"@type":"WebPage","@id":"https:\/\/batijournal.com\/index.php\/portes-temps-souvrent-de-nouveau\/93304\/","url":"https:\/\/batijournal.com\/index.php\/portes-temps-souvrent-de-nouveau\/93304\/","name":"Les Portes du temps s'ouvrent de nouveau","isPartOf":{"@id":"https:\/\/batijournal.com\/#website"},"primaryImageOfPage":{"@id":"https:\/\/batijournal.com\/index.php\/portes-temps-souvrent-de-nouveau\/93304\/#primaryimage"},"image":{"@id":"https:\/\/batijournal.com\/index.php\/portes-temps-souvrent-de-nouveau\/93304\/#primaryimage"},"thumbnailUrl":"https:\/\/batijournal.com\/wp-content\/uploads\/2016\/07\/Affiche-les-portes-du-temps-2016.jpg","datePublished":"2016-07-06T01:57:55+00:00","dateModified":"2019-07-15T09:16:41+00:00","author":{"@id":"https:\/\/batijournal.com\/#\/schema\/person\/1dc96ec6957aa1ccb25ebe78bb19f100"},"breadcrumb":{"@id":"https:\/\/batijournal.com\/index.php\/portes-temps-souvrent-de-nouveau\/93304\/#breadcrumb"},"inLanguage":"fr-FR","potentialAction":[{"@type":"ReadAction","target":["https:\/\/batijournal.com\/index.php\/portes-temps-souvrent-de-nouveau\/93304\/"]}]},{"@type":"ImageObject","inLanguage":"fr-FR","@id":"https:\/\/batijournal.com\/index.php\/portes-temps-souvrent-de-nouveau\/93304\/#primaryimage","url":"https:\/\/batijournal.com\/wp-content\/uploads\/2016\/07\/Affiche-les-portes-du-temps-2016.jpg","contentUrl":"https:\/\/batijournal.com\/wp-content\/uploads\/2016\/07\/Affiche-les-portes-du-temps-2016.jpg","width":667,"height":1000},{"@type":"BreadcrumbList","@id":"https:\/\/batijournal.com\/index.php\/portes-temps-souvrent-de-nouveau\/93304\/#breadcrumb","itemListElement":[{"@type":"ListItem","position":1,"name":"Accueil","item":"https:\/\/batijournal.com\/"},{"@type":"ListItem","position":2,"name":"Actualit\u00e9s","item":"https:\/\/batijournal.com\/index.php\/category\/actualites\/"},{"@type":"ListItem","position":3,"name":"Architecture &amp; Conception","item":"https:\/\/batijournal.com\/index.php\/category\/actualites\/architecture-conception\/"},{"@type":"ListItem","position":4,"name":"Les Portes du temps s&rsquo;ouvrent de nouveau"}]},{"@type":"WebSite","@id":"https:\/\/batijournal.com\/#website","url":"https:\/\/batijournal.com\/","name":"Batijournal","description":"L&#039;actualit\u00e9 du b\u00e2timent","potentialAction":[{"@type":"SearchAction","target":{"@type":"EntryPoint","urlTemplate":"https:\/\/batijournal.com\/?s={search_term_string}"},"query-input":{"@type":"PropertyValueSpecification","valueRequired":true,"valueName":"search_term_string"}}],"inLanguage":"fr-FR"},{"@type":"Person","@id":"https:\/\/batijournal.com\/#\/schema\/person\/1dc96ec6957aa1ccb25ebe78bb19f100","name":"St\u00e9phane Miget","image":{"@type":"ImageObject","inLanguage":"fr-FR","@id":"https:\/\/secure.gravatar.com\/avatar\/89915563d925342126b8ef0281b93d9d7fc337043e8df017f780908eb9644451?s=96&d=mm&r=g","url":"https:\/\/secure.gravatar.com\/avatar\/89915563d925342126b8ef0281b93d9d7fc337043e8df017f780908eb9644451?s=96&d=mm&r=g","contentUrl":"https:\/\/secure.gravatar.com\/avatar\/89915563d925342126b8ef0281b93d9d7fc337043e8df017f780908eb9644451?s=96&d=mm&r=g","caption":"St\u00e9phane Miget"},"url":"https:\/\/batijournal.com\/index.php\/author\/stephane\/"}]}},"_links":{"self":[{"href":"https:\/\/batijournal.com\/index.php\/wp-json\/wp\/v2\/posts\/93304","targetHints":{"allow":["GET"]}}],"collection":[{"href":"https:\/\/batijournal.com\/index.php\/wp-json\/wp\/v2\/posts"}],"about":[{"href":"https:\/\/batijournal.com\/index.php\/wp-json\/wp\/v2\/types\/post"}],"author":[{"embeddable":true,"href":"https:\/\/batijournal.com\/index.php\/wp-json\/wp\/v2\/users\/17"}],"replies":[{"embeddable":true,"href":"https:\/\/batijournal.com\/index.php\/wp-json\/wp\/v2\/comments?post=93304"}],"version-history":[{"count":0,"href":"https:\/\/batijournal.com\/index.php\/wp-json\/wp\/v2\/posts\/93304\/revisions"}],"wp:featuredmedia":[{"embeddable":true,"href":"https:\/\/batijournal.com\/index.php\/wp-json\/wp\/v2\/media\/93303"}],"wp:attachment":[{"href":"https:\/\/batijournal.com\/index.php\/wp-json\/wp\/v2\/media?parent=93304"}],"wp:term":[{"taxonomy":"category","embeddable":true,"href":"https:\/\/batijournal.com\/index.php\/wp-json\/wp\/v2\/categories?post=93304"},{"taxonomy":"post_tag","embeddable":true,"href":"https:\/\/batijournal.com\/index.php\/wp-json\/wp\/v2\/tags?post=93304"}],"curies":[{"name":"wp","href":"https:\/\/api.w.org\/{rel}","templated":true}]}}