{"id":93311,"date":"2016-07-06T16:22:24","date_gmt":"2016-07-06T14:22:24","guid":{"rendered":"http:\/\/batijournal.com\/?p=93311"},"modified":"2019-07-15T12:22:06","modified_gmt":"2019-07-15T10:22:06","slug":"378-nouveaux-laureats-installations-photovoltaiques-batiments-ombrieres-de-parking","status":"publish","type":"post","link":"https:\/\/batijournal.com\/index.php\/378-nouveaux-laureats-installations-photovoltaiques-batiments-ombrieres-de-parking\/93311\/","title":{"rendered":"378 nouveaux laur\u00e9ats pour des installations photovolta\u00efques sur b\u00e2timents et sur ombri\u00e8res de parking"},"content":{"rendered":"<p>S\u00e9gol\u00e8ne Royal, ministre de l\u2019Environnement, a d\u00e9sign\u00e9 les 378 laur\u00e9ats de la deuxi\u00e8me p\u00e9riode de l\u2019appel d\u2019offres pour des installations solaires sur b\u00e2timents et sur ombri\u00e8res de parking de puissance interm\u00e9diaire (comprise entre 100 et 250 kilowatts cr\u00eate). La puissance totale, initialement fix\u00e9e \u00e0 40 MW pour chaque p\u00e9riode, a \u00e9t\u00e9 relev\u00e9e \u00e0 80 MW avec la cr\u00e9ation d\u2019un lot d\u00e9di\u00e9 aux installations sur b\u00e2timents agricoles. 183 projets pour le lot d\u00e9di\u00e9 aux installations sur tout type de b\u00e2timent et 195 projets pour le lot d\u00e9di\u00e9 aux installations sur b\u00e2timents agricoles sont s\u00e9lectionn\u00e9s pour la deuxi\u00e8me p\u00e9riode et pourront b\u00e9n\u00e9ficier de tarifs d\u2019achat garantis \u00e0 un prix moyen pond\u00e9r\u00e9 de l\u2019\u00e9lectricit\u00e9 de 134,8 \u20ac\/MWh. Les niveaux des tarifs d\u2019achat propos\u00e9s par les candidats poursuivent leur baisse, au b\u00e9n\u00e9fice du consommateur final (3 % de baisse par rapport \u00e0 la p\u00e9riode pr\u00e9c\u00e9dente). Les projets retenus, qui seront r\u00e9alis\u00e9s d\u00e8s 2017, repr\u00e9sentent 130 M\u20ac d\u2019investissements et permettront de produire 100 GWh d\u2019\u00e9lectricit\u00e9 verte chaque ann\u00e9e. Une troisi\u00e8me tranche de l\u2019appel d\u2019offres est pr\u00e9vue, dont la cl\u00f4ture est fix\u00e9e au 21 juillet 2016.<\/p>\n","protected":false},"excerpt":{"rendered":"<p>S\u00e9gol\u00e8ne Royal, ministre de l\u2019Environnement, a d\u00e9sign\u00e9 les 378 laur\u00e9ats de la deuxi\u00e8me p\u00e9riode de l\u2019appel d\u2019offres pour des installations solaires sur b\u00e2timents et sur ombri\u00e8res de parking de puissance interm\u00e9diaire (comprise entre 100 et 250 kilowatts cr\u00eate). La puissance totale, initialement fix\u00e9e \u00e0 40 MW pour chaque p\u00e9riode, a \u00e9t\u00e9 relev\u00e9e \u00e0 80 MW [&hellip;]<\/p>\n","protected":false},"author":17,"featured_media":91814,"comment_status":"closed","ping_status":"closed","sticky":false,"template":"","format":"standard","meta":{"_et_pb_use_builder":"","_et_pb_old_content":"","_et_gb_content_width":"","footnotes":""},"categories":[6351],"tags":[464],"class_list":["post-93311","post","type-post","status-publish","format-standard","has-post-thumbnail","hentry","category-energie-environnement","tag-photovoltaique"],"yoast_head":"<!-- This site is optimized with the Yoast SEO plugin v27.4 - https:\/\/yoast.com\/product\/yoast-seo-wordpress\/ -->\n<title>378 nouveaux laur\u00e9ats pour des installations photovolta\u00efques sur b\u00e2timents et sur ombri\u00e8res de parking<\/title>\n<meta name=\"robots\" content=\"index, follow, max-snippet:-1, max-image-preview:large, max-video-preview:-1\" \/>\n<link rel=\"canonical\" href=\"https:\/\/batijournal.com\/index.php\/378-nouveaux-laureats-installations-photovoltaiques-batiments-ombrieres-de-parking\/93311\/\" \/>\n<meta property=\"og:locale\" content=\"fr_FR\" \/>\n<meta property=\"og:type\" content=\"article\" \/>\n<meta property=\"og:title\" content=\"378 nouveaux laur\u00e9ats pour des installations photovolta\u00efques sur b\u00e2timents et sur ombri\u00e8res de parking\" \/>\n<meta property=\"og:description\" content=\"S\u00e9gol\u00e8ne Royal, ministre de l\u2019Environnement, a d\u00e9sign\u00e9 les 378 laur\u00e9ats de la deuxi\u00e8me p\u00e9riode de l\u2019appel d\u2019offres pour des installations solaires sur b\u00e2timents et sur ombri\u00e8res de parking de puissance interm\u00e9diaire (comprise entre 100 et 250 kilowatts cr\u00eate). La puissance totale, initialement fix\u00e9e \u00e0 40 MW pour chaque p\u00e9riode, a \u00e9t\u00e9 relev\u00e9e \u00e0 80 MW [&hellip;]\" \/>\n<meta property=\"og:url\" content=\"https:\/\/batijournal.com\/index.php\/378-nouveaux-laureats-installations-photovoltaiques-batiments-ombrieres-de-parking\/93311\/\" \/>\n<meta property=\"og:site_name\" content=\"Batijournal\" \/>\n<meta property=\"article:published_time\" content=\"2016-07-06T14:22:24+00:00\" \/>\n<meta property=\"article:modified_time\" content=\"2019-07-15T10:22:06+00:00\" \/>\n<meta property=\"og:image\" content=\"https:\/\/batijournal.com\/wp-content\/uploads\/2016\/03\/installations-photovoltaiques-de-moyenne-puissance.jpg\" \/>\n\t<meta property=\"og:image:width\" content=\"800\" \/>\n\t<meta property=\"og:image:height\" content=\"600\" \/>\n\t<meta property=\"og:image:type\" content=\"image\/jpeg\" \/>\n<meta name=\"author\" content=\"St\u00e9phane Miget\" \/>\n<meta name=\"twitter:card\" content=\"summary_large_image\" \/>\n<meta name=\"twitter:creator\" content=\"@bati_journal\" \/>\n<meta name=\"twitter:site\" content=\"@bati_journal\" \/>\n<meta name=\"twitter:label1\" content=\"\u00c9crit par\" \/>\n\t<meta name=\"twitter:data1\" content=\"St\u00e9phane Miget\" \/>\n\t<meta name=\"twitter:label2\" content=\"Dur\u00e9e de lecture estim\u00e9e\" \/>\n\t<meta name=\"twitter:data2\" content=\"1 minute\" \/>\n<script type=\"application\/ld+json\" class=\"yoast-schema-graph\">{\"@context\":\"https:\\\/\\\/schema.org\",\"@graph\":[{\"@type\":\"Article\",\"@id\":\"https:\\\/\\\/batijournal.com\\\/index.php\\\/378-nouveaux-laureats-installations-photovoltaiques-batiments-ombrieres-de-parking\\\/93311\\\/#article\",\"isPartOf\":{\"@id\":\"https:\\\/\\\/batijournal.com\\\/index.php\\\/378-nouveaux-laureats-installations-photovoltaiques-batiments-ombrieres-de-parking\\\/93311\\\/\"},\"author\":{\"name\":\"St\u00e9phane Miget\",\"@id\":\"https:\\\/\\\/batijournal.com\\\/#\\\/schema\\\/person\\\/1dc96ec6957aa1ccb25ebe78bb19f100\"},\"headline\":\"378 nouveaux laur\u00e9ats pour des installations photovolta\u00efques sur b\u00e2timents et sur ombri\u00e8res de parking\",\"datePublished\":\"2016-07-06T14:22:24+00:00\",\"dateModified\":\"2019-07-15T10:22:06+00:00\",\"mainEntityOfPage\":{\"@id\":\"https:\\\/\\\/batijournal.com\\\/index.php\\\/378-nouveaux-laureats-installations-photovoltaiques-batiments-ombrieres-de-parking\\\/93311\\\/\"},\"wordCount\":231,\"image\":{\"@id\":\"https:\\\/\\\/batijournal.com\\\/index.php\\\/378-nouveaux-laureats-installations-photovoltaiques-batiments-ombrieres-de-parking\\\/93311\\\/#primaryimage\"},\"thumbnailUrl\":\"https:\\\/\\\/batijournal.com\\\/wp-content\\\/uploads\\\/2016\\\/03\\\/installations-photovoltaiques-de-moyenne-puissance.jpg\",\"keywords\":[\"photovolta\u00efque\"],\"articleSection\":[\"\u00c9nergie &amp; Environnement\"],\"inLanguage\":\"fr-FR\"},{\"@type\":\"WebPage\",\"@id\":\"https:\\\/\\\/batijournal.com\\\/index.php\\\/378-nouveaux-laureats-installations-photovoltaiques-batiments-ombrieres-de-parking\\\/93311\\\/\",\"url\":\"https:\\\/\\\/batijournal.com\\\/index.php\\\/378-nouveaux-laureats-installations-photovoltaiques-batiments-ombrieres-de-parking\\\/93311\\\/\",\"name\":\"378 nouveaux laur\u00e9ats pour des installations photovolta\u00efques sur b\u00e2timents et sur ombri\u00e8res de parking\",\"isPartOf\":{\"@id\":\"https:\\\/\\\/batijournal.com\\\/#website\"},\"primaryImageOfPage\":{\"@id\":\"https:\\\/\\\/batijournal.com\\\/index.php\\\/378-nouveaux-laureats-installations-photovoltaiques-batiments-ombrieres-de-parking\\\/93311\\\/#primaryimage\"},\"image\":{\"@id\":\"https:\\\/\\\/batijournal.com\\\/index.php\\\/378-nouveaux-laureats-installations-photovoltaiques-batiments-ombrieres-de-parking\\\/93311\\\/#primaryimage\"},\"thumbnailUrl\":\"https:\\\/\\\/batijournal.com\\\/wp-content\\\/uploads\\\/2016\\\/03\\\/installations-photovoltaiques-de-moyenne-puissance.jpg\",\"datePublished\":\"2016-07-06T14:22:24+00:00\",\"dateModified\":\"2019-07-15T10:22:06+00:00\",\"author\":{\"@id\":\"https:\\\/\\\/batijournal.com\\\/#\\\/schema\\\/person\\\/1dc96ec6957aa1ccb25ebe78bb19f100\"},\"breadcrumb\":{\"@id\":\"https:\\\/\\\/batijournal.com\\\/index.php\\\/378-nouveaux-laureats-installations-photovoltaiques-batiments-ombrieres-de-parking\\\/93311\\\/#breadcrumb\"},\"inLanguage\":\"fr-FR\",\"potentialAction\":[{\"@type\":\"ReadAction\",\"target\":[\"https:\\\/\\\/batijournal.com\\\/index.php\\\/378-nouveaux-laureats-installations-photovoltaiques-batiments-ombrieres-de-parking\\\/93311\\\/\"]}]},{\"@type\":\"ImageObject\",\"inLanguage\":\"fr-FR\",\"@id\":\"https:\\\/\\\/batijournal.com\\\/index.php\\\/378-nouveaux-laureats-installations-photovoltaiques-batiments-ombrieres-de-parking\\\/93311\\\/#primaryimage\",\"url\":\"https:\\\/\\\/batijournal.com\\\/wp-content\\\/uploads\\\/2016\\\/03\\\/installations-photovoltaiques-de-moyenne-puissance.jpg\",\"contentUrl\":\"https:\\\/\\\/batijournal.com\\\/wp-content\\\/uploads\\\/2016\\\/03\\\/installations-photovoltaiques-de-moyenne-puissance.jpg\",\"width\":800,\"height\":600},{\"@type\":\"BreadcrumbList\",\"@id\":\"https:\\\/\\\/batijournal.com\\\/index.php\\\/378-nouveaux-laureats-installations-photovoltaiques-batiments-ombrieres-de-parking\\\/93311\\\/#breadcrumb\",\"itemListElement\":[{\"@type\":\"ListItem\",\"position\":1,\"name\":\"Accueil\",\"item\":\"https:\\\/\\\/batijournal.com\\\/\"},{\"@type\":\"ListItem\",\"position\":2,\"name\":\"Actualit\u00e9s\",\"item\":\"https:\\\/\\\/batijournal.com\\\/index.php\\\/category\\\/actualites\\\/\"},{\"@type\":\"ListItem\",\"position\":3,\"name\":\"\u00c9nergie &amp; Environnement\",\"item\":\"https:\\\/\\\/batijournal.com\\\/index.php\\\/category\\\/actualites\\\/energie-environnement\\\/\"},{\"@type\":\"ListItem\",\"position\":4,\"name\":\"378 nouveaux laur\u00e9ats pour des installations photovolta\u00efques sur b\u00e2timents et sur ombri\u00e8res de parking\"}]},{\"@type\":\"WebSite\",\"@id\":\"https:\\\/\\\/batijournal.com\\\/#website\",\"url\":\"https:\\\/\\\/batijournal.com\\\/\",\"name\":\"Batijournal\",\"description\":\"L&#039;actualit\u00e9 du b\u00e2timent\",\"potentialAction\":[{\"@type\":\"SearchAction\",\"target\":{\"@type\":\"EntryPoint\",\"urlTemplate\":\"https:\\\/\\\/batijournal.com\\\/?s={search_term_string}\"},\"query-input\":{\"@type\":\"PropertyValueSpecification\",\"valueRequired\":true,\"valueName\":\"search_term_string\"}}],\"inLanguage\":\"fr-FR\"},{\"@type\":\"Person\",\"@id\":\"https:\\\/\\\/batijournal.com\\\/#\\\/schema\\\/person\\\/1dc96ec6957aa1ccb25ebe78bb19f100\",\"name\":\"St\u00e9phane Miget\",\"image\":{\"@type\":\"ImageObject\",\"inLanguage\":\"fr-FR\",\"@id\":\"https:\\\/\\\/secure.gravatar.com\\\/avatar\\\/89915563d925342126b8ef0281b93d9d7fc337043e8df017f780908eb9644451?s=96&d=mm&r=g\",\"url\":\"https:\\\/\\\/secure.gravatar.com\\\/avatar\\\/89915563d925342126b8ef0281b93d9d7fc337043e8df017f780908eb9644451?s=96&d=mm&r=g\",\"contentUrl\":\"https:\\\/\\\/secure.gravatar.com\\\/avatar\\\/89915563d925342126b8ef0281b93d9d7fc337043e8df017f780908eb9644451?s=96&d=mm&r=g\",\"caption\":\"St\u00e9phane Miget\"},\"url\":\"https:\\\/\\\/batijournal.com\\\/index.php\\\/author\\\/stephane\\\/\"}]}<\/script>\n<!-- \/ Yoast SEO plugin. -->","yoast_head_json":{"title":"378 nouveaux laur\u00e9ats pour des installations photovolta\u00efques sur b\u00e2timents et sur ombri\u00e8res de parking","robots":{"index":"index","follow":"follow","max-snippet":"max-snippet:-1","max-image-preview":"max-image-preview:large","max-video-preview":"max-video-preview:-1"},"canonical":"https:\/\/batijournal.com\/index.php\/378-nouveaux-laureats-installations-photovoltaiques-batiments-ombrieres-de-parking\/93311\/","og_locale":"fr_FR","og_type":"article","og_title":"378 nouveaux laur\u00e9ats pour des installations photovolta\u00efques sur b\u00e2timents et sur ombri\u00e8res de parking","og_description":"S\u00e9gol\u00e8ne Royal, ministre de l\u2019Environnement, a d\u00e9sign\u00e9 les 378 laur\u00e9ats de la deuxi\u00e8me p\u00e9riode de l\u2019appel d\u2019offres pour des installations solaires sur b\u00e2timents et sur ombri\u00e8res de parking de puissance interm\u00e9diaire (comprise entre 100 et 250 kilowatts cr\u00eate). La puissance totale, initialement fix\u00e9e \u00e0 40 MW pour chaque p\u00e9riode, a \u00e9t\u00e9 relev\u00e9e \u00e0 80 MW [&hellip;]","og_url":"https:\/\/batijournal.com\/index.php\/378-nouveaux-laureats-installations-photovoltaiques-batiments-ombrieres-de-parking\/93311\/","og_site_name":"Batijournal","article_published_time":"2016-07-06T14:22:24+00:00","article_modified_time":"2019-07-15T10:22:06+00:00","og_image":[{"width":800,"height":600,"url":"https:\/\/batijournal.com\/wp-content\/uploads\/2016\/03\/installations-photovoltaiques-de-moyenne-puissance.jpg","type":"image\/jpeg"}],"author":"St\u00e9phane Miget","twitter_card":"summary_large_image","twitter_creator":"@bati_journal","twitter_site":"@bati_journal","twitter_misc":{"\u00c9crit par":"St\u00e9phane Miget","Dur\u00e9e de lecture estim\u00e9e":"1 minute"},"schema":{"@context":"https:\/\/schema.org","@graph":[{"@type":"Article","@id":"https:\/\/batijournal.com\/index.php\/378-nouveaux-laureats-installations-photovoltaiques-batiments-ombrieres-de-parking\/93311\/#article","isPartOf":{"@id":"https:\/\/batijournal.com\/index.php\/378-nouveaux-laureats-installations-photovoltaiques-batiments-ombrieres-de-parking\/93311\/"},"author":{"name":"St\u00e9phane Miget","@id":"https:\/\/batijournal.com\/#\/schema\/person\/1dc96ec6957aa1ccb25ebe78bb19f100"},"headline":"378 nouveaux laur\u00e9ats pour des installations photovolta\u00efques sur b\u00e2timents et sur ombri\u00e8res de parking","datePublished":"2016-07-06T14:22:24+00:00","dateModified":"2019-07-15T10:22:06+00:00","mainEntityOfPage":{"@id":"https:\/\/batijournal.com\/index.php\/378-nouveaux-laureats-installations-photovoltaiques-batiments-ombrieres-de-parking\/93311\/"},"wordCount":231,"image":{"@id":"https:\/\/batijournal.com\/index.php\/378-nouveaux-laureats-installations-photovoltaiques-batiments-ombrieres-de-parking\/93311\/#primaryimage"},"thumbnailUrl":"https:\/\/batijournal.com\/wp-content\/uploads\/2016\/03\/installations-photovoltaiques-de-moyenne-puissance.jpg","keywords":["photovolta\u00efque"],"articleSection":["\u00c9nergie &amp; Environnement"],"inLanguage":"fr-FR"},{"@type":"WebPage","@id":"https:\/\/batijournal.com\/index.php\/378-nouveaux-laureats-installations-photovoltaiques-batiments-ombrieres-de-parking\/93311\/","url":"https:\/\/batijournal.com\/index.php\/378-nouveaux-laureats-installations-photovoltaiques-batiments-ombrieres-de-parking\/93311\/","name":"378 nouveaux laur\u00e9ats pour des installations photovolta\u00efques sur b\u00e2timents et sur ombri\u00e8res de parking","isPartOf":{"@id":"https:\/\/batijournal.com\/#website"},"primaryImageOfPage":{"@id":"https:\/\/batijournal.com\/index.php\/378-nouveaux-laureats-installations-photovoltaiques-batiments-ombrieres-de-parking\/93311\/#primaryimage"},"image":{"@id":"https:\/\/batijournal.com\/index.php\/378-nouveaux-laureats-installations-photovoltaiques-batiments-ombrieres-de-parking\/93311\/#primaryimage"},"thumbnailUrl":"https:\/\/batijournal.com\/wp-content\/uploads\/2016\/03\/installations-photovoltaiques-de-moyenne-puissance.jpg","datePublished":"2016-07-06T14:22:24+00:00","dateModified":"2019-07-15T10:22:06+00:00","author":{"@id":"https:\/\/batijournal.com\/#\/schema\/person\/1dc96ec6957aa1ccb25ebe78bb19f100"},"breadcrumb":{"@id":"https:\/\/batijournal.com\/index.php\/378-nouveaux-laureats-installations-photovoltaiques-batiments-ombrieres-de-parking\/93311\/#breadcrumb"},"inLanguage":"fr-FR","potentialAction":[{"@type":"ReadAction","target":["https:\/\/batijournal.com\/index.php\/378-nouveaux-laureats-installations-photovoltaiques-batiments-ombrieres-de-parking\/93311\/"]}]},{"@type":"ImageObject","inLanguage":"fr-FR","@id":"https:\/\/batijournal.com\/index.php\/378-nouveaux-laureats-installations-photovoltaiques-batiments-ombrieres-de-parking\/93311\/#primaryimage","url":"https:\/\/batijournal.com\/wp-content\/uploads\/2016\/03\/installations-photovoltaiques-de-moyenne-puissance.jpg","contentUrl":"https:\/\/batijournal.com\/wp-content\/uploads\/2016\/03\/installations-photovoltaiques-de-moyenne-puissance.jpg","width":800,"height":600},{"@type":"BreadcrumbList","@id":"https:\/\/batijournal.com\/index.php\/378-nouveaux-laureats-installations-photovoltaiques-batiments-ombrieres-de-parking\/93311\/#breadcrumb","itemListElement":[{"@type":"ListItem","position":1,"name":"Accueil","item":"https:\/\/batijournal.com\/"},{"@type":"ListItem","position":2,"name":"Actualit\u00e9s","item":"https:\/\/batijournal.com\/index.php\/category\/actualites\/"},{"@type":"ListItem","position":3,"name":"\u00c9nergie &amp; Environnement","item":"https:\/\/batijournal.com\/index.php\/category\/actualites\/energie-environnement\/"},{"@type":"ListItem","position":4,"name":"378 nouveaux laur\u00e9ats pour des installations photovolta\u00efques sur b\u00e2timents et sur ombri\u00e8res de parking"}]},{"@type":"WebSite","@id":"https:\/\/batijournal.com\/#website","url":"https:\/\/batijournal.com\/","name":"Batijournal","description":"L&#039;actualit\u00e9 du b\u00e2timent","potentialAction":[{"@type":"SearchAction","target":{"@type":"EntryPoint","urlTemplate":"https:\/\/batijournal.com\/?s={search_term_string}"},"query-input":{"@type":"PropertyValueSpecification","valueRequired":true,"valueName":"search_term_string"}}],"inLanguage":"fr-FR"},{"@type":"Person","@id":"https:\/\/batijournal.com\/#\/schema\/person\/1dc96ec6957aa1ccb25ebe78bb19f100","name":"St\u00e9phane Miget","image":{"@type":"ImageObject","inLanguage":"fr-FR","@id":"https:\/\/secure.gravatar.com\/avatar\/89915563d925342126b8ef0281b93d9d7fc337043e8df017f780908eb9644451?s=96&d=mm&r=g","url":"https:\/\/secure.gravatar.com\/avatar\/89915563d925342126b8ef0281b93d9d7fc337043e8df017f780908eb9644451?s=96&d=mm&r=g","contentUrl":"https:\/\/secure.gravatar.com\/avatar\/89915563d925342126b8ef0281b93d9d7fc337043e8df017f780908eb9644451?s=96&d=mm&r=g","caption":"St\u00e9phane Miget"},"url":"https:\/\/batijournal.com\/index.php\/author\/stephane\/"}]}},"_links":{"self":[{"href":"https:\/\/batijournal.com\/index.php\/wp-json\/wp\/v2\/posts\/93311","targetHints":{"allow":["GET"]}}],"collection":[{"href":"https:\/\/batijournal.com\/index.php\/wp-json\/wp\/v2\/posts"}],"about":[{"href":"https:\/\/batijournal.com\/index.php\/wp-json\/wp\/v2\/types\/post"}],"author":[{"embeddable":true,"href":"https:\/\/batijournal.com\/index.php\/wp-json\/wp\/v2\/users\/17"}],"replies":[{"embeddable":true,"href":"https:\/\/batijournal.com\/index.php\/wp-json\/wp\/v2\/comments?post=93311"}],"version-history":[{"count":0,"href":"https:\/\/batijournal.com\/index.php\/wp-json\/wp\/v2\/posts\/93311\/revisions"}],"wp:featuredmedia":[{"embeddable":true,"href":"https:\/\/batijournal.com\/index.php\/wp-json\/wp\/v2\/media\/91814"}],"wp:attachment":[{"href":"https:\/\/batijournal.com\/index.php\/wp-json\/wp\/v2\/media?parent=93311"}],"wp:term":[{"taxonomy":"category","embeddable":true,"href":"https:\/\/batijournal.com\/index.php\/wp-json\/wp\/v2\/categories?post=93311"},{"taxonomy":"post_tag","embeddable":true,"href":"https:\/\/batijournal.com\/index.php\/wp-json\/wp\/v2\/tags?post=93311"}],"curies":[{"name":"wp","href":"https:\/\/api.w.org\/{rel}","templated":true}]}}