{"id":93363,"date":"2016-07-25T08:00:50","date_gmt":"2016-07-25T06:00:50","guid":{"rendered":"http:\/\/batijournal.com\/?p=93363"},"modified":"2019-07-15T16:34:15","modified_gmt":"2019-07-15T14:34:15","slug":"maitrise-de-propagation-feu-facade","status":"publish","type":"post","link":"https:\/\/batijournal.com\/index.php\/maitrise-de-propagation-feu-facade\/93363\/","title":{"rendered":"Ma\u00eetrise de la propagation du feu en fa\u00e7ade"},"content":{"rendered":"<p class=\"p1\">Ce guide publi\u00e9 en juillet 2016 par le CSTB en partenariat avec FCBA propose des solutions constructives bois fiabilis\u00e9es en mati\u00e8re de ma\u00eetrise de la propagation du feu en fa\u00e7ade. Il a valeur d\u2019Appr\u00e9ciation de laboratoire au sens de l\u2019article 5.3 de l\u2019Instruction technique (IT) 249 version 2010. Les fa\u00e7ades concern\u00e9es ici sont celles constitu\u00e9es d\u2019un bardage ventil\u00e9 mis en \u0153uvre sur des parois porteuses ou non porteuses r\u00e9alis\u00e9es en ossature bois, ou en panneaux bois monobloc de type panneaux en bois massif contrecoll\u00e9s et contreclou\u00e9s, ainsi qu&rsquo;en \u00e9l\u00e9ments de ma\u00e7onnerie. Les dispositions propos\u00e9es concernent les \u00e9tablissements recevant du public (ERP) et les b\u00e2timents d&rsquo;habitation de la 3e et de la 4e famille dans la limite des prescriptions relatives \u00e0 la r\u00e9glementation propre \u00e0 chaque type de b\u00e2timent.<\/p>\n<p class=\"p2\">Disponible sur <a href=\"http:\/\/www.batipedia.com\" target=\"_blank\" rel=\"noopener noreferrer\">www.batipedia.com<\/a><\/p>\n","protected":false},"excerpt":{"rendered":"<p>Ce guide publi\u00e9 en juillet 2016 par le CSTB en partenariat avec FCBA propose des solutions constructives bois fiabilis\u00e9es en mati\u00e8re de ma\u00eetrise de la propagation du feu en fa\u00e7ade. Il a valeur d\u2019Appr\u00e9ciation de laboratoire au sens de l\u2019article 5.3 de l\u2019Instruction technique (IT) 249 version 2010. Les fa\u00e7ades concern\u00e9es ici sont celles constitu\u00e9es [&hellip;]<\/p>\n","protected":false},"author":1,"featured_media":93365,"comment_status":"closed","ping_status":"closed","sticky":false,"template":"","format":"standard","meta":{"_et_pb_use_builder":"","_et_pb_old_content":"","_et_gb_content_width":"","footnotes":""},"categories":[6362,10769],"tags":[126,1040,850],"class_list":["post-93363","post","type-post","status-publish","format-standard","has-post-thumbnail","hentry","category-services-equipements","category-publications","tag-facade","tag-feu","tag-guide"],"yoast_head":"<!-- This site is optimized with the Yoast SEO plugin v27.4 - https:\/\/yoast.com\/product\/yoast-seo-wordpress\/ -->\n<title>Ma\u00eetrise de la propagation du feu en fa\u00e7ade<\/title>\n<meta name=\"robots\" content=\"index, follow, max-snippet:-1, max-image-preview:large, max-video-preview:-1\" \/>\n<link rel=\"canonical\" href=\"https:\/\/batijournal.com\/index.php\/maitrise-de-propagation-feu-facade\/93363\/\" \/>\n<meta property=\"og:locale\" content=\"fr_FR\" \/>\n<meta property=\"og:type\" content=\"article\" \/>\n<meta property=\"og:title\" content=\"Ma\u00eetrise de la propagation du feu en fa\u00e7ade\" \/>\n<meta property=\"og:description\" content=\"Ce guide publi\u00e9 en juillet 2016 par le CSTB en partenariat avec FCBA propose des solutions constructives bois fiabilis\u00e9es en mati\u00e8re de ma\u00eetrise de la propagation du feu en fa\u00e7ade. Il a valeur d\u2019Appr\u00e9ciation de laboratoire au sens de l\u2019article 5.3 de l\u2019Instruction technique (IT) 249 version 2010. Les fa\u00e7ades concern\u00e9es ici sont celles constitu\u00e9es [&hellip;]\" \/>\n<meta property=\"og:url\" content=\"https:\/\/batijournal.com\/index.php\/maitrise-de-propagation-feu-facade\/93363\/\" \/>\n<meta property=\"og:site_name\" content=\"Batijournal\" \/>\n<meta property=\"article:published_time\" content=\"2016-07-25T06:00:50+00:00\" \/>\n<meta property=\"article:modified_time\" content=\"2019-07-15T14:34:15+00:00\" \/>\n<meta property=\"og:image\" content=\"https:\/\/batijournal.com\/wp-content\/uploads\/2016\/07\/couv-bois-facade1.jpg\" \/>\n\t<meta property=\"og:image:width\" content=\"600\" \/>\n\t<meta property=\"og:image:height\" content=\"878\" \/>\n\t<meta property=\"og:image:type\" content=\"image\/jpeg\" \/>\n<meta name=\"author\" content=\"Bati-journal\" \/>\n<meta name=\"twitter:card\" content=\"summary_large_image\" \/>\n<meta name=\"twitter:creator\" content=\"@bati_journal\" \/>\n<meta name=\"twitter:site\" content=\"@bati_journal\" \/>\n<meta name=\"twitter:label1\" content=\"\u00c9crit par\" \/>\n\t<meta name=\"twitter:data1\" content=\"Bati-journal\" \/>\n\t<meta name=\"twitter:label2\" content=\"Dur\u00e9e de lecture estim\u00e9e\" \/>\n\t<meta name=\"twitter:data2\" content=\"1 minute\" \/>\n<script type=\"application\/ld+json\" class=\"yoast-schema-graph\">{\"@context\":\"https:\\\/\\\/schema.org\",\"@graph\":[{\"@type\":\"Article\",\"@id\":\"https:\\\/\\\/batijournal.com\\\/index.php\\\/maitrise-de-propagation-feu-facade\\\/93363\\\/#article\",\"isPartOf\":{\"@id\":\"https:\\\/\\\/batijournal.com\\\/index.php\\\/maitrise-de-propagation-feu-facade\\\/93363\\\/\"},\"author\":{\"name\":\"Bati-journal\",\"@id\":\"https:\\\/\\\/batijournal.com\\\/#\\\/schema\\\/person\\\/6a657e8967569e1b299972574848aa76\"},\"headline\":\"Ma\u00eetrise de la propagation du feu en fa\u00e7ade\",\"datePublished\":\"2016-07-25T06:00:50+00:00\",\"dateModified\":\"2019-07-15T14:34:15+00:00\",\"mainEntityOfPage\":{\"@id\":\"https:\\\/\\\/batijournal.com\\\/index.php\\\/maitrise-de-propagation-feu-facade\\\/93363\\\/\"},\"wordCount\":161,\"image\":{\"@id\":\"https:\\\/\\\/batijournal.com\\\/index.php\\\/maitrise-de-propagation-feu-facade\\\/93363\\\/#primaryimage\"},\"thumbnailUrl\":\"https:\\\/\\\/batijournal.com\\\/wp-content\\\/uploads\\\/2016\\\/07\\\/couv-bois-facade1.jpg\",\"keywords\":[\"fa\u00e7ade\",\"feu\",\"guide\"],\"articleSection\":[\"Divers\",\"zz_Actualit\u00e9s - Woodsurfer\"],\"inLanguage\":\"fr-FR\"},{\"@type\":\"WebPage\",\"@id\":\"https:\\\/\\\/batijournal.com\\\/index.php\\\/maitrise-de-propagation-feu-facade\\\/93363\\\/\",\"url\":\"https:\\\/\\\/batijournal.com\\\/index.php\\\/maitrise-de-propagation-feu-facade\\\/93363\\\/\",\"name\":\"Ma\u00eetrise de la propagation du feu en fa\u00e7ade\",\"isPartOf\":{\"@id\":\"https:\\\/\\\/batijournal.com\\\/#website\"},\"primaryImageOfPage\":{\"@id\":\"https:\\\/\\\/batijournal.com\\\/index.php\\\/maitrise-de-propagation-feu-facade\\\/93363\\\/#primaryimage\"},\"image\":{\"@id\":\"https:\\\/\\\/batijournal.com\\\/index.php\\\/maitrise-de-propagation-feu-facade\\\/93363\\\/#primaryimage\"},\"thumbnailUrl\":\"https:\\\/\\\/batijournal.com\\\/wp-content\\\/uploads\\\/2016\\\/07\\\/couv-bois-facade1.jpg\",\"datePublished\":\"2016-07-25T06:00:50+00:00\",\"dateModified\":\"2019-07-15T14:34:15+00:00\",\"author\":{\"@id\":\"https:\\\/\\\/batijournal.com\\\/#\\\/schema\\\/person\\\/6a657e8967569e1b299972574848aa76\"},\"breadcrumb\":{\"@id\":\"https:\\\/\\\/batijournal.com\\\/index.php\\\/maitrise-de-propagation-feu-facade\\\/93363\\\/#breadcrumb\"},\"inLanguage\":\"fr-FR\",\"potentialAction\":[{\"@type\":\"ReadAction\",\"target\":[\"https:\\\/\\\/batijournal.com\\\/index.php\\\/maitrise-de-propagation-feu-facade\\\/93363\\\/\"]}]},{\"@type\":\"ImageObject\",\"inLanguage\":\"fr-FR\",\"@id\":\"https:\\\/\\\/batijournal.com\\\/index.php\\\/maitrise-de-propagation-feu-facade\\\/93363\\\/#primaryimage\",\"url\":\"https:\\\/\\\/batijournal.com\\\/wp-content\\\/uploads\\\/2016\\\/07\\\/couv-bois-facade1.jpg\",\"contentUrl\":\"https:\\\/\\\/batijournal.com\\\/wp-content\\\/uploads\\\/2016\\\/07\\\/couv-bois-facade1.jpg\",\"width\":600,\"height\":878},{\"@type\":\"BreadcrumbList\",\"@id\":\"https:\\\/\\\/batijournal.com\\\/index.php\\\/maitrise-de-propagation-feu-facade\\\/93363\\\/#breadcrumb\",\"itemListElement\":[{\"@type\":\"ListItem\",\"position\":1,\"name\":\"Accueil\",\"item\":\"https:\\\/\\\/batijournal.com\\\/\"},{\"@type\":\"ListItem\",\"position\":2,\"name\":\"Actualit\u00e9s\",\"item\":\"https:\\\/\\\/batijournal.com\\\/index.php\\\/category\\\/actualites\\\/\"},{\"@type\":\"ListItem\",\"position\":3,\"name\":\"Divers\",\"item\":\"https:\\\/\\\/batijournal.com\\\/index.php\\\/category\\\/actualites\\\/services-equipements\\\/\"},{\"@type\":\"ListItem\",\"position\":4,\"name\":\"Ma\u00eetrise de la propagation du feu en fa\u00e7ade\"}]},{\"@type\":\"WebSite\",\"@id\":\"https:\\\/\\\/batijournal.com\\\/#website\",\"url\":\"https:\\\/\\\/batijournal.com\\\/\",\"name\":\"Batijournal\",\"description\":\"L&#039;actualit\u00e9 du b\u00e2timent\",\"potentialAction\":[{\"@type\":\"SearchAction\",\"target\":{\"@type\":\"EntryPoint\",\"urlTemplate\":\"https:\\\/\\\/batijournal.com\\\/?s={search_term_string}\"},\"query-input\":{\"@type\":\"PropertyValueSpecification\",\"valueRequired\":true,\"valueName\":\"search_term_string\"}}],\"inLanguage\":\"fr-FR\"},{\"@type\":\"Person\",\"@id\":\"https:\\\/\\\/batijournal.com\\\/#\\\/schema\\\/person\\\/6a657e8967569e1b299972574848aa76\",\"name\":\"Bati-journal\",\"image\":{\"@type\":\"ImageObject\",\"inLanguage\":\"fr-FR\",\"@id\":\"https:\\\/\\\/secure.gravatar.com\\\/avatar\\\/a64364ea26392f9b4dd47e017ddaec74ff03aefc073b49e492e847201258f777?s=96&d=mm&r=g\",\"url\":\"https:\\\/\\\/secure.gravatar.com\\\/avatar\\\/a64364ea26392f9b4dd47e017ddaec74ff03aefc073b49e492e847201258f777?s=96&d=mm&r=g\",\"contentUrl\":\"https:\\\/\\\/secure.gravatar.com\\\/avatar\\\/a64364ea26392f9b4dd47e017ddaec74ff03aefc073b49e492e847201258f777?s=96&d=mm&r=g\",\"caption\":\"Bati-journal\"},\"url\":\"https:\\\/\\\/batijournal.com\\\/index.php\\\/author\\\/elodie\\\/\"}]}<\/script>\n<!-- \/ Yoast SEO plugin. -->","yoast_head_json":{"title":"Ma\u00eetrise de la propagation du feu en fa\u00e7ade","robots":{"index":"index","follow":"follow","max-snippet":"max-snippet:-1","max-image-preview":"max-image-preview:large","max-video-preview":"max-video-preview:-1"},"canonical":"https:\/\/batijournal.com\/index.php\/maitrise-de-propagation-feu-facade\/93363\/","og_locale":"fr_FR","og_type":"article","og_title":"Ma\u00eetrise de la propagation du feu en fa\u00e7ade","og_description":"Ce guide publi\u00e9 en juillet 2016 par le CSTB en partenariat avec FCBA propose des solutions constructives bois fiabilis\u00e9es en mati\u00e8re de ma\u00eetrise de la propagation du feu en fa\u00e7ade. Il a valeur d\u2019Appr\u00e9ciation de laboratoire au sens de l\u2019article 5.3 de l\u2019Instruction technique (IT) 249 version 2010. Les fa\u00e7ades concern\u00e9es ici sont celles constitu\u00e9es [&hellip;]","og_url":"https:\/\/batijournal.com\/index.php\/maitrise-de-propagation-feu-facade\/93363\/","og_site_name":"Batijournal","article_published_time":"2016-07-25T06:00:50+00:00","article_modified_time":"2019-07-15T14:34:15+00:00","og_image":[{"width":600,"height":878,"url":"https:\/\/batijournal.com\/wp-content\/uploads\/2016\/07\/couv-bois-facade1.jpg","type":"image\/jpeg"}],"author":"Bati-journal","twitter_card":"summary_large_image","twitter_creator":"@bati_journal","twitter_site":"@bati_journal","twitter_misc":{"\u00c9crit par":"Bati-journal","Dur\u00e9e de lecture estim\u00e9e":"1 minute"},"schema":{"@context":"https:\/\/schema.org","@graph":[{"@type":"Article","@id":"https:\/\/batijournal.com\/index.php\/maitrise-de-propagation-feu-facade\/93363\/#article","isPartOf":{"@id":"https:\/\/batijournal.com\/index.php\/maitrise-de-propagation-feu-facade\/93363\/"},"author":{"name":"Bati-journal","@id":"https:\/\/batijournal.com\/#\/schema\/person\/6a657e8967569e1b299972574848aa76"},"headline":"Ma\u00eetrise de la propagation du feu en fa\u00e7ade","datePublished":"2016-07-25T06:00:50+00:00","dateModified":"2019-07-15T14:34:15+00:00","mainEntityOfPage":{"@id":"https:\/\/batijournal.com\/index.php\/maitrise-de-propagation-feu-facade\/93363\/"},"wordCount":161,"image":{"@id":"https:\/\/batijournal.com\/index.php\/maitrise-de-propagation-feu-facade\/93363\/#primaryimage"},"thumbnailUrl":"https:\/\/batijournal.com\/wp-content\/uploads\/2016\/07\/couv-bois-facade1.jpg","keywords":["fa\u00e7ade","feu","guide"],"articleSection":["Divers","zz_Actualit\u00e9s - Woodsurfer"],"inLanguage":"fr-FR"},{"@type":"WebPage","@id":"https:\/\/batijournal.com\/index.php\/maitrise-de-propagation-feu-facade\/93363\/","url":"https:\/\/batijournal.com\/index.php\/maitrise-de-propagation-feu-facade\/93363\/","name":"Ma\u00eetrise de la propagation du feu en fa\u00e7ade","isPartOf":{"@id":"https:\/\/batijournal.com\/#website"},"primaryImageOfPage":{"@id":"https:\/\/batijournal.com\/index.php\/maitrise-de-propagation-feu-facade\/93363\/#primaryimage"},"image":{"@id":"https:\/\/batijournal.com\/index.php\/maitrise-de-propagation-feu-facade\/93363\/#primaryimage"},"thumbnailUrl":"https:\/\/batijournal.com\/wp-content\/uploads\/2016\/07\/couv-bois-facade1.jpg","datePublished":"2016-07-25T06:00:50+00:00","dateModified":"2019-07-15T14:34:15+00:00","author":{"@id":"https:\/\/batijournal.com\/#\/schema\/person\/6a657e8967569e1b299972574848aa76"},"breadcrumb":{"@id":"https:\/\/batijournal.com\/index.php\/maitrise-de-propagation-feu-facade\/93363\/#breadcrumb"},"inLanguage":"fr-FR","potentialAction":[{"@type":"ReadAction","target":["https:\/\/batijournal.com\/index.php\/maitrise-de-propagation-feu-facade\/93363\/"]}]},{"@type":"ImageObject","inLanguage":"fr-FR","@id":"https:\/\/batijournal.com\/index.php\/maitrise-de-propagation-feu-facade\/93363\/#primaryimage","url":"https:\/\/batijournal.com\/wp-content\/uploads\/2016\/07\/couv-bois-facade1.jpg","contentUrl":"https:\/\/batijournal.com\/wp-content\/uploads\/2016\/07\/couv-bois-facade1.jpg","width":600,"height":878},{"@type":"BreadcrumbList","@id":"https:\/\/batijournal.com\/index.php\/maitrise-de-propagation-feu-facade\/93363\/#breadcrumb","itemListElement":[{"@type":"ListItem","position":1,"name":"Accueil","item":"https:\/\/batijournal.com\/"},{"@type":"ListItem","position":2,"name":"Actualit\u00e9s","item":"https:\/\/batijournal.com\/index.php\/category\/actualites\/"},{"@type":"ListItem","position":3,"name":"Divers","item":"https:\/\/batijournal.com\/index.php\/category\/actualites\/services-equipements\/"},{"@type":"ListItem","position":4,"name":"Ma\u00eetrise de la propagation du feu en fa\u00e7ade"}]},{"@type":"WebSite","@id":"https:\/\/batijournal.com\/#website","url":"https:\/\/batijournal.com\/","name":"Batijournal","description":"L&#039;actualit\u00e9 du b\u00e2timent","potentialAction":[{"@type":"SearchAction","target":{"@type":"EntryPoint","urlTemplate":"https:\/\/batijournal.com\/?s={search_term_string}"},"query-input":{"@type":"PropertyValueSpecification","valueRequired":true,"valueName":"search_term_string"}}],"inLanguage":"fr-FR"},{"@type":"Person","@id":"https:\/\/batijournal.com\/#\/schema\/person\/6a657e8967569e1b299972574848aa76","name":"Bati-journal","image":{"@type":"ImageObject","inLanguage":"fr-FR","@id":"https:\/\/secure.gravatar.com\/avatar\/a64364ea26392f9b4dd47e017ddaec74ff03aefc073b49e492e847201258f777?s=96&d=mm&r=g","url":"https:\/\/secure.gravatar.com\/avatar\/a64364ea26392f9b4dd47e017ddaec74ff03aefc073b49e492e847201258f777?s=96&d=mm&r=g","contentUrl":"https:\/\/secure.gravatar.com\/avatar\/a64364ea26392f9b4dd47e017ddaec74ff03aefc073b49e492e847201258f777?s=96&d=mm&r=g","caption":"Bati-journal"},"url":"https:\/\/batijournal.com\/index.php\/author\/elodie\/"}]}},"_links":{"self":[{"href":"https:\/\/batijournal.com\/index.php\/wp-json\/wp\/v2\/posts\/93363","targetHints":{"allow":["GET"]}}],"collection":[{"href":"https:\/\/batijournal.com\/index.php\/wp-json\/wp\/v2\/posts"}],"about":[{"href":"https:\/\/batijournal.com\/index.php\/wp-json\/wp\/v2\/types\/post"}],"author":[{"embeddable":true,"href":"https:\/\/batijournal.com\/index.php\/wp-json\/wp\/v2\/users\/1"}],"replies":[{"embeddable":true,"href":"https:\/\/batijournal.com\/index.php\/wp-json\/wp\/v2\/comments?post=93363"}],"version-history":[{"count":0,"href":"https:\/\/batijournal.com\/index.php\/wp-json\/wp\/v2\/posts\/93363\/revisions"}],"wp:featuredmedia":[{"embeddable":true,"href":"https:\/\/batijournal.com\/index.php\/wp-json\/wp\/v2\/media\/93365"}],"wp:attachment":[{"href":"https:\/\/batijournal.com\/index.php\/wp-json\/wp\/v2\/media?parent=93363"}],"wp:term":[{"taxonomy":"category","embeddable":true,"href":"https:\/\/batijournal.com\/index.php\/wp-json\/wp\/v2\/categories?post=93363"},{"taxonomy":"post_tag","embeddable":true,"href":"https:\/\/batijournal.com\/index.php\/wp-json\/wp\/v2\/tags?post=93363"}],"curies":[{"name":"wp","href":"https:\/\/api.w.org\/{rel}","templated":true}]}}