{"id":93370,"date":"2016-07-07T16:39:43","date_gmt":"2016-07-07T14:39:43","guid":{"rendered":"http:\/\/batijournal.com\/?p=93370"},"modified":"2019-07-15T12:23:40","modified_gmt":"2019-07-15T10:23:40","slug":"lobservatoire-espaces-naturels-agricoles-forestiers-gardien-de-lavenir-forets","status":"publish","type":"post","link":"https:\/\/batijournal.com\/index.php\/lobservatoire-espaces-naturels-agricoles-forestiers-gardien-de-lavenir-forets\/93370\/","title":{"rendered":"L\u2019Observatoire des espaces naturels agricoles et forestiers gardien de l&rsquo;avenir des for\u00eats"},"content":{"rendered":"<p>St\u00e9phane Le Foll a install\u00e9 le 21 juin 2016, l\u2019Observatoire des espaces naturels agricoles et forestiers (OENAF). Prenant la suite de l\u2019Observatoire de la consommation des espaces agricoles, avec une comp\u00e9tence \u00e9largie aux espaces naturels et forestiers, il devient une instance incontournable de r\u00e9flexion et de d\u00e9bats, pour guider l\u2019ensemble de la soci\u00e9t\u00e9 vers une utilisation \u00e9conome des sols agricoles, naturels et forestiers. Cet observatoire, plac\u00e9 aupr\u00e8s du ministre \u00e9labore des outils pertinents pour mesurer le changement de destination des espaces naturels, forestiers et agricoles et homologuer des indicateurs d&rsquo;\u00e9volution. Il \u00e9value la consommation de ces espaces en coop\u00e9ration avec les observatoires r\u00e9gionaux des espaces naturels, agricoles et forestiers. Il apporte un appui m\u00e9thodologique aux collectivit\u00e9s territoriales et aux commissions d\u00e9partementales de pr\u00e9servation des espaces naturels, agricoles et forestiers pour l&rsquo;analyse de leur consommation. L&rsquo;Observatoire des espaces naturels, agricoles et forestiers s&rsquo;appuie pour effectuer ses missions sur les travaux et les outils de l&rsquo;Institut national de l&rsquo;information g\u00e9ographique et foresti\u00e8re. Pr\u00e9sid\u00e9 par la D\u00e9put\u00e9e de l\u2019H\u00e9rault Fanny Dombre-Coste, il est compos\u00e9 d\u2019un s\u00e9nateur, des pr\u00e9sidents des associations de collectivit\u00e9s territoriales, de repr\u00e9sentants de l\u2019\u00c9tat, des organisations professionnelles agricoles et foresti\u00e8res et des associations environnementales.<\/p>\n","protected":false},"excerpt":{"rendered":"<p>St\u00e9phane Le Foll a install\u00e9 le 21 juin 2016, l\u2019Observatoire des espaces naturels agricoles et forestiers (OENAF). Prenant la suite de l\u2019Observatoire de la consommation des espaces agricoles, avec une comp\u00e9tence \u00e9largie aux espaces naturels et forestiers, il devient une instance incontournable de r\u00e9flexion et de d\u00e9bats, pour guider l\u2019ensemble de la soci\u00e9t\u00e9 vers une [&hellip;]<\/p>\n","protected":false},"author":17,"featured_media":93371,"comment_status":"closed","ping_status":"closed","sticky":false,"template":"","format":"standard","meta":{"_et_pb_use_builder":"","_et_pb_old_content":"","_et_gb_content_width":"","footnotes":""},"categories":[6351],"tags":[65],"class_list":["post-93370","post","type-post","status-publish","format-standard","has-post-thumbnail","hentry","category-energie-environnement","tag-forets"],"yoast_head":"<!-- This site is optimized with the Yoast SEO plugin v27.4 - https:\/\/yoast.com\/product\/yoast-seo-wordpress\/ -->\n<title>L\u2019Observatoire des espaces naturels agricoles et forestiers gardien de l&#039;avenir des for\u00eats<\/title>\n<meta name=\"robots\" content=\"index, follow, max-snippet:-1, max-image-preview:large, max-video-preview:-1\" \/>\n<link rel=\"canonical\" href=\"https:\/\/batijournal.com\/index.php\/lobservatoire-espaces-naturels-agricoles-forestiers-gardien-de-lavenir-forets\/93370\/\" \/>\n<meta property=\"og:locale\" content=\"fr_FR\" \/>\n<meta property=\"og:type\" content=\"article\" \/>\n<meta property=\"og:title\" content=\"L\u2019Observatoire des espaces naturels agricoles et forestiers gardien de l&#039;avenir des for\u00eats\" \/>\n<meta property=\"og:description\" content=\"St\u00e9phane Le Foll a install\u00e9 le 21 juin 2016, l\u2019Observatoire des espaces naturels agricoles et forestiers (OENAF). Prenant la suite de l\u2019Observatoire de la consommation des espaces agricoles, avec une comp\u00e9tence \u00e9largie aux espaces naturels et forestiers, il devient une instance incontournable de r\u00e9flexion et de d\u00e9bats, pour guider l\u2019ensemble de la soci\u00e9t\u00e9 vers une [&hellip;]\" \/>\n<meta property=\"og:url\" content=\"https:\/\/batijournal.com\/index.php\/lobservatoire-espaces-naturels-agricoles-forestiers-gardien-de-lavenir-forets\/93370\/\" \/>\n<meta property=\"og:site_name\" content=\"Batijournal\" \/>\n<meta property=\"article:published_time\" content=\"2016-07-07T14:39:43+00:00\" \/>\n<meta property=\"article:modified_time\" content=\"2019-07-15T10:23:40+00:00\" \/>\n<meta property=\"og:image\" content=\"https:\/\/batijournal.com\/wp-content\/uploads\/2016\/07\/forets.jpg\" \/>\n\t<meta property=\"og:image:width\" content=\"1000\" \/>\n\t<meta property=\"og:image:height\" content=\"609\" \/>\n\t<meta property=\"og:image:type\" content=\"image\/jpeg\" \/>\n<meta name=\"author\" content=\"St\u00e9phane Miget\" \/>\n<meta name=\"twitter:card\" content=\"summary_large_image\" \/>\n<meta name=\"twitter:creator\" content=\"@bati_journal\" \/>\n<meta name=\"twitter:site\" content=\"@bati_journal\" \/>\n<meta name=\"twitter:label1\" content=\"\u00c9crit par\" \/>\n\t<meta name=\"twitter:data1\" content=\"St\u00e9phane Miget\" \/>\n\t<meta name=\"twitter:label2\" content=\"Dur\u00e9e de lecture estim\u00e9e\" \/>\n\t<meta name=\"twitter:data2\" content=\"1 minute\" \/>\n<script type=\"application\/ld+json\" class=\"yoast-schema-graph\">{\"@context\":\"https:\\\/\\\/schema.org\",\"@graph\":[{\"@type\":\"Article\",\"@id\":\"https:\\\/\\\/batijournal.com\\\/index.php\\\/lobservatoire-espaces-naturels-agricoles-forestiers-gardien-de-lavenir-forets\\\/93370\\\/#article\",\"isPartOf\":{\"@id\":\"https:\\\/\\\/batijournal.com\\\/index.php\\\/lobservatoire-espaces-naturels-agricoles-forestiers-gardien-de-lavenir-forets\\\/93370\\\/\"},\"author\":{\"name\":\"St\u00e9phane Miget\",\"@id\":\"https:\\\/\\\/batijournal.com\\\/#\\\/schema\\\/person\\\/1dc96ec6957aa1ccb25ebe78bb19f100\"},\"headline\":\"L\u2019Observatoire des espaces naturels agricoles et forestiers gardien de l&rsquo;avenir des for\u00eats\",\"datePublished\":\"2016-07-07T14:39:43+00:00\",\"dateModified\":\"2019-07-15T10:23:40+00:00\",\"mainEntityOfPage\":{\"@id\":\"https:\\\/\\\/batijournal.com\\\/index.php\\\/lobservatoire-espaces-naturels-agricoles-forestiers-gardien-de-lavenir-forets\\\/93370\\\/\"},\"wordCount\":242,\"image\":{\"@id\":\"https:\\\/\\\/batijournal.com\\\/index.php\\\/lobservatoire-espaces-naturels-agricoles-forestiers-gardien-de-lavenir-forets\\\/93370\\\/#primaryimage\"},\"thumbnailUrl\":\"https:\\\/\\\/batijournal.com\\\/wp-content\\\/uploads\\\/2016\\\/07\\\/forets.jpg\",\"keywords\":[\"for\u00eats\"],\"articleSection\":[\"\u00c9nergie &amp; Environnement\"],\"inLanguage\":\"fr-FR\"},{\"@type\":\"WebPage\",\"@id\":\"https:\\\/\\\/batijournal.com\\\/index.php\\\/lobservatoire-espaces-naturels-agricoles-forestiers-gardien-de-lavenir-forets\\\/93370\\\/\",\"url\":\"https:\\\/\\\/batijournal.com\\\/index.php\\\/lobservatoire-espaces-naturels-agricoles-forestiers-gardien-de-lavenir-forets\\\/93370\\\/\",\"name\":\"L\u2019Observatoire des espaces naturels agricoles et forestiers gardien de l'avenir des for\u00eats\",\"isPartOf\":{\"@id\":\"https:\\\/\\\/batijournal.com\\\/#website\"},\"primaryImageOfPage\":{\"@id\":\"https:\\\/\\\/batijournal.com\\\/index.php\\\/lobservatoire-espaces-naturels-agricoles-forestiers-gardien-de-lavenir-forets\\\/93370\\\/#primaryimage\"},\"image\":{\"@id\":\"https:\\\/\\\/batijournal.com\\\/index.php\\\/lobservatoire-espaces-naturels-agricoles-forestiers-gardien-de-lavenir-forets\\\/93370\\\/#primaryimage\"},\"thumbnailUrl\":\"https:\\\/\\\/batijournal.com\\\/wp-content\\\/uploads\\\/2016\\\/07\\\/forets.jpg\",\"datePublished\":\"2016-07-07T14:39:43+00:00\",\"dateModified\":\"2019-07-15T10:23:40+00:00\",\"author\":{\"@id\":\"https:\\\/\\\/batijournal.com\\\/#\\\/schema\\\/person\\\/1dc96ec6957aa1ccb25ebe78bb19f100\"},\"breadcrumb\":{\"@id\":\"https:\\\/\\\/batijournal.com\\\/index.php\\\/lobservatoire-espaces-naturels-agricoles-forestiers-gardien-de-lavenir-forets\\\/93370\\\/#breadcrumb\"},\"inLanguage\":\"fr-FR\",\"potentialAction\":[{\"@type\":\"ReadAction\",\"target\":[\"https:\\\/\\\/batijournal.com\\\/index.php\\\/lobservatoire-espaces-naturels-agricoles-forestiers-gardien-de-lavenir-forets\\\/93370\\\/\"]}]},{\"@type\":\"ImageObject\",\"inLanguage\":\"fr-FR\",\"@id\":\"https:\\\/\\\/batijournal.com\\\/index.php\\\/lobservatoire-espaces-naturels-agricoles-forestiers-gardien-de-lavenir-forets\\\/93370\\\/#primaryimage\",\"url\":\"https:\\\/\\\/batijournal.com\\\/wp-content\\\/uploads\\\/2016\\\/07\\\/forets.jpg\",\"contentUrl\":\"https:\\\/\\\/batijournal.com\\\/wp-content\\\/uploads\\\/2016\\\/07\\\/forets.jpg\",\"width\":1000,\"height\":609},{\"@type\":\"BreadcrumbList\",\"@id\":\"https:\\\/\\\/batijournal.com\\\/index.php\\\/lobservatoire-espaces-naturels-agricoles-forestiers-gardien-de-lavenir-forets\\\/93370\\\/#breadcrumb\",\"itemListElement\":[{\"@type\":\"ListItem\",\"position\":1,\"name\":\"Accueil\",\"item\":\"https:\\\/\\\/batijournal.com\\\/\"},{\"@type\":\"ListItem\",\"position\":2,\"name\":\"Actualit\u00e9s\",\"item\":\"https:\\\/\\\/batijournal.com\\\/index.php\\\/category\\\/actualites\\\/\"},{\"@type\":\"ListItem\",\"position\":3,\"name\":\"\u00c9nergie &amp; Environnement\",\"item\":\"https:\\\/\\\/batijournal.com\\\/index.php\\\/category\\\/actualites\\\/energie-environnement\\\/\"},{\"@type\":\"ListItem\",\"position\":4,\"name\":\"L\u2019Observatoire des espaces naturels agricoles et forestiers gardien de l&rsquo;avenir des for\u00eats\"}]},{\"@type\":\"WebSite\",\"@id\":\"https:\\\/\\\/batijournal.com\\\/#website\",\"url\":\"https:\\\/\\\/batijournal.com\\\/\",\"name\":\"Batijournal\",\"description\":\"L&#039;actualit\u00e9 du b\u00e2timent\",\"potentialAction\":[{\"@type\":\"SearchAction\",\"target\":{\"@type\":\"EntryPoint\",\"urlTemplate\":\"https:\\\/\\\/batijournal.com\\\/?s={search_term_string}\"},\"query-input\":{\"@type\":\"PropertyValueSpecification\",\"valueRequired\":true,\"valueName\":\"search_term_string\"}}],\"inLanguage\":\"fr-FR\"},{\"@type\":\"Person\",\"@id\":\"https:\\\/\\\/batijournal.com\\\/#\\\/schema\\\/person\\\/1dc96ec6957aa1ccb25ebe78bb19f100\",\"name\":\"St\u00e9phane Miget\",\"image\":{\"@type\":\"ImageObject\",\"inLanguage\":\"fr-FR\",\"@id\":\"https:\\\/\\\/secure.gravatar.com\\\/avatar\\\/89915563d925342126b8ef0281b93d9d7fc337043e8df017f780908eb9644451?s=96&d=mm&r=g\",\"url\":\"https:\\\/\\\/secure.gravatar.com\\\/avatar\\\/89915563d925342126b8ef0281b93d9d7fc337043e8df017f780908eb9644451?s=96&d=mm&r=g\",\"contentUrl\":\"https:\\\/\\\/secure.gravatar.com\\\/avatar\\\/89915563d925342126b8ef0281b93d9d7fc337043e8df017f780908eb9644451?s=96&d=mm&r=g\",\"caption\":\"St\u00e9phane Miget\"},\"url\":\"https:\\\/\\\/batijournal.com\\\/index.php\\\/author\\\/stephane\\\/\"}]}<\/script>\n<!-- \/ Yoast SEO plugin. -->","yoast_head_json":{"title":"L\u2019Observatoire des espaces naturels agricoles et forestiers gardien de l'avenir des for\u00eats","robots":{"index":"index","follow":"follow","max-snippet":"max-snippet:-1","max-image-preview":"max-image-preview:large","max-video-preview":"max-video-preview:-1"},"canonical":"https:\/\/batijournal.com\/index.php\/lobservatoire-espaces-naturels-agricoles-forestiers-gardien-de-lavenir-forets\/93370\/","og_locale":"fr_FR","og_type":"article","og_title":"L\u2019Observatoire des espaces naturels agricoles et forestiers gardien de l'avenir des for\u00eats","og_description":"St\u00e9phane Le Foll a install\u00e9 le 21 juin 2016, l\u2019Observatoire des espaces naturels agricoles et forestiers (OENAF). Prenant la suite de l\u2019Observatoire de la consommation des espaces agricoles, avec une comp\u00e9tence \u00e9largie aux espaces naturels et forestiers, il devient une instance incontournable de r\u00e9flexion et de d\u00e9bats, pour guider l\u2019ensemble de la soci\u00e9t\u00e9 vers une [&hellip;]","og_url":"https:\/\/batijournal.com\/index.php\/lobservatoire-espaces-naturels-agricoles-forestiers-gardien-de-lavenir-forets\/93370\/","og_site_name":"Batijournal","article_published_time":"2016-07-07T14:39:43+00:00","article_modified_time":"2019-07-15T10:23:40+00:00","og_image":[{"width":1000,"height":609,"url":"https:\/\/batijournal.com\/wp-content\/uploads\/2016\/07\/forets.jpg","type":"image\/jpeg"}],"author":"St\u00e9phane Miget","twitter_card":"summary_large_image","twitter_creator":"@bati_journal","twitter_site":"@bati_journal","twitter_misc":{"\u00c9crit par":"St\u00e9phane Miget","Dur\u00e9e de lecture estim\u00e9e":"1 minute"},"schema":{"@context":"https:\/\/schema.org","@graph":[{"@type":"Article","@id":"https:\/\/batijournal.com\/index.php\/lobservatoire-espaces-naturels-agricoles-forestiers-gardien-de-lavenir-forets\/93370\/#article","isPartOf":{"@id":"https:\/\/batijournal.com\/index.php\/lobservatoire-espaces-naturels-agricoles-forestiers-gardien-de-lavenir-forets\/93370\/"},"author":{"name":"St\u00e9phane Miget","@id":"https:\/\/batijournal.com\/#\/schema\/person\/1dc96ec6957aa1ccb25ebe78bb19f100"},"headline":"L\u2019Observatoire des espaces naturels agricoles et forestiers gardien de l&rsquo;avenir des for\u00eats","datePublished":"2016-07-07T14:39:43+00:00","dateModified":"2019-07-15T10:23:40+00:00","mainEntityOfPage":{"@id":"https:\/\/batijournal.com\/index.php\/lobservatoire-espaces-naturels-agricoles-forestiers-gardien-de-lavenir-forets\/93370\/"},"wordCount":242,"image":{"@id":"https:\/\/batijournal.com\/index.php\/lobservatoire-espaces-naturels-agricoles-forestiers-gardien-de-lavenir-forets\/93370\/#primaryimage"},"thumbnailUrl":"https:\/\/batijournal.com\/wp-content\/uploads\/2016\/07\/forets.jpg","keywords":["for\u00eats"],"articleSection":["\u00c9nergie &amp; Environnement"],"inLanguage":"fr-FR"},{"@type":"WebPage","@id":"https:\/\/batijournal.com\/index.php\/lobservatoire-espaces-naturels-agricoles-forestiers-gardien-de-lavenir-forets\/93370\/","url":"https:\/\/batijournal.com\/index.php\/lobservatoire-espaces-naturels-agricoles-forestiers-gardien-de-lavenir-forets\/93370\/","name":"L\u2019Observatoire des espaces naturels agricoles et forestiers gardien de l'avenir des for\u00eats","isPartOf":{"@id":"https:\/\/batijournal.com\/#website"},"primaryImageOfPage":{"@id":"https:\/\/batijournal.com\/index.php\/lobservatoire-espaces-naturels-agricoles-forestiers-gardien-de-lavenir-forets\/93370\/#primaryimage"},"image":{"@id":"https:\/\/batijournal.com\/index.php\/lobservatoire-espaces-naturels-agricoles-forestiers-gardien-de-lavenir-forets\/93370\/#primaryimage"},"thumbnailUrl":"https:\/\/batijournal.com\/wp-content\/uploads\/2016\/07\/forets.jpg","datePublished":"2016-07-07T14:39:43+00:00","dateModified":"2019-07-15T10:23:40+00:00","author":{"@id":"https:\/\/batijournal.com\/#\/schema\/person\/1dc96ec6957aa1ccb25ebe78bb19f100"},"breadcrumb":{"@id":"https:\/\/batijournal.com\/index.php\/lobservatoire-espaces-naturels-agricoles-forestiers-gardien-de-lavenir-forets\/93370\/#breadcrumb"},"inLanguage":"fr-FR","potentialAction":[{"@type":"ReadAction","target":["https:\/\/batijournal.com\/index.php\/lobservatoire-espaces-naturels-agricoles-forestiers-gardien-de-lavenir-forets\/93370\/"]}]},{"@type":"ImageObject","inLanguage":"fr-FR","@id":"https:\/\/batijournal.com\/index.php\/lobservatoire-espaces-naturels-agricoles-forestiers-gardien-de-lavenir-forets\/93370\/#primaryimage","url":"https:\/\/batijournal.com\/wp-content\/uploads\/2016\/07\/forets.jpg","contentUrl":"https:\/\/batijournal.com\/wp-content\/uploads\/2016\/07\/forets.jpg","width":1000,"height":609},{"@type":"BreadcrumbList","@id":"https:\/\/batijournal.com\/index.php\/lobservatoire-espaces-naturels-agricoles-forestiers-gardien-de-lavenir-forets\/93370\/#breadcrumb","itemListElement":[{"@type":"ListItem","position":1,"name":"Accueil","item":"https:\/\/batijournal.com\/"},{"@type":"ListItem","position":2,"name":"Actualit\u00e9s","item":"https:\/\/batijournal.com\/index.php\/category\/actualites\/"},{"@type":"ListItem","position":3,"name":"\u00c9nergie &amp; Environnement","item":"https:\/\/batijournal.com\/index.php\/category\/actualites\/energie-environnement\/"},{"@type":"ListItem","position":4,"name":"L\u2019Observatoire des espaces naturels agricoles et forestiers gardien de l&rsquo;avenir des for\u00eats"}]},{"@type":"WebSite","@id":"https:\/\/batijournal.com\/#website","url":"https:\/\/batijournal.com\/","name":"Batijournal","description":"L&#039;actualit\u00e9 du b\u00e2timent","potentialAction":[{"@type":"SearchAction","target":{"@type":"EntryPoint","urlTemplate":"https:\/\/batijournal.com\/?s={search_term_string}"},"query-input":{"@type":"PropertyValueSpecification","valueRequired":true,"valueName":"search_term_string"}}],"inLanguage":"fr-FR"},{"@type":"Person","@id":"https:\/\/batijournal.com\/#\/schema\/person\/1dc96ec6957aa1ccb25ebe78bb19f100","name":"St\u00e9phane Miget","image":{"@type":"ImageObject","inLanguage":"fr-FR","@id":"https:\/\/secure.gravatar.com\/avatar\/89915563d925342126b8ef0281b93d9d7fc337043e8df017f780908eb9644451?s=96&d=mm&r=g","url":"https:\/\/secure.gravatar.com\/avatar\/89915563d925342126b8ef0281b93d9d7fc337043e8df017f780908eb9644451?s=96&d=mm&r=g","contentUrl":"https:\/\/secure.gravatar.com\/avatar\/89915563d925342126b8ef0281b93d9d7fc337043e8df017f780908eb9644451?s=96&d=mm&r=g","caption":"St\u00e9phane Miget"},"url":"https:\/\/batijournal.com\/index.php\/author\/stephane\/"}]}},"_links":{"self":[{"href":"https:\/\/batijournal.com\/index.php\/wp-json\/wp\/v2\/posts\/93370","targetHints":{"allow":["GET"]}}],"collection":[{"href":"https:\/\/batijournal.com\/index.php\/wp-json\/wp\/v2\/posts"}],"about":[{"href":"https:\/\/batijournal.com\/index.php\/wp-json\/wp\/v2\/types\/post"}],"author":[{"embeddable":true,"href":"https:\/\/batijournal.com\/index.php\/wp-json\/wp\/v2\/users\/17"}],"replies":[{"embeddable":true,"href":"https:\/\/batijournal.com\/index.php\/wp-json\/wp\/v2\/comments?post=93370"}],"version-history":[{"count":0,"href":"https:\/\/batijournal.com\/index.php\/wp-json\/wp\/v2\/posts\/93370\/revisions"}],"wp:featuredmedia":[{"embeddable":true,"href":"https:\/\/batijournal.com\/index.php\/wp-json\/wp\/v2\/media\/93371"}],"wp:attachment":[{"href":"https:\/\/batijournal.com\/index.php\/wp-json\/wp\/v2\/media?parent=93370"}],"wp:term":[{"taxonomy":"category","embeddable":true,"href":"https:\/\/batijournal.com\/index.php\/wp-json\/wp\/v2\/categories?post=93370"},{"taxonomy":"post_tag","embeddable":true,"href":"https:\/\/batijournal.com\/index.php\/wp-json\/wp\/v2\/tags?post=93370"}],"curies":[{"name":"wp","href":"https:\/\/api.w.org\/{rel}","templated":true}]}}