{"id":93376,"date":"2016-07-08T09:00:12","date_gmt":"2016-07-08T07:00:12","guid":{"rendered":"http:\/\/batijournal.com\/?p=93376"},"modified":"2019-07-15T12:13:24","modified_gmt":"2019-07-15T10:13:24","slug":"nouveau-president-nouveau-vice-president-menuiseries21","status":"publish","type":"post","link":"https:\/\/batijournal.com\/index.php\/nouveau-president-nouveau-vice-president-menuiseries21\/93376\/","title":{"rendered":"Un nouveau pr\u00e9sident et un nouveau vice-pr\u00e9sident pour Menuiseries21"},"content":{"rendered":"<p>L\u2019assembl\u00e9e g\u00e9n\u00e9rale de Menuiseries21 qui s\u2019est d\u00e9roul\u00e9e le 24 juin 2016 a \u00e9lu son nouveau pr\u00e9sident ainsi que, nouveaut\u00e9 dans le r\u00e8glement de la charte, un vice-pr\u00e9sident qui pourra suppl\u00e9er le pr\u00e9sident dans les nombreuses t\u00e2ches qui lui sont confi\u00e9es. Le nouveau pr\u00e9sident est Fran\u00e7ois Perrault, dirigeant des Ateliers Perrault, et membre du comit\u00e9 de direction de l\u2019Union des M\u00e9tiers du bois de la FFB. Acteur essentiel en charpente et menuiserie pour le patrimoine ancien et de style, l\u2019entreprise \u00ab Les Ateliers Perrault \u00bb l&rsquo;une des 10 entreprises initiarices de la charte en 2002, saura d\u00e9fendre les int\u00e9r\u00eats des entreprises de menuiserie du b\u00e2timent tr\u00e8s attach\u00e9es la conception et la fabrication de produits sur mesure pour leurs propres chantiers. Le vice-pr\u00e9sident \u00e9lu est Xavier Lecompte, dirigeant de l\u2019entreprise Atulam, repr\u00e9sentant de l\u2019Union des M\u00e9tiers du Bois au P\u00f4le Fen\u00eatre de la FFB. De taille industrielle mais tr\u00e8s attach\u00e9 au monde du b\u00e2timent, il saura faire valoir les int\u00e9r\u00eats des entreprises du b\u00e2timent aupr\u00e8s de ses confr\u00e8res industriels et d\u00e9velopper et entretenir des passerelles entre ces deux m\u00e9tiers. Chacun de ces mandats est d\u2019une dur\u00e9e de 2 ans, renouvelables une fois. Fran\u00e7ois Perrault succ\u00e8de \u00e0 Christophe Bieber de l\u2019entreprise Bieber Bois.<\/p>\n<p>&nbsp;<\/p>\n<p>A gauche,\u00a0Fran\u00e7ois Perrault, \u00e0 droite,\u00a0Xavier Lecompte.<\/p>\n<p>&nbsp;<\/p>\n","protected":false},"excerpt":{"rendered":"<p>L\u2019assembl\u00e9e g\u00e9n\u00e9rale de Menuiseries21 qui s\u2019est d\u00e9roul\u00e9e le 24 juin 2016 a \u00e9lu son nouveau pr\u00e9sident ainsi que, nouveaut\u00e9 dans le r\u00e8glement de la charte, un vice-pr\u00e9sident qui pourra suppl\u00e9er le pr\u00e9sident dans les nombreuses t\u00e2ches qui lui sont confi\u00e9es. Le nouveau pr\u00e9sident est Fran\u00e7ois Perrault, dirigeant des Ateliers Perrault, et membre du comit\u00e9 de [&hellip;]<\/p>\n","protected":false},"author":17,"featured_media":93377,"comment_status":"closed","ping_status":"closed","sticky":false,"template":"","format":"standard","meta":{"_et_pb_use_builder":"","_et_pb_old_content":"","_et_gb_content_width":"","footnotes":""},"categories":[6345,10768],"tags":[6815],"class_list":["post-93376","post","type-post","status-publish","format-standard","has-post-thumbnail","hentry","category-economie-marches","category-nouvelles-tetes","tag-menuiserie-21"],"yoast_head":"<!-- This site is optimized with the Yoast SEO plugin v27.4 - https:\/\/yoast.com\/product\/yoast-seo-wordpress\/ -->\n<title>Un nouveau pr\u00e9sident et un nouveau vice-pr\u00e9sident pour Menuiseries21<\/title>\n<meta name=\"robots\" content=\"index, follow, max-snippet:-1, max-image-preview:large, max-video-preview:-1\" \/>\n<link rel=\"canonical\" href=\"https:\/\/batijournal.com\/index.php\/nouveau-president-nouveau-vice-president-menuiseries21\/93376\/\" \/>\n<meta property=\"og:locale\" content=\"fr_FR\" \/>\n<meta property=\"og:type\" content=\"article\" \/>\n<meta property=\"og:title\" content=\"Un nouveau pr\u00e9sident et un nouveau vice-pr\u00e9sident pour Menuiseries21\" \/>\n<meta property=\"og:description\" content=\"L\u2019assembl\u00e9e g\u00e9n\u00e9rale de Menuiseries21 qui s\u2019est d\u00e9roul\u00e9e le 24 juin 2016 a \u00e9lu son nouveau pr\u00e9sident ainsi que, nouveaut\u00e9 dans le r\u00e8glement de la charte, un vice-pr\u00e9sident qui pourra suppl\u00e9er le pr\u00e9sident dans les nombreuses t\u00e2ches qui lui sont confi\u00e9es. Le nouveau pr\u00e9sident est Fran\u00e7ois Perrault, dirigeant des Ateliers Perrault, et membre du comit\u00e9 de [&hellip;]\" \/>\n<meta property=\"og:url\" content=\"https:\/\/batijournal.com\/index.php\/nouveau-president-nouveau-vice-president-menuiseries21\/93376\/\" \/>\n<meta property=\"og:site_name\" content=\"Batijournal\" \/>\n<meta property=\"article:published_time\" content=\"2016-07-08T07:00:12+00:00\" \/>\n<meta property=\"article:modified_time\" content=\"2019-07-15T10:13:24+00:00\" \/>\n<meta property=\"og:image\" content=\"https:\/\/batijournal.com\/wp-content\/uploads\/2016\/07\/menuiserie-21.jpg\" \/>\n\t<meta property=\"og:image:width\" content=\"929\" \/>\n\t<meta property=\"og:image:height\" content=\"621\" \/>\n\t<meta property=\"og:image:type\" content=\"image\/jpeg\" \/>\n<meta name=\"author\" content=\"St\u00e9phane Miget\" \/>\n<meta name=\"twitter:card\" content=\"summary_large_image\" \/>\n<meta name=\"twitter:creator\" content=\"@bati_journal\" \/>\n<meta name=\"twitter:site\" content=\"@bati_journal\" \/>\n<meta name=\"twitter:label1\" content=\"\u00c9crit par\" \/>\n\t<meta name=\"twitter:data1\" content=\"St\u00e9phane Miget\" \/>\n\t<meta name=\"twitter:label2\" content=\"Dur\u00e9e de lecture estim\u00e9e\" \/>\n\t<meta name=\"twitter:data2\" content=\"1 minute\" \/>\n<script type=\"application\/ld+json\" class=\"yoast-schema-graph\">{\"@context\":\"https:\\\/\\\/schema.org\",\"@graph\":[{\"@type\":\"Article\",\"@id\":\"https:\\\/\\\/batijournal.com\\\/index.php\\\/nouveau-president-nouveau-vice-president-menuiseries21\\\/93376\\\/#article\",\"isPartOf\":{\"@id\":\"https:\\\/\\\/batijournal.com\\\/index.php\\\/nouveau-president-nouveau-vice-president-menuiseries21\\\/93376\\\/\"},\"author\":{\"name\":\"St\u00e9phane Miget\",\"@id\":\"https:\\\/\\\/batijournal.com\\\/#\\\/schema\\\/person\\\/1dc96ec6957aa1ccb25ebe78bb19f100\"},\"headline\":\"Un nouveau pr\u00e9sident et un nouveau vice-pr\u00e9sident pour Menuiseries21\",\"datePublished\":\"2016-07-08T07:00:12+00:00\",\"dateModified\":\"2019-07-15T10:13:24+00:00\",\"mainEntityOfPage\":{\"@id\":\"https:\\\/\\\/batijournal.com\\\/index.php\\\/nouveau-president-nouveau-vice-president-menuiseries21\\\/93376\\\/\"},\"wordCount\":260,\"image\":{\"@id\":\"https:\\\/\\\/batijournal.com\\\/index.php\\\/nouveau-president-nouveau-vice-president-menuiseries21\\\/93376\\\/#primaryimage\"},\"thumbnailUrl\":\"https:\\\/\\\/batijournal.com\\\/wp-content\\\/uploads\\\/2016\\\/07\\\/menuiserie-21.jpg\",\"keywords\":[\"menuiserie 21\"],\"articleSection\":[\"\u00c9conomie &amp; March\u00e9s\",\"zz_Nouvelles t\u00eates - Woodsurfer\"],\"inLanguage\":\"fr-FR\"},{\"@type\":\"WebPage\",\"@id\":\"https:\\\/\\\/batijournal.com\\\/index.php\\\/nouveau-president-nouveau-vice-president-menuiseries21\\\/93376\\\/\",\"url\":\"https:\\\/\\\/batijournal.com\\\/index.php\\\/nouveau-president-nouveau-vice-president-menuiseries21\\\/93376\\\/\",\"name\":\"Un nouveau pr\u00e9sident et un nouveau vice-pr\u00e9sident pour Menuiseries21\",\"isPartOf\":{\"@id\":\"https:\\\/\\\/batijournal.com\\\/#website\"},\"primaryImageOfPage\":{\"@id\":\"https:\\\/\\\/batijournal.com\\\/index.php\\\/nouveau-president-nouveau-vice-president-menuiseries21\\\/93376\\\/#primaryimage\"},\"image\":{\"@id\":\"https:\\\/\\\/batijournal.com\\\/index.php\\\/nouveau-president-nouveau-vice-president-menuiseries21\\\/93376\\\/#primaryimage\"},\"thumbnailUrl\":\"https:\\\/\\\/batijournal.com\\\/wp-content\\\/uploads\\\/2016\\\/07\\\/menuiserie-21.jpg\",\"datePublished\":\"2016-07-08T07:00:12+00:00\",\"dateModified\":\"2019-07-15T10:13:24+00:00\",\"author\":{\"@id\":\"https:\\\/\\\/batijournal.com\\\/#\\\/schema\\\/person\\\/1dc96ec6957aa1ccb25ebe78bb19f100\"},\"breadcrumb\":{\"@id\":\"https:\\\/\\\/batijournal.com\\\/index.php\\\/nouveau-president-nouveau-vice-president-menuiseries21\\\/93376\\\/#breadcrumb\"},\"inLanguage\":\"fr-FR\",\"potentialAction\":[{\"@type\":\"ReadAction\",\"target\":[\"https:\\\/\\\/batijournal.com\\\/index.php\\\/nouveau-president-nouveau-vice-president-menuiseries21\\\/93376\\\/\"]}]},{\"@type\":\"ImageObject\",\"inLanguage\":\"fr-FR\",\"@id\":\"https:\\\/\\\/batijournal.com\\\/index.php\\\/nouveau-president-nouveau-vice-president-menuiseries21\\\/93376\\\/#primaryimage\",\"url\":\"https:\\\/\\\/batijournal.com\\\/wp-content\\\/uploads\\\/2016\\\/07\\\/menuiserie-21.jpg\",\"contentUrl\":\"https:\\\/\\\/batijournal.com\\\/wp-content\\\/uploads\\\/2016\\\/07\\\/menuiserie-21.jpg\",\"width\":929,\"height\":621},{\"@type\":\"BreadcrumbList\",\"@id\":\"https:\\\/\\\/batijournal.com\\\/index.php\\\/nouveau-president-nouveau-vice-president-menuiseries21\\\/93376\\\/#breadcrumb\",\"itemListElement\":[{\"@type\":\"ListItem\",\"position\":1,\"name\":\"Accueil\",\"item\":\"https:\\\/\\\/batijournal.com\\\/\"},{\"@type\":\"ListItem\",\"position\":2,\"name\":\"Actualit\u00e9s\",\"item\":\"https:\\\/\\\/batijournal.com\\\/index.php\\\/category\\\/actualites\\\/\"},{\"@type\":\"ListItem\",\"position\":3,\"name\":\"\u00c9conomie &amp; March\u00e9s\",\"item\":\"https:\\\/\\\/batijournal.com\\\/index.php\\\/category\\\/actualites\\\/economie-marches\\\/\"},{\"@type\":\"ListItem\",\"position\":4,\"name\":\"Un nouveau pr\u00e9sident et un nouveau vice-pr\u00e9sident pour Menuiseries21\"}]},{\"@type\":\"WebSite\",\"@id\":\"https:\\\/\\\/batijournal.com\\\/#website\",\"url\":\"https:\\\/\\\/batijournal.com\\\/\",\"name\":\"Batijournal\",\"description\":\"L&#039;actualit\u00e9 du b\u00e2timent\",\"potentialAction\":[{\"@type\":\"SearchAction\",\"target\":{\"@type\":\"EntryPoint\",\"urlTemplate\":\"https:\\\/\\\/batijournal.com\\\/?s={search_term_string}\"},\"query-input\":{\"@type\":\"PropertyValueSpecification\",\"valueRequired\":true,\"valueName\":\"search_term_string\"}}],\"inLanguage\":\"fr-FR\"},{\"@type\":\"Person\",\"@id\":\"https:\\\/\\\/batijournal.com\\\/#\\\/schema\\\/person\\\/1dc96ec6957aa1ccb25ebe78bb19f100\",\"name\":\"St\u00e9phane Miget\",\"image\":{\"@type\":\"ImageObject\",\"inLanguage\":\"fr-FR\",\"@id\":\"https:\\\/\\\/secure.gravatar.com\\\/avatar\\\/89915563d925342126b8ef0281b93d9d7fc337043e8df017f780908eb9644451?s=96&d=mm&r=g\",\"url\":\"https:\\\/\\\/secure.gravatar.com\\\/avatar\\\/89915563d925342126b8ef0281b93d9d7fc337043e8df017f780908eb9644451?s=96&d=mm&r=g\",\"contentUrl\":\"https:\\\/\\\/secure.gravatar.com\\\/avatar\\\/89915563d925342126b8ef0281b93d9d7fc337043e8df017f780908eb9644451?s=96&d=mm&r=g\",\"caption\":\"St\u00e9phane Miget\"},\"url\":\"https:\\\/\\\/batijournal.com\\\/index.php\\\/author\\\/stephane\\\/\"}]}<\/script>\n<!-- \/ Yoast SEO plugin. -->","yoast_head_json":{"title":"Un nouveau pr\u00e9sident et un nouveau vice-pr\u00e9sident pour Menuiseries21","robots":{"index":"index","follow":"follow","max-snippet":"max-snippet:-1","max-image-preview":"max-image-preview:large","max-video-preview":"max-video-preview:-1"},"canonical":"https:\/\/batijournal.com\/index.php\/nouveau-president-nouveau-vice-president-menuiseries21\/93376\/","og_locale":"fr_FR","og_type":"article","og_title":"Un nouveau pr\u00e9sident et un nouveau vice-pr\u00e9sident pour Menuiseries21","og_description":"L\u2019assembl\u00e9e g\u00e9n\u00e9rale de Menuiseries21 qui s\u2019est d\u00e9roul\u00e9e le 24 juin 2016 a \u00e9lu son nouveau pr\u00e9sident ainsi que, nouveaut\u00e9 dans le r\u00e8glement de la charte, un vice-pr\u00e9sident qui pourra suppl\u00e9er le pr\u00e9sident dans les nombreuses t\u00e2ches qui lui sont confi\u00e9es. Le nouveau pr\u00e9sident est Fran\u00e7ois Perrault, dirigeant des Ateliers Perrault, et membre du comit\u00e9 de [&hellip;]","og_url":"https:\/\/batijournal.com\/index.php\/nouveau-president-nouveau-vice-president-menuiseries21\/93376\/","og_site_name":"Batijournal","article_published_time":"2016-07-08T07:00:12+00:00","article_modified_time":"2019-07-15T10:13:24+00:00","og_image":[{"width":929,"height":621,"url":"https:\/\/batijournal.com\/wp-content\/uploads\/2016\/07\/menuiserie-21.jpg","type":"image\/jpeg"}],"author":"St\u00e9phane Miget","twitter_card":"summary_large_image","twitter_creator":"@bati_journal","twitter_site":"@bati_journal","twitter_misc":{"\u00c9crit par":"St\u00e9phane Miget","Dur\u00e9e de lecture estim\u00e9e":"1 minute"},"schema":{"@context":"https:\/\/schema.org","@graph":[{"@type":"Article","@id":"https:\/\/batijournal.com\/index.php\/nouveau-president-nouveau-vice-president-menuiseries21\/93376\/#article","isPartOf":{"@id":"https:\/\/batijournal.com\/index.php\/nouveau-president-nouveau-vice-president-menuiseries21\/93376\/"},"author":{"name":"St\u00e9phane Miget","@id":"https:\/\/batijournal.com\/#\/schema\/person\/1dc96ec6957aa1ccb25ebe78bb19f100"},"headline":"Un nouveau pr\u00e9sident et un nouveau vice-pr\u00e9sident pour Menuiseries21","datePublished":"2016-07-08T07:00:12+00:00","dateModified":"2019-07-15T10:13:24+00:00","mainEntityOfPage":{"@id":"https:\/\/batijournal.com\/index.php\/nouveau-president-nouveau-vice-president-menuiseries21\/93376\/"},"wordCount":260,"image":{"@id":"https:\/\/batijournal.com\/index.php\/nouveau-president-nouveau-vice-president-menuiseries21\/93376\/#primaryimage"},"thumbnailUrl":"https:\/\/batijournal.com\/wp-content\/uploads\/2016\/07\/menuiserie-21.jpg","keywords":["menuiserie 21"],"articleSection":["\u00c9conomie &amp; March\u00e9s","zz_Nouvelles t\u00eates - Woodsurfer"],"inLanguage":"fr-FR"},{"@type":"WebPage","@id":"https:\/\/batijournal.com\/index.php\/nouveau-president-nouveau-vice-president-menuiseries21\/93376\/","url":"https:\/\/batijournal.com\/index.php\/nouveau-president-nouveau-vice-president-menuiseries21\/93376\/","name":"Un nouveau pr\u00e9sident et un nouveau vice-pr\u00e9sident pour Menuiseries21","isPartOf":{"@id":"https:\/\/batijournal.com\/#website"},"primaryImageOfPage":{"@id":"https:\/\/batijournal.com\/index.php\/nouveau-president-nouveau-vice-president-menuiseries21\/93376\/#primaryimage"},"image":{"@id":"https:\/\/batijournal.com\/index.php\/nouveau-president-nouveau-vice-president-menuiseries21\/93376\/#primaryimage"},"thumbnailUrl":"https:\/\/batijournal.com\/wp-content\/uploads\/2016\/07\/menuiserie-21.jpg","datePublished":"2016-07-08T07:00:12+00:00","dateModified":"2019-07-15T10:13:24+00:00","author":{"@id":"https:\/\/batijournal.com\/#\/schema\/person\/1dc96ec6957aa1ccb25ebe78bb19f100"},"breadcrumb":{"@id":"https:\/\/batijournal.com\/index.php\/nouveau-president-nouveau-vice-president-menuiseries21\/93376\/#breadcrumb"},"inLanguage":"fr-FR","potentialAction":[{"@type":"ReadAction","target":["https:\/\/batijournal.com\/index.php\/nouveau-president-nouveau-vice-president-menuiseries21\/93376\/"]}]},{"@type":"ImageObject","inLanguage":"fr-FR","@id":"https:\/\/batijournal.com\/index.php\/nouveau-president-nouveau-vice-president-menuiseries21\/93376\/#primaryimage","url":"https:\/\/batijournal.com\/wp-content\/uploads\/2016\/07\/menuiserie-21.jpg","contentUrl":"https:\/\/batijournal.com\/wp-content\/uploads\/2016\/07\/menuiserie-21.jpg","width":929,"height":621},{"@type":"BreadcrumbList","@id":"https:\/\/batijournal.com\/index.php\/nouveau-president-nouveau-vice-president-menuiseries21\/93376\/#breadcrumb","itemListElement":[{"@type":"ListItem","position":1,"name":"Accueil","item":"https:\/\/batijournal.com\/"},{"@type":"ListItem","position":2,"name":"Actualit\u00e9s","item":"https:\/\/batijournal.com\/index.php\/category\/actualites\/"},{"@type":"ListItem","position":3,"name":"\u00c9conomie &amp; March\u00e9s","item":"https:\/\/batijournal.com\/index.php\/category\/actualites\/economie-marches\/"},{"@type":"ListItem","position":4,"name":"Un nouveau pr\u00e9sident et un nouveau vice-pr\u00e9sident pour Menuiseries21"}]},{"@type":"WebSite","@id":"https:\/\/batijournal.com\/#website","url":"https:\/\/batijournal.com\/","name":"Batijournal","description":"L&#039;actualit\u00e9 du b\u00e2timent","potentialAction":[{"@type":"SearchAction","target":{"@type":"EntryPoint","urlTemplate":"https:\/\/batijournal.com\/?s={search_term_string}"},"query-input":{"@type":"PropertyValueSpecification","valueRequired":true,"valueName":"search_term_string"}}],"inLanguage":"fr-FR"},{"@type":"Person","@id":"https:\/\/batijournal.com\/#\/schema\/person\/1dc96ec6957aa1ccb25ebe78bb19f100","name":"St\u00e9phane Miget","image":{"@type":"ImageObject","inLanguage":"fr-FR","@id":"https:\/\/secure.gravatar.com\/avatar\/89915563d925342126b8ef0281b93d9d7fc337043e8df017f780908eb9644451?s=96&d=mm&r=g","url":"https:\/\/secure.gravatar.com\/avatar\/89915563d925342126b8ef0281b93d9d7fc337043e8df017f780908eb9644451?s=96&d=mm&r=g","contentUrl":"https:\/\/secure.gravatar.com\/avatar\/89915563d925342126b8ef0281b93d9d7fc337043e8df017f780908eb9644451?s=96&d=mm&r=g","caption":"St\u00e9phane Miget"},"url":"https:\/\/batijournal.com\/index.php\/author\/stephane\/"}]}},"_links":{"self":[{"href":"https:\/\/batijournal.com\/index.php\/wp-json\/wp\/v2\/posts\/93376","targetHints":{"allow":["GET"]}}],"collection":[{"href":"https:\/\/batijournal.com\/index.php\/wp-json\/wp\/v2\/posts"}],"about":[{"href":"https:\/\/batijournal.com\/index.php\/wp-json\/wp\/v2\/types\/post"}],"author":[{"embeddable":true,"href":"https:\/\/batijournal.com\/index.php\/wp-json\/wp\/v2\/users\/17"}],"replies":[{"embeddable":true,"href":"https:\/\/batijournal.com\/index.php\/wp-json\/wp\/v2\/comments?post=93376"}],"version-history":[{"count":0,"href":"https:\/\/batijournal.com\/index.php\/wp-json\/wp\/v2\/posts\/93376\/revisions"}],"wp:featuredmedia":[{"embeddable":true,"href":"https:\/\/batijournal.com\/index.php\/wp-json\/wp\/v2\/media\/93377"}],"wp:attachment":[{"href":"https:\/\/batijournal.com\/index.php\/wp-json\/wp\/v2\/media?parent=93376"}],"wp:term":[{"taxonomy":"category","embeddable":true,"href":"https:\/\/batijournal.com\/index.php\/wp-json\/wp\/v2\/categories?post=93376"},{"taxonomy":"post_tag","embeddable":true,"href":"https:\/\/batijournal.com\/index.php\/wp-json\/wp\/v2\/tags?post=93376"}],"curies":[{"name":"wp","href":"https:\/\/api.w.org\/{rel}","templated":true}]}}