{"id":93379,"date":"2016-07-08T16:29:50","date_gmt":"2016-07-08T14:29:50","guid":{"rendered":"http:\/\/batijournal.com\/?p=93379"},"modified":"2019-07-15T11:12:52","modified_gmt":"2019-07-15T09:12:52","slug":"mention-bim-ifc-economistes-de-construction-maitrisent-maquette-numerique","status":"publish","type":"post","link":"https:\/\/batijournal.com\/index.php\/mention-bim-ifc-economistes-de-construction-maitrisent-maquette-numerique\/93379\/","title":{"rendered":"Une mention BIM-IFC pour les \u00e9conomistes de la construction qui ma\u00eetrisent la maquette num\u00e9rique"},"content":{"rendered":"<p>L\u2019organisme de qualification et certification des \u00e9conomistes de la construction et programmistes a \u00a0cr\u00e9\u00e9 la mention BIM-IFC pour les entreprises engag\u00e9es dans une d\u00e9marche BIM. Celle-ci offre aux donneurs d\u2019ordre un crit\u00e8re fiable de s\u00e9lection des \u00e9conomistes de la construction comp\u00e9tents dans ce domaine. Pour l\u2019obtenir, les professionnels doivent avoir suivi un certain nombre d\u2019heures de formation. El\u00e9ment essentiel pour l\u2019OPQTECC, la formation est d\u2019ailleurs \u00e9galement exig\u00e9e pour chaque renouvellement de qualification (tous les 4 ans). a ainsi cr\u00e9\u00e9 la mention BIM-IFC, en coh\u00e9rence avec les besoins actuels du march\u00e9.<\/p>\n<p><a href=\"https:\/\/www.opqtecc.org\" target=\"_blank\" rel=\"noopener noreferrer\">www.opqtecc.org<\/a><\/p>\n","protected":false},"excerpt":{"rendered":"<p>L\u2019organisme de qualification et certification des \u00e9conomistes de la construction et programmistes a \u00a0cr\u00e9\u00e9 la mention BIM-IFC pour les entreprises engag\u00e9es dans une d\u00e9marche BIM. Celle-ci offre aux donneurs d\u2019ordre un crit\u00e8re fiable de s\u00e9lection des \u00e9conomistes de la construction comp\u00e9tents dans ce domaine. Pour l\u2019obtenir, les professionnels doivent avoir suivi un certain nombre d\u2019heures [&hellip;]<\/p>\n","protected":false},"author":17,"featured_media":93380,"comment_status":"closed","ping_status":"closed","sticky":false,"template":"","format":"standard","meta":{"_et_pb_use_builder":"","_et_pb_old_content":"","_et_gb_content_width":"","footnotes":""},"categories":[6340],"tags":[5841,4711],"class_list":["post-93379","post","type-post","status-publish","format-standard","has-post-thumbnail","hentry","category-architecture-conception","tag-bim","tag-economistes"],"yoast_head":"<!-- This site is optimized with the Yoast SEO plugin v27.4 - https:\/\/yoast.com\/product\/yoast-seo-wordpress\/ -->\n<title>Une mention BIM-IFC pour les \u00e9conomistes de la construction qui ma\u00eetrisent la maquette num\u00e9rique<\/title>\n<meta name=\"robots\" content=\"index, follow, max-snippet:-1, max-image-preview:large, max-video-preview:-1\" \/>\n<link rel=\"canonical\" href=\"https:\/\/batijournal.com\/index.php\/mention-bim-ifc-economistes-de-construction-maitrisent-maquette-numerique\/93379\/\" \/>\n<meta property=\"og:locale\" content=\"fr_FR\" \/>\n<meta property=\"og:type\" content=\"article\" \/>\n<meta property=\"og:title\" content=\"Une mention BIM-IFC pour les \u00e9conomistes de la construction qui ma\u00eetrisent la maquette num\u00e9rique\" \/>\n<meta property=\"og:description\" content=\"L\u2019organisme de qualification et certification des \u00e9conomistes de la construction et programmistes a \u00a0cr\u00e9\u00e9 la mention BIM-IFC pour les entreprises engag\u00e9es dans une d\u00e9marche BIM. Celle-ci offre aux donneurs d\u2019ordre un crit\u00e8re fiable de s\u00e9lection des \u00e9conomistes de la construction comp\u00e9tents dans ce domaine. Pour l\u2019obtenir, les professionnels doivent avoir suivi un certain nombre d\u2019heures [&hellip;]\" \/>\n<meta property=\"og:url\" content=\"https:\/\/batijournal.com\/index.php\/mention-bim-ifc-economistes-de-construction-maitrisent-maquette-numerique\/93379\/\" \/>\n<meta property=\"og:site_name\" content=\"Batijournal\" \/>\n<meta property=\"article:published_time\" content=\"2016-07-08T14:29:50+00:00\" \/>\n<meta property=\"article:modified_time\" content=\"2019-07-15T09:12:52+00:00\" \/>\n<meta property=\"og:image\" content=\"https:\/\/batijournal.com\/wp-content\/uploads\/2016\/07\/OPQTECC_competences-reconnues.jpg\" \/>\n\t<meta property=\"og:image:width\" content=\"620\" \/>\n\t<meta property=\"og:image:height\" content=\"394\" \/>\n\t<meta property=\"og:image:type\" content=\"image\/jpeg\" \/>\n<meta name=\"author\" content=\"St\u00e9phane Miget\" \/>\n<meta name=\"twitter:card\" content=\"summary_large_image\" \/>\n<meta name=\"twitter:creator\" content=\"@bati_journal\" \/>\n<meta name=\"twitter:site\" content=\"@bati_journal\" \/>\n<meta name=\"twitter:label1\" content=\"\u00c9crit par\" \/>\n\t<meta name=\"twitter:data1\" content=\"St\u00e9phane Miget\" \/>\n\t<meta name=\"twitter:label2\" content=\"Dur\u00e9e de lecture estim\u00e9e\" \/>\n\t<meta name=\"twitter:data2\" content=\"1 minute\" \/>\n<script type=\"application\/ld+json\" class=\"yoast-schema-graph\">{\"@context\":\"https:\\\/\\\/schema.org\",\"@graph\":[{\"@type\":\"Article\",\"@id\":\"https:\\\/\\\/batijournal.com\\\/index.php\\\/mention-bim-ifc-economistes-de-construction-maitrisent-maquette-numerique\\\/93379\\\/#article\",\"isPartOf\":{\"@id\":\"https:\\\/\\\/batijournal.com\\\/index.php\\\/mention-bim-ifc-economistes-de-construction-maitrisent-maquette-numerique\\\/93379\\\/\"},\"author\":{\"name\":\"St\u00e9phane Miget\",\"@id\":\"https:\\\/\\\/batijournal.com\\\/#\\\/schema\\\/person\\\/1dc96ec6957aa1ccb25ebe78bb19f100\"},\"headline\":\"Une mention BIM-IFC pour les \u00e9conomistes de la construction qui ma\u00eetrisent la maquette num\u00e9rique\",\"datePublished\":\"2016-07-08T14:29:50+00:00\",\"dateModified\":\"2019-07-15T09:12:52+00:00\",\"mainEntityOfPage\":{\"@id\":\"https:\\\/\\\/batijournal.com\\\/index.php\\\/mention-bim-ifc-economistes-de-construction-maitrisent-maquette-numerique\\\/93379\\\/\"},\"wordCount\":122,\"image\":{\"@id\":\"https:\\\/\\\/batijournal.com\\\/index.php\\\/mention-bim-ifc-economistes-de-construction-maitrisent-maquette-numerique\\\/93379\\\/#primaryimage\"},\"thumbnailUrl\":\"https:\\\/\\\/batijournal.com\\\/wp-content\\\/uploads\\\/2016\\\/07\\\/OPQTECC_competences-reconnues.jpg\",\"keywords\":[\"BIM\",\"\u00e9conomistes\"],\"articleSection\":[\"Architecture &amp; Conception\"],\"inLanguage\":\"fr-FR\"},{\"@type\":\"WebPage\",\"@id\":\"https:\\\/\\\/batijournal.com\\\/index.php\\\/mention-bim-ifc-economistes-de-construction-maitrisent-maquette-numerique\\\/93379\\\/\",\"url\":\"https:\\\/\\\/batijournal.com\\\/index.php\\\/mention-bim-ifc-economistes-de-construction-maitrisent-maquette-numerique\\\/93379\\\/\",\"name\":\"Une mention BIM-IFC pour les \u00e9conomistes de la construction qui ma\u00eetrisent la maquette num\u00e9rique\",\"isPartOf\":{\"@id\":\"https:\\\/\\\/batijournal.com\\\/#website\"},\"primaryImageOfPage\":{\"@id\":\"https:\\\/\\\/batijournal.com\\\/index.php\\\/mention-bim-ifc-economistes-de-construction-maitrisent-maquette-numerique\\\/93379\\\/#primaryimage\"},\"image\":{\"@id\":\"https:\\\/\\\/batijournal.com\\\/index.php\\\/mention-bim-ifc-economistes-de-construction-maitrisent-maquette-numerique\\\/93379\\\/#primaryimage\"},\"thumbnailUrl\":\"https:\\\/\\\/batijournal.com\\\/wp-content\\\/uploads\\\/2016\\\/07\\\/OPQTECC_competences-reconnues.jpg\",\"datePublished\":\"2016-07-08T14:29:50+00:00\",\"dateModified\":\"2019-07-15T09:12:52+00:00\",\"author\":{\"@id\":\"https:\\\/\\\/batijournal.com\\\/#\\\/schema\\\/person\\\/1dc96ec6957aa1ccb25ebe78bb19f100\"},\"breadcrumb\":{\"@id\":\"https:\\\/\\\/batijournal.com\\\/index.php\\\/mention-bim-ifc-economistes-de-construction-maitrisent-maquette-numerique\\\/93379\\\/#breadcrumb\"},\"inLanguage\":\"fr-FR\",\"potentialAction\":[{\"@type\":\"ReadAction\",\"target\":[\"https:\\\/\\\/batijournal.com\\\/index.php\\\/mention-bim-ifc-economistes-de-construction-maitrisent-maquette-numerique\\\/93379\\\/\"]}]},{\"@type\":\"ImageObject\",\"inLanguage\":\"fr-FR\",\"@id\":\"https:\\\/\\\/batijournal.com\\\/index.php\\\/mention-bim-ifc-economistes-de-construction-maitrisent-maquette-numerique\\\/93379\\\/#primaryimage\",\"url\":\"https:\\\/\\\/batijournal.com\\\/wp-content\\\/uploads\\\/2016\\\/07\\\/OPQTECC_competences-reconnues.jpg\",\"contentUrl\":\"https:\\\/\\\/batijournal.com\\\/wp-content\\\/uploads\\\/2016\\\/07\\\/OPQTECC_competences-reconnues.jpg\",\"width\":620,\"height\":394},{\"@type\":\"BreadcrumbList\",\"@id\":\"https:\\\/\\\/batijournal.com\\\/index.php\\\/mention-bim-ifc-economistes-de-construction-maitrisent-maquette-numerique\\\/93379\\\/#breadcrumb\",\"itemListElement\":[{\"@type\":\"ListItem\",\"position\":1,\"name\":\"Accueil\",\"item\":\"https:\\\/\\\/batijournal.com\\\/\"},{\"@type\":\"ListItem\",\"position\":2,\"name\":\"Actualit\u00e9s\",\"item\":\"https:\\\/\\\/batijournal.com\\\/index.php\\\/category\\\/actualites\\\/\"},{\"@type\":\"ListItem\",\"position\":3,\"name\":\"Architecture &amp; Conception\",\"item\":\"https:\\\/\\\/batijournal.com\\\/index.php\\\/category\\\/actualites\\\/architecture-conception\\\/\"},{\"@type\":\"ListItem\",\"position\":4,\"name\":\"Une mention BIM-IFC pour les \u00e9conomistes de la construction qui ma\u00eetrisent la maquette num\u00e9rique\"}]},{\"@type\":\"WebSite\",\"@id\":\"https:\\\/\\\/batijournal.com\\\/#website\",\"url\":\"https:\\\/\\\/batijournal.com\\\/\",\"name\":\"Batijournal\",\"description\":\"L&#039;actualit\u00e9 du b\u00e2timent\",\"potentialAction\":[{\"@type\":\"SearchAction\",\"target\":{\"@type\":\"EntryPoint\",\"urlTemplate\":\"https:\\\/\\\/batijournal.com\\\/?s={search_term_string}\"},\"query-input\":{\"@type\":\"PropertyValueSpecification\",\"valueRequired\":true,\"valueName\":\"search_term_string\"}}],\"inLanguage\":\"fr-FR\"},{\"@type\":\"Person\",\"@id\":\"https:\\\/\\\/batijournal.com\\\/#\\\/schema\\\/person\\\/1dc96ec6957aa1ccb25ebe78bb19f100\",\"name\":\"St\u00e9phane Miget\",\"image\":{\"@type\":\"ImageObject\",\"inLanguage\":\"fr-FR\",\"@id\":\"https:\\\/\\\/secure.gravatar.com\\\/avatar\\\/89915563d925342126b8ef0281b93d9d7fc337043e8df017f780908eb9644451?s=96&d=mm&r=g\",\"url\":\"https:\\\/\\\/secure.gravatar.com\\\/avatar\\\/89915563d925342126b8ef0281b93d9d7fc337043e8df017f780908eb9644451?s=96&d=mm&r=g\",\"contentUrl\":\"https:\\\/\\\/secure.gravatar.com\\\/avatar\\\/89915563d925342126b8ef0281b93d9d7fc337043e8df017f780908eb9644451?s=96&d=mm&r=g\",\"caption\":\"St\u00e9phane Miget\"},\"url\":\"https:\\\/\\\/batijournal.com\\\/index.php\\\/author\\\/stephane\\\/\"}]}<\/script>\n<!-- \/ Yoast SEO plugin. -->","yoast_head_json":{"title":"Une mention BIM-IFC pour les \u00e9conomistes de la construction qui ma\u00eetrisent la maquette num\u00e9rique","robots":{"index":"index","follow":"follow","max-snippet":"max-snippet:-1","max-image-preview":"max-image-preview:large","max-video-preview":"max-video-preview:-1"},"canonical":"https:\/\/batijournal.com\/index.php\/mention-bim-ifc-economistes-de-construction-maitrisent-maquette-numerique\/93379\/","og_locale":"fr_FR","og_type":"article","og_title":"Une mention BIM-IFC pour les \u00e9conomistes de la construction qui ma\u00eetrisent la maquette num\u00e9rique","og_description":"L\u2019organisme de qualification et certification des \u00e9conomistes de la construction et programmistes a \u00a0cr\u00e9\u00e9 la mention BIM-IFC pour les entreprises engag\u00e9es dans une d\u00e9marche BIM. Celle-ci offre aux donneurs d\u2019ordre un crit\u00e8re fiable de s\u00e9lection des \u00e9conomistes de la construction comp\u00e9tents dans ce domaine. Pour l\u2019obtenir, les professionnels doivent avoir suivi un certain nombre d\u2019heures [&hellip;]","og_url":"https:\/\/batijournal.com\/index.php\/mention-bim-ifc-economistes-de-construction-maitrisent-maquette-numerique\/93379\/","og_site_name":"Batijournal","article_published_time":"2016-07-08T14:29:50+00:00","article_modified_time":"2019-07-15T09:12:52+00:00","og_image":[{"width":620,"height":394,"url":"https:\/\/batijournal.com\/wp-content\/uploads\/2016\/07\/OPQTECC_competences-reconnues.jpg","type":"image\/jpeg"}],"author":"St\u00e9phane Miget","twitter_card":"summary_large_image","twitter_creator":"@bati_journal","twitter_site":"@bati_journal","twitter_misc":{"\u00c9crit par":"St\u00e9phane Miget","Dur\u00e9e de lecture estim\u00e9e":"1 minute"},"schema":{"@context":"https:\/\/schema.org","@graph":[{"@type":"Article","@id":"https:\/\/batijournal.com\/index.php\/mention-bim-ifc-economistes-de-construction-maitrisent-maquette-numerique\/93379\/#article","isPartOf":{"@id":"https:\/\/batijournal.com\/index.php\/mention-bim-ifc-economistes-de-construction-maitrisent-maquette-numerique\/93379\/"},"author":{"name":"St\u00e9phane Miget","@id":"https:\/\/batijournal.com\/#\/schema\/person\/1dc96ec6957aa1ccb25ebe78bb19f100"},"headline":"Une mention BIM-IFC pour les \u00e9conomistes de la construction qui ma\u00eetrisent la maquette num\u00e9rique","datePublished":"2016-07-08T14:29:50+00:00","dateModified":"2019-07-15T09:12:52+00:00","mainEntityOfPage":{"@id":"https:\/\/batijournal.com\/index.php\/mention-bim-ifc-economistes-de-construction-maitrisent-maquette-numerique\/93379\/"},"wordCount":122,"image":{"@id":"https:\/\/batijournal.com\/index.php\/mention-bim-ifc-economistes-de-construction-maitrisent-maquette-numerique\/93379\/#primaryimage"},"thumbnailUrl":"https:\/\/batijournal.com\/wp-content\/uploads\/2016\/07\/OPQTECC_competences-reconnues.jpg","keywords":["BIM","\u00e9conomistes"],"articleSection":["Architecture &amp; Conception"],"inLanguage":"fr-FR"},{"@type":"WebPage","@id":"https:\/\/batijournal.com\/index.php\/mention-bim-ifc-economistes-de-construction-maitrisent-maquette-numerique\/93379\/","url":"https:\/\/batijournal.com\/index.php\/mention-bim-ifc-economistes-de-construction-maitrisent-maquette-numerique\/93379\/","name":"Une mention BIM-IFC pour les \u00e9conomistes de la construction qui ma\u00eetrisent la maquette num\u00e9rique","isPartOf":{"@id":"https:\/\/batijournal.com\/#website"},"primaryImageOfPage":{"@id":"https:\/\/batijournal.com\/index.php\/mention-bim-ifc-economistes-de-construction-maitrisent-maquette-numerique\/93379\/#primaryimage"},"image":{"@id":"https:\/\/batijournal.com\/index.php\/mention-bim-ifc-economistes-de-construction-maitrisent-maquette-numerique\/93379\/#primaryimage"},"thumbnailUrl":"https:\/\/batijournal.com\/wp-content\/uploads\/2016\/07\/OPQTECC_competences-reconnues.jpg","datePublished":"2016-07-08T14:29:50+00:00","dateModified":"2019-07-15T09:12:52+00:00","author":{"@id":"https:\/\/batijournal.com\/#\/schema\/person\/1dc96ec6957aa1ccb25ebe78bb19f100"},"breadcrumb":{"@id":"https:\/\/batijournal.com\/index.php\/mention-bim-ifc-economistes-de-construction-maitrisent-maquette-numerique\/93379\/#breadcrumb"},"inLanguage":"fr-FR","potentialAction":[{"@type":"ReadAction","target":["https:\/\/batijournal.com\/index.php\/mention-bim-ifc-economistes-de-construction-maitrisent-maquette-numerique\/93379\/"]}]},{"@type":"ImageObject","inLanguage":"fr-FR","@id":"https:\/\/batijournal.com\/index.php\/mention-bim-ifc-economistes-de-construction-maitrisent-maquette-numerique\/93379\/#primaryimage","url":"https:\/\/batijournal.com\/wp-content\/uploads\/2016\/07\/OPQTECC_competences-reconnues.jpg","contentUrl":"https:\/\/batijournal.com\/wp-content\/uploads\/2016\/07\/OPQTECC_competences-reconnues.jpg","width":620,"height":394},{"@type":"BreadcrumbList","@id":"https:\/\/batijournal.com\/index.php\/mention-bim-ifc-economistes-de-construction-maitrisent-maquette-numerique\/93379\/#breadcrumb","itemListElement":[{"@type":"ListItem","position":1,"name":"Accueil","item":"https:\/\/batijournal.com\/"},{"@type":"ListItem","position":2,"name":"Actualit\u00e9s","item":"https:\/\/batijournal.com\/index.php\/category\/actualites\/"},{"@type":"ListItem","position":3,"name":"Architecture &amp; Conception","item":"https:\/\/batijournal.com\/index.php\/category\/actualites\/architecture-conception\/"},{"@type":"ListItem","position":4,"name":"Une mention BIM-IFC pour les \u00e9conomistes de la construction qui ma\u00eetrisent la maquette num\u00e9rique"}]},{"@type":"WebSite","@id":"https:\/\/batijournal.com\/#website","url":"https:\/\/batijournal.com\/","name":"Batijournal","description":"L&#039;actualit\u00e9 du b\u00e2timent","potentialAction":[{"@type":"SearchAction","target":{"@type":"EntryPoint","urlTemplate":"https:\/\/batijournal.com\/?s={search_term_string}"},"query-input":{"@type":"PropertyValueSpecification","valueRequired":true,"valueName":"search_term_string"}}],"inLanguage":"fr-FR"},{"@type":"Person","@id":"https:\/\/batijournal.com\/#\/schema\/person\/1dc96ec6957aa1ccb25ebe78bb19f100","name":"St\u00e9phane Miget","image":{"@type":"ImageObject","inLanguage":"fr-FR","@id":"https:\/\/secure.gravatar.com\/avatar\/89915563d925342126b8ef0281b93d9d7fc337043e8df017f780908eb9644451?s=96&d=mm&r=g","url":"https:\/\/secure.gravatar.com\/avatar\/89915563d925342126b8ef0281b93d9d7fc337043e8df017f780908eb9644451?s=96&d=mm&r=g","contentUrl":"https:\/\/secure.gravatar.com\/avatar\/89915563d925342126b8ef0281b93d9d7fc337043e8df017f780908eb9644451?s=96&d=mm&r=g","caption":"St\u00e9phane Miget"},"url":"https:\/\/batijournal.com\/index.php\/author\/stephane\/"}]}},"_links":{"self":[{"href":"https:\/\/batijournal.com\/index.php\/wp-json\/wp\/v2\/posts\/93379","targetHints":{"allow":["GET"]}}],"collection":[{"href":"https:\/\/batijournal.com\/index.php\/wp-json\/wp\/v2\/posts"}],"about":[{"href":"https:\/\/batijournal.com\/index.php\/wp-json\/wp\/v2\/types\/post"}],"author":[{"embeddable":true,"href":"https:\/\/batijournal.com\/index.php\/wp-json\/wp\/v2\/users\/17"}],"replies":[{"embeddable":true,"href":"https:\/\/batijournal.com\/index.php\/wp-json\/wp\/v2\/comments?post=93379"}],"version-history":[{"count":0,"href":"https:\/\/batijournal.com\/index.php\/wp-json\/wp\/v2\/posts\/93379\/revisions"}],"wp:featuredmedia":[{"embeddable":true,"href":"https:\/\/batijournal.com\/index.php\/wp-json\/wp\/v2\/media\/93380"}],"wp:attachment":[{"href":"https:\/\/batijournal.com\/index.php\/wp-json\/wp\/v2\/media?parent=93379"}],"wp:term":[{"taxonomy":"category","embeddable":true,"href":"https:\/\/batijournal.com\/index.php\/wp-json\/wp\/v2\/categories?post=93379"},{"taxonomy":"post_tag","embeddable":true,"href":"https:\/\/batijournal.com\/index.php\/wp-json\/wp\/v2\/tags?post=93379"}],"curies":[{"name":"wp","href":"https:\/\/api.w.org\/{rel}","templated":true}]}}