{"id":93396,"date":"2016-07-12T14:13:29","date_gmt":"2016-07-12T12:13:29","guid":{"rendered":"http:\/\/batijournal.com\/?p=93396"},"modified":"2019-06-13T13:11:48","modified_gmt":"2019-06-13T11:11:48","slug":"philippe-starck-a-imagine-villa-m-lieu-de-sante-de-travail-de-partage","status":"publish","type":"post","link":"https:\/\/batijournal.com\/index.php\/philippe-starck-a-imagine-villa-m-lieu-de-sante-de-travail-de-partage\/93396\/","title":{"rendered":"Philippe Starck a imagin\u00e9 la Villa M lieu de sant\u00e9, de travail et de partage"},"content":{"rendered":"<p>[et_pb_section admin_label=\u00a0\u00bbsection\u00a0\u00bb][et_pb_row admin_label=\u00a0\u00bbrow\u00a0\u00bb][et_pb_column type=\u00a0\u00bb4_4&Prime;][et_pb_text admin_label=\u00a0\u00bbTexte\u00a0\u00bb background_layout=\u00a0\u00bblight\u00a0\u00bb text_orientation=\u00a0\u00bbleft\u00a0\u00bb use_border_color=\u00a0\u00bboff\u00a0\u00bb border_color=\u00a0\u00bb#ffffff\u00a0\u00bb border_style=\u00a0\u00bbsolid\u00a0\u00bb]<\/p>\n<p><strong>Administr\u00e9 depuis plus de 150 ans par et pour les professionnels de sant\u00e9, le Groupe Pasteur Mutualit\u00e9 a d\u00e9cid\u00e9 de construire sur le boulevard Pasteur \u00e0 Paris, un nouveau b\u00e2timent \u00e0 destination de ses adh\u00e9rents, des professionnels de sant\u00e9 mais aussi de l\u2019ensemble des acteurs engag\u00e9s dans l\u2019am\u00e9lioration de notre syst\u00e8me de soins : praticiens, chercheurs, \u00e9tudiants et internes, start\u00adups e\u00adsant\u00e9, soci\u00e9t\u00e9s savantes, organisations professionnelles. Toute la communaut\u00e9 des professionnels de sant\u00e9 pourra se rendre \u00e0 la Villa M pour s\u2019informer, \u00e9changer, d\u00e9couvrir et tester les derni\u00e8res avanc\u00e9es en sant\u00e9. La Villa M constitue un projet embl\u00e9matique qui portera haut ses valeurs mutualistes, leur insufflant une nouvelle modernit\u00e9. Elle sera \u00e9galement ouverte aux patients et aux visiteurs.<\/strong><\/p>\n<p>[\/et_pb_text][\/et_pb_column][\/et_pb_row][et_pb_row admin_label=\u00a0\u00bbLigne\u00a0\u00bb][et_pb_column type=\u00a0\u00bb1_4&Prime;][\/et_pb_column][et_pb_column type=\u00a0\u00bb1_2&Prime;][et_pb_text admin_label=\u00a0\u00bbTexte\u00a0\u00bb background_layout=\u00a0\u00bblight\u00a0\u00bb text_orientation=\u00a0\u00bbcenter\u00a0\u00bb text_font=\u00a0\u00bbRoboto||||\u00a0\u00bb text_font_size=\u00a0\u00bb20&Prime; use_border_color=\u00a0\u00bboff\u00a0\u00bb border_color=\u00a0\u00bb#ffffff\u00a0\u00bb border_style=\u00a0\u00bbsolid\u00a0\u00bb custom_margin=\u00a0\u00bb0px|||\u00a0\u00bb custom_padding=\u00a0\u00bb0px|||\u00a0\u00bb]<\/p>\n<p>Lieu d\u2019accueil, de vie et de travail, la Villa M s\u2019articulera autour de nombreux \u00ab M \u00bb : M\u00e9decine, Mutualisme, Mouvements, Mutations, Mobilit\u00e9, Mixit\u00e9, Mieux\u00ad\u00eatre et Mieux\u00advivre.<\/p>\n<p>[\/et_pb_text][\/et_pb_column][et_pb_column type=\u00a0\u00bb1_4&Prime;][\/et_pb_column][\/et_pb_row][et_pb_row admin_label=\u00a0\u00bbLigne\u00a0\u00bb make_fullwidth=\u00a0\u00bboff\u00a0\u00bb use_custom_width=\u00a0\u00bboff\u00a0\u00bb width_unit=\u00a0\u00bbon\u00a0\u00bb use_custom_gutter=\u00a0\u00bboff\u00a0\u00bb padding_mobile=\u00a0\u00bboff\u00a0\u00bb custom_margin=\u00a0\u00bb0px|||\u00a0\u00bb allow_player_pause=\u00a0\u00bboff\u00a0\u00bb parallax=\u00a0\u00bboff\u00a0\u00bb parallax_method=\u00a0\u00bboff\u00a0\u00bb make_equal=\u00a0\u00bboff\u00a0\u00bb parallax_1=\u00a0\u00bboff\u00a0\u00bb parallax_method_1=\u00a0\u00bboff\u00a0\u00bb padding_top_1=\u00a0\u00bb0px\u00a0\u00bb parallax_2=\u00a0\u00bboff\u00a0\u00bb parallax_method_2=\u00a0\u00bboff\u00a0\u00bb padding_top_2=\u00a0\u00bb0px\u00a0\u00bb column_padding_mobile=\u00a0\u00bbon\u00a0\u00bb custom_padding=\u00a0\u00bb||0px|\u00a0\u00bb][et_pb_column type=\u00a0\u00bb1_2&Prime;][et_pb_text admin_label=\u00a0\u00bbTexte\u00a0\u00bb background_layout=\u00a0\u00bblight\u00a0\u00bb text_orientation=\u00a0\u00bbleft\u00a0\u00bb use_border_color=\u00a0\u00bboff\u00a0\u00bb border_color=\u00a0\u00bb#ffffff\u00a0\u00bb border_style=\u00a0\u00bbsolid\u00a0\u00bb custom_margin=\u00a0\u00bb||0px|\u00a0\u00bb custom_padding=\u00a0\u00bb||0px|\u00a0\u00bb]<\/p>\n<p>Sollicit\u00e9 par Groupe Pasteur Mutualit\u00e9, Philippe Starck a accept\u00e9 d\u2019assurer la conception et la direction artistique de la Villa M. La conception de ce projet privil\u00e9gie l\u2019utilisation de mat\u00e9riaux bruts, naturels. L\u2019aspect rigoureux de la structure m\u00e9tallique impose une gravit\u00e9 au b\u00e2timent. Une pesanteur \u00e9quilibr\u00e9e par l\u2019omnipr\u00e9sence vitr\u00e9e des fa\u00e7ades qui enveloppent la Villa M d\u2019une membrane perm\u00e9able signe de sa relation privil\u00e9gi\u00e9e avec son environnement. La ville et le b\u00e2timent communiquent dans une entente osmotique renforc\u00e9e par la v\u00e9g\u00e9talisation des fa\u00e7ades. \u00c0 l\u2019inverse d\u2019un geste architectural, la Villa M est une cr\u00e9ation organique, vivante qui habille le squelette m\u00e9tallique d\u2019une v\u00e9g\u00e9tation chaleureuse. Les bacs de terre v\u00e9g\u00e9tale s\u2019encastrent dans la structure, devant chaque fen\u00eatre, de chaque \u00e9tage. Cette Nature qui courre sur les fa\u00e7ades, devient peu \u00e0 peu l\u2019unique architecture.<\/p>\n<p>[\/et_pb_text][\/et_pb_column][et_pb_column type=\u00a0\u00bb1_2&Prime;][et_pb_image admin_label=\u00a0\u00bbImage\u00a0\u00bb src=\u00a0\u00bbhttps:\/\/batijournal.com\/wp-content\/uploads\/2016\/07\/VILLA-M_Coupe.jpg\u00a0\u00bb show_in_lightbox=\u00a0\u00bbon\u00a0\u00bb url_new_window=\u00a0\u00bboff\u00a0\u00bb use_overlay=\u00a0\u00bboff\u00a0\u00bb animation=\u00a0\u00bboff\u00a0\u00bb sticky=\u00a0\u00bboff\u00a0\u00bb align=\u00a0\u00bbleft\u00a0\u00bb force_fullwidth=\u00a0\u00bboff\u00a0\u00bb always_center_on_mobile=\u00a0\u00bbon\u00a0\u00bb use_border_color=\u00a0\u00bboff\u00a0\u00bb border_color=\u00a0\u00bb#ffffff\u00a0\u00bb border_style=\u00a0\u00bbsolid\u00a0\u00bb] [\/et_pb_image][\/et_pb_column][\/et_pb_row][et_pb_row admin_label=\u00a0\u00bbLigne\u00a0\u00bb][et_pb_column type=\u00a0\u00bb4_4&Prime;][et_pb_text admin_label=\u00a0\u00bbTexte\u00a0\u00bb background_layout=\u00a0\u00bblight\u00a0\u00bb text_orientation=\u00a0\u00bbleft\u00a0\u00bb use_border_color=\u00a0\u00bboff\u00a0\u00bb border_color=\u00a0\u00bb#ffffff\u00a0\u00bb border_style=\u00a0\u00bbsolid\u00a0\u00bb]<\/p>\n<p>Triptyque est l\u2019agence d\u2019architecture en charge du projet. La Villa M est un lieu composite qui offre une transversalit\u00e9 in\u00e9dite de programmes : lieu de sant\u00e9, d\u2019exposition, de travail, d\u2019h\u00e9bergement et de restauration. L\u2019innovation na\u00eet de l\u2019interconnexion de ces programmes. Ces espaces et services d\u00e9di\u00e9s, ultra sp\u00e9cialis\u00e9s transforment la Villa M en un \u00e9picentre de cr\u00e9ativit\u00e9 et d\u2019innovations connectant les hommes et les savoirs, en un lieu de bouillonnement intellectuel et scientifique, en un lieu vivant et en permanente \u00e9volution. L\u2019architecture du projet rend compte de cette richesse : le b\u00e2timent est con\u00e7u comme une \u00e9tag\u00e8re programmatique o\u00f9 la exibilit\u00e9 et la r\u00e9versibilit\u00e9 des usages sont favoris\u00e9es au maximum. La structure m\u00e9tallique est au c\u0153ur de cette recherche technique. Elle est une structure minimale, a\u00e9r\u00e9e, l\u00e9g\u00e8re, un lien fort avec la ville. Le b\u00e2timent s\u2019inscrit dans la grande tradition de l\u2019architecture m\u00e9tallique parisienne qui s\u2019est d\u00e9velopp\u00e9e d\u00e8s le d\u00e9but du 19e si\u00e8cle. De Baltard \u00e0 Eiffel, la structure m\u00e9tallique \u00e9mancipe les constructions de leur forme plastique, leur permettant de s\u2019adapter \u00e0 tous les usages et \u00e0 toutes les \u00e9volutions. L\u2019arch\u00e9type du toit mansard\u00e9 sur les derniers \u00e9tages permet de cr\u00e9er un lien formel fort entre le b\u00e2timent et les toits historiques de Paris.<\/p>\n<p>&nbsp;<\/p>\n<p>[\/et_pb_text][\/et_pb_column][\/et_pb_row][\/et_pb_section]<\/p>\n","protected":false},"excerpt":{"rendered":"<p>Administr\u00e9 depuis plus de 150 ans par et pour les professionnels de sant\u00e9, le Groupe Pasteur Mutualit\u00e9 a d\u00e9cid\u00e9 de construire sur le boulevard Pasteur \u00e0 Paris, un nouveau b\u00e2timent \u00e0 destination de ses adh\u00e9rents, des professionnels de sant\u00e9 mais aussi de l\u2019ensemble des acteurs engag\u00e9s dans l\u2019am\u00e9lioration de notre syst\u00e8me de soins : praticiens, [&hellip;]<\/p>\n","protected":false},"author":17,"featured_media":93398,"comment_status":"closed","ping_status":"closed","sticky":false,"template":"","format":"standard","meta":{"_et_pb_use_builder":"on","_et_pb_old_content":"<p><strong>Administr\u00e9 depuis plus de 150 ans par et pour les professionnels de sant\u00e9, le Groupe Pasteur Mutualit\u00e9 a d\u00e9cid\u00e9 de construire sur le boulevard Pasteur \u00e0 Paris, un nouveau b\u00e2timent \u00e0 destination de ses adh\u00e9rents, des professionnels de sant\u00e9 mais aussi de l\u2019ensemble des acteurs engag\u00e9s dans l\u2019am\u00e9lioration de notre syst\u00e8me de soins : praticiens, chercheurs, \u00e9tudiants et internes, start\u00adups e\u00adsant\u00e9, soci\u00e9t\u00e9s savantes, organisations professionnelles. Toute la communaut\u00e9 des professionnels de sant\u00e9 pourra se rendre \u00e0 la Villa M pour s\u2019informer, \u00e9changer, d\u00e9couvrir et tester les derni\u00e8res avanc\u00e9es en sant\u00e9. La Villa M constitue un projet embl\u00e9matique qui portera haut ses valeurs mutualistes, leur insufflant une nouvelle modernit\u00e9. Elle sera \u00e9galement ouverte aux patients et aux visiteurs.<\/strong><\/p><p>\u00a0<\/p>","_et_gb_content_width":"","footnotes":""},"categories":[6340,10775],"tags":[],"class_list":["post-93396","post","type-post","status-publish","format-standard","has-post-thumbnail","hentry","category-architecture-conception","category-actualites-5facades"],"yoast_head":"<!-- This site is optimized with the Yoast SEO plugin v27.4 - https:\/\/yoast.com\/product\/yoast-seo-wordpress\/ -->\n<title>Philippe Starck a imagin\u00e9 la Villa M lieu de sant\u00e9, de travail et de partage<\/title>\n<meta name=\"robots\" content=\"index, follow, max-snippet:-1, max-image-preview:large, max-video-preview:-1\" \/>\n<link rel=\"canonical\" href=\"https:\/\/batijournal.com\/index.php\/philippe-starck-a-imagine-villa-m-lieu-de-sante-de-travail-de-partage\/93396\/\" \/>\n<meta property=\"og:locale\" content=\"fr_FR\" \/>\n<meta property=\"og:type\" content=\"article\" \/>\n<meta property=\"og:title\" content=\"Philippe Starck a imagin\u00e9 la Villa M lieu de sant\u00e9, de travail et de partage\" \/>\n<meta property=\"og:description\" content=\"Administr\u00e9 depuis plus de 150 ans par et pour les professionnels de sant\u00e9, le Groupe Pasteur Mutualit\u00e9 a d\u00e9cid\u00e9 de construire sur le boulevard Pasteur \u00e0 Paris, un nouveau b\u00e2timent \u00e0 destination de ses adh\u00e9rents, des professionnels de sant\u00e9 mais aussi de l\u2019ensemble des acteurs engag\u00e9s dans l\u2019am\u00e9lioration de notre syst\u00e8me de soins : praticiens, [&hellip;]\" \/>\n<meta property=\"og:url\" content=\"https:\/\/batijournal.com\/index.php\/philippe-starck-a-imagine-villa-m-lieu-de-sante-de-travail-de-partage\/93396\/\" \/>\n<meta property=\"og:site_name\" content=\"Batijournal\" \/>\n<meta property=\"article:published_time\" content=\"2016-07-12T12:13:29+00:00\" \/>\n<meta property=\"article:modified_time\" content=\"2019-06-13T11:11:48+00:00\" \/>\n<meta property=\"og:image\" content=\"https:\/\/batijournal.com\/wp-content\/uploads\/2016\/07\/VILLA-M_Facade.jpg\" \/>\n\t<meta property=\"og:image:width\" content=\"1400\" \/>\n\t<meta property=\"og:image:height\" content=\"840\" \/>\n\t<meta property=\"og:image:type\" content=\"image\/jpeg\" \/>\n<meta name=\"author\" content=\"St\u00e9phane Miget\" \/>\n<meta name=\"twitter:card\" content=\"summary_large_image\" \/>\n<meta name=\"twitter:creator\" content=\"@bati_journal\" \/>\n<meta name=\"twitter:site\" content=\"@bati_journal\" \/>\n<meta name=\"twitter:label1\" content=\"\u00c9crit par\" \/>\n\t<meta name=\"twitter:data1\" content=\"St\u00e9phane Miget\" \/>\n\t<meta name=\"twitter:label2\" content=\"Dur\u00e9e de lecture estim\u00e9e\" \/>\n\t<meta name=\"twitter:data2\" content=\"4 minutes\" \/>\n<script type=\"application\/ld+json\" class=\"yoast-schema-graph\">{\"@context\":\"https:\\\/\\\/schema.org\",\"@graph\":[{\"@type\":\"Article\",\"@id\":\"https:\\\/\\\/batijournal.com\\\/index.php\\\/philippe-starck-a-imagine-villa-m-lieu-de-sante-de-travail-de-partage\\\/93396\\\/#article\",\"isPartOf\":{\"@id\":\"https:\\\/\\\/batijournal.com\\\/index.php\\\/philippe-starck-a-imagine-villa-m-lieu-de-sante-de-travail-de-partage\\\/93396\\\/\"},\"author\":{\"name\":\"St\u00e9phane Miget\",\"@id\":\"https:\\\/\\\/batijournal.com\\\/#\\\/schema\\\/person\\\/1dc96ec6957aa1ccb25ebe78bb19f100\"},\"headline\":\"Philippe Starck a imagin\u00e9 la Villa M lieu de sant\u00e9, de travail et de partage\",\"datePublished\":\"2016-07-12T12:13:29+00:00\",\"dateModified\":\"2019-06-13T11:11:48+00:00\",\"mainEntityOfPage\":{\"@id\":\"https:\\\/\\\/batijournal.com\\\/index.php\\\/philippe-starck-a-imagine-villa-m-lieu-de-sante-de-travail-de-partage\\\/93396\\\/\"},\"wordCount\":898,\"image\":{\"@id\":\"https:\\\/\\\/batijournal.com\\\/index.php\\\/philippe-starck-a-imagine-villa-m-lieu-de-sante-de-travail-de-partage\\\/93396\\\/#primaryimage\"},\"thumbnailUrl\":\"https:\\\/\\\/batijournal.com\\\/wp-content\\\/uploads\\\/2016\\\/07\\\/VILLA-M_Facade.jpg\",\"articleSection\":[\"Architecture &amp; Conception\",\"zz_Actualit\u00e9s - 5fa\u00e7ades\"],\"inLanguage\":\"fr-FR\"},{\"@type\":\"WebPage\",\"@id\":\"https:\\\/\\\/batijournal.com\\\/index.php\\\/philippe-starck-a-imagine-villa-m-lieu-de-sante-de-travail-de-partage\\\/93396\\\/\",\"url\":\"https:\\\/\\\/batijournal.com\\\/index.php\\\/philippe-starck-a-imagine-villa-m-lieu-de-sante-de-travail-de-partage\\\/93396\\\/\",\"name\":\"Philippe Starck a imagin\u00e9 la Villa M lieu de sant\u00e9, de travail et de partage\",\"isPartOf\":{\"@id\":\"https:\\\/\\\/batijournal.com\\\/#website\"},\"primaryImageOfPage\":{\"@id\":\"https:\\\/\\\/batijournal.com\\\/index.php\\\/philippe-starck-a-imagine-villa-m-lieu-de-sante-de-travail-de-partage\\\/93396\\\/#primaryimage\"},\"image\":{\"@id\":\"https:\\\/\\\/batijournal.com\\\/index.php\\\/philippe-starck-a-imagine-villa-m-lieu-de-sante-de-travail-de-partage\\\/93396\\\/#primaryimage\"},\"thumbnailUrl\":\"https:\\\/\\\/batijournal.com\\\/wp-content\\\/uploads\\\/2016\\\/07\\\/VILLA-M_Facade.jpg\",\"datePublished\":\"2016-07-12T12:13:29+00:00\",\"dateModified\":\"2019-06-13T11:11:48+00:00\",\"author\":{\"@id\":\"https:\\\/\\\/batijournal.com\\\/#\\\/schema\\\/person\\\/1dc96ec6957aa1ccb25ebe78bb19f100\"},\"breadcrumb\":{\"@id\":\"https:\\\/\\\/batijournal.com\\\/index.php\\\/philippe-starck-a-imagine-villa-m-lieu-de-sante-de-travail-de-partage\\\/93396\\\/#breadcrumb\"},\"inLanguage\":\"fr-FR\",\"potentialAction\":[{\"@type\":\"ReadAction\",\"target\":[\"https:\\\/\\\/batijournal.com\\\/index.php\\\/philippe-starck-a-imagine-villa-m-lieu-de-sante-de-travail-de-partage\\\/93396\\\/\"]}]},{\"@type\":\"ImageObject\",\"inLanguage\":\"fr-FR\",\"@id\":\"https:\\\/\\\/batijournal.com\\\/index.php\\\/philippe-starck-a-imagine-villa-m-lieu-de-sante-de-travail-de-partage\\\/93396\\\/#primaryimage\",\"url\":\"https:\\\/\\\/batijournal.com\\\/wp-content\\\/uploads\\\/2016\\\/07\\\/VILLA-M_Facade.jpg\",\"contentUrl\":\"https:\\\/\\\/batijournal.com\\\/wp-content\\\/uploads\\\/2016\\\/07\\\/VILLA-M_Facade.jpg\",\"width\":1400,\"height\":840},{\"@type\":\"BreadcrumbList\",\"@id\":\"https:\\\/\\\/batijournal.com\\\/index.php\\\/philippe-starck-a-imagine-villa-m-lieu-de-sante-de-travail-de-partage\\\/93396\\\/#breadcrumb\",\"itemListElement\":[{\"@type\":\"ListItem\",\"position\":1,\"name\":\"Accueil\",\"item\":\"https:\\\/\\\/batijournal.com\\\/\"},{\"@type\":\"ListItem\",\"position\":2,\"name\":\"Actualit\u00e9s\",\"item\":\"https:\\\/\\\/batijournal.com\\\/index.php\\\/category\\\/actualites\\\/\"},{\"@type\":\"ListItem\",\"position\":3,\"name\":\"Architecture &amp; Conception\",\"item\":\"https:\\\/\\\/batijournal.com\\\/index.php\\\/category\\\/actualites\\\/architecture-conception\\\/\"},{\"@type\":\"ListItem\",\"position\":4,\"name\":\"Philippe Starck a imagin\u00e9 la Villa M lieu de sant\u00e9, de travail et de partage\"}]},{\"@type\":\"WebSite\",\"@id\":\"https:\\\/\\\/batijournal.com\\\/#website\",\"url\":\"https:\\\/\\\/batijournal.com\\\/\",\"name\":\"Batijournal\",\"description\":\"L&#039;actualit\u00e9 du b\u00e2timent\",\"potentialAction\":[{\"@type\":\"SearchAction\",\"target\":{\"@type\":\"EntryPoint\",\"urlTemplate\":\"https:\\\/\\\/batijournal.com\\\/?s={search_term_string}\"},\"query-input\":{\"@type\":\"PropertyValueSpecification\",\"valueRequired\":true,\"valueName\":\"search_term_string\"}}],\"inLanguage\":\"fr-FR\"},{\"@type\":\"Person\",\"@id\":\"https:\\\/\\\/batijournal.com\\\/#\\\/schema\\\/person\\\/1dc96ec6957aa1ccb25ebe78bb19f100\",\"name\":\"St\u00e9phane Miget\",\"image\":{\"@type\":\"ImageObject\",\"inLanguage\":\"fr-FR\",\"@id\":\"https:\\\/\\\/secure.gravatar.com\\\/avatar\\\/89915563d925342126b8ef0281b93d9d7fc337043e8df017f780908eb9644451?s=96&d=mm&r=g\",\"url\":\"https:\\\/\\\/secure.gravatar.com\\\/avatar\\\/89915563d925342126b8ef0281b93d9d7fc337043e8df017f780908eb9644451?s=96&d=mm&r=g\",\"contentUrl\":\"https:\\\/\\\/secure.gravatar.com\\\/avatar\\\/89915563d925342126b8ef0281b93d9d7fc337043e8df017f780908eb9644451?s=96&d=mm&r=g\",\"caption\":\"St\u00e9phane Miget\"},\"url\":\"https:\\\/\\\/batijournal.com\\\/index.php\\\/author\\\/stephane\\\/\"}]}<\/script>\n<!-- \/ Yoast SEO plugin. -->","yoast_head_json":{"title":"Philippe Starck a imagin\u00e9 la Villa M lieu de sant\u00e9, de travail et de partage","robots":{"index":"index","follow":"follow","max-snippet":"max-snippet:-1","max-image-preview":"max-image-preview:large","max-video-preview":"max-video-preview:-1"},"canonical":"https:\/\/batijournal.com\/index.php\/philippe-starck-a-imagine-villa-m-lieu-de-sante-de-travail-de-partage\/93396\/","og_locale":"fr_FR","og_type":"article","og_title":"Philippe Starck a imagin\u00e9 la Villa M lieu de sant\u00e9, de travail et de partage","og_description":"Administr\u00e9 depuis plus de 150 ans par et pour les professionnels de sant\u00e9, le Groupe Pasteur Mutualit\u00e9 a d\u00e9cid\u00e9 de construire sur le boulevard Pasteur \u00e0 Paris, un nouveau b\u00e2timent \u00e0 destination de ses adh\u00e9rents, des professionnels de sant\u00e9 mais aussi de l\u2019ensemble des acteurs engag\u00e9s dans l\u2019am\u00e9lioration de notre syst\u00e8me de soins : praticiens, [&hellip;]","og_url":"https:\/\/batijournal.com\/index.php\/philippe-starck-a-imagine-villa-m-lieu-de-sante-de-travail-de-partage\/93396\/","og_site_name":"Batijournal","article_published_time":"2016-07-12T12:13:29+00:00","article_modified_time":"2019-06-13T11:11:48+00:00","og_image":[{"width":1400,"height":840,"url":"https:\/\/batijournal.com\/wp-content\/uploads\/2016\/07\/VILLA-M_Facade.jpg","type":"image\/jpeg"}],"author":"St\u00e9phane Miget","twitter_card":"summary_large_image","twitter_creator":"@bati_journal","twitter_site":"@bati_journal","twitter_misc":{"\u00c9crit par":"St\u00e9phane Miget","Dur\u00e9e de lecture estim\u00e9e":"4 minutes"},"schema":{"@context":"https:\/\/schema.org","@graph":[{"@type":"Article","@id":"https:\/\/batijournal.com\/index.php\/philippe-starck-a-imagine-villa-m-lieu-de-sante-de-travail-de-partage\/93396\/#article","isPartOf":{"@id":"https:\/\/batijournal.com\/index.php\/philippe-starck-a-imagine-villa-m-lieu-de-sante-de-travail-de-partage\/93396\/"},"author":{"name":"St\u00e9phane Miget","@id":"https:\/\/batijournal.com\/#\/schema\/person\/1dc96ec6957aa1ccb25ebe78bb19f100"},"headline":"Philippe Starck a imagin\u00e9 la Villa M lieu de sant\u00e9, de travail et de partage","datePublished":"2016-07-12T12:13:29+00:00","dateModified":"2019-06-13T11:11:48+00:00","mainEntityOfPage":{"@id":"https:\/\/batijournal.com\/index.php\/philippe-starck-a-imagine-villa-m-lieu-de-sante-de-travail-de-partage\/93396\/"},"wordCount":898,"image":{"@id":"https:\/\/batijournal.com\/index.php\/philippe-starck-a-imagine-villa-m-lieu-de-sante-de-travail-de-partage\/93396\/#primaryimage"},"thumbnailUrl":"https:\/\/batijournal.com\/wp-content\/uploads\/2016\/07\/VILLA-M_Facade.jpg","articleSection":["Architecture &amp; Conception","zz_Actualit\u00e9s - 5fa\u00e7ades"],"inLanguage":"fr-FR"},{"@type":"WebPage","@id":"https:\/\/batijournal.com\/index.php\/philippe-starck-a-imagine-villa-m-lieu-de-sante-de-travail-de-partage\/93396\/","url":"https:\/\/batijournal.com\/index.php\/philippe-starck-a-imagine-villa-m-lieu-de-sante-de-travail-de-partage\/93396\/","name":"Philippe Starck a imagin\u00e9 la Villa M lieu de sant\u00e9, de travail et de partage","isPartOf":{"@id":"https:\/\/batijournal.com\/#website"},"primaryImageOfPage":{"@id":"https:\/\/batijournal.com\/index.php\/philippe-starck-a-imagine-villa-m-lieu-de-sante-de-travail-de-partage\/93396\/#primaryimage"},"image":{"@id":"https:\/\/batijournal.com\/index.php\/philippe-starck-a-imagine-villa-m-lieu-de-sante-de-travail-de-partage\/93396\/#primaryimage"},"thumbnailUrl":"https:\/\/batijournal.com\/wp-content\/uploads\/2016\/07\/VILLA-M_Facade.jpg","datePublished":"2016-07-12T12:13:29+00:00","dateModified":"2019-06-13T11:11:48+00:00","author":{"@id":"https:\/\/batijournal.com\/#\/schema\/person\/1dc96ec6957aa1ccb25ebe78bb19f100"},"breadcrumb":{"@id":"https:\/\/batijournal.com\/index.php\/philippe-starck-a-imagine-villa-m-lieu-de-sante-de-travail-de-partage\/93396\/#breadcrumb"},"inLanguage":"fr-FR","potentialAction":[{"@type":"ReadAction","target":["https:\/\/batijournal.com\/index.php\/philippe-starck-a-imagine-villa-m-lieu-de-sante-de-travail-de-partage\/93396\/"]}]},{"@type":"ImageObject","inLanguage":"fr-FR","@id":"https:\/\/batijournal.com\/index.php\/philippe-starck-a-imagine-villa-m-lieu-de-sante-de-travail-de-partage\/93396\/#primaryimage","url":"https:\/\/batijournal.com\/wp-content\/uploads\/2016\/07\/VILLA-M_Facade.jpg","contentUrl":"https:\/\/batijournal.com\/wp-content\/uploads\/2016\/07\/VILLA-M_Facade.jpg","width":1400,"height":840},{"@type":"BreadcrumbList","@id":"https:\/\/batijournal.com\/index.php\/philippe-starck-a-imagine-villa-m-lieu-de-sante-de-travail-de-partage\/93396\/#breadcrumb","itemListElement":[{"@type":"ListItem","position":1,"name":"Accueil","item":"https:\/\/batijournal.com\/"},{"@type":"ListItem","position":2,"name":"Actualit\u00e9s","item":"https:\/\/batijournal.com\/index.php\/category\/actualites\/"},{"@type":"ListItem","position":3,"name":"Architecture &amp; Conception","item":"https:\/\/batijournal.com\/index.php\/category\/actualites\/architecture-conception\/"},{"@type":"ListItem","position":4,"name":"Philippe Starck a imagin\u00e9 la Villa M lieu de sant\u00e9, de travail et de partage"}]},{"@type":"WebSite","@id":"https:\/\/batijournal.com\/#website","url":"https:\/\/batijournal.com\/","name":"Batijournal","description":"L&#039;actualit\u00e9 du b\u00e2timent","potentialAction":[{"@type":"SearchAction","target":{"@type":"EntryPoint","urlTemplate":"https:\/\/batijournal.com\/?s={search_term_string}"},"query-input":{"@type":"PropertyValueSpecification","valueRequired":true,"valueName":"search_term_string"}}],"inLanguage":"fr-FR"},{"@type":"Person","@id":"https:\/\/batijournal.com\/#\/schema\/person\/1dc96ec6957aa1ccb25ebe78bb19f100","name":"St\u00e9phane Miget","image":{"@type":"ImageObject","inLanguage":"fr-FR","@id":"https:\/\/secure.gravatar.com\/avatar\/89915563d925342126b8ef0281b93d9d7fc337043e8df017f780908eb9644451?s=96&d=mm&r=g","url":"https:\/\/secure.gravatar.com\/avatar\/89915563d925342126b8ef0281b93d9d7fc337043e8df017f780908eb9644451?s=96&d=mm&r=g","contentUrl":"https:\/\/secure.gravatar.com\/avatar\/89915563d925342126b8ef0281b93d9d7fc337043e8df017f780908eb9644451?s=96&d=mm&r=g","caption":"St\u00e9phane Miget"},"url":"https:\/\/batijournal.com\/index.php\/author\/stephane\/"}]}},"_links":{"self":[{"href":"https:\/\/batijournal.com\/index.php\/wp-json\/wp\/v2\/posts\/93396","targetHints":{"allow":["GET"]}}],"collection":[{"href":"https:\/\/batijournal.com\/index.php\/wp-json\/wp\/v2\/posts"}],"about":[{"href":"https:\/\/batijournal.com\/index.php\/wp-json\/wp\/v2\/types\/post"}],"author":[{"embeddable":true,"href":"https:\/\/batijournal.com\/index.php\/wp-json\/wp\/v2\/users\/17"}],"replies":[{"embeddable":true,"href":"https:\/\/batijournal.com\/index.php\/wp-json\/wp\/v2\/comments?post=93396"}],"version-history":[{"count":0,"href":"https:\/\/batijournal.com\/index.php\/wp-json\/wp\/v2\/posts\/93396\/revisions"}],"wp:featuredmedia":[{"embeddable":true,"href":"https:\/\/batijournal.com\/index.php\/wp-json\/wp\/v2\/media\/93398"}],"wp:attachment":[{"href":"https:\/\/batijournal.com\/index.php\/wp-json\/wp\/v2\/media?parent=93396"}],"wp:term":[{"taxonomy":"category","embeddable":true,"href":"https:\/\/batijournal.com\/index.php\/wp-json\/wp\/v2\/categories?post=93396"},{"taxonomy":"post_tag","embeddable":true,"href":"https:\/\/batijournal.com\/index.php\/wp-json\/wp\/v2\/tags?post=93396"}],"curies":[{"name":"wp","href":"https:\/\/api.w.org\/{rel}","templated":true}]}}