{"id":93400,"date":"2016-07-12T22:17:22","date_gmt":"2016-07-12T20:17:22","guid":{"rendered":"http:\/\/batijournal.com\/?p=93400"},"modified":"2019-07-15T11:16:40","modified_gmt":"2019-07-15T09:16:40","slug":"10-000-ans-doccupation-humaine-lagglomeration-de-quimper","status":"publish","type":"post","link":"https:\/\/batijournal.com\/index.php\/10-000-ans-doccupation-humaine-lagglomeration-de-quimper\/93400\/","title":{"rendered":"10 000 ans d&rsquo;occupation humaine dans l&rsquo;agglom\u00e9ration de Quimper"},"content":{"rendered":"<p>[et_pb_section admin_label=\u00a0\u00bbsection\u00a0\u00bb][et_pb_row admin_label=\u00a0\u00bbrow\u00a0\u00bb][et_pb_column type=\u00a0\u00bb1_4&Prime;][\/et_pb_column][et_pb_column type=\u00a0\u00bb3_4&Prime;][et_pb_text admin_label=\u00a0\u00bbTexte\u00a0\u00bb background_layout=\u00a0\u00bblight\u00a0\u00bb text_orientation=\u00a0\u00bbleft\u00a0\u00bb text_font_size=\u00a0\u00bb18&Prime; use_border_color=\u00a0\u00bboff\u00a0\u00bb border_color=\u00a0\u00bb#ffffff\u00a0\u00bb border_style=\u00a0\u00bbsolid\u00a0\u00bb]<\/p>\n<p><strong>A Ergu\u00e9-Gab\u00e9ric, les arch\u00e9ologues de l\u2019Inrap m\u00e8nent une fouille pr\u00e9ventive sur 6 hectares, en amont d\u2019un projet d\u2019am\u00e9nagement par Quimper communaut\u00e9. Le site occupe une situation privil\u00e9gi\u00e9e sur un fond de vall\u00e9e o\u00f9 les hommes se sont naturellement install\u00e9 depuis des mill\u00e9naires. La fouille en cours a livr\u00e9 d\u2019importantes d\u00e9couvertes, de la Pr\u00e9histoire au Moyen \u00c2ge.<\/strong><\/p>\n<p>[\/et_pb_text][\/et_pb_column][\/et_pb_row][et_pb_row admin_label=\u00a0\u00bbLigne\u00a0\u00bb make_fullwidth=\u00a0\u00bboff\u00a0\u00bb use_custom_width=\u00a0\u00bboff\u00a0\u00bb width_unit=\u00a0\u00bbon\u00a0\u00bb use_custom_gutter=\u00a0\u00bboff\u00a0\u00bb custom_padding=\u00a0\u00bb0px||0px|\u00a0\u00bb padding_mobile=\u00a0\u00bboff\u00a0\u00bb custom_margin=\u00a0\u00bb0px||0px|\u00a0\u00bb allow_player_pause=\u00a0\u00bboff\u00a0\u00bb parallax=\u00a0\u00bboff\u00a0\u00bb parallax_method=\u00a0\u00bboff\u00a0\u00bb make_equal=\u00a0\u00bboff\u00a0\u00bb parallax_1=\u00a0\u00bboff\u00a0\u00bb parallax_method_1=\u00a0\u00bboff\u00a0\u00bb padding_top_1=\u00a0\u00bb0px\u00a0\u00bb padding_bottom_1=\u00a0\u00bb0px\u00a0\u00bb parallax_2=\u00a0\u00bboff\u00a0\u00bb parallax_method_2=\u00a0\u00bboff\u00a0\u00bb padding_top_2=\u00a0\u00bb0px\u00a0\u00bb padding_bottom_2=\u00a0\u00bb0px\u00a0\u00bb column_padding_mobile=\u00a0\u00bbon\u00a0\u00bb][et_pb_column type=\u00a0\u00bb1_4&Prime;][et_pb_text admin_label=\u00a0\u00bbTexte\u00a0\u00bb background_layout=\u00a0\u00bblight\u00a0\u00bb text_orientation=\u00a0\u00bbleft\u00a0\u00bb text_font=\u00a0\u00bbRoboto|on|||\u00a0\u00bb text_font_size=\u00a0\u00bb20&Prime; text_text_color=\u00a0\u00bb#ffffff\u00a0\u00bb background_color=\u00a0\u00bb#bfbfbf\u00a0\u00bb use_border_color=\u00a0\u00bboff\u00a0\u00bb border_color=\u00a0\u00bb#ffffff\u00a0\u00bb border_style=\u00a0\u00bbsolid\u00a0\u00bb custom_padding=\u00a0\u00bb10px|10px|10px|10px\u00a0\u00bb header_font_size=\u00a0\u00bb26px\u00a0\u00bb]<\/p>\n<p>&#8211; 9 000 ans<\/p>\n<p>[\/et_pb_text][\/et_pb_column][et_pb_column type=\u00a0\u00bb3_4&Prime;][et_pb_text admin_label=\u00a0\u00bbTexte\u00a0\u00bb background_layout=\u00a0\u00bblight\u00a0\u00bb text_orientation=\u00a0\u00bbleft\u00a0\u00bb use_border_color=\u00a0\u00bboff\u00a0\u00bb border_color=\u00a0\u00bb#ffffff\u00a0\u00bb border_style=\u00a0\u00bbsolid\u00a0\u00bb text_font_size=\u00a0\u00bb16&Prime;]<\/p>\n<p><strong>Une halte pour les derniers chasseurs-cueilleurs<\/strong><br \/>\nLa premi\u00e8re trace d\u2019occupation du site est attribuable au premier M\u00e9solithique (IX\u00e8me &#8211; VIII\u00e8me mill\u00e9naires avant notre \u00e8re) et correspond sans doute \u00e0 des haltes de chasse \u00e9tablies le long d\u2019un vallon. Les vestiges, fugaces, sont des objets en pierre li\u00e9s au d\u00e9bitage du silex pour la fabrication d\u2019outils, ainsi que quelques restes de taille. Une petite pointe de fl\u00e8che a \u00e9galement \u00e9t\u00e9 d\u00e9couverte.<\/p>\n<p>&nbsp;<\/p>\n<p>[\/et_pb_text][et_pb_image admin_label=\u00a0\u00bbImage\u00a0\u00bb src=\u00a0\u00bbhttps:\/\/batijournal.com\/wp-content\/uploads\/2016\/07\/foyer-pierres-chauffees.jpg\u00a0\u00bb show_in_lightbox=\u00a0\u00bbon\u00a0\u00bb url_new_window=\u00a0\u00bboff\u00a0\u00bb use_overlay=\u00a0\u00bboff\u00a0\u00bb animation=\u00a0\u00bboff\u00a0\u00bb sticky=\u00a0\u00bbon\u00a0\u00bb align=\u00a0\u00bbleft\u00a0\u00bb force_fullwidth=\u00a0\u00bboff\u00a0\u00bb always_center_on_mobile=\u00a0\u00bbon\u00a0\u00bb use_border_color=\u00a0\u00bboff\u00a0\u00bb border_color=\u00a0\u00bb#ffffff\u00a0\u00bb border_style=\u00a0\u00bbsolid\u00a0\u00bb \/][et_pb_text admin_label=\u00a0\u00bbTexte\u00a0\u00bb background_layout=\u00a0\u00bblight\u00a0\u00bb text_orientation=\u00a0\u00bbleft\u00a0\u00bb use_border_color=\u00a0\u00bboff\u00a0\u00bb border_color=\u00a0\u00bb#ffffff\u00a0\u00bb border_style=\u00a0\u00bbsolid\u00a0\u00bb]<\/p>\n<div class=\"field field-name-field-legende field-type-text-long field-label-hidden\">\n<div class=\"field-items\">\n<div class=\"field-item even\">\n<div class=\"field field-name-field-legende field-type-text-long field-label-hidden\">\n<div class=\"field-items\">\n<div class=\"field-item even\">\n<p>Foyer \u00e0 pierres chauff\u00e9es &#8211; Photo : \u00a9 E. Pierre, Inrap<\/p>\n<p>&nbsp;<\/p>\n<\/div>\n<\/div>\n<\/div>\n<\/div>\n<\/div>\n<\/div>\n<p>[\/et_pb_text][\/et_pb_column][\/et_pb_row][et_pb_row admin_label=\u00a0\u00bbLigne\u00a0\u00bb make_fullwidth=\u00a0\u00bboff\u00a0\u00bb use_custom_width=\u00a0\u00bboff\u00a0\u00bb width_unit=\u00a0\u00bbon\u00a0\u00bb use_custom_gutter=\u00a0\u00bboff\u00a0\u00bb custom_padding=\u00a0\u00bb0px||0px|\u00a0\u00bb padding_mobile=\u00a0\u00bboff\u00a0\u00bb custom_margin=\u00a0\u00bb0px||0px|\u00a0\u00bb allow_player_pause=\u00a0\u00bboff\u00a0\u00bb parallax=\u00a0\u00bboff\u00a0\u00bb parallax_method=\u00a0\u00bboff\u00a0\u00bb make_equal=\u00a0\u00bboff\u00a0\u00bb parallax_1=\u00a0\u00bboff\u00a0\u00bb parallax_method_1=\u00a0\u00bboff\u00a0\u00bb padding_top_1=\u00a0\u00bb0px\u00a0\u00bb padding_bottom_1=\u00a0\u00bb0px\u00a0\u00bb parallax_2=\u00a0\u00bboff\u00a0\u00bb parallax_method_2=\u00a0\u00bboff\u00a0\u00bb padding_top_2=\u00a0\u00bb0px\u00a0\u00bb padding_bottom_2=\u00a0\u00bb0px\u00a0\u00bb column_padding_mobile=\u00a0\u00bbon\u00a0\u00bb][et_pb_column type=\u00a0\u00bb1_4&Prime;][et_pb_text admin_label=\u00a0\u00bbTexte\u00a0\u00bb background_layout=\u00a0\u00bblight\u00a0\u00bb text_orientation=\u00a0\u00bbleft\u00a0\u00bb text_font=\u00a0\u00bbRoboto|on|||\u00a0\u00bb text_font_size=\u00a0\u00bb20&Prime; text_text_color=\u00a0\u00bb#ffffff\u00a0\u00bb background_color=\u00a0\u00bb#bfbfbf\u00a0\u00bb use_border_color=\u00a0\u00bboff\u00a0\u00bb border_color=\u00a0\u00bb#ffffff\u00a0\u00bb border_style=\u00a0\u00bbsolid\u00a0\u00bb custom_padding=\u00a0\u00bb10px|10px|10px|10px\u00a0\u00bb header_font_size=\u00a0\u00bb26px\u00a0\u00bb]<\/p>\n<p>&#8211; 5 000 ans ?<\/p>\n<p>[\/et_pb_text][\/et_pb_column][et_pb_column type=\u00a0\u00bb3_4&Prime;][et_pb_text admin_label=\u00a0\u00bbTexte\u00a0\u00bb background_layout=\u00a0\u00bblight\u00a0\u00bb text_orientation=\u00a0\u00bbleft\u00a0\u00bb use_border_color=\u00a0\u00bboff\u00a0\u00bb border_color=\u00a0\u00bb#ffffff\u00a0\u00bb border_style=\u00a0\u00bbsolid\u00a0\u00bb text_font_size=\u00a0\u00bb16&Prime;]<\/p>\n<p><strong>Des \u00e9leveurs du N\u00e9olithique<\/strong><br \/>\nApr\u00e8s quelques mill\u00e9naires d\u2019abandon, le site est investi au N\u00e9olithique par une communaut\u00e9 d\u2019agriculteurs et d\u2019\u00e9leveurs. Les vestiges d\u2019un b\u00e2timent rectangulaire, mesurant pr\u00e8s de 17 m\u00e8tres de long sur 6,4 m\u00e8tres de large, correspondent \u00e0 huit trous, destin\u00e9s \u00e0 supporter les poteaux de son ossature. Certains trous de poteau mesurent jusqu\u2019\u00e0 un m\u00e8tre de diam\u00e8tre pour autant de profondeur. A proximit\u00e9, deux autres pourraient correspondre \u00e0 un appentis s\u2019appuyant sur le b\u00e2timent principal. L\u2019\u00e9tude du mobilier c\u00e9ramique et lithique d\u00e9couvert dans le comblement des poteaux, ainsi que des datations C14 sur charbons de bois, permettront de caler avec plus de pr\u00e9cision la p\u00e9riode d\u2019utilisation du b\u00e2timent.<\/p>\n<p>&nbsp;<\/p>\n<p>[\/et_pb_text][\/et_pb_column][\/et_pb_row][et_pb_row admin_label=\u00a0\u00bbLigne\u00a0\u00bb make_fullwidth=\u00a0\u00bboff\u00a0\u00bb use_custom_width=\u00a0\u00bboff\u00a0\u00bb width_unit=\u00a0\u00bbon\u00a0\u00bb use_custom_gutter=\u00a0\u00bboff\u00a0\u00bb custom_padding=\u00a0\u00bb0px||0px|\u00a0\u00bb padding_mobile=\u00a0\u00bboff\u00a0\u00bb custom_margin=\u00a0\u00bb0px||0px|\u00a0\u00bb allow_player_pause=\u00a0\u00bboff\u00a0\u00bb parallax=\u00a0\u00bboff\u00a0\u00bb parallax_method=\u00a0\u00bboff\u00a0\u00bb make_equal=\u00a0\u00bboff\u00a0\u00bb parallax_1=\u00a0\u00bboff\u00a0\u00bb parallax_method_1=\u00a0\u00bboff\u00a0\u00bb padding_top_1=\u00a0\u00bb0px\u00a0\u00bb padding_bottom_1=\u00a0\u00bb0px\u00a0\u00bb parallax_2=\u00a0\u00bboff\u00a0\u00bb parallax_method_2=\u00a0\u00bboff\u00a0\u00bb padding_top_2=\u00a0\u00bb0px\u00a0\u00bb padding_bottom_2=\u00a0\u00bb0px\u00a0\u00bb column_padding_mobile=\u00a0\u00bbon\u00a0\u00bb][et_pb_column type=\u00a0\u00bb1_4&Prime;][et_pb_text admin_label=\u00a0\u00bbTexte\u00a0\u00bb background_layout=\u00a0\u00bblight\u00a0\u00bb text_orientation=\u00a0\u00bbleft\u00a0\u00bb text_font=\u00a0\u00bbRoboto|on|||\u00a0\u00bb text_font_size=\u00a0\u00bb20&Prime; text_text_color=\u00a0\u00bb#ffffff\u00a0\u00bb background_color=\u00a0\u00bb#bfbfbf\u00a0\u00bb use_border_color=\u00a0\u00bboff\u00a0\u00bb border_color=\u00a0\u00bb#ffffff\u00a0\u00bb border_style=\u00a0\u00bbsolid\u00a0\u00bb custom_padding=\u00a0\u00bb10px|10px|10px|10px\u00a0\u00bb header_font_size=\u00a0\u00bb26px\u00a0\u00bb]<\/p>\n<p>&#8211; 2 200\u00a0ans<br \/>\n&#8211; \u00a0 \u00a0800 ans<\/p>\n<p>[\/et_pb_text][\/et_pb_column][et_pb_column type=\u00a0\u00bb3_4&Prime;][et_pb_text admin_label=\u00a0\u00bbTexte\u00a0\u00bb background_layout=\u00a0\u00bblight\u00a0\u00bb text_orientation=\u00a0\u00bbleft\u00a0\u00bb use_border_color=\u00a0\u00bboff\u00a0\u00bb border_color=\u00a0\u00bb#ffffff\u00a0\u00bb border_style=\u00a0\u00bbsolid\u00a0\u00bb text_font_size=\u00a0\u00bb16&Prime;]<\/p>\n<p><strong>Une occupation importante aux \u00e2ges des M\u00e9taux<\/strong><br \/>\nLes vestiges les plus significatifs datent de l\u2019\u00e2ge du Bronze. Au centre des fouilles, plusieurs concentrations de trous de poteaux ont \u00e9t\u00e9 rep\u00e9r\u00e9es. M\u00eame si aucun plan de b\u00e2timent n\u2019a encore \u00e9t\u00e9 identifi\u00e9, en raison de la difficile lecture du terrain dans cette zone, il s\u2019agit probablement des vestiges de plusieurs habitations. Un r\u00e9seau de foss\u00e9s, d\u00e9limitant des parcelles, quadrille le site. Autres vestiges de la Protohistoire, deux petits b\u00e2timents de plan quadrangulaire pourraient correspondre \u00e0 des ateliers. A proximit\u00e9, les arch\u00e9ologues ont d\u00e9couvert dans des fosses des objets li\u00e9s \u00e0 des activit\u00e9s domestiques \u00a0et artisanales.<\/p>\n<p>[\/et_pb_text][et_pb_image admin_label=\u00a0\u00bbImage\u00a0\u00bb src=\u00a0\u00bbhttps:\/\/batijournal.com\/wp-content\/uploads\/2016\/07\/11.jpg\u00a0\u00bb show_in_lightbox=\u00a0\u00bbon\u00a0\u00bb url_new_window=\u00a0\u00bboff\u00a0\u00bb use_overlay=\u00a0\u00bboff\u00a0\u00bb animation=\u00a0\u00bboff\u00a0\u00bb sticky=\u00a0\u00bbon\u00a0\u00bb align=\u00a0\u00bbleft\u00a0\u00bb force_fullwidth=\u00a0\u00bboff\u00a0\u00bb always_center_on_mobile=\u00a0\u00bbon\u00a0\u00bb use_border_color=\u00a0\u00bboff\u00a0\u00bb border_color=\u00a0\u00bb#ffffff\u00a0\u00bb border_style=\u00a0\u00bbsolid\u00a0\u00bb \/][et_pb_text admin_label=\u00a0\u00bbTexte\u00a0\u00bb background_layout=\u00a0\u00bblight\u00a0\u00bb text_orientation=\u00a0\u00bbleft\u00a0\u00bb use_border_color=\u00a0\u00bboff\u00a0\u00bb border_color=\u00a0\u00bb#ffffff\u00a0\u00bb border_style=\u00a0\u00bbsolid\u00a0\u00bb]<\/p>\n<div class=\"field field-name-field-legende field-type-text-long field-label-hidden\">\n<div class=\"field-items\">\n<div class=\"field-item even\">\n<p>D\u00e9p\u00f4t de 2 haches \u00e0 douille du 1er \u00e2ge du Fer &#8211; Photo : \u00a9 C. Robert, Inrap<\/p>\n<p>&nbsp;<\/p>\n<\/div>\n<\/div>\n<\/div>\n<p>[\/et_pb_text][\/et_pb_column][\/et_pb_row][et_pb_row admin_label=\u00a0\u00bbLigne\u00a0\u00bb make_fullwidth=\u00a0\u00bboff\u00a0\u00bb use_custom_width=\u00a0\u00bboff\u00a0\u00bb width_unit=\u00a0\u00bbon\u00a0\u00bb use_custom_gutter=\u00a0\u00bboff\u00a0\u00bb custom_padding=\u00a0\u00bb0px||0px|\u00a0\u00bb padding_mobile=\u00a0\u00bboff\u00a0\u00bb custom_margin=\u00a0\u00bb0px||0px|\u00a0\u00bb allow_player_pause=\u00a0\u00bboff\u00a0\u00bb parallax=\u00a0\u00bboff\u00a0\u00bb parallax_method=\u00a0\u00bboff\u00a0\u00bb make_equal=\u00a0\u00bboff\u00a0\u00bb parallax_1=\u00a0\u00bboff\u00a0\u00bb parallax_method_1=\u00a0\u00bboff\u00a0\u00bb padding_top_1=\u00a0\u00bb0px\u00a0\u00bb padding_bottom_1=\u00a0\u00bb0px\u00a0\u00bb parallax_2=\u00a0\u00bboff\u00a0\u00bb parallax_method_2=\u00a0\u00bboff\u00a0\u00bb padding_top_2=\u00a0\u00bb0px\u00a0\u00bb padding_bottom_2=\u00a0\u00bb0px\u00a0\u00bb column_padding_mobile=\u00a0\u00bbon\u00a0\u00bb][et_pb_column type=\u00a0\u00bb1_4&Prime;][et_pb_text admin_label=\u00a0\u00bbTexte\u00a0\u00bb background_layout=\u00a0\u00bblight\u00a0\u00bb text_orientation=\u00a0\u00bbleft\u00a0\u00bb text_font=\u00a0\u00bbRoboto|on|||\u00a0\u00bb text_font_size=\u00a0\u00bb20&Prime; text_text_color=\u00a0\u00bb#ffffff\u00a0\u00bb background_color=\u00a0\u00bb#bfbfbf\u00a0\u00bb use_border_color=\u00a0\u00bboff\u00a0\u00bb border_color=\u00a0\u00bb#ffffff\u00a0\u00bb border_style=\u00a0\u00bbsolid\u00a0\u00bb custom_padding=\u00a0\u00bb10px|10px|10px|10px\u00a0\u00bb header_font_size=\u00a0\u00bb26px\u00a0\u00bb]<\/p>\n<p>&#8211; 1 900\u00a0ans<br \/>\n&#8211; 1 700 ans<\/p>\n<p>[\/et_pb_text][\/et_pb_column][et_pb_column type=\u00a0\u00bb3_4&Prime;][et_pb_text admin_label=\u00a0\u00bbTexte\u00a0\u00bb background_layout=\u00a0\u00bblight\u00a0\u00bb text_orientation=\u00a0\u00bbleft\u00a0\u00bb use_border_color=\u00a0\u00bboff\u00a0\u00bb border_color=\u00a0\u00bb#ffffff\u00a0\u00bb border_style=\u00a0\u00bbsolid\u00a0\u00bb text_font_size=\u00a0\u00bb16&Prime;]<\/p>\n<p><strong>Deux n\u00e9cropoles \u00e0 3000 ans d\u2019intervalle<\/strong><br \/>\nNeuf tombes composent une petite n\u00e9cropole de l\u2019\u00e2ge du Bronze. Elles mesurent en moyenne 3 m\u00e8tres de long, sauf une, r\u00e9serv\u00e9e \u00e0 un enfant. Le d\u00e9funt y \u00e9tait inhum\u00e9 dans un cercueil en bois puis la fosse \u00e9tait signal\u00e9e par un petit monticule de terre. Fait assez remarquable pour cette p\u00e9riode, trois tombes contenaient du mobilier : deux ont livr\u00e9 un petit vase en c\u00e9ramique. Dans la derni\u00e8re, le viatique se compose d\u2019un vase biconique \u00e0 trois anses, d\u2019un poignard en bronze \u00e0 rivets et d\u2019un silex taill\u00e9. Cette n\u00e9cropole est \u00e0 mettre en relation avec les maisons de l\u2019\u00e2ge du Bronze ; selon toute vraisemblance, il pourrait s\u2019agir du cimeti\u00e8re destin\u00e9 aux familles ayant v\u00e9cu sur le site \u00e0 cette p\u00e9riode.<\/p>\n<p>[\/et_pb_text][et_pb_image admin_label=\u00a0\u00bbImage\u00a0\u00bb src=\u00a0\u00bbhttps:\/\/batijournal.com\/wp-content\/uploads\/2016\/07\/tombes.jpg\u00a0\u00bb show_in_lightbox=\u00a0\u00bbon\u00a0\u00bb url_new_window=\u00a0\u00bboff\u00a0\u00bb use_overlay=\u00a0\u00bboff\u00a0\u00bb animation=\u00a0\u00bboff\u00a0\u00bb sticky=\u00a0\u00bbon\u00a0\u00bb align=\u00a0\u00bbleft\u00a0\u00bb force_fullwidth=\u00a0\u00bboff\u00a0\u00bb always_center_on_mobile=\u00a0\u00bbon\u00a0\u00bb use_border_color=\u00a0\u00bboff\u00a0\u00bb border_color=\u00a0\u00bb#ffffff\u00a0\u00bb border_style=\u00a0\u00bbsolid\u00a0\u00bb \/][et_pb_text admin_label=\u00a0\u00bbTexte\u00a0\u00bb background_layout=\u00a0\u00bblight\u00a0\u00bb text_orientation=\u00a0\u00bbleft\u00a0\u00bb use_border_color=\u00a0\u00bboff\u00a0\u00bb border_color=\u00a0\u00bb#ffffff\u00a0\u00bb border_style=\u00a0\u00bbsolid\u00a0\u00bb]<\/p>\n<div class=\"field field-name-field-legende field-type-text-long field-label-hidden\">\n<div class=\"field-items\">\n<div class=\"field-item even\">\n<div class=\"field field-name-field-legende field-type-text-long field-label-hidden\">\n<div class=\"field-items\">\n<div class=\"field-item even\">\n<p>Le cimeti\u00e8re m\u00e9di\u00e9val et des foss\u00e9s protohistoriques &#8211; Photo : \u00a9 Herv\u00e9 Paitier et Emmanuelle Collado, Inrap<\/p>\n<p>&nbsp;<\/p>\n<\/div>\n<\/div>\n<\/div>\n<\/div>\n<\/div>\n<\/div>\n<p>[\/et_pb_text][\/et_pb_column][\/et_pb_row][et_pb_row admin_label=\u00a0\u00bbLigne\u00a0\u00bb make_fullwidth=\u00a0\u00bboff\u00a0\u00bb use_custom_width=\u00a0\u00bboff\u00a0\u00bb width_unit=\u00a0\u00bbon\u00a0\u00bb use_custom_gutter=\u00a0\u00bboff\u00a0\u00bb custom_padding=\u00a0\u00bb0px||0px|\u00a0\u00bb padding_mobile=\u00a0\u00bboff\u00a0\u00bb custom_margin=\u00a0\u00bb0px||0px|\u00a0\u00bb allow_player_pause=\u00a0\u00bboff\u00a0\u00bb parallax=\u00a0\u00bboff\u00a0\u00bb parallax_method=\u00a0\u00bboff\u00a0\u00bb make_equal=\u00a0\u00bboff\u00a0\u00bb parallax_1=\u00a0\u00bboff\u00a0\u00bb parallax_method_1=\u00a0\u00bboff\u00a0\u00bb padding_top_1=\u00a0\u00bb0px\u00a0\u00bb padding_bottom_1=\u00a0\u00bb0px\u00a0\u00bb parallax_2=\u00a0\u00bboff\u00a0\u00bb parallax_method_2=\u00a0\u00bboff\u00a0\u00bb padding_top_2=\u00a0\u00bb0px\u00a0\u00bb padding_bottom_2=\u00a0\u00bb0px\u00a0\u00bb column_padding_mobile=\u00a0\u00bbon\u00a0\u00bb][et_pb_column type=\u00a0\u00bb1_4&Prime;][et_pb_text admin_label=\u00a0\u00bbTexte\u00a0\u00bb background_layout=\u00a0\u00bblight\u00a0\u00bb text_orientation=\u00a0\u00bbleft\u00a0\u00bb text_font=\u00a0\u00bbRoboto|on|||\u00a0\u00bb text_font_size=\u00a0\u00bb20&Prime; text_text_color=\u00a0\u00bb#ffffff\u00a0\u00bb background_color=\u00a0\u00bb#bfbfbf\u00a0\u00bb use_border_color=\u00a0\u00bboff\u00a0\u00bb border_color=\u00a0\u00bb#ffffff\u00a0\u00bb border_style=\u00a0\u00bbsolid\u00a0\u00bb custom_padding=\u00a0\u00bb10px|10px|10px|10px\u00a0\u00bb header_font_size=\u00a0\u00bb26px\u00a0\u00bb]<\/p>\n<p>700<br \/>\n1 000<\/p>\n<p>[\/et_pb_text][\/et_pb_column][et_pb_column type=\u00a0\u00bb3_4&Prime;][et_pb_text admin_label=\u00a0\u00bbTexte\u00a0\u00bb background_layout=\u00a0\u00bblight\u00a0\u00bb text_orientation=\u00a0\u00bbleft\u00a0\u00bb use_border_color=\u00a0\u00bboff\u00a0\u00bb border_color=\u00a0\u00bb#ffffff\u00a0\u00bb border_style=\u00a0\u00bbsolid\u00a0\u00bb text_font_size=\u00a0\u00bb16&Prime;]<\/p>\n<p>Au haut Moyen \u00c2ge (entre le VIII\u00e8me et le XI\u00e8me si\u00e8cle), le site est r\u00e9occup\u00e9 comme cimeti\u00e8re. Une trentaine de tombes en fosse correspond sans doute \u00e0 la limite occidentale d\u2019un espace fun\u00e9raire qui doit s\u2019\u00e9tendre \u00e0 l\u2019est, hors de l\u2019emprise de fouille. Toutes orient\u00e9es est-ouest, les s\u00e9pultures, de diverses tailles, ne pr\u00e9sentent aucun am\u00e9nagement. Elles sont vides de mobilier ou de restes osseux.<\/p>\n<p>[\/et_pb_text][\/et_pb_column][\/et_pb_row][et_pb_row admin_label=\u00a0\u00bbLigne\u00a0\u00bb][et_pb_column type=\u00a0\u00bb4_4&Prime;][et_pb_text admin_label=\u00a0\u00bbTexte\u00a0\u00bb background_layout=\u00a0\u00bblight\u00a0\u00bb text_orientation=\u00a0\u00bbleft\u00a0\u00bb use_border_color=\u00a0\u00bboff\u00a0\u00bb border_color=\u00a0\u00bb#ffffff\u00a0\u00bb border_style=\u00a0\u00bbsolid\u00a0\u00bb]<\/p>\n<p>Photo en-t\u00eate : Vue a\u00e9rienne du site \u00a9 Herv\u00e9 Paitier, Inrap<\/p>\n<p>[\/et_pb_text][\/et_pb_column][\/et_pb_row][\/et_pb_section]<\/p>\n","protected":false},"excerpt":{"rendered":"<p>A Ergu\u00e9-Gab\u00e9ric, les arch\u00e9ologues de l\u2019Inrap m\u00e8nent une fouille pr\u00e9ventive sur 6 hectares, en amont d\u2019un projet d\u2019am\u00e9nagement par Quimper communaut\u00e9. Le site occupe une situation privil\u00e9gi\u00e9e sur un fond de vall\u00e9e o\u00f9 les hommes se sont naturellement install\u00e9 depuis des mill\u00e9naires.<\/p>\n","protected":false},"author":17,"featured_media":93401,"comment_status":"closed","ping_status":"closed","sticky":false,"template":"","format":"standard","meta":{"_et_pb_use_builder":"on","_et_pb_old_content":"<p>A Ergu\u00e9-Gab\u00e9ric, les arch\u00e9ologues de l\u2019Inrap m\u00e8nent une fouille pr\u00e9ventive sur 6 hectares, en amont d\u2019un projet d\u2019am\u00e9nagement par Quimper communaut\u00e9. Le site occupe une situation privil\u00e9gi\u00e9e sur un fond de vall\u00e9e o\u00f9 les hommes se sont naturellement install\u00e9 depuis des mill\u00e9naires. La fouille en cours a livr\u00e9 d\u2019importantes d\u00e9couvertes, de la Pr\u00e9histoire au Moyen \u00c2ge.<\/p><p>\u00a0<\/p>","_et_gb_content_width":"","footnotes":""},"categories":[6340],"tags":[],"class_list":["post-93400","post","type-post","status-publish","format-standard","has-post-thumbnail","hentry","category-architecture-conception"],"yoast_head":"<!-- This site is optimized with the Yoast SEO plugin v27.4 - https:\/\/yoast.com\/product\/yoast-seo-wordpress\/ -->\n<title>10 000 ans d&#039;occupation humaine dans l&#039;agglom\u00e9ration de Quimper<\/title>\n<meta name=\"robots\" content=\"index, follow, max-snippet:-1, max-image-preview:large, max-video-preview:-1\" \/>\n<link rel=\"canonical\" href=\"https:\/\/batijournal.com\/index.php\/10-000-ans-doccupation-humaine-lagglomeration-de-quimper\/93400\/\" \/>\n<meta property=\"og:locale\" content=\"fr_FR\" \/>\n<meta property=\"og:type\" content=\"article\" \/>\n<meta property=\"og:title\" content=\"10 000 ans d&#039;occupation humaine dans l&#039;agglom\u00e9ration de Quimper\" \/>\n<meta property=\"og:description\" content=\"A Ergu\u00e9-Gab\u00e9ric, les arch\u00e9ologues de l\u2019Inrap m\u00e8nent une fouille pr\u00e9ventive sur 6 hectares, en amont d\u2019un projet d\u2019am\u00e9nagement par Quimper communaut\u00e9. Le site occupe une situation privil\u00e9gi\u00e9e sur un fond de vall\u00e9e o\u00f9 les hommes se sont naturellement install\u00e9 depuis des mill\u00e9naires.\" \/>\n<meta property=\"og:url\" content=\"https:\/\/batijournal.com\/index.php\/10-000-ans-doccupation-humaine-lagglomeration-de-quimper\/93400\/\" \/>\n<meta property=\"og:site_name\" content=\"Batijournal\" \/>\n<meta property=\"article:published_time\" content=\"2016-07-12T20:17:22+00:00\" \/>\n<meta property=\"article:modified_time\" content=\"2019-07-15T09:16:40+00:00\" \/>\n<meta property=\"og:image\" content=\"https:\/\/batijournal.com\/wp-content\/uploads\/2016\/07\/vue-aerienne-fouilles-quimper.jpg\" \/>\n\t<meta property=\"og:image:width\" content=\"1920\" \/>\n\t<meta property=\"og:image:height\" content=\"1280\" \/>\n\t<meta property=\"og:image:type\" content=\"image\/jpeg\" \/>\n<meta name=\"author\" content=\"St\u00e9phane Miget\" \/>\n<meta name=\"twitter:card\" content=\"summary_large_image\" \/>\n<meta name=\"twitter:creator\" content=\"@bati_journal\" \/>\n<meta name=\"twitter:site\" content=\"@bati_journal\" \/>\n<meta name=\"twitter:label1\" content=\"\u00c9crit par\" \/>\n\t<meta name=\"twitter:data1\" content=\"St\u00e9phane Miget\" \/>\n\t<meta name=\"twitter:label2\" content=\"Dur\u00e9e de lecture estim\u00e9e\" \/>\n\t<meta name=\"twitter:data2\" content=\"9 minutes\" \/>\n<script type=\"application\/ld+json\" class=\"yoast-schema-graph\">{\"@context\":\"https:\\\/\\\/schema.org\",\"@graph\":[{\"@type\":\"Article\",\"@id\":\"https:\\\/\\\/batijournal.com\\\/index.php\\\/10-000-ans-doccupation-humaine-lagglomeration-de-quimper\\\/93400\\\/#article\",\"isPartOf\":{\"@id\":\"https:\\\/\\\/batijournal.com\\\/index.php\\\/10-000-ans-doccupation-humaine-lagglomeration-de-quimper\\\/93400\\\/\"},\"author\":{\"name\":\"St\u00e9phane Miget\",\"@id\":\"https:\\\/\\\/batijournal.com\\\/#\\\/schema\\\/person\\\/1dc96ec6957aa1ccb25ebe78bb19f100\"},\"headline\":\"10 000 ans d&rsquo;occupation humaine dans l&rsquo;agglom\u00e9ration de Quimper\",\"datePublished\":\"2016-07-12T20:17:22+00:00\",\"dateModified\":\"2019-07-15T09:16:40+00:00\",\"mainEntityOfPage\":{\"@id\":\"https:\\\/\\\/batijournal.com\\\/index.php\\\/10-000-ans-doccupation-humaine-lagglomeration-de-quimper\\\/93400\\\/\"},\"wordCount\":1832,\"image\":{\"@id\":\"https:\\\/\\\/batijournal.com\\\/index.php\\\/10-000-ans-doccupation-humaine-lagglomeration-de-quimper\\\/93400\\\/#primaryimage\"},\"thumbnailUrl\":\"https:\\\/\\\/batijournal.com\\\/wp-content\\\/uploads\\\/2016\\\/07\\\/vue-aerienne-fouilles-quimper.jpg\",\"articleSection\":[\"Architecture &amp; Conception\"],\"inLanguage\":\"fr-FR\"},{\"@type\":\"WebPage\",\"@id\":\"https:\\\/\\\/batijournal.com\\\/index.php\\\/10-000-ans-doccupation-humaine-lagglomeration-de-quimper\\\/93400\\\/\",\"url\":\"https:\\\/\\\/batijournal.com\\\/index.php\\\/10-000-ans-doccupation-humaine-lagglomeration-de-quimper\\\/93400\\\/\",\"name\":\"10 000 ans d'occupation humaine dans l'agglom\u00e9ration de Quimper\",\"isPartOf\":{\"@id\":\"https:\\\/\\\/batijournal.com\\\/#website\"},\"primaryImageOfPage\":{\"@id\":\"https:\\\/\\\/batijournal.com\\\/index.php\\\/10-000-ans-doccupation-humaine-lagglomeration-de-quimper\\\/93400\\\/#primaryimage\"},\"image\":{\"@id\":\"https:\\\/\\\/batijournal.com\\\/index.php\\\/10-000-ans-doccupation-humaine-lagglomeration-de-quimper\\\/93400\\\/#primaryimage\"},\"thumbnailUrl\":\"https:\\\/\\\/batijournal.com\\\/wp-content\\\/uploads\\\/2016\\\/07\\\/vue-aerienne-fouilles-quimper.jpg\",\"datePublished\":\"2016-07-12T20:17:22+00:00\",\"dateModified\":\"2019-07-15T09:16:40+00:00\",\"author\":{\"@id\":\"https:\\\/\\\/batijournal.com\\\/#\\\/schema\\\/person\\\/1dc96ec6957aa1ccb25ebe78bb19f100\"},\"breadcrumb\":{\"@id\":\"https:\\\/\\\/batijournal.com\\\/index.php\\\/10-000-ans-doccupation-humaine-lagglomeration-de-quimper\\\/93400\\\/#breadcrumb\"},\"inLanguage\":\"fr-FR\",\"potentialAction\":[{\"@type\":\"ReadAction\",\"target\":[\"https:\\\/\\\/batijournal.com\\\/index.php\\\/10-000-ans-doccupation-humaine-lagglomeration-de-quimper\\\/93400\\\/\"]}]},{\"@type\":\"ImageObject\",\"inLanguage\":\"fr-FR\",\"@id\":\"https:\\\/\\\/batijournal.com\\\/index.php\\\/10-000-ans-doccupation-humaine-lagglomeration-de-quimper\\\/93400\\\/#primaryimage\",\"url\":\"https:\\\/\\\/batijournal.com\\\/wp-content\\\/uploads\\\/2016\\\/07\\\/vue-aerienne-fouilles-quimper.jpg\",\"contentUrl\":\"https:\\\/\\\/batijournal.com\\\/wp-content\\\/uploads\\\/2016\\\/07\\\/vue-aerienne-fouilles-quimper.jpg\",\"width\":1920,\"height\":1280},{\"@type\":\"BreadcrumbList\",\"@id\":\"https:\\\/\\\/batijournal.com\\\/index.php\\\/10-000-ans-doccupation-humaine-lagglomeration-de-quimper\\\/93400\\\/#breadcrumb\",\"itemListElement\":[{\"@type\":\"ListItem\",\"position\":1,\"name\":\"Accueil\",\"item\":\"https:\\\/\\\/batijournal.com\\\/\"},{\"@type\":\"ListItem\",\"position\":2,\"name\":\"Actualit\u00e9s\",\"item\":\"https:\\\/\\\/batijournal.com\\\/index.php\\\/category\\\/actualites\\\/\"},{\"@type\":\"ListItem\",\"position\":3,\"name\":\"Architecture &amp; Conception\",\"item\":\"https:\\\/\\\/batijournal.com\\\/index.php\\\/category\\\/actualites\\\/architecture-conception\\\/\"},{\"@type\":\"ListItem\",\"position\":4,\"name\":\"10 000 ans d&rsquo;occupation humaine dans l&rsquo;agglom\u00e9ration de Quimper\"}]},{\"@type\":\"WebSite\",\"@id\":\"https:\\\/\\\/batijournal.com\\\/#website\",\"url\":\"https:\\\/\\\/batijournal.com\\\/\",\"name\":\"Batijournal\",\"description\":\"L&#039;actualit\u00e9 du b\u00e2timent\",\"potentialAction\":[{\"@type\":\"SearchAction\",\"target\":{\"@type\":\"EntryPoint\",\"urlTemplate\":\"https:\\\/\\\/batijournal.com\\\/?s={search_term_string}\"},\"query-input\":{\"@type\":\"PropertyValueSpecification\",\"valueRequired\":true,\"valueName\":\"search_term_string\"}}],\"inLanguage\":\"fr-FR\"},{\"@type\":\"Person\",\"@id\":\"https:\\\/\\\/batijournal.com\\\/#\\\/schema\\\/person\\\/1dc96ec6957aa1ccb25ebe78bb19f100\",\"name\":\"St\u00e9phane Miget\",\"image\":{\"@type\":\"ImageObject\",\"inLanguage\":\"fr-FR\",\"@id\":\"https:\\\/\\\/secure.gravatar.com\\\/avatar\\\/89915563d925342126b8ef0281b93d9d7fc337043e8df017f780908eb9644451?s=96&d=mm&r=g\",\"url\":\"https:\\\/\\\/secure.gravatar.com\\\/avatar\\\/89915563d925342126b8ef0281b93d9d7fc337043e8df017f780908eb9644451?s=96&d=mm&r=g\",\"contentUrl\":\"https:\\\/\\\/secure.gravatar.com\\\/avatar\\\/89915563d925342126b8ef0281b93d9d7fc337043e8df017f780908eb9644451?s=96&d=mm&r=g\",\"caption\":\"St\u00e9phane Miget\"},\"url\":\"https:\\\/\\\/batijournal.com\\\/index.php\\\/author\\\/stephane\\\/\"}]}<\/script>\n<!-- \/ Yoast SEO plugin. -->","yoast_head_json":{"title":"10 000 ans d'occupation humaine dans l'agglom\u00e9ration de Quimper","robots":{"index":"index","follow":"follow","max-snippet":"max-snippet:-1","max-image-preview":"max-image-preview:large","max-video-preview":"max-video-preview:-1"},"canonical":"https:\/\/batijournal.com\/index.php\/10-000-ans-doccupation-humaine-lagglomeration-de-quimper\/93400\/","og_locale":"fr_FR","og_type":"article","og_title":"10 000 ans d'occupation humaine dans l'agglom\u00e9ration de Quimper","og_description":"A Ergu\u00e9-Gab\u00e9ric, les arch\u00e9ologues de l\u2019Inrap m\u00e8nent une fouille pr\u00e9ventive sur 6 hectares, en amont d\u2019un projet d\u2019am\u00e9nagement par Quimper communaut\u00e9. Le site occupe une situation privil\u00e9gi\u00e9e sur un fond de vall\u00e9e o\u00f9 les hommes se sont naturellement install\u00e9 depuis des mill\u00e9naires.","og_url":"https:\/\/batijournal.com\/index.php\/10-000-ans-doccupation-humaine-lagglomeration-de-quimper\/93400\/","og_site_name":"Batijournal","article_published_time":"2016-07-12T20:17:22+00:00","article_modified_time":"2019-07-15T09:16:40+00:00","og_image":[{"width":1920,"height":1280,"url":"https:\/\/batijournal.com\/wp-content\/uploads\/2016\/07\/vue-aerienne-fouilles-quimper.jpg","type":"image\/jpeg"}],"author":"St\u00e9phane Miget","twitter_card":"summary_large_image","twitter_creator":"@bati_journal","twitter_site":"@bati_journal","twitter_misc":{"\u00c9crit par":"St\u00e9phane Miget","Dur\u00e9e de lecture estim\u00e9e":"9 minutes"},"schema":{"@context":"https:\/\/schema.org","@graph":[{"@type":"Article","@id":"https:\/\/batijournal.com\/index.php\/10-000-ans-doccupation-humaine-lagglomeration-de-quimper\/93400\/#article","isPartOf":{"@id":"https:\/\/batijournal.com\/index.php\/10-000-ans-doccupation-humaine-lagglomeration-de-quimper\/93400\/"},"author":{"name":"St\u00e9phane Miget","@id":"https:\/\/batijournal.com\/#\/schema\/person\/1dc96ec6957aa1ccb25ebe78bb19f100"},"headline":"10 000 ans d&rsquo;occupation humaine dans l&rsquo;agglom\u00e9ration de Quimper","datePublished":"2016-07-12T20:17:22+00:00","dateModified":"2019-07-15T09:16:40+00:00","mainEntityOfPage":{"@id":"https:\/\/batijournal.com\/index.php\/10-000-ans-doccupation-humaine-lagglomeration-de-quimper\/93400\/"},"wordCount":1832,"image":{"@id":"https:\/\/batijournal.com\/index.php\/10-000-ans-doccupation-humaine-lagglomeration-de-quimper\/93400\/#primaryimage"},"thumbnailUrl":"https:\/\/batijournal.com\/wp-content\/uploads\/2016\/07\/vue-aerienne-fouilles-quimper.jpg","articleSection":["Architecture &amp; Conception"],"inLanguage":"fr-FR"},{"@type":"WebPage","@id":"https:\/\/batijournal.com\/index.php\/10-000-ans-doccupation-humaine-lagglomeration-de-quimper\/93400\/","url":"https:\/\/batijournal.com\/index.php\/10-000-ans-doccupation-humaine-lagglomeration-de-quimper\/93400\/","name":"10 000 ans d'occupation humaine dans l'agglom\u00e9ration de Quimper","isPartOf":{"@id":"https:\/\/batijournal.com\/#website"},"primaryImageOfPage":{"@id":"https:\/\/batijournal.com\/index.php\/10-000-ans-doccupation-humaine-lagglomeration-de-quimper\/93400\/#primaryimage"},"image":{"@id":"https:\/\/batijournal.com\/index.php\/10-000-ans-doccupation-humaine-lagglomeration-de-quimper\/93400\/#primaryimage"},"thumbnailUrl":"https:\/\/batijournal.com\/wp-content\/uploads\/2016\/07\/vue-aerienne-fouilles-quimper.jpg","datePublished":"2016-07-12T20:17:22+00:00","dateModified":"2019-07-15T09:16:40+00:00","author":{"@id":"https:\/\/batijournal.com\/#\/schema\/person\/1dc96ec6957aa1ccb25ebe78bb19f100"},"breadcrumb":{"@id":"https:\/\/batijournal.com\/index.php\/10-000-ans-doccupation-humaine-lagglomeration-de-quimper\/93400\/#breadcrumb"},"inLanguage":"fr-FR","potentialAction":[{"@type":"ReadAction","target":["https:\/\/batijournal.com\/index.php\/10-000-ans-doccupation-humaine-lagglomeration-de-quimper\/93400\/"]}]},{"@type":"ImageObject","inLanguage":"fr-FR","@id":"https:\/\/batijournal.com\/index.php\/10-000-ans-doccupation-humaine-lagglomeration-de-quimper\/93400\/#primaryimage","url":"https:\/\/batijournal.com\/wp-content\/uploads\/2016\/07\/vue-aerienne-fouilles-quimper.jpg","contentUrl":"https:\/\/batijournal.com\/wp-content\/uploads\/2016\/07\/vue-aerienne-fouilles-quimper.jpg","width":1920,"height":1280},{"@type":"BreadcrumbList","@id":"https:\/\/batijournal.com\/index.php\/10-000-ans-doccupation-humaine-lagglomeration-de-quimper\/93400\/#breadcrumb","itemListElement":[{"@type":"ListItem","position":1,"name":"Accueil","item":"https:\/\/batijournal.com\/"},{"@type":"ListItem","position":2,"name":"Actualit\u00e9s","item":"https:\/\/batijournal.com\/index.php\/category\/actualites\/"},{"@type":"ListItem","position":3,"name":"Architecture &amp; Conception","item":"https:\/\/batijournal.com\/index.php\/category\/actualites\/architecture-conception\/"},{"@type":"ListItem","position":4,"name":"10 000 ans d&rsquo;occupation humaine dans l&rsquo;agglom\u00e9ration de Quimper"}]},{"@type":"WebSite","@id":"https:\/\/batijournal.com\/#website","url":"https:\/\/batijournal.com\/","name":"Batijournal","description":"L&#039;actualit\u00e9 du b\u00e2timent","potentialAction":[{"@type":"SearchAction","target":{"@type":"EntryPoint","urlTemplate":"https:\/\/batijournal.com\/?s={search_term_string}"},"query-input":{"@type":"PropertyValueSpecification","valueRequired":true,"valueName":"search_term_string"}}],"inLanguage":"fr-FR"},{"@type":"Person","@id":"https:\/\/batijournal.com\/#\/schema\/person\/1dc96ec6957aa1ccb25ebe78bb19f100","name":"St\u00e9phane Miget","image":{"@type":"ImageObject","inLanguage":"fr-FR","@id":"https:\/\/secure.gravatar.com\/avatar\/89915563d925342126b8ef0281b93d9d7fc337043e8df017f780908eb9644451?s=96&d=mm&r=g","url":"https:\/\/secure.gravatar.com\/avatar\/89915563d925342126b8ef0281b93d9d7fc337043e8df017f780908eb9644451?s=96&d=mm&r=g","contentUrl":"https:\/\/secure.gravatar.com\/avatar\/89915563d925342126b8ef0281b93d9d7fc337043e8df017f780908eb9644451?s=96&d=mm&r=g","caption":"St\u00e9phane Miget"},"url":"https:\/\/batijournal.com\/index.php\/author\/stephane\/"}]}},"_links":{"self":[{"href":"https:\/\/batijournal.com\/index.php\/wp-json\/wp\/v2\/posts\/93400","targetHints":{"allow":["GET"]}}],"collection":[{"href":"https:\/\/batijournal.com\/index.php\/wp-json\/wp\/v2\/posts"}],"about":[{"href":"https:\/\/batijournal.com\/index.php\/wp-json\/wp\/v2\/types\/post"}],"author":[{"embeddable":true,"href":"https:\/\/batijournal.com\/index.php\/wp-json\/wp\/v2\/users\/17"}],"replies":[{"embeddable":true,"href":"https:\/\/batijournal.com\/index.php\/wp-json\/wp\/v2\/comments?post=93400"}],"version-history":[{"count":0,"href":"https:\/\/batijournal.com\/index.php\/wp-json\/wp\/v2\/posts\/93400\/revisions"}],"wp:featuredmedia":[{"embeddable":true,"href":"https:\/\/batijournal.com\/index.php\/wp-json\/wp\/v2\/media\/93401"}],"wp:attachment":[{"href":"https:\/\/batijournal.com\/index.php\/wp-json\/wp\/v2\/media?parent=93400"}],"wp:term":[{"taxonomy":"category","embeddable":true,"href":"https:\/\/batijournal.com\/index.php\/wp-json\/wp\/v2\/categories?post=93400"},{"taxonomy":"post_tag","embeddable":true,"href":"https:\/\/batijournal.com\/index.php\/wp-json\/wp\/v2\/tags?post=93400"}],"curies":[{"name":"wp","href":"https:\/\/api.w.org\/{rel}","templated":true}]}}