{"id":93412,"date":"2016-07-13T09:00:04","date_gmt":"2016-07-13T07:00:04","guid":{"rendered":"http:\/\/batijournal.com\/?p=93412"},"modified":"2019-07-15T11:16:40","modified_gmt":"2019-07-15T09:16:40","slug":"chateau-de-voltaire-restaure-repense","status":"publish","type":"post","link":"https:\/\/batijournal.com\/index.php\/chateau-de-voltaire-restaure-repense\/93412\/","title":{"rendered":"Le ch\u00e2teau de Voltaire restaur\u00e9 et repens\u00e9"},"content":{"rendered":"<p>[et_pb_section admin_label=\u00a0\u00bbsection\u00a0\u00bb][et_pb_row admin_label=\u00a0\u00bbrow\u00a0\u00bb][et_pb_column type=\u00a0\u00bb1_2&Prime;][et_pb_text admin_label=\u00a0\u00bbTexte\u00a0\u00bb background_layout=\u00a0\u00bblight\u00a0\u00bb text_orientation=\u00a0\u00bbright\u00a0\u00bb text_font_size=\u00a0\u00bb20&Prime; use_border_color=\u00a0\u00bboff\u00a0\u00bb border_color=\u00a0\u00bb#ffffff\u00a0\u00bb border_style=\u00a0\u00bbsolid\u00a0\u00bb]<\/p>\n<p><strong>Le ch\u00e2teau de Voltaire \u00e0 Ferney dans l&rsquo;Ain b\u00e9n\u00e9ficie d\u2019une importante campagne de restauration men\u00e9e par le Centre des monuments nationaux. D\u2019un montant estim\u00e9 \u00e0 plus de 8 millions d\u2019euros, les travaux ont d\u00e9but\u00e9 en janvier 2016, pour une r\u00e9ception au printemps 2018.<\/strong><\/p>\n<p>&nbsp;<\/p>\n<p>[\/et_pb_text][\/et_pb_column][et_pb_column type=\u00a0\u00bb1_2&Prime;][et_pb_text admin_label=\u00a0\u00bbTexte\u00a0\u00bb background_layout=\u00a0\u00bblight\u00a0\u00bb text_orientation=\u00a0\u00bbleft\u00a0\u00bb use_border_color=\u00a0\u00bboff\u00a0\u00bb border_color=\u00a0\u00bb#ffffff\u00a0\u00bb border_style=\u00a0\u00bbsolid\u00a0\u00bb]<\/p>\n<p>Le domaine de Ferney fut acquis par Voltaire en 1759. Durant les 20 ann\u00e9es o\u00f9 il y v\u00e9cut, il reconstruisit le ch\u00e2teau, d\u00e9veloppa le domaine et investit dans le village de Ferney. C\u2019est en ces lieux qu\u2019il \u00e9crivit quelques-uns de ses chefs-d\u2019\u0153uvre et qu\u2019il re\u00e7ut, en tant qu\u2019 \u00ab aubergiste de l\u2019Europe \u00bb, grand nombre de ses contemporains. \u00c0 sa mort, en 1778, le domaine fut vendu et passa entre de nombreuses mains avant que l\u2019Etat ne s\u2019en porte acqu\u00e9reur en 1999. Le monument porte les traces de ses propri\u00e9taires successifs et des modifications qu\u2019ils ont apport\u00e9es, notamment dans les dispositions int\u00e9rieures du ch\u00e2teau et sur le parc du domaine. Le CMN a fait le choix d\u2019une restauration qui tient compte de cette histoire \u00e9crite au fil des XIX\u00e8me et XX\u00e8me si\u00e8cles.<\/p>\n<p>[\/et_pb_text][\/et_pb_column][\/et_pb_row][et_pb_row admin_label=\u00a0\u00bbLigne\u00a0\u00bb][et_pb_column type=\u00a0\u00bb4_4&Prime;][et_pb_image admin_label=\u00a0\u00bbImage\u00a0\u00bb src=\u00a0\u00bbhttps:\/\/batijournal.com\/wp-content\/uploads\/2016\/07\/2-Chateau-de-Voltaire-avant-restauration-David-Bordes-CMN.jpg\u00a0\u00bb show_in_lightbox=\u00a0\u00bbon\u00a0\u00bb url_new_window=\u00a0\u00bboff\u00a0\u00bb use_overlay=\u00a0\u00bboff\u00a0\u00bb animation=\u00a0\u00bboff\u00a0\u00bb sticky=\u00a0\u00bboff\u00a0\u00bb align=\u00a0\u00bbleft\u00a0\u00bb force_fullwidth=\u00a0\u00bboff\u00a0\u00bb always_center_on_mobile=\u00a0\u00bbon\u00a0\u00bb use_border_color=\u00a0\u00bboff\u00a0\u00bb border_color=\u00a0\u00bb#ffffff\u00a0\u00bb border_style=\u00a0\u00bbsolid\u00a0\u00bb] [\/et_pb_image][et_pb_text admin_label=\u00a0\u00bbTexte\u00a0\u00bb background_layout=\u00a0\u00bblight\u00a0\u00bb text_orientation=\u00a0\u00bbleft\u00a0\u00bb use_border_color=\u00a0\u00bboff\u00a0\u00bb border_color=\u00a0\u00bb#ffffff\u00a0\u00bb border_style=\u00a0\u00bbsolid\u00a0\u00bb]<\/p>\n<p>Ce chantier d\u2019envergure est men\u00e9 sous la ma\u00eetrise d\u2019ouvrage du Centre des monuments nationaux et la ma\u00eetrise d\u2019\u0153uvre de Fran\u00e7ois Chatillon, architecte en chef des monuments historiques. Il impose la fermeture du ch\u00e2teau pendant deux ans. Le domaine reste n\u00e9anmoins ouvert et les visiteurs peuvent profiter de l\u2019orangerie restaur\u00e9e et du parc.<\/p>\n<p>[\/et_pb_text][et_pb_image admin_label=\u00a0\u00bbImage\u00a0\u00bb src=\u00a0\u00bbhttps:\/\/batijournal.com\/wp-content\/uploads\/2016\/07\/4-Le-chateau-de-Voltaire-pendant-les-travaux-CMN.jpg\u00a0\u00bb show_in_lightbox=\u00a0\u00bbon\u00a0\u00bb url_new_window=\u00a0\u00bboff\u00a0\u00bb use_overlay=\u00a0\u00bboff\u00a0\u00bb animation=\u00a0\u00bboff\u00a0\u00bb sticky=\u00a0\u00bboff\u00a0\u00bb align=\u00a0\u00bbleft\u00a0\u00bb force_fullwidth=\u00a0\u00bboff\u00a0\u00bb always_center_on_mobile=\u00a0\u00bbon\u00a0\u00bb use_border_color=\u00a0\u00bboff\u00a0\u00bb border_color=\u00a0\u00bb#ffffff\u00a0\u00bb border_style=\u00a0\u00bbsolid\u00a0\u00bb] [\/et_pb_image][\/et_pb_column][\/et_pb_row][et_pb_row admin_label=\u00a0\u00bbLigne\u00a0\u00bb][et_pb_column type=\u00a0\u00bb1_2&Prime;][et_pb_text admin_label=\u00a0\u00bbTexte\u00a0\u00bb background_layout=\u00a0\u00bblight\u00a0\u00bb text_orientation=\u00a0\u00bbleft\u00a0\u00bb use_border_color=\u00a0\u00bboff\u00a0\u00bb border_color=\u00a0\u00bb#ffffff\u00a0\u00bb border_style=\u00a0\u00bbsolid\u00a0\u00bb]<\/p>\n<p>Avant le lancement des travaux, le monument a b\u00e9n\u00e9fici\u00e9 d\u2019une op\u00e9ration de d\u00e9samiantage, d\u2019un traitement contre la m\u00e9rule et de la mise en place d\u2019un dispositif sp\u00e9cifique sur le chantier pour emp\u00eacher la propagation du plomb, dont la pr\u00e9sence avait \u00e9t\u00e9 not\u00e9e dans l\u2019\u00e9tude d\u2019\u00e9valuation de 2012.<\/p>\n<p><strong>La couverture<\/strong><br \/>\nLes toitures du corps central et des deux pavillons vont \u00eatre restaur\u00e9es. La volum\u00e9trie ne sera pas modifi\u00e9e. Il s&rsquo;agira uniquement de remplacer les ardoises ainsi que les \u00e9l\u00e9ments en plomb, afin d&rsquo;am\u00e9liorer l\u2019\u00e9tanch\u00e9it\u00e9 de la couverture. En outre, pour assurer une plus grande long\u00e9vit\u00e9 \u00e0 l&rsquo;ouvrage, les \u00e9l\u00e9ments en zinc seront remplac\u00e9s par du cuivre \u00e9tam\u00e9, dont la couleur se rapprochera le plus possible du plomb. Les \u00e9pis de fa\u00eetage seront restaur\u00e9s. La charpente fera \u00e9galement l\u2019objet d\u2019une r\u00e9vision. Un grand parapluie a \u00e9t\u00e9 d\u00e9ploy\u00e9 sur les \u00e9chafaudages qui entourent le ch\u00e2teau.<\/p>\n<p>[\/et_pb_text][et_pb_image admin_label=\u00a0\u00bbImage\u00a0\u00bb src=\u00a0\u00bbhttps:\/\/batijournal.com\/wp-content\/uploads\/2016\/07\/7-La-toiture-du-chateau-de-Voltaire-avant-restauration-CMN.jpg\u00a0\u00bb show_in_lightbox=\u00a0\u00bbon\u00a0\u00bb url_new_window=\u00a0\u00bboff\u00a0\u00bb use_overlay=\u00a0\u00bboff\u00a0\u00bb animation=\u00a0\u00bboff\u00a0\u00bb sticky=\u00a0\u00bboff\u00a0\u00bb align=\u00a0\u00bbleft\u00a0\u00bb force_fullwidth=\u00a0\u00bboff\u00a0\u00bb always_center_on_mobile=\u00a0\u00bbon\u00a0\u00bb use_border_color=\u00a0\u00bboff\u00a0\u00bb border_color=\u00a0\u00bb#ffffff\u00a0\u00bb border_style=\u00a0\u00bbsolid\u00a0\u00bb] [\/et_pb_image][et_pb_text admin_label=\u00a0\u00bbTexte\u00a0\u00bb background_layout=\u00a0\u00bblight\u00a0\u00bb text_orientation=\u00a0\u00bbleft\u00a0\u00bb use_border_color=\u00a0\u00bboff\u00a0\u00bb border_color=\u00a0\u00bb#ffffff\u00a0\u00bb border_style=\u00a0\u00bbsolid\u00a0\u00bb]<\/p>\n<p><strong>Les fa\u00e7ades<br \/>\n<\/strong>Faites d&rsquo;une pierre \u00e0 b\u00e2tir tir\u00e9e d\u2019un gr\u00e9s argileux utilis\u00e9 en Suisse et facile \u00e0 tailler, la molasse, les fa\u00e7ades du ch\u00e2teau pr\u00e9sentent un grand nombre de pathologies, et notamment une perte de mati\u00e8res importante. Les parties les plus alt\u00e9r\u00e9es seront remplac\u00e9es ou reconstitu\u00e9es et le reste des fa\u00e7ades b\u00e9n\u00e9ficieront d&rsquo;un nettoyage de leurs parements et enduits. Les menuiseries ne seront remplac\u00e9es que lorsque leur \u00e9tat ne permet pas une restauration et toute intervention se fera \u00e0 l\u2019identique. Deux fen\u00eatres du rez-de-chauss\u00e9e, actuellement bouch\u00e9es, seront r\u00e9-ouvertes. La v\u00e9randa, qui a \u00e9t\u00e9 d\u00e9pos\u00e9e, sera restaur\u00e9e.<\/p>\n<p>[\/et_pb_text][\/et_pb_column][et_pb_column type=\u00a0\u00bb1_2&Prime;][et_pb_image admin_label=\u00a0\u00bbImage\u00a0\u00bb src=\u00a0\u00bbhttps:\/\/batijournal.com\/wp-content\/uploads\/2016\/07\/11-Portrait-de-Voltaire-David-Bordes-CMN.jpg\u00a0\u00bb show_in_lightbox=\u00a0\u00bbon\u00a0\u00bb url_new_window=\u00a0\u00bboff\u00a0\u00bb use_overlay=\u00a0\u00bboff\u00a0\u00bb animation=\u00a0\u00bboff\u00a0\u00bb sticky=\u00a0\u00bboff\u00a0\u00bb align=\u00a0\u00bbleft\u00a0\u00bb force_fullwidth=\u00a0\u00bboff\u00a0\u00bb always_center_on_mobile=\u00a0\u00bbon\u00a0\u00bb use_border_color=\u00a0\u00bboff\u00a0\u00bb border_color=\u00a0\u00bb#ffffff\u00a0\u00bb border_style=\u00a0\u00bbsolid\u00a0\u00bb] [\/et_pb_image][et_pb_text admin_label=\u00a0\u00bbTexte\u00a0\u00bb background_layout=\u00a0\u00bblight\u00a0\u00bb text_orientation=\u00a0\u00bbleft\u00a0\u00bb use_border_color=\u00a0\u00bboff\u00a0\u00bb border_color=\u00a0\u00bb#ffffff\u00a0\u00bb border_style=\u00a0\u00bbsolid\u00a0\u00bb]<\/p>\n<p>Au-del\u00e0 des actions importantes \u00e0 mener sur les couvertures et les fa\u00e7ades, un travail a \u00e9t\u00e9 engag\u00e9, tant sur la restauration et l\u2019am\u00e9nagement int\u00e9rieur du rez-de-jardin, du rez-de-chauss\u00e9e et des deux \u00e9tages et de leurs collections que sur des dispositifs de m\u00e9diation, afin de mettre en place un parcours de visite repens\u00e9 et enrichi, offrant une meilleure compr\u00e9hension du monument et de son illustre propri\u00e9taire. \u00c0 cette fin, un comit\u00e9 scientifique d\u2019orientation va \u00eatre nomm\u00e9 afin d\u2019orienter la r\u00e9flexion du CMN sur les contenus historiques, philosophiques et litt\u00e9raires des futurs supports de visite. 460 objets, mobilier, huiles sur toile, estampes, pastels, lustres ont \u00e9t\u00e9 d\u00e9pos\u00e9s et sont stock\u00e9s dans des r\u00e9serves parisiennes. Quelques-uns ont connu ou vont conna\u00eetre une restauration. C\u2019est notamment le cas de 2 huiles sur toile, de 10 cadres en bois dor\u00e9 et de 46 estampes et pastels. La mise en place d\u2019un ascenseur va permettre de rendre tous les niveaux du ch\u00e2teau totalement accessibles aux personnes \u00e0 mobilit\u00e9 r\u00e9duite.<\/p>\n<p>Photos : \u00a9 David Bordes &#8211; CMN<\/p>\n<p>[\/et_pb_text][\/et_pb_column][\/et_pb_row][et_pb_row admin_label=\u00a0\u00bbLigne\u00a0\u00bb][et_pb_column type=\u00a0\u00bb1_2&Prime;][et_pb_image admin_label=\u00a0\u00bbImage\u00a0\u00bb src=\u00a0\u00bbhttps:\/\/batijournal.com\/wp-content\/uploads\/2016\/07\/10-Parc-du-chateau-de-Voltaire-Ferney-David-Bordes-CMN.jpg\u00a0\u00bb show_in_lightbox=\u00a0\u00bbon\u00a0\u00bb url_new_window=\u00a0\u00bboff\u00a0\u00bb use_overlay=\u00a0\u00bboff\u00a0\u00bb animation=\u00a0\u00bboff\u00a0\u00bb sticky=\u00a0\u00bboff\u00a0\u00bb align=\u00a0\u00bbleft\u00a0\u00bb force_fullwidth=\u00a0\u00bboff\u00a0\u00bb always_center_on_mobile=\u00a0\u00bbon\u00a0\u00bb use_border_color=\u00a0\u00bboff\u00a0\u00bb border_color=\u00a0\u00bb#ffffff\u00a0\u00bb border_style=\u00a0\u00bbsolid\u00a0\u00bb] [\/et_pb_image][\/et_pb_column][et_pb_column type=\u00a0\u00bb1_2&Prime;][et_pb_image admin_label=\u00a0\u00bbImage\u00a0\u00bb src=\u00a0\u00bbhttps:\/\/batijournal.com\/wp-content\/uploads\/2016\/07\/8-Vue-densemble-chateau-de-Ferney-Voltaire-CMN.jpg\u00a0\u00bb show_in_lightbox=\u00a0\u00bbon\u00a0\u00bb url_new_window=\u00a0\u00bboff\u00a0\u00bb use_overlay=\u00a0\u00bboff\u00a0\u00bb animation=\u00a0\u00bboff\u00a0\u00bb sticky=\u00a0\u00bboff\u00a0\u00bb align=\u00a0\u00bbleft\u00a0\u00bb force_fullwidth=\u00a0\u00bboff\u00a0\u00bb always_center_on_mobile=\u00a0\u00bbon\u00a0\u00bb use_border_color=\u00a0\u00bboff\u00a0\u00bb border_color=\u00a0\u00bb#ffffff\u00a0\u00bb border_style=\u00a0\u00bbsolid\u00a0\u00bb] [\/et_pb_image][\/et_pb_column][\/et_pb_row][\/et_pb_section]<\/p>\n","protected":false},"excerpt":{"rendered":"<p>Le ch\u00e2teau de Voltaire \u00e0 Ferney dans l&rsquo;Ain b\u00e9n\u00e9ficie d\u2019une importante campagne de restauration men\u00e9e par le Centre des monuments nationaux. D\u2019un montant estim\u00e9 \u00e0 plus de&#8230;<\/p>\n","protected":false},"author":17,"featured_media":93406,"comment_status":"closed","ping_status":"closed","sticky":false,"template":"","format":"standard","meta":{"_et_pb_use_builder":"on","_et_pb_old_content":"<p>Le ch\u00e2teau de Voltaire \u00e0 Ferney dans l'Ain b\u00e9n\u00e9ficie d\u2019une importante campagne de restauration men\u00e9e par le Centre des monuments nationaux. D\u2019un montant estim\u00e9 \u00e0 plus de 8 millions d\u2019euros, les travaux ont d\u00e9but\u00e9 en janvier 2016, pour une r\u00e9ception au printemps 2018.<\/p><p>Le domaine de Ferney fut acquis par Voltaire en 1759. Durant les 20 ann\u00e9es o\u00f9 il y v\u00e9cut, il reconstruisit le ch\u00e2teau, d\u00e9veloppa le domaine et investit dans le village de Ferney. C\u2019est en ces lieux qu\u2019il \u00e9crivit quelques-uns de ses chefs-d\u2019\u0153uvre et qu\u2019il re\u00e7ut, en tant qu\u2019 \u00ab aubergiste de l\u2019Europe \u00bb, grand nombre de ses contemporains. \u00c0 sa mort, en 1778, le domaine fut vendu et passa entre de nombreuses mains avant que l\u2019Etat ne s\u2019en porte acqu\u00e9reur en 1999. Le monument porte les traces de ses propri\u00e9taires successifs et des modifications qu\u2019ils ont apport\u00e9es, notamment dans les dispositions int\u00e9rieures du ch\u00e2teau et sur le parc du domaine. Le CMN a fait le choix d\u2019une restauration qui tient compte de cette histoire \u00e9crite au fil des XIX\u00e8me et XX\u00e8me si\u00e8cles.<\/p><p>Ce chantier d\u2019envergure est men\u00e9 sous la ma\u00eetrise d\u2019ouvrage du Centre des monuments nationaux et la ma\u00eetrise d\u2019\u0153uvre de Fran\u00e7ois Chatillon, architecte en chef des monuments historiques. Il impose la fermeture du ch\u00e2teau pendant deux ans. Le domaine reste n\u00e9anmoins ouvert et les visiteurs peuvent profiter de l\u2019orangerie restaur\u00e9e et du parc.<br \/>Dans le cadre de ce chantier, la ville de Ferney-Voltaire a achet\u00e9 un terrain afin de faire des am\u00e9nagements aux abords du ch\u00e2teau et de faciliter l\u2019acc\u00e8s au monument.<\/p><p>Avant le lancement des travaux, le monument a b\u00e9n\u00e9fici\u00e9 d\u2019une op\u00e9ration de d\u00e9samiantage, d\u2019un traitement contre la m\u00e9rule et de la mise en place d\u2019un dispositif sp\u00e9cifique sur le chantier pour emp\u00eacher la propagation du plomb, dont la pr\u00e9sence avait \u00e9t\u00e9 not\u00e9e dans l\u2019\u00e9tude d\u2019\u00e9valuation de 2012.<\/p><p>La couverture<br \/>Les toitures du corps central et des deux pavillons vont \u00eatre restaur\u00e9es. La volum\u00e9trie ne sera pas modifi\u00e9e. Il s'agira uniquement de remplacer les ardoises ainsi que les \u00e9l\u00e9ments en plomb, afin d'am\u00e9liorer l\u2019\u00e9tanch\u00e9it\u00e9 de la couverture. En outre, pour assurer une plus grande long\u00e9vit\u00e9 \u00e0 l'ouvrage, les \u00e9l\u00e9ments en zinc seront remplac\u00e9s par du cuivre \u00e9tam\u00e9, dont la couleur se rapprochera le plus possible du plomb. Les \u00e9pis de fa\u00eetage seront restaur\u00e9s. La charpente fera \u00e9galement l\u2019objet d\u2019une r\u00e9vision. Un grand parapluie a \u00e9t\u00e9 d\u00e9ploy\u00e9 sur les \u00e9chafaudages qui entourent le ch\u00e2teau.<br \/> <br \/>Les fa\u00e7ades<br \/>Faites d'une pierre \u00e0 b\u00e2tir tir\u00e9e d\u2019un gr\u00e9s argileux utilis\u00e9 en Suisse et facile \u00e0 tailler, la molasse, les fa\u00e7ades du ch\u00e2teau pr\u00e9sentent un grand nombre de pathologies, et notamment une perte de mati\u00e8res importante. Les parties les plus alt\u00e9r\u00e9es seront remplac\u00e9es ou reconstitu\u00e9es et le reste des fa\u00e7ades b\u00e9n\u00e9ficieront d'un nettoyage de leurs parements et enduits. Les menuiseries (fen\u00eatres, portes, porte-fen\u00eatre, volets) ne seront remplac\u00e9es que lorsque leur \u00e9tat ne permet pas une restauration et toute intervention se fera \u00e0 l\u2019identique. Deux fen\u00eatres du rez-de-chauss\u00e9e, actuellement bouch\u00e9es, seront r\u00e9-ouvertes et leurs menuiseries seront con\u00e7ues sur le mod\u00e8le existant. La v\u00e9randa, qui a \u00e9t\u00e9 d\u00e9pos\u00e9e, sera restaur\u00e9e.<\/p><p>Au-del\u00e0 des actions importantes \u00e0 mener sur les couvertures et les fa\u00e7ades, un travail a \u00e9t\u00e9 engag\u00e9, tant sur la restauration et l\u2019am\u00e9nagement int\u00e9rieur du rez-de-jardin, du rez-de-chauss\u00e9e et des deux \u00e9tages et de leurs collections que sur des dispositifs de m\u00e9diation, afin de mettre en place un parcours de visite repens\u00e9 et enrichi, offrant une meilleure compr\u00e9hension du monument et de son illustre propri\u00e9taire. \u00c0 cette fin, un comit\u00e9 scientifique d\u2019orientation va \u00eatre nomm\u00e9 afin d\u2019orienter la r\u00e9flexion du CMN sur les contenus historiques, philosophiques et litt\u00e9raires des futurs supports de visite. 460 objets, mobilier, huiles sur toile, estampes, pastels, lustres ont \u00e9t\u00e9 d\u00e9pos\u00e9s et sont stock\u00e9s dans des r\u00e9serves parisiennes. Quelques-uns ont connu ou vont conna\u00eetre une restauration. C\u2019est notamment le cas de 2 huiles sur toile, de 10 cadres en bois dor\u00e9 et de 46 estampes et pastels. La mise en place d\u2019un ascenseur va permettre de rendre tous les niveaux du ch\u00e2teau totalement accessibles aux personnes \u00e0 mobilit\u00e9 r\u00e9duite.<\/p><p>Photos : \u00a9 David Bordes - CMN<\/p>","_et_gb_content_width":"","footnotes":""},"categories":[6340],"tags":[8113,4474],"class_list":["post-93412","post","type-post","status-publish","format-standard","has-post-thumbnail","hentry","category-architecture-conception","tag-centre-des-monuments-nationaux","tag-monuments-historiques"],"yoast_head":"<!-- This site is optimized with the Yoast SEO plugin v27.4 - https:\/\/yoast.com\/product\/yoast-seo-wordpress\/ -->\n<title>Le ch\u00e2teau de Voltaire restaur\u00e9 et repens\u00e9<\/title>\n<meta name=\"robots\" content=\"index, follow, max-snippet:-1, max-image-preview:large, max-video-preview:-1\" \/>\n<link rel=\"canonical\" href=\"https:\/\/batijournal.com\/index.php\/chateau-de-voltaire-restaure-repense\/93412\/\" \/>\n<meta property=\"og:locale\" content=\"fr_FR\" \/>\n<meta property=\"og:type\" content=\"article\" \/>\n<meta property=\"og:title\" content=\"Le ch\u00e2teau de Voltaire restaur\u00e9 et repens\u00e9\" \/>\n<meta property=\"og:description\" content=\"Le ch\u00e2teau de Voltaire \u00e0 Ferney dans l&#039;Ain b\u00e9n\u00e9ficie d\u2019une importante campagne de restauration men\u00e9e par le Centre des monuments nationaux. D\u2019un montant estim\u00e9 \u00e0 plus de...\" \/>\n<meta property=\"og:url\" content=\"https:\/\/batijournal.com\/index.php\/chateau-de-voltaire-restaure-repense\/93412\/\" \/>\n<meta property=\"og:site_name\" content=\"Batijournal\" \/>\n<meta property=\"article:published_time\" content=\"2016-07-13T07:00:04+00:00\" \/>\n<meta property=\"article:modified_time\" content=\"2019-07-15T09:16:40+00:00\" \/>\n<meta property=\"og:image\" content=\"https:\/\/batijournal.com\/wp-content\/uploads\/2016\/07\/3-Montage-de-echafaudage-chateau-de-Voltaire-CMN.jpg\" \/>\n\t<meta property=\"og:image:width\" content=\"1800\" \/>\n\t<meta property=\"og:image:height\" content=\"1350\" \/>\n\t<meta property=\"og:image:type\" content=\"image\/jpeg\" \/>\n<meta name=\"author\" content=\"St\u00e9phane Miget\" \/>\n<meta name=\"twitter:card\" content=\"summary_large_image\" \/>\n<meta name=\"twitter:creator\" content=\"@bati_journal\" \/>\n<meta name=\"twitter:site\" content=\"@bati_journal\" \/>\n<meta name=\"twitter:label1\" content=\"\u00c9crit par\" \/>\n\t<meta name=\"twitter:data1\" content=\"St\u00e9phane Miget\" \/>\n\t<meta name=\"twitter:label2\" content=\"Dur\u00e9e de lecture estim\u00e9e\" \/>\n\t<meta name=\"twitter:data2\" content=\"6 minutes\" \/>\n<script type=\"application\/ld+json\" class=\"yoast-schema-graph\">{\"@context\":\"https:\\\/\\\/schema.org\",\"@graph\":[{\"@type\":\"Article\",\"@id\":\"https:\\\/\\\/batijournal.com\\\/index.php\\\/chateau-de-voltaire-restaure-repense\\\/93412\\\/#article\",\"isPartOf\":{\"@id\":\"https:\\\/\\\/batijournal.com\\\/index.php\\\/chateau-de-voltaire-restaure-repense\\\/93412\\\/\"},\"author\":{\"name\":\"St\u00e9phane Miget\",\"@id\":\"https:\\\/\\\/batijournal.com\\\/#\\\/schema\\\/person\\\/1dc96ec6957aa1ccb25ebe78bb19f100\"},\"headline\":\"Le ch\u00e2teau de Voltaire restaur\u00e9 et repens\u00e9\",\"datePublished\":\"2016-07-13T07:00:04+00:00\",\"dateModified\":\"2019-07-15T09:16:40+00:00\",\"mainEntityOfPage\":{\"@id\":\"https:\\\/\\\/batijournal.com\\\/index.php\\\/chateau-de-voltaire-restaure-repense\\\/93412\\\/\"},\"wordCount\":1302,\"image\":{\"@id\":\"https:\\\/\\\/batijournal.com\\\/index.php\\\/chateau-de-voltaire-restaure-repense\\\/93412\\\/#primaryimage\"},\"thumbnailUrl\":\"https:\\\/\\\/batijournal.com\\\/wp-content\\\/uploads\\\/2016\\\/07\\\/3-Montage-de-echafaudage-chateau-de-Voltaire-CMN.jpg\",\"keywords\":[\"centre des monuments nationaux\",\"monuments historiques\"],\"articleSection\":[\"Architecture &amp; Conception\"],\"inLanguage\":\"fr-FR\"},{\"@type\":\"WebPage\",\"@id\":\"https:\\\/\\\/batijournal.com\\\/index.php\\\/chateau-de-voltaire-restaure-repense\\\/93412\\\/\",\"url\":\"https:\\\/\\\/batijournal.com\\\/index.php\\\/chateau-de-voltaire-restaure-repense\\\/93412\\\/\",\"name\":\"Le ch\u00e2teau de Voltaire restaur\u00e9 et repens\u00e9\",\"isPartOf\":{\"@id\":\"https:\\\/\\\/batijournal.com\\\/#website\"},\"primaryImageOfPage\":{\"@id\":\"https:\\\/\\\/batijournal.com\\\/index.php\\\/chateau-de-voltaire-restaure-repense\\\/93412\\\/#primaryimage\"},\"image\":{\"@id\":\"https:\\\/\\\/batijournal.com\\\/index.php\\\/chateau-de-voltaire-restaure-repense\\\/93412\\\/#primaryimage\"},\"thumbnailUrl\":\"https:\\\/\\\/batijournal.com\\\/wp-content\\\/uploads\\\/2016\\\/07\\\/3-Montage-de-echafaudage-chateau-de-Voltaire-CMN.jpg\",\"datePublished\":\"2016-07-13T07:00:04+00:00\",\"dateModified\":\"2019-07-15T09:16:40+00:00\",\"author\":{\"@id\":\"https:\\\/\\\/batijournal.com\\\/#\\\/schema\\\/person\\\/1dc96ec6957aa1ccb25ebe78bb19f100\"},\"breadcrumb\":{\"@id\":\"https:\\\/\\\/batijournal.com\\\/index.php\\\/chateau-de-voltaire-restaure-repense\\\/93412\\\/#breadcrumb\"},\"inLanguage\":\"fr-FR\",\"potentialAction\":[{\"@type\":\"ReadAction\",\"target\":[\"https:\\\/\\\/batijournal.com\\\/index.php\\\/chateau-de-voltaire-restaure-repense\\\/93412\\\/\"]}]},{\"@type\":\"ImageObject\",\"inLanguage\":\"fr-FR\",\"@id\":\"https:\\\/\\\/batijournal.com\\\/index.php\\\/chateau-de-voltaire-restaure-repense\\\/93412\\\/#primaryimage\",\"url\":\"https:\\\/\\\/batijournal.com\\\/wp-content\\\/uploads\\\/2016\\\/07\\\/3-Montage-de-echafaudage-chateau-de-Voltaire-CMN.jpg\",\"contentUrl\":\"https:\\\/\\\/batijournal.com\\\/wp-content\\\/uploads\\\/2016\\\/07\\\/3-Montage-de-echafaudage-chateau-de-Voltaire-CMN.jpg\",\"width\":1800,\"height\":1350,\"caption\":\"3-Montage de echafaudage - chateau de Voltaire CMN\"},{\"@type\":\"BreadcrumbList\",\"@id\":\"https:\\\/\\\/batijournal.com\\\/index.php\\\/chateau-de-voltaire-restaure-repense\\\/93412\\\/#breadcrumb\",\"itemListElement\":[{\"@type\":\"ListItem\",\"position\":1,\"name\":\"Accueil\",\"item\":\"https:\\\/\\\/batijournal.com\\\/\"},{\"@type\":\"ListItem\",\"position\":2,\"name\":\"Actualit\u00e9s\",\"item\":\"https:\\\/\\\/batijournal.com\\\/index.php\\\/category\\\/actualites\\\/\"},{\"@type\":\"ListItem\",\"position\":3,\"name\":\"Architecture &amp; Conception\",\"item\":\"https:\\\/\\\/batijournal.com\\\/index.php\\\/category\\\/actualites\\\/architecture-conception\\\/\"},{\"@type\":\"ListItem\",\"position\":4,\"name\":\"Le ch\u00e2teau de Voltaire restaur\u00e9 et repens\u00e9\"}]},{\"@type\":\"WebSite\",\"@id\":\"https:\\\/\\\/batijournal.com\\\/#website\",\"url\":\"https:\\\/\\\/batijournal.com\\\/\",\"name\":\"Batijournal\",\"description\":\"L&#039;actualit\u00e9 du b\u00e2timent\",\"potentialAction\":[{\"@type\":\"SearchAction\",\"target\":{\"@type\":\"EntryPoint\",\"urlTemplate\":\"https:\\\/\\\/batijournal.com\\\/?s={search_term_string}\"},\"query-input\":{\"@type\":\"PropertyValueSpecification\",\"valueRequired\":true,\"valueName\":\"search_term_string\"}}],\"inLanguage\":\"fr-FR\"},{\"@type\":\"Person\",\"@id\":\"https:\\\/\\\/batijournal.com\\\/#\\\/schema\\\/person\\\/1dc96ec6957aa1ccb25ebe78bb19f100\",\"name\":\"St\u00e9phane Miget\",\"image\":{\"@type\":\"ImageObject\",\"inLanguage\":\"fr-FR\",\"@id\":\"https:\\\/\\\/secure.gravatar.com\\\/avatar\\\/89915563d925342126b8ef0281b93d9d7fc337043e8df017f780908eb9644451?s=96&d=mm&r=g\",\"url\":\"https:\\\/\\\/secure.gravatar.com\\\/avatar\\\/89915563d925342126b8ef0281b93d9d7fc337043e8df017f780908eb9644451?s=96&d=mm&r=g\",\"contentUrl\":\"https:\\\/\\\/secure.gravatar.com\\\/avatar\\\/89915563d925342126b8ef0281b93d9d7fc337043e8df017f780908eb9644451?s=96&d=mm&r=g\",\"caption\":\"St\u00e9phane Miget\"},\"url\":\"https:\\\/\\\/batijournal.com\\\/index.php\\\/author\\\/stephane\\\/\"}]}<\/script>\n<!-- \/ Yoast SEO plugin. -->","yoast_head_json":{"title":"Le ch\u00e2teau de Voltaire restaur\u00e9 et repens\u00e9","robots":{"index":"index","follow":"follow","max-snippet":"max-snippet:-1","max-image-preview":"max-image-preview:large","max-video-preview":"max-video-preview:-1"},"canonical":"https:\/\/batijournal.com\/index.php\/chateau-de-voltaire-restaure-repense\/93412\/","og_locale":"fr_FR","og_type":"article","og_title":"Le ch\u00e2teau de Voltaire restaur\u00e9 et repens\u00e9","og_description":"Le ch\u00e2teau de Voltaire \u00e0 Ferney dans l'Ain b\u00e9n\u00e9ficie d\u2019une importante campagne de restauration men\u00e9e par le Centre des monuments nationaux. D\u2019un montant estim\u00e9 \u00e0 plus de...","og_url":"https:\/\/batijournal.com\/index.php\/chateau-de-voltaire-restaure-repense\/93412\/","og_site_name":"Batijournal","article_published_time":"2016-07-13T07:00:04+00:00","article_modified_time":"2019-07-15T09:16:40+00:00","og_image":[{"width":1800,"height":1350,"url":"https:\/\/batijournal.com\/wp-content\/uploads\/2016\/07\/3-Montage-de-echafaudage-chateau-de-Voltaire-CMN.jpg","type":"image\/jpeg"}],"author":"St\u00e9phane Miget","twitter_card":"summary_large_image","twitter_creator":"@bati_journal","twitter_site":"@bati_journal","twitter_misc":{"\u00c9crit par":"St\u00e9phane Miget","Dur\u00e9e de lecture estim\u00e9e":"6 minutes"},"schema":{"@context":"https:\/\/schema.org","@graph":[{"@type":"Article","@id":"https:\/\/batijournal.com\/index.php\/chateau-de-voltaire-restaure-repense\/93412\/#article","isPartOf":{"@id":"https:\/\/batijournal.com\/index.php\/chateau-de-voltaire-restaure-repense\/93412\/"},"author":{"name":"St\u00e9phane Miget","@id":"https:\/\/batijournal.com\/#\/schema\/person\/1dc96ec6957aa1ccb25ebe78bb19f100"},"headline":"Le ch\u00e2teau de Voltaire restaur\u00e9 et repens\u00e9","datePublished":"2016-07-13T07:00:04+00:00","dateModified":"2019-07-15T09:16:40+00:00","mainEntityOfPage":{"@id":"https:\/\/batijournal.com\/index.php\/chateau-de-voltaire-restaure-repense\/93412\/"},"wordCount":1302,"image":{"@id":"https:\/\/batijournal.com\/index.php\/chateau-de-voltaire-restaure-repense\/93412\/#primaryimage"},"thumbnailUrl":"https:\/\/batijournal.com\/wp-content\/uploads\/2016\/07\/3-Montage-de-echafaudage-chateau-de-Voltaire-CMN.jpg","keywords":["centre des monuments nationaux","monuments historiques"],"articleSection":["Architecture &amp; Conception"],"inLanguage":"fr-FR"},{"@type":"WebPage","@id":"https:\/\/batijournal.com\/index.php\/chateau-de-voltaire-restaure-repense\/93412\/","url":"https:\/\/batijournal.com\/index.php\/chateau-de-voltaire-restaure-repense\/93412\/","name":"Le ch\u00e2teau de Voltaire restaur\u00e9 et repens\u00e9","isPartOf":{"@id":"https:\/\/batijournal.com\/#website"},"primaryImageOfPage":{"@id":"https:\/\/batijournal.com\/index.php\/chateau-de-voltaire-restaure-repense\/93412\/#primaryimage"},"image":{"@id":"https:\/\/batijournal.com\/index.php\/chateau-de-voltaire-restaure-repense\/93412\/#primaryimage"},"thumbnailUrl":"https:\/\/batijournal.com\/wp-content\/uploads\/2016\/07\/3-Montage-de-echafaudage-chateau-de-Voltaire-CMN.jpg","datePublished":"2016-07-13T07:00:04+00:00","dateModified":"2019-07-15T09:16:40+00:00","author":{"@id":"https:\/\/batijournal.com\/#\/schema\/person\/1dc96ec6957aa1ccb25ebe78bb19f100"},"breadcrumb":{"@id":"https:\/\/batijournal.com\/index.php\/chateau-de-voltaire-restaure-repense\/93412\/#breadcrumb"},"inLanguage":"fr-FR","potentialAction":[{"@type":"ReadAction","target":["https:\/\/batijournal.com\/index.php\/chateau-de-voltaire-restaure-repense\/93412\/"]}]},{"@type":"ImageObject","inLanguage":"fr-FR","@id":"https:\/\/batijournal.com\/index.php\/chateau-de-voltaire-restaure-repense\/93412\/#primaryimage","url":"https:\/\/batijournal.com\/wp-content\/uploads\/2016\/07\/3-Montage-de-echafaudage-chateau-de-Voltaire-CMN.jpg","contentUrl":"https:\/\/batijournal.com\/wp-content\/uploads\/2016\/07\/3-Montage-de-echafaudage-chateau-de-Voltaire-CMN.jpg","width":1800,"height":1350,"caption":"3-Montage de echafaudage - chateau de Voltaire CMN"},{"@type":"BreadcrumbList","@id":"https:\/\/batijournal.com\/index.php\/chateau-de-voltaire-restaure-repense\/93412\/#breadcrumb","itemListElement":[{"@type":"ListItem","position":1,"name":"Accueil","item":"https:\/\/batijournal.com\/"},{"@type":"ListItem","position":2,"name":"Actualit\u00e9s","item":"https:\/\/batijournal.com\/index.php\/category\/actualites\/"},{"@type":"ListItem","position":3,"name":"Architecture &amp; Conception","item":"https:\/\/batijournal.com\/index.php\/category\/actualites\/architecture-conception\/"},{"@type":"ListItem","position":4,"name":"Le ch\u00e2teau de Voltaire restaur\u00e9 et repens\u00e9"}]},{"@type":"WebSite","@id":"https:\/\/batijournal.com\/#website","url":"https:\/\/batijournal.com\/","name":"Batijournal","description":"L&#039;actualit\u00e9 du b\u00e2timent","potentialAction":[{"@type":"SearchAction","target":{"@type":"EntryPoint","urlTemplate":"https:\/\/batijournal.com\/?s={search_term_string}"},"query-input":{"@type":"PropertyValueSpecification","valueRequired":true,"valueName":"search_term_string"}}],"inLanguage":"fr-FR"},{"@type":"Person","@id":"https:\/\/batijournal.com\/#\/schema\/person\/1dc96ec6957aa1ccb25ebe78bb19f100","name":"St\u00e9phane Miget","image":{"@type":"ImageObject","inLanguage":"fr-FR","@id":"https:\/\/secure.gravatar.com\/avatar\/89915563d925342126b8ef0281b93d9d7fc337043e8df017f780908eb9644451?s=96&d=mm&r=g","url":"https:\/\/secure.gravatar.com\/avatar\/89915563d925342126b8ef0281b93d9d7fc337043e8df017f780908eb9644451?s=96&d=mm&r=g","contentUrl":"https:\/\/secure.gravatar.com\/avatar\/89915563d925342126b8ef0281b93d9d7fc337043e8df017f780908eb9644451?s=96&d=mm&r=g","caption":"St\u00e9phane Miget"},"url":"https:\/\/batijournal.com\/index.php\/author\/stephane\/"}]}},"_links":{"self":[{"href":"https:\/\/batijournal.com\/index.php\/wp-json\/wp\/v2\/posts\/93412","targetHints":{"allow":["GET"]}}],"collection":[{"href":"https:\/\/batijournal.com\/index.php\/wp-json\/wp\/v2\/posts"}],"about":[{"href":"https:\/\/batijournal.com\/index.php\/wp-json\/wp\/v2\/types\/post"}],"author":[{"embeddable":true,"href":"https:\/\/batijournal.com\/index.php\/wp-json\/wp\/v2\/users\/17"}],"replies":[{"embeddable":true,"href":"https:\/\/batijournal.com\/index.php\/wp-json\/wp\/v2\/comments?post=93412"}],"version-history":[{"count":0,"href":"https:\/\/batijournal.com\/index.php\/wp-json\/wp\/v2\/posts\/93412\/revisions"}],"wp:featuredmedia":[{"embeddable":true,"href":"https:\/\/batijournal.com\/index.php\/wp-json\/wp\/v2\/media\/93406"}],"wp:attachment":[{"href":"https:\/\/batijournal.com\/index.php\/wp-json\/wp\/v2\/media?parent=93412"}],"wp:term":[{"taxonomy":"category","embeddable":true,"href":"https:\/\/batijournal.com\/index.php\/wp-json\/wp\/v2\/categories?post=93412"},{"taxonomy":"post_tag","embeddable":true,"href":"https:\/\/batijournal.com\/index.php\/wp-json\/wp\/v2\/tags?post=93412"}],"curies":[{"name":"wp","href":"https:\/\/api.w.org\/{rel}","templated":true}]}}