{"id":93414,"date":"2016-07-13T10:26:30","date_gmt":"2016-07-13T08:26:30","guid":{"rendered":"http:\/\/batijournal.com\/?p=93414"},"modified":"2016-07-13T10:27:45","modified_gmt":"2016-07-13T08:27:45","slug":"tony-parker-annonce-creation-dune-arena-multifonctions-a-villeurbanne","status":"publish","type":"post","link":"https:\/\/batijournal.com\/index.php\/tony-parker-annonce-creation-dune-arena-multifonctions-a-villeurbanne\/93414\/","title":{"rendered":"Tony PARKER annonce la cr\u00e9ation d\u2019une ARENA multifonction \u00e0 Villeurbanne"},"content":{"rendered":"<p>[et_pb_section admin_label=\u00a0\u00bbsection\u00a0\u00bb][et_pb_row admin_label=\u00a0\u00bbrow\u00a0\u00bb][et_pb_column type=\u00a0\u00bb1_2&Prime;][et_pb_text admin_label=\u00a0\u00bbTexte\u00a0\u00bb background_layout=\u00a0\u00bblight\u00a0\u00bb text_orientation=\u00a0\u00bbleft\u00a0\u00bb use_border_color=\u00a0\u00bboff\u00a0\u00bb border_color=\u00a0\u00bb#ffffff\u00a0\u00bb border_style=\u00a0\u00bbsolid\u00a0\u00bb]<\/p>\n<p><strong>L\u2019ASVEL, club de basket de Villeurbanne dont Tony PARKER est le pr\u00e9sident, va b\u00e9n\u00e9ficier d\u2019un \u00e9quipement nouvelle g\u00e9n\u00e9ration r\u00e9pondant au standard actuel des plus belles salles europ\u00e9ennes voire internationales. Le site Lyvet a \u00e9t\u00e9 retenu pour construire cette enceinte multifonction de plus de 10 000 places en configuration assis et 12000 en configuration assis\/debout.<\/strong><\/p>\n<p>Suite \u00e0 l\u2019appel \u00e0 projet, lanc\u00e9 par les dirigeants du club Villeurbannais l\u2019\u00e9t\u00e9 dernier, la conception, la construction, la promotion et l\u2019exploitation de cet ouvrage ont \u00e9t\u00e9 confi\u00e9es \u00e0 TGL Group\/FLORIOT Immobilier qui a souhait\u00e9 int\u00e9grer DCB International en qualit\u00e9 de partenaire. L\u2019objectif \u00e9tant d&rsquo;associer deux entreprises r\u00e9gionales ind\u00e9pendantes pour constituer une \u00ab mosa\u00efque de comp\u00e9tences compl\u00e9mentaires \u00bb. L&rsquo;architecte Pierre BARILLOT a \u00e9t\u00e9 choisi pour la conception architecturale de l\u2019ouvrage. Les progr\u00e8s technologiques sont mobilis\u00e9s pour offrir un espace multifonctionnel r\u00e9solument contemporain et avant-gardiste : des configurations multiples gr\u00e2ce \u00e0 des jauges adaptables, des rideaux de partition, une structuration de la salle autour d\u2019un anneau formant un d\u00e9ambulatoire p\u00e9riph\u00e9rique largement ouvert sur les espaces commerciaux donnant sur l\u2019ext\u00e9rieur et accessibles. Imagin\u00e9 tel un centre de profit au sein d\u2019un ensemble de bureaux et commerces, l\u2019ARENA mise sur une visibilit\u00e9 maximale et une fr\u00e9quentation optimale toute l\u2019ann\u00e9e.<\/p>\n<p>Pierre BARILLOT :<em> \u00ab La dimension de l\u2019aire de jeu et des salles en g\u00e9n\u00e9ral favorise une r\u00e9elle proximit\u00e9 entre le public et les sportifs ou artistes, chaque spectateur devient acteur et donne vie \u00e0 l\u2019\u00e9v\u00e9nement \u00bb.<\/em><\/p>\n<p>Le concept audiovisuel alliant verticalit\u00e9 et \u00e9l\u00e9gance donne une dimension particuli\u00e8re \u00e0 chaque rencontre. La cr\u00e9ation de \u00ab l\u2019exp\u00e9rience basket \u00bb a n\u00e9cessit\u00e9 la conception d\u2019un \u00e9quipement multi-sensoriel propice \u00e0 l\u2019\u00e9motion : les \u00e9clairages, les \u00e9crans g\u00e9ants, la sonorisation, la dualit\u00e9 acoustique de la salle&#8230;<\/p>\n<p>&nbsp;<\/p>\n<p>Photo de la conf\u00e9rence de presse : \u00a9 &#8211; Thierry GLORIES, Pr\u00e9sident de TGL Group au micro<br \/>\nPerspective du projet : \u00a9 Pierre Barillot ARCHITECTES<\/p>\n<p>&nbsp;<\/p>\n<p>[\/et_pb_text][\/et_pb_column][et_pb_column type=\u00a0\u00bb1_2&Prime;][et_pb_text admin_label=\u00a0\u00bbTexte\u00a0\u00bb background_layout=\u00a0\u00bblight\u00a0\u00bb text_orientation=\u00a0\u00bbleft\u00a0\u00bb use_border_color=\u00a0\u00bboff\u00a0\u00bb border_color=\u00a0\u00bb#ffffff\u00a0\u00bb border_style=\u00a0\u00bbsolid\u00a0\u00bb]<\/p>\n<p>Situ\u00e9e entre l\u2019Astroballe et le canal de Jonage, la nouvelle Ar\u00e9na exploite l\u2019ensemble des richesses du site, Pierre BARILLOT explique : <em>\u00ab Les lignes du projet accompagnent naturellement les formes et la composition urbaine du site. L\u2019alternance des pleins et des vides souligne la transparence voulue entre int\u00e9rieur et ext\u00e9rieur et affirme la dynamique du projet. Les grands espaces pi\u00e9tons acc\u00e9dant \u00e0 l\u2019enceinte offrent aux spectateurs des vues superbes sur le canal et les parvis haut et bas de la salle. La lumi\u00e8re naturelle est privil\u00e9gi\u00e9e, elle baigne g\u00e9n\u00e9reusement l\u2019ensemble des espaces acc\u00e9dant \u00e0 l\u2019enceinte. Le parvis principal est le prolongement naturel des berges du canal, am\u00e9nagement essentiel \u0153uvrant \u00e0 la qualit\u00e9 de vie et \u00e0 la valorisation des d\u00e9placements doux, c\u2019est un espace public totalement int\u00e9gr\u00e9 au paysage. La nouvelle Ar\u00e9na est con\u00e7ue comme un lieu de vie, ses services, son environnement naturel, ses transparences en feront un \u00e9crin de lumi\u00e8re au service de l\u2019ASVEL et des spectacles \u00bb.<\/em><\/p>\n<p>[\/et_pb_text][et_pb_image admin_label=\u00a0\u00bbImage\u00a0\u00bb src=\u00a0\u00bbhttps:\/\/batijournal.com\/wp-content\/uploads\/2016\/07\/conference-asvel-arena.jpg\u00a0\u00bb show_in_lightbox=\u00a0\u00bbon\u00a0\u00bb url_new_window=\u00a0\u00bboff\u00a0\u00bb use_overlay=\u00a0\u00bboff\u00a0\u00bb animation=\u00a0\u00bboff\u00a0\u00bb sticky=\u00a0\u00bboff\u00a0\u00bb align=\u00a0\u00bbleft\u00a0\u00bb force_fullwidth=\u00a0\u00bboff\u00a0\u00bb always_center_on_mobile=\u00a0\u00bbon\u00a0\u00bb use_border_color=\u00a0\u00bboff\u00a0\u00bb border_color=\u00a0\u00bb#ffffff\u00a0\u00bb border_style=\u00a0\u00bbsolid\u00a0\u00bb] [\/et_pb_image][et_pb_text admin_label=\u00a0\u00bbTexte\u00a0\u00bb background_layout=\u00a0\u00bblight\u00a0\u00bb text_orientation=\u00a0\u00bbleft\u00a0\u00bb use_border_color=\u00a0\u00bboff\u00a0\u00bb border_color=\u00a0\u00bb#ffffff\u00a0\u00bb border_style=\u00a0\u00bbsolid\u00a0\u00bb]<\/p>\n<p>Pour Tony PARKER, la concr\u00e9tisation de ce projet est <em>\u00ab un moment fort pour le sport et le basket fran\u00e7ais. Seulement deux ans apr\u00e8s mon arriv\u00e9e \u00e0 la t\u00eate du club, ce projet d\u2019ARENA voit le jour et c\u2019est une fiert\u00e9 pour moi de contribuer \u00e0 la cr\u00e9ation d\u2019une nouvelle enceinte dans la m\u00e9tropole lyonnaise. <\/em>Ga\u00e9tan MULLER, le pr\u00e9sident d\u00e9l\u00e9gu\u00e9 du club souligne<em> \u00ab la n\u00e9cessit\u00e9 \u00e9conomique de cette ARENA pour nourrir les ambitions europ\u00e9ennes de l\u2019ASVEL Basket dont les enjeux sont en train de se dessiner. Cette ARENA nouvelle g\u00e9n\u00e9ration accueillera nos publics dans les meilleures conditions de confort, de services et de spectacle afin de leur faire vivre une exp\u00e9rience unique \u00bb.<\/em><\/p>\n<p>&nbsp;<\/p>\n<p>[\/et_pb_text][\/et_pb_column][\/et_pb_row][\/et_pb_section]<\/p>\n","protected":false},"excerpt":{"rendered":"<p>L\u2019ASVEL, club de basket de  Villeurbanne dont Tony PARKER est le pr\u00e9sident, va b\u00e9n\u00e9ficier d\u2019un \u00e9quipement nouvelle g\u00e9n\u00e9ration r\u00e9pondant au standard actuel des plus belles salles europ\u00e9ennes voire internationales&#8230;<\/p>\n","protected":false},"author":17,"featured_media":93417,"comment_status":"closed","ping_status":"closed","sticky":false,"template":"","format":"standard","meta":{"_et_pb_use_builder":"on","_et_pb_old_content":"<p><strong>L\u2019ASVEL, club de basket de Villeurbanne dont Tony PARKER est le pr\u00e9sident, va b\u00e9n\u00e9ficier d\u2019un \u00e9quipement nouvelle g\u00e9n\u00e9ration r\u00e9pondant au standard actuel des plus belles salles europ\u00e9ennes voire internationales.. Le site Lyvet a \u00e9t\u00e9 retenu pour construire cette enceinte multifonctions de plus de 10 000 places en configuration assis et 12000 en configuration assis\/debout.<\/strong><\/p><p>Suite \u00e0 l\u2019appel \u00e0 projet, lanc\u00e9 par les dirigeants du club Villeurbannais l\u2019\u00e9t\u00e9 dernier, la conception, la construction, la promotion et l\u2019exploitation de cet ouvrage ont \u00e9t\u00e9 confi\u00e9es \u00e0 TGL Group\/FLORIOT Immobilier qui a souhait\u00e9 int\u00e9grer DCB International en qualit\u00e9 de partenaire. L\u2019objectif \u00e9tant d'associer deux entreprises r\u00e9gionales ind\u00e9pendantes pour constituer une \u00ab mosa\u00efque de comp\u00e9tences compl\u00e9mentaires \u00bb. L'architecte Pierre BARILLOT a \u00e9t\u00e9 choisi pour la conception architecturale de l\u2019ouvrage. Les progr\u00e8s technologiques sont mobilis\u00e9s pour offrir un espace multifonctionnel r\u00e9solument contemporain et avant-gardiste : des configurations multiples gr\u00e2ce \u00e0 des jauges adaptables, des rideaux de partition, une structuration de la salle autour d\u2019un anneau formant un d\u00e9ambulatoire p\u00e9riph\u00e9rique largement ouvert sur les espaces commerciaux donnant sur l\u2019ext\u00e9rieur et accessibles. Imagin\u00e9 tel un centre de profit au sein d\u2019un ensemble de bureaux et commerces, l\u2019ARENA mise sur une visibilit\u00e9 maximale et une fr\u00e9quentation optimale toute l\u2019ann\u00e9e. Pierre BARILLOT : \u00ab La dimension de l\u2019aire de jeu et des salles en g\u00e9n\u00e9ral favorise une r\u00e9elle proximit\u00e9 entre le public et les sportifs ou artistes, chaque spectateur devient acteur et donne vie \u00e0 l\u2019\u00e9v\u00e9nement \u00bb. Le concept audiovisuel alliant verticalit\u00e9 et \u00e9l\u00e9gance donne une dimension particuli\u00e8re \u00e0 chaque rencontre. La cr\u00e9ation de \u00ab l\u2019exp\u00e9rience basket \u00bb a n\u00e9cessit\u00e9 la conception d\u2019un \u00e9quipement multi-sensoriel propice \u00e0 l\u2019\u00e9motion : les \u00e9clairages, les \u00e9crans g\u00e9ants, la sonorisation, la dualit\u00e9 acoustique de la salle...<\/p><p><br \/>Photo de la conf\u00e9rence de presse : \u00a9 - Thierry GLORIES, Pr\u00e9sident de TGL Group au micro<br \/>Perspective du projet : \u00a9 Pierre Barillot ARCHITECTES<\/p>","_et_gb_content_width":"","footnotes":""},"categories":[6340],"tags":[3082],"class_list":["post-93414","post","type-post","status-publish","format-standard","has-post-thumbnail","hentry","category-architecture-conception","tag-stade"],"yoast_head":"<!-- This site is optimized with the Yoast SEO plugin v27.4 - https:\/\/yoast.com\/product\/yoast-seo-wordpress\/ -->\n<title>Tony PARKER annonce la cr\u00e9ation d\u2019une ARENA multifonction \u00e0 Villeurbanne<\/title>\n<meta name=\"robots\" content=\"index, follow, max-snippet:-1, max-image-preview:large, max-video-preview:-1\" \/>\n<link rel=\"canonical\" href=\"https:\/\/batijournal.com\/index.php\/tony-parker-annonce-creation-dune-arena-multifonctions-a-villeurbanne\/93414\/\" \/>\n<meta property=\"og:locale\" content=\"fr_FR\" \/>\n<meta property=\"og:type\" content=\"article\" \/>\n<meta property=\"og:title\" content=\"Tony PARKER annonce la cr\u00e9ation d\u2019une ARENA multifonction \u00e0 Villeurbanne\" \/>\n<meta property=\"og:description\" content=\"L\u2019ASVEL, club de basket de Villeurbanne dont Tony PARKER est le pr\u00e9sident, va b\u00e9n\u00e9ficier d\u2019un \u00e9quipement nouvelle g\u00e9n\u00e9ration r\u00e9pondant au standard actuel des plus belles salles europ\u00e9ennes voire internationales...\" \/>\n<meta property=\"og:url\" content=\"https:\/\/batijournal.com\/index.php\/tony-parker-annonce-creation-dune-arena-multifonctions-a-villeurbanne\/93414\/\" \/>\n<meta property=\"og:site_name\" content=\"Batijournal\" \/>\n<meta property=\"article:published_time\" content=\"2016-07-13T08:26:30+00:00\" \/>\n<meta property=\"article:modified_time\" content=\"2016-07-13T08:27:45+00:00\" \/>\n<meta property=\"og:image\" content=\"https:\/\/batijournal.com\/wp-content\/uploads\/2016\/07\/Arena-asvel-basket-Vue-bord-du-Rhone.jpg\" \/>\n\t<meta property=\"og:image:width\" content=\"1400\" \/>\n\t<meta property=\"og:image:height\" content=\"788\" \/>\n\t<meta property=\"og:image:type\" content=\"image\/jpeg\" \/>\n<meta name=\"author\" content=\"St\u00e9phane Miget\" \/>\n<meta name=\"twitter:card\" content=\"summary_large_image\" \/>\n<meta name=\"twitter:creator\" content=\"@bati_journal\" \/>\n<meta name=\"twitter:site\" content=\"@bati_journal\" \/>\n<meta name=\"twitter:label1\" content=\"\u00c9crit par\" \/>\n\t<meta name=\"twitter:data1\" content=\"St\u00e9phane Miget\" \/>\n\t<meta name=\"twitter:label2\" content=\"Dur\u00e9e de lecture estim\u00e9e\" \/>\n\t<meta name=\"twitter:data2\" content=\"4 minutes\" \/>\n<script type=\"application\/ld+json\" class=\"yoast-schema-graph\">{\"@context\":\"https:\\\/\\\/schema.org\",\"@graph\":[{\"@type\":\"Article\",\"@id\":\"https:\\\/\\\/batijournal.com\\\/index.php\\\/tony-parker-annonce-creation-dune-arena-multifonctions-a-villeurbanne\\\/93414\\\/#article\",\"isPartOf\":{\"@id\":\"https:\\\/\\\/batijournal.com\\\/index.php\\\/tony-parker-annonce-creation-dune-arena-multifonctions-a-villeurbanne\\\/93414\\\/\"},\"author\":{\"name\":\"St\u00e9phane Miget\",\"@id\":\"https:\\\/\\\/batijournal.com\\\/#\\\/schema\\\/person\\\/1dc96ec6957aa1ccb25ebe78bb19f100\"},\"headline\":\"Tony PARKER annonce la cr\u00e9ation d\u2019une ARENA multifonction \u00e0 Villeurbanne\",\"datePublished\":\"2016-07-13T08:26:30+00:00\",\"dateModified\":\"2016-07-13T08:27:45+00:00\",\"mainEntityOfPage\":{\"@id\":\"https:\\\/\\\/batijournal.com\\\/index.php\\\/tony-parker-annonce-creation-dune-arena-multifonctions-a-villeurbanne\\\/93414\\\/\"},\"wordCount\":822,\"image\":{\"@id\":\"https:\\\/\\\/batijournal.com\\\/index.php\\\/tony-parker-annonce-creation-dune-arena-multifonctions-a-villeurbanne\\\/93414\\\/#primaryimage\"},\"thumbnailUrl\":\"https:\\\/\\\/batijournal.com\\\/wp-content\\\/uploads\\\/2016\\\/07\\\/Arena-asvel-basket-Vue-bord-du-Rhone.jpg\",\"keywords\":[\"stade\"],\"articleSection\":[\"Architecture &amp; Conception\"],\"inLanguage\":\"fr-FR\"},{\"@type\":\"WebPage\",\"@id\":\"https:\\\/\\\/batijournal.com\\\/index.php\\\/tony-parker-annonce-creation-dune-arena-multifonctions-a-villeurbanne\\\/93414\\\/\",\"url\":\"https:\\\/\\\/batijournal.com\\\/index.php\\\/tony-parker-annonce-creation-dune-arena-multifonctions-a-villeurbanne\\\/93414\\\/\",\"name\":\"Tony PARKER annonce la cr\u00e9ation d\u2019une ARENA multifonction \u00e0 Villeurbanne\",\"isPartOf\":{\"@id\":\"https:\\\/\\\/batijournal.com\\\/#website\"},\"primaryImageOfPage\":{\"@id\":\"https:\\\/\\\/batijournal.com\\\/index.php\\\/tony-parker-annonce-creation-dune-arena-multifonctions-a-villeurbanne\\\/93414\\\/#primaryimage\"},\"image\":{\"@id\":\"https:\\\/\\\/batijournal.com\\\/index.php\\\/tony-parker-annonce-creation-dune-arena-multifonctions-a-villeurbanne\\\/93414\\\/#primaryimage\"},\"thumbnailUrl\":\"https:\\\/\\\/batijournal.com\\\/wp-content\\\/uploads\\\/2016\\\/07\\\/Arena-asvel-basket-Vue-bord-du-Rhone.jpg\",\"datePublished\":\"2016-07-13T08:26:30+00:00\",\"dateModified\":\"2016-07-13T08:27:45+00:00\",\"author\":{\"@id\":\"https:\\\/\\\/batijournal.com\\\/#\\\/schema\\\/person\\\/1dc96ec6957aa1ccb25ebe78bb19f100\"},\"breadcrumb\":{\"@id\":\"https:\\\/\\\/batijournal.com\\\/index.php\\\/tony-parker-annonce-creation-dune-arena-multifonctions-a-villeurbanne\\\/93414\\\/#breadcrumb\"},\"inLanguage\":\"fr-FR\",\"potentialAction\":[{\"@type\":\"ReadAction\",\"target\":[\"https:\\\/\\\/batijournal.com\\\/index.php\\\/tony-parker-annonce-creation-dune-arena-multifonctions-a-villeurbanne\\\/93414\\\/\"]}]},{\"@type\":\"ImageObject\",\"inLanguage\":\"fr-FR\",\"@id\":\"https:\\\/\\\/batijournal.com\\\/index.php\\\/tony-parker-annonce-creation-dune-arena-multifonctions-a-villeurbanne\\\/93414\\\/#primaryimage\",\"url\":\"https:\\\/\\\/batijournal.com\\\/wp-content\\\/uploads\\\/2016\\\/07\\\/Arena-asvel-basket-Vue-bord-du-Rhone.jpg\",\"contentUrl\":\"https:\\\/\\\/batijournal.com\\\/wp-content\\\/uploads\\\/2016\\\/07\\\/Arena-asvel-basket-Vue-bord-du-Rhone.jpg\",\"width\":1400,\"height\":788,\"caption\":\"Arena-asvel-basket-Vue-bord-du-Rhone\"},{\"@type\":\"BreadcrumbList\",\"@id\":\"https:\\\/\\\/batijournal.com\\\/index.php\\\/tony-parker-annonce-creation-dune-arena-multifonctions-a-villeurbanne\\\/93414\\\/#breadcrumb\",\"itemListElement\":[{\"@type\":\"ListItem\",\"position\":1,\"name\":\"Accueil\",\"item\":\"https:\\\/\\\/batijournal.com\\\/\"},{\"@type\":\"ListItem\",\"position\":2,\"name\":\"Actualit\u00e9s\",\"item\":\"https:\\\/\\\/batijournal.com\\\/index.php\\\/category\\\/actualites\\\/\"},{\"@type\":\"ListItem\",\"position\":3,\"name\":\"Architecture &amp; Conception\",\"item\":\"https:\\\/\\\/batijournal.com\\\/index.php\\\/category\\\/actualites\\\/architecture-conception\\\/\"},{\"@type\":\"ListItem\",\"position\":4,\"name\":\"Tony PARKER annonce la cr\u00e9ation d\u2019une ARENA multifonction \u00e0 Villeurbanne\"}]},{\"@type\":\"WebSite\",\"@id\":\"https:\\\/\\\/batijournal.com\\\/#website\",\"url\":\"https:\\\/\\\/batijournal.com\\\/\",\"name\":\"Batijournal\",\"description\":\"L&#039;actualit\u00e9 du b\u00e2timent\",\"potentialAction\":[{\"@type\":\"SearchAction\",\"target\":{\"@type\":\"EntryPoint\",\"urlTemplate\":\"https:\\\/\\\/batijournal.com\\\/?s={search_term_string}\"},\"query-input\":{\"@type\":\"PropertyValueSpecification\",\"valueRequired\":true,\"valueName\":\"search_term_string\"}}],\"inLanguage\":\"fr-FR\"},{\"@type\":\"Person\",\"@id\":\"https:\\\/\\\/batijournal.com\\\/#\\\/schema\\\/person\\\/1dc96ec6957aa1ccb25ebe78bb19f100\",\"name\":\"St\u00e9phane Miget\",\"image\":{\"@type\":\"ImageObject\",\"inLanguage\":\"fr-FR\",\"@id\":\"https:\\\/\\\/secure.gravatar.com\\\/avatar\\\/89915563d925342126b8ef0281b93d9d7fc337043e8df017f780908eb9644451?s=96&d=mm&r=g\",\"url\":\"https:\\\/\\\/secure.gravatar.com\\\/avatar\\\/89915563d925342126b8ef0281b93d9d7fc337043e8df017f780908eb9644451?s=96&d=mm&r=g\",\"contentUrl\":\"https:\\\/\\\/secure.gravatar.com\\\/avatar\\\/89915563d925342126b8ef0281b93d9d7fc337043e8df017f780908eb9644451?s=96&d=mm&r=g\",\"caption\":\"St\u00e9phane Miget\"},\"url\":\"https:\\\/\\\/batijournal.com\\\/index.php\\\/author\\\/stephane\\\/\"}]}<\/script>\n<!-- \/ Yoast SEO plugin. -->","yoast_head_json":{"title":"Tony PARKER annonce la cr\u00e9ation d\u2019une ARENA multifonction \u00e0 Villeurbanne","robots":{"index":"index","follow":"follow","max-snippet":"max-snippet:-1","max-image-preview":"max-image-preview:large","max-video-preview":"max-video-preview:-1"},"canonical":"https:\/\/batijournal.com\/index.php\/tony-parker-annonce-creation-dune-arena-multifonctions-a-villeurbanne\/93414\/","og_locale":"fr_FR","og_type":"article","og_title":"Tony PARKER annonce la cr\u00e9ation d\u2019une ARENA multifonction \u00e0 Villeurbanne","og_description":"L\u2019ASVEL, club de basket de Villeurbanne dont Tony PARKER est le pr\u00e9sident, va b\u00e9n\u00e9ficier d\u2019un \u00e9quipement nouvelle g\u00e9n\u00e9ration r\u00e9pondant au standard actuel des plus belles salles europ\u00e9ennes voire internationales...","og_url":"https:\/\/batijournal.com\/index.php\/tony-parker-annonce-creation-dune-arena-multifonctions-a-villeurbanne\/93414\/","og_site_name":"Batijournal","article_published_time":"2016-07-13T08:26:30+00:00","article_modified_time":"2016-07-13T08:27:45+00:00","og_image":[{"width":1400,"height":788,"url":"https:\/\/batijournal.com\/wp-content\/uploads\/2016\/07\/Arena-asvel-basket-Vue-bord-du-Rhone.jpg","type":"image\/jpeg"}],"author":"St\u00e9phane Miget","twitter_card":"summary_large_image","twitter_creator":"@bati_journal","twitter_site":"@bati_journal","twitter_misc":{"\u00c9crit par":"St\u00e9phane Miget","Dur\u00e9e de lecture estim\u00e9e":"4 minutes"},"schema":{"@context":"https:\/\/schema.org","@graph":[{"@type":"Article","@id":"https:\/\/batijournal.com\/index.php\/tony-parker-annonce-creation-dune-arena-multifonctions-a-villeurbanne\/93414\/#article","isPartOf":{"@id":"https:\/\/batijournal.com\/index.php\/tony-parker-annonce-creation-dune-arena-multifonctions-a-villeurbanne\/93414\/"},"author":{"name":"St\u00e9phane Miget","@id":"https:\/\/batijournal.com\/#\/schema\/person\/1dc96ec6957aa1ccb25ebe78bb19f100"},"headline":"Tony PARKER annonce la cr\u00e9ation d\u2019une ARENA multifonction \u00e0 Villeurbanne","datePublished":"2016-07-13T08:26:30+00:00","dateModified":"2016-07-13T08:27:45+00:00","mainEntityOfPage":{"@id":"https:\/\/batijournal.com\/index.php\/tony-parker-annonce-creation-dune-arena-multifonctions-a-villeurbanne\/93414\/"},"wordCount":822,"image":{"@id":"https:\/\/batijournal.com\/index.php\/tony-parker-annonce-creation-dune-arena-multifonctions-a-villeurbanne\/93414\/#primaryimage"},"thumbnailUrl":"https:\/\/batijournal.com\/wp-content\/uploads\/2016\/07\/Arena-asvel-basket-Vue-bord-du-Rhone.jpg","keywords":["stade"],"articleSection":["Architecture &amp; Conception"],"inLanguage":"fr-FR"},{"@type":"WebPage","@id":"https:\/\/batijournal.com\/index.php\/tony-parker-annonce-creation-dune-arena-multifonctions-a-villeurbanne\/93414\/","url":"https:\/\/batijournal.com\/index.php\/tony-parker-annonce-creation-dune-arena-multifonctions-a-villeurbanne\/93414\/","name":"Tony PARKER annonce la cr\u00e9ation d\u2019une ARENA multifonction \u00e0 Villeurbanne","isPartOf":{"@id":"https:\/\/batijournal.com\/#website"},"primaryImageOfPage":{"@id":"https:\/\/batijournal.com\/index.php\/tony-parker-annonce-creation-dune-arena-multifonctions-a-villeurbanne\/93414\/#primaryimage"},"image":{"@id":"https:\/\/batijournal.com\/index.php\/tony-parker-annonce-creation-dune-arena-multifonctions-a-villeurbanne\/93414\/#primaryimage"},"thumbnailUrl":"https:\/\/batijournal.com\/wp-content\/uploads\/2016\/07\/Arena-asvel-basket-Vue-bord-du-Rhone.jpg","datePublished":"2016-07-13T08:26:30+00:00","dateModified":"2016-07-13T08:27:45+00:00","author":{"@id":"https:\/\/batijournal.com\/#\/schema\/person\/1dc96ec6957aa1ccb25ebe78bb19f100"},"breadcrumb":{"@id":"https:\/\/batijournal.com\/index.php\/tony-parker-annonce-creation-dune-arena-multifonctions-a-villeurbanne\/93414\/#breadcrumb"},"inLanguage":"fr-FR","potentialAction":[{"@type":"ReadAction","target":["https:\/\/batijournal.com\/index.php\/tony-parker-annonce-creation-dune-arena-multifonctions-a-villeurbanne\/93414\/"]}]},{"@type":"ImageObject","inLanguage":"fr-FR","@id":"https:\/\/batijournal.com\/index.php\/tony-parker-annonce-creation-dune-arena-multifonctions-a-villeurbanne\/93414\/#primaryimage","url":"https:\/\/batijournal.com\/wp-content\/uploads\/2016\/07\/Arena-asvel-basket-Vue-bord-du-Rhone.jpg","contentUrl":"https:\/\/batijournal.com\/wp-content\/uploads\/2016\/07\/Arena-asvel-basket-Vue-bord-du-Rhone.jpg","width":1400,"height":788,"caption":"Arena-asvel-basket-Vue-bord-du-Rhone"},{"@type":"BreadcrumbList","@id":"https:\/\/batijournal.com\/index.php\/tony-parker-annonce-creation-dune-arena-multifonctions-a-villeurbanne\/93414\/#breadcrumb","itemListElement":[{"@type":"ListItem","position":1,"name":"Accueil","item":"https:\/\/batijournal.com\/"},{"@type":"ListItem","position":2,"name":"Actualit\u00e9s","item":"https:\/\/batijournal.com\/index.php\/category\/actualites\/"},{"@type":"ListItem","position":3,"name":"Architecture &amp; Conception","item":"https:\/\/batijournal.com\/index.php\/category\/actualites\/architecture-conception\/"},{"@type":"ListItem","position":4,"name":"Tony PARKER annonce la cr\u00e9ation d\u2019une ARENA multifonction \u00e0 Villeurbanne"}]},{"@type":"WebSite","@id":"https:\/\/batijournal.com\/#website","url":"https:\/\/batijournal.com\/","name":"Batijournal","description":"L&#039;actualit\u00e9 du b\u00e2timent","potentialAction":[{"@type":"SearchAction","target":{"@type":"EntryPoint","urlTemplate":"https:\/\/batijournal.com\/?s={search_term_string}"},"query-input":{"@type":"PropertyValueSpecification","valueRequired":true,"valueName":"search_term_string"}}],"inLanguage":"fr-FR"},{"@type":"Person","@id":"https:\/\/batijournal.com\/#\/schema\/person\/1dc96ec6957aa1ccb25ebe78bb19f100","name":"St\u00e9phane Miget","image":{"@type":"ImageObject","inLanguage":"fr-FR","@id":"https:\/\/secure.gravatar.com\/avatar\/89915563d925342126b8ef0281b93d9d7fc337043e8df017f780908eb9644451?s=96&d=mm&r=g","url":"https:\/\/secure.gravatar.com\/avatar\/89915563d925342126b8ef0281b93d9d7fc337043e8df017f780908eb9644451?s=96&d=mm&r=g","contentUrl":"https:\/\/secure.gravatar.com\/avatar\/89915563d925342126b8ef0281b93d9d7fc337043e8df017f780908eb9644451?s=96&d=mm&r=g","caption":"St\u00e9phane Miget"},"url":"https:\/\/batijournal.com\/index.php\/author\/stephane\/"}]}},"_links":{"self":[{"href":"https:\/\/batijournal.com\/index.php\/wp-json\/wp\/v2\/posts\/93414","targetHints":{"allow":["GET"]}}],"collection":[{"href":"https:\/\/batijournal.com\/index.php\/wp-json\/wp\/v2\/posts"}],"about":[{"href":"https:\/\/batijournal.com\/index.php\/wp-json\/wp\/v2\/types\/post"}],"author":[{"embeddable":true,"href":"https:\/\/batijournal.com\/index.php\/wp-json\/wp\/v2\/users\/17"}],"replies":[{"embeddable":true,"href":"https:\/\/batijournal.com\/index.php\/wp-json\/wp\/v2\/comments?post=93414"}],"version-history":[{"count":0,"href":"https:\/\/batijournal.com\/index.php\/wp-json\/wp\/v2\/posts\/93414\/revisions"}],"wp:featuredmedia":[{"embeddable":true,"href":"https:\/\/batijournal.com\/index.php\/wp-json\/wp\/v2\/media\/93417"}],"wp:attachment":[{"href":"https:\/\/batijournal.com\/index.php\/wp-json\/wp\/v2\/media?parent=93414"}],"wp:term":[{"taxonomy":"category","embeddable":true,"href":"https:\/\/batijournal.com\/index.php\/wp-json\/wp\/v2\/categories?post=93414"},{"taxonomy":"post_tag","embeddable":true,"href":"https:\/\/batijournal.com\/index.php\/wp-json\/wp\/v2\/tags?post=93414"}],"curies":[{"name":"wp","href":"https:\/\/api.w.org\/{rel}","templated":true}]}}