{"id":93425,"date":"2016-07-13T15:55:06","date_gmt":"2016-07-13T13:55:06","guid":{"rendered":"http:\/\/batijournal.com\/?p=93425"},"modified":"2019-07-15T11:27:51","modified_gmt":"2019-07-15T09:27:51","slug":"futur-palais-de-justice-de-paris-atteint-sommet","status":"publish","type":"post","link":"https:\/\/batijournal.com\/index.php\/futur-palais-de-justice-de-paris-atteint-sommet\/93425\/","title":{"rendered":"Le futur palais de justice de Paris atteint son sommet"},"content":{"rendered":"<p>[et_pb_section admin_label=\u00a0\u00bbsection\u00a0\u00bb][et_pb_row admin_label=\u00a0\u00bbLigne\u00a0\u00bb][et_pb_column type=\u00a0\u00bb1_3&Prime;][et_pb_image admin_label=\u00a0\u00bbImage\u00a0\u00bb src=\u00a0\u00bbhttps:\/\/batijournal.com\/wp-content\/uploads\/2016\/07\/PJP-003_06-07-16-Laurent_Blossier.jpg\u00a0\u00bb show_in_lightbox=\u00a0\u00bbon\u00a0\u00bb url_new_window=\u00a0\u00bboff\u00a0\u00bb use_overlay=\u00a0\u00bboff\u00a0\u00bb animation=\u00a0\u00bboff\u00a0\u00bb sticky=\u00a0\u00bboff\u00a0\u00bb align=\u00a0\u00bbleft\u00a0\u00bb force_fullwidth=\u00a0\u00bboff\u00a0\u00bb always_center_on_mobile=\u00a0\u00bbon\u00a0\u00bb use_border_color=\u00a0\u00bboff\u00a0\u00bb border_color=\u00a0\u00bb#ffffff\u00a0\u00bb border_style=\u00a0\u00bbsolid\u00a0\u00bb \/][et_pb_text admin_label=\u00a0\u00bbTexte\u00a0\u00bb background_layout=\u00a0\u00bblight\u00a0\u00bb text_orientation=\u00a0\u00bbleft\u00a0\u00bb use_border_color=\u00a0\u00bboff\u00a0\u00bb border_color=\u00a0\u00bb#ffffff\u00a0\u00bb border_style=\u00a0\u00bbsolid\u00a0\u00bb text_font_size=\u00a0\u00bb16&Prime;]<\/p>\n<p>D\u2019une hauteur de 160 m, l\u2019immeuble de grande hauteur, figure embl\u00e9matique du projet con\u00e7u par l&rsquo;architecte Renzo Piano, regroupera l\u2019ensemble des services du tribunal de grande instance, le tribunal de police et les tribunaux d\u2019instance, auparavant diss\u00e9min\u00e9s dans la capitale. Plus de 1 500 personnes seront mobilis\u00e9es en p\u00e9riode de pointe sur le chantier, le plus important men\u00e9 actuellement \u00e0 Paris.<\/p>\n<p>Photos : \u00a9 Laurent Blossier<\/p>\n<p>&nbsp;<\/p>\n<p>[\/et_pb_text][\/et_pb_column][et_pb_column type=\u00a0\u00bb2_3&Prime;][et_pb_text admin_label=\u00a0\u00bbTexte\u00a0\u00bb background_layout=\u00a0\u00bblight\u00a0\u00bb text_orientation=\u00a0\u00bbleft\u00a0\u00bb use_border_color=\u00a0\u00bboff\u00a0\u00bb border_color=\u00a0\u00bb#ffffff\u00a0\u00bb border_style=\u00a0\u00bbsolid\u00a0\u00bb text_font_size=\u00a0\u00bb16&Prime;]<\/p>\n<p><strong>Lanc\u00e9 \u00e0 l\u2019\u00e9t\u00e9 2014, le chantier de construction du futur Palais de Justice de Paris atteint au mois de juillet une \u00e9tape majeure : la fin du gros \u0153uvre. Un accomplissement men\u00e9 dans l\u2019exigence des d\u00e9lais pour tenir le cap de ce chantier hors normes.<\/strong><\/p>\n<p>Comme convenu, les \u00e9quipes de Bouygues B\u00e2timent Ile-de-France au sein de la soci\u00e9t\u00e9 de projet Ar\u00e9lia qui ont en charge la construction du futur Palais de Justice de Paris, ont finalis\u00e9 la phase du gros \u0153uvre d\u00e9marr\u00e9e au premier semestre 2015. Elle a mobilis\u00e9 270 chefs et compagnons de l\u2019entreprise, n\u00e9cessit\u00e9 le coulage de pr\u00e8s de 100 000 m3 de b\u00e9ton, le montage de 2 500 tonnes de charpente m\u00e9tallique et l\u2019utilisation simultan\u00e9e de douze grues sur le chantier. Pour r\u00e9aliser la structure atypique de la tour, qui pr\u00e9sente des structures en forme de \u00ab tailles de gu\u00eapes \u00bb aux niveaux 9, 19 et 29, Bouygues B\u00e2timent Ile-de-France a opt\u00e9 pour la technique du coffrage glissant qui a permis de r\u00e9aliser les noyaux de l\u2019immeuble \u00e0 la cadence d\u2019un \u00e9tage tous les deux jours gr\u00e2ce \u00e0 un coulage du b\u00e9ton en continu. Les planchers, quant \u00e0 eux, ont progress\u00e9 \u00e0 la vitesse d\u2019un \u00e9tage tous les 5 jours.<\/p>\n<p>[\/et_pb_text][et_pb_image admin_label=\u00a0\u00bbImage\u00a0\u00bb src=\u00a0\u00bbhttps:\/\/batijournal.com\/wp-content\/uploads\/2016\/07\/PJP-001_06-07-16-Laurent_Blossier.jpg\u00a0\u00bb show_in_lightbox=\u00a0\u00bbon\u00a0\u00bb url_new_window=\u00a0\u00bboff\u00a0\u00bb use_overlay=\u00a0\u00bboff\u00a0\u00bb animation=\u00a0\u00bboff\u00a0\u00bb sticky=\u00a0\u00bboff\u00a0\u00bb align=\u00a0\u00bbleft\u00a0\u00bb force_fullwidth=\u00a0\u00bboff\u00a0\u00bb always_center_on_mobile=\u00a0\u00bbon\u00a0\u00bb use_border_color=\u00a0\u00bboff\u00a0\u00bb border_color=\u00a0\u00bb#ffffff\u00a0\u00bb border_style=\u00a0\u00bbsolid\u00a0\u00bb \/][\/et_pb_column][\/et_pb_row][\/et_pb_section]<\/p>\n","protected":false},"excerpt":{"rendered":"<p>Lanc\u00e9 \u00e0 l\u2019\u00e9t\u00e9 2014, le chantier de construction du futur Palais de Justice de Paris atteint au mois de juillet une \u00e9tape majeure : la fin du gros \u0153uvre&#8230;<\/p>\n","protected":false},"author":17,"featured_media":93427,"comment_status":"closed","ping_status":"closed","sticky":false,"template":"","format":"standard","meta":{"_et_pb_use_builder":"on","_et_pb_old_content":"","_et_gb_content_width":"","footnotes":""},"categories":[6340],"tags":[4172],"class_list":["post-93425","post","type-post","status-publish","format-standard","has-post-thumbnail","hentry","category-architecture-conception","tag-bouygues-construction"],"yoast_head":"<!-- This site is optimized with the Yoast SEO plugin v27.4 - https:\/\/yoast.com\/product\/yoast-seo-wordpress\/ -->\n<title>Le futur palais de justice de Paris atteint son sommet<\/title>\n<meta name=\"robots\" content=\"index, follow, max-snippet:-1, max-image-preview:large, max-video-preview:-1\" \/>\n<link rel=\"canonical\" href=\"https:\/\/batijournal.com\/index.php\/futur-palais-de-justice-de-paris-atteint-sommet\/93425\/\" \/>\n<meta property=\"og:locale\" content=\"fr_FR\" \/>\n<meta property=\"og:type\" content=\"article\" \/>\n<meta property=\"og:title\" content=\"Le futur palais de justice de Paris atteint son sommet\" \/>\n<meta property=\"og:description\" content=\"Lanc\u00e9 \u00e0 l\u2019\u00e9t\u00e9 2014, le chantier de construction du futur Palais de Justice de Paris atteint au mois de juillet une \u00e9tape majeure : la fin du gros \u0153uvre...\" \/>\n<meta property=\"og:url\" content=\"https:\/\/batijournal.com\/index.php\/futur-palais-de-justice-de-paris-atteint-sommet\/93425\/\" \/>\n<meta property=\"og:site_name\" content=\"Batijournal\" \/>\n<meta property=\"article:published_time\" content=\"2016-07-13T13:55:06+00:00\" \/>\n<meta property=\"article:modified_time\" content=\"2019-07-15T09:27:51+00:00\" \/>\n<meta property=\"og:image\" content=\"https:\/\/batijournal.com\/wp-content\/uploads\/2016\/07\/PJP-002_06-07-16-Laurent_Blossier.jpg\" \/>\n\t<meta property=\"og:image:width\" content=\"1275\" \/>\n\t<meta property=\"og:image:height\" content=\"850\" \/>\n\t<meta property=\"og:image:type\" content=\"image\/jpeg\" \/>\n<meta name=\"author\" content=\"St\u00e9phane Miget\" \/>\n<meta name=\"twitter:card\" content=\"summary_large_image\" \/>\n<meta name=\"twitter:creator\" content=\"@bati_journal\" \/>\n<meta name=\"twitter:site\" content=\"@bati_journal\" \/>\n<meta name=\"twitter:label1\" content=\"\u00c9crit par\" \/>\n\t<meta name=\"twitter:data1\" content=\"St\u00e9phane Miget\" \/>\n\t<meta name=\"twitter:label2\" content=\"Dur\u00e9e de lecture estim\u00e9e\" \/>\n\t<meta name=\"twitter:data2\" content=\"2 minutes\" \/>\n<script type=\"application\/ld+json\" class=\"yoast-schema-graph\">{\"@context\":\"https:\\\/\\\/schema.org\",\"@graph\":[{\"@type\":\"Article\",\"@id\":\"https:\\\/\\\/batijournal.com\\\/index.php\\\/futur-palais-de-justice-de-paris-atteint-sommet\\\/93425\\\/#article\",\"isPartOf\":{\"@id\":\"https:\\\/\\\/batijournal.com\\\/index.php\\\/futur-palais-de-justice-de-paris-atteint-sommet\\\/93425\\\/\"},\"author\":{\"name\":\"St\u00e9phane Miget\",\"@id\":\"https:\\\/\\\/batijournal.com\\\/#\\\/schema\\\/person\\\/1dc96ec6957aa1ccb25ebe78bb19f100\"},\"headline\":\"Le futur palais de justice de Paris atteint son sommet\",\"datePublished\":\"2016-07-13T13:55:06+00:00\",\"dateModified\":\"2019-07-15T09:27:51+00:00\",\"mainEntityOfPage\":{\"@id\":\"https:\\\/\\\/batijournal.com\\\/index.php\\\/futur-palais-de-justice-de-paris-atteint-sommet\\\/93425\\\/\"},\"wordCount\":485,\"image\":{\"@id\":\"https:\\\/\\\/batijournal.com\\\/index.php\\\/futur-palais-de-justice-de-paris-atteint-sommet\\\/93425\\\/#primaryimage\"},\"thumbnailUrl\":\"https:\\\/\\\/batijournal.com\\\/wp-content\\\/uploads\\\/2016\\\/07\\\/PJP-002_06-07-16-Laurent_Blossier.jpg\",\"keywords\":[\"Bouygues Construction\"],\"articleSection\":[\"Architecture &amp; Conception\"],\"inLanguage\":\"fr-FR\"},{\"@type\":\"WebPage\",\"@id\":\"https:\\\/\\\/batijournal.com\\\/index.php\\\/futur-palais-de-justice-de-paris-atteint-sommet\\\/93425\\\/\",\"url\":\"https:\\\/\\\/batijournal.com\\\/index.php\\\/futur-palais-de-justice-de-paris-atteint-sommet\\\/93425\\\/\",\"name\":\"Le futur palais de justice de Paris atteint son sommet\",\"isPartOf\":{\"@id\":\"https:\\\/\\\/batijournal.com\\\/#website\"},\"primaryImageOfPage\":{\"@id\":\"https:\\\/\\\/batijournal.com\\\/index.php\\\/futur-palais-de-justice-de-paris-atteint-sommet\\\/93425\\\/#primaryimage\"},\"image\":{\"@id\":\"https:\\\/\\\/batijournal.com\\\/index.php\\\/futur-palais-de-justice-de-paris-atteint-sommet\\\/93425\\\/#primaryimage\"},\"thumbnailUrl\":\"https:\\\/\\\/batijournal.com\\\/wp-content\\\/uploads\\\/2016\\\/07\\\/PJP-002_06-07-16-Laurent_Blossier.jpg\",\"datePublished\":\"2016-07-13T13:55:06+00:00\",\"dateModified\":\"2019-07-15T09:27:51+00:00\",\"author\":{\"@id\":\"https:\\\/\\\/batijournal.com\\\/#\\\/schema\\\/person\\\/1dc96ec6957aa1ccb25ebe78bb19f100\"},\"breadcrumb\":{\"@id\":\"https:\\\/\\\/batijournal.com\\\/index.php\\\/futur-palais-de-justice-de-paris-atteint-sommet\\\/93425\\\/#breadcrumb\"},\"inLanguage\":\"fr-FR\",\"potentialAction\":[{\"@type\":\"ReadAction\",\"target\":[\"https:\\\/\\\/batijournal.com\\\/index.php\\\/futur-palais-de-justice-de-paris-atteint-sommet\\\/93425\\\/\"]}]},{\"@type\":\"ImageObject\",\"inLanguage\":\"fr-FR\",\"@id\":\"https:\\\/\\\/batijournal.com\\\/index.php\\\/futur-palais-de-justice-de-paris-atteint-sommet\\\/93425\\\/#primaryimage\",\"url\":\"https:\\\/\\\/batijournal.com\\\/wp-content\\\/uploads\\\/2016\\\/07\\\/PJP-002_06-07-16-Laurent_Blossier.jpg\",\"contentUrl\":\"https:\\\/\\\/batijournal.com\\\/wp-content\\\/uploads\\\/2016\\\/07\\\/PJP-002_06-07-16-Laurent_Blossier.jpg\",\"width\":1275,\"height\":850,\"caption\":\"chantier palais de justice de paris\"},{\"@type\":\"BreadcrumbList\",\"@id\":\"https:\\\/\\\/batijournal.com\\\/index.php\\\/futur-palais-de-justice-de-paris-atteint-sommet\\\/93425\\\/#breadcrumb\",\"itemListElement\":[{\"@type\":\"ListItem\",\"position\":1,\"name\":\"Accueil\",\"item\":\"https:\\\/\\\/batijournal.com\\\/\"},{\"@type\":\"ListItem\",\"position\":2,\"name\":\"Actualit\u00e9s\",\"item\":\"https:\\\/\\\/batijournal.com\\\/index.php\\\/category\\\/actualites\\\/\"},{\"@type\":\"ListItem\",\"position\":3,\"name\":\"Architecture &amp; Conception\",\"item\":\"https:\\\/\\\/batijournal.com\\\/index.php\\\/category\\\/actualites\\\/architecture-conception\\\/\"},{\"@type\":\"ListItem\",\"position\":4,\"name\":\"Le futur palais de justice de Paris atteint son sommet\"}]},{\"@type\":\"WebSite\",\"@id\":\"https:\\\/\\\/batijournal.com\\\/#website\",\"url\":\"https:\\\/\\\/batijournal.com\\\/\",\"name\":\"Batijournal\",\"description\":\"L&#039;actualit\u00e9 du b\u00e2timent\",\"potentialAction\":[{\"@type\":\"SearchAction\",\"target\":{\"@type\":\"EntryPoint\",\"urlTemplate\":\"https:\\\/\\\/batijournal.com\\\/?s={search_term_string}\"},\"query-input\":{\"@type\":\"PropertyValueSpecification\",\"valueRequired\":true,\"valueName\":\"search_term_string\"}}],\"inLanguage\":\"fr-FR\"},{\"@type\":\"Person\",\"@id\":\"https:\\\/\\\/batijournal.com\\\/#\\\/schema\\\/person\\\/1dc96ec6957aa1ccb25ebe78bb19f100\",\"name\":\"St\u00e9phane Miget\",\"image\":{\"@type\":\"ImageObject\",\"inLanguage\":\"fr-FR\",\"@id\":\"https:\\\/\\\/secure.gravatar.com\\\/avatar\\\/89915563d925342126b8ef0281b93d9d7fc337043e8df017f780908eb9644451?s=96&d=mm&r=g\",\"url\":\"https:\\\/\\\/secure.gravatar.com\\\/avatar\\\/89915563d925342126b8ef0281b93d9d7fc337043e8df017f780908eb9644451?s=96&d=mm&r=g\",\"contentUrl\":\"https:\\\/\\\/secure.gravatar.com\\\/avatar\\\/89915563d925342126b8ef0281b93d9d7fc337043e8df017f780908eb9644451?s=96&d=mm&r=g\",\"caption\":\"St\u00e9phane Miget\"},\"url\":\"https:\\\/\\\/batijournal.com\\\/index.php\\\/author\\\/stephane\\\/\"}]}<\/script>\n<!-- \/ Yoast SEO plugin. -->","yoast_head_json":{"title":"Le futur palais de justice de Paris atteint son sommet","robots":{"index":"index","follow":"follow","max-snippet":"max-snippet:-1","max-image-preview":"max-image-preview:large","max-video-preview":"max-video-preview:-1"},"canonical":"https:\/\/batijournal.com\/index.php\/futur-palais-de-justice-de-paris-atteint-sommet\/93425\/","og_locale":"fr_FR","og_type":"article","og_title":"Le futur palais de justice de Paris atteint son sommet","og_description":"Lanc\u00e9 \u00e0 l\u2019\u00e9t\u00e9 2014, le chantier de construction du futur Palais de Justice de Paris atteint au mois de juillet une \u00e9tape majeure : la fin du gros \u0153uvre...","og_url":"https:\/\/batijournal.com\/index.php\/futur-palais-de-justice-de-paris-atteint-sommet\/93425\/","og_site_name":"Batijournal","article_published_time":"2016-07-13T13:55:06+00:00","article_modified_time":"2019-07-15T09:27:51+00:00","og_image":[{"width":1275,"height":850,"url":"https:\/\/batijournal.com\/wp-content\/uploads\/2016\/07\/PJP-002_06-07-16-Laurent_Blossier.jpg","type":"image\/jpeg"}],"author":"St\u00e9phane Miget","twitter_card":"summary_large_image","twitter_creator":"@bati_journal","twitter_site":"@bati_journal","twitter_misc":{"\u00c9crit par":"St\u00e9phane Miget","Dur\u00e9e de lecture estim\u00e9e":"2 minutes"},"schema":{"@context":"https:\/\/schema.org","@graph":[{"@type":"Article","@id":"https:\/\/batijournal.com\/index.php\/futur-palais-de-justice-de-paris-atteint-sommet\/93425\/#article","isPartOf":{"@id":"https:\/\/batijournal.com\/index.php\/futur-palais-de-justice-de-paris-atteint-sommet\/93425\/"},"author":{"name":"St\u00e9phane Miget","@id":"https:\/\/batijournal.com\/#\/schema\/person\/1dc96ec6957aa1ccb25ebe78bb19f100"},"headline":"Le futur palais de justice de Paris atteint son sommet","datePublished":"2016-07-13T13:55:06+00:00","dateModified":"2019-07-15T09:27:51+00:00","mainEntityOfPage":{"@id":"https:\/\/batijournal.com\/index.php\/futur-palais-de-justice-de-paris-atteint-sommet\/93425\/"},"wordCount":485,"image":{"@id":"https:\/\/batijournal.com\/index.php\/futur-palais-de-justice-de-paris-atteint-sommet\/93425\/#primaryimage"},"thumbnailUrl":"https:\/\/batijournal.com\/wp-content\/uploads\/2016\/07\/PJP-002_06-07-16-Laurent_Blossier.jpg","keywords":["Bouygues Construction"],"articleSection":["Architecture &amp; Conception"],"inLanguage":"fr-FR"},{"@type":"WebPage","@id":"https:\/\/batijournal.com\/index.php\/futur-palais-de-justice-de-paris-atteint-sommet\/93425\/","url":"https:\/\/batijournal.com\/index.php\/futur-palais-de-justice-de-paris-atteint-sommet\/93425\/","name":"Le futur palais de justice de Paris atteint son sommet","isPartOf":{"@id":"https:\/\/batijournal.com\/#website"},"primaryImageOfPage":{"@id":"https:\/\/batijournal.com\/index.php\/futur-palais-de-justice-de-paris-atteint-sommet\/93425\/#primaryimage"},"image":{"@id":"https:\/\/batijournal.com\/index.php\/futur-palais-de-justice-de-paris-atteint-sommet\/93425\/#primaryimage"},"thumbnailUrl":"https:\/\/batijournal.com\/wp-content\/uploads\/2016\/07\/PJP-002_06-07-16-Laurent_Blossier.jpg","datePublished":"2016-07-13T13:55:06+00:00","dateModified":"2019-07-15T09:27:51+00:00","author":{"@id":"https:\/\/batijournal.com\/#\/schema\/person\/1dc96ec6957aa1ccb25ebe78bb19f100"},"breadcrumb":{"@id":"https:\/\/batijournal.com\/index.php\/futur-palais-de-justice-de-paris-atteint-sommet\/93425\/#breadcrumb"},"inLanguage":"fr-FR","potentialAction":[{"@type":"ReadAction","target":["https:\/\/batijournal.com\/index.php\/futur-palais-de-justice-de-paris-atteint-sommet\/93425\/"]}]},{"@type":"ImageObject","inLanguage":"fr-FR","@id":"https:\/\/batijournal.com\/index.php\/futur-palais-de-justice-de-paris-atteint-sommet\/93425\/#primaryimage","url":"https:\/\/batijournal.com\/wp-content\/uploads\/2016\/07\/PJP-002_06-07-16-Laurent_Blossier.jpg","contentUrl":"https:\/\/batijournal.com\/wp-content\/uploads\/2016\/07\/PJP-002_06-07-16-Laurent_Blossier.jpg","width":1275,"height":850,"caption":"chantier palais de justice de paris"},{"@type":"BreadcrumbList","@id":"https:\/\/batijournal.com\/index.php\/futur-palais-de-justice-de-paris-atteint-sommet\/93425\/#breadcrumb","itemListElement":[{"@type":"ListItem","position":1,"name":"Accueil","item":"https:\/\/batijournal.com\/"},{"@type":"ListItem","position":2,"name":"Actualit\u00e9s","item":"https:\/\/batijournal.com\/index.php\/category\/actualites\/"},{"@type":"ListItem","position":3,"name":"Architecture &amp; Conception","item":"https:\/\/batijournal.com\/index.php\/category\/actualites\/architecture-conception\/"},{"@type":"ListItem","position":4,"name":"Le futur palais de justice de Paris atteint son sommet"}]},{"@type":"WebSite","@id":"https:\/\/batijournal.com\/#website","url":"https:\/\/batijournal.com\/","name":"Batijournal","description":"L&#039;actualit\u00e9 du b\u00e2timent","potentialAction":[{"@type":"SearchAction","target":{"@type":"EntryPoint","urlTemplate":"https:\/\/batijournal.com\/?s={search_term_string}"},"query-input":{"@type":"PropertyValueSpecification","valueRequired":true,"valueName":"search_term_string"}}],"inLanguage":"fr-FR"},{"@type":"Person","@id":"https:\/\/batijournal.com\/#\/schema\/person\/1dc96ec6957aa1ccb25ebe78bb19f100","name":"St\u00e9phane Miget","image":{"@type":"ImageObject","inLanguage":"fr-FR","@id":"https:\/\/secure.gravatar.com\/avatar\/89915563d925342126b8ef0281b93d9d7fc337043e8df017f780908eb9644451?s=96&d=mm&r=g","url":"https:\/\/secure.gravatar.com\/avatar\/89915563d925342126b8ef0281b93d9d7fc337043e8df017f780908eb9644451?s=96&d=mm&r=g","contentUrl":"https:\/\/secure.gravatar.com\/avatar\/89915563d925342126b8ef0281b93d9d7fc337043e8df017f780908eb9644451?s=96&d=mm&r=g","caption":"St\u00e9phane Miget"},"url":"https:\/\/batijournal.com\/index.php\/author\/stephane\/"}]}},"_links":{"self":[{"href":"https:\/\/batijournal.com\/index.php\/wp-json\/wp\/v2\/posts\/93425","targetHints":{"allow":["GET"]}}],"collection":[{"href":"https:\/\/batijournal.com\/index.php\/wp-json\/wp\/v2\/posts"}],"about":[{"href":"https:\/\/batijournal.com\/index.php\/wp-json\/wp\/v2\/types\/post"}],"author":[{"embeddable":true,"href":"https:\/\/batijournal.com\/index.php\/wp-json\/wp\/v2\/users\/17"}],"replies":[{"embeddable":true,"href":"https:\/\/batijournal.com\/index.php\/wp-json\/wp\/v2\/comments?post=93425"}],"version-history":[{"count":0,"href":"https:\/\/batijournal.com\/index.php\/wp-json\/wp\/v2\/posts\/93425\/revisions"}],"wp:featuredmedia":[{"embeddable":true,"href":"https:\/\/batijournal.com\/index.php\/wp-json\/wp\/v2\/media\/93427"}],"wp:attachment":[{"href":"https:\/\/batijournal.com\/index.php\/wp-json\/wp\/v2\/media?parent=93425"}],"wp:term":[{"taxonomy":"category","embeddable":true,"href":"https:\/\/batijournal.com\/index.php\/wp-json\/wp\/v2\/categories?post=93425"},{"taxonomy":"post_tag","embeddable":true,"href":"https:\/\/batijournal.com\/index.php\/wp-json\/wp\/v2\/tags?post=93425"}],"curies":[{"name":"wp","href":"https:\/\/api.w.org\/{rel}","templated":true}]}}