{"id":93436,"date":"2016-07-18T08:17:11","date_gmt":"2016-07-18T06:17:11","guid":{"rendered":"http:\/\/batijournal.com\/?p=93436"},"modified":"2019-07-15T11:16:39","modified_gmt":"2019-07-15T09:16:39","slug":"loeuvre-de-corbusier-patrimoine-mondial-de-lunesco","status":"publish","type":"post","link":"https:\/\/batijournal.com\/index.php\/loeuvre-de-corbusier-patrimoine-mondial-de-lunesco\/93436\/","title":{"rendered":"L\u2019\u0153uvre de Le Corbusier au patrimoine mondial de l&rsquo;Unesco"},"content":{"rendered":"<p>Dix-sept sites, r\u00e9partis sur sept pays, qui font partie de l\u2019\u0153uvre architecturale de Le Corbusier, t\u00e9moignent de l\u2019invention d\u2019un nouveau langage architectural en rupture avec le pass\u00e9. Ils ont \u00e9t\u00e9 r\u00e9alis\u00e9s sur un demi-si\u00e8cle, tout au long de ce que Le Corbusier a nomm\u00e9 une \u00ab recherche patiente \u00bb. Le complexe du capitole \u00e0 Chandigarh (Inde), le mus\u00e9e national des beaux-arts de l\u2019Occident \u00e0 Tokyo (Japon), la maison du docteur Curutchet \u00e0 La Plata (Argentine) ou encore l\u2019Unit\u00e9 d\u2019habitation de Marseille (France) refl\u00e8tent les solutions que le mouvement moderne a cherch\u00e9 \u00e0 apporter aux enjeux de renouvellement, au cours du 20e si\u00e8cle, des techniques architecturales afin de r\u00e9pondre aux besoins de la soci\u00e9t\u00e9. L\u2019\u0153uvre architecturale de Le Corbusier &#8211; Une contribution exceptionnelle au Mouvement Moderne &#8211; vient d&rsquo;\u00eatre inscrite au patrimoine mondial de l&rsquo;Unesco. Ces chefs d&rsquo;oeuvre attestent de l\u2019internationalisation de la pratique architecturale \u00e0 l\u2019\u00e9chelle de la plan\u00e8te.<\/p>\n<p>Photo : Unesco<\/p>\n<p>&nbsp;<\/p>\n","protected":false},"excerpt":{"rendered":"<p>Dix-sept sites, r\u00e9partis sur sept pays, qui font partie de l\u2019\u0153uvre architecturale de Le Corbusier, t\u00e9moignent de l\u2019invention d\u2019un nouveau langage architectural en rupture avec le pass\u00e9. Ils ont \u00e9t\u00e9 r\u00e9alis\u00e9s sur un demi-si\u00e8cle, tout au long de ce que Le Corbusier a nomm\u00e9 une \u00ab recherche patiente \u00bb. Le complexe du capitole \u00e0 Chandigarh [&hellip;]<\/p>\n","protected":false},"author":17,"featured_media":93437,"comment_status":"closed","ping_status":"closed","sticky":false,"template":"","format":"standard","meta":{"_et_pb_use_builder":"","_et_pb_old_content":"","_et_gb_content_width":"","footnotes":""},"categories":[10530,6340],"tags":[8674],"class_list":["post-93436","post","type-post","status-publish","format-standard","has-post-thumbnail","hentry","category-actualites","category-architecture-conception","tag-patrimoine-mondial-de-lunesco"],"yoast_head":"<!-- This site is optimized with the Yoast SEO plugin v27.4 - https:\/\/yoast.com\/product\/yoast-seo-wordpress\/ -->\n<title>L\u2019\u0153uvre de Le Corbusier au patrimoine mondial de l&#039;Unesco<\/title>\n<meta name=\"robots\" content=\"index, follow, max-snippet:-1, max-image-preview:large, max-video-preview:-1\" \/>\n<link rel=\"canonical\" href=\"https:\/\/batijournal.com\/index.php\/loeuvre-de-corbusier-patrimoine-mondial-de-lunesco\/93436\/\" \/>\n<meta property=\"og:locale\" content=\"fr_FR\" \/>\n<meta property=\"og:type\" content=\"article\" \/>\n<meta property=\"og:title\" content=\"L\u2019\u0153uvre de Le Corbusier au patrimoine mondial de l&#039;Unesco\" \/>\n<meta property=\"og:description\" content=\"Dix-sept sites, r\u00e9partis sur sept pays, qui font partie de l\u2019\u0153uvre architecturale de Le Corbusier, t\u00e9moignent de l\u2019invention d\u2019un nouveau langage architectural en rupture avec le pass\u00e9. Ils ont \u00e9t\u00e9 r\u00e9alis\u00e9s sur un demi-si\u00e8cle, tout au long de ce que Le Corbusier a nomm\u00e9 une \u00ab recherche patiente \u00bb. Le complexe du capitole \u00e0 Chandigarh [&hellip;]\" \/>\n<meta property=\"og:url\" content=\"https:\/\/batijournal.com\/index.php\/loeuvre-de-corbusier-patrimoine-mondial-de-lunesco\/93436\/\" \/>\n<meta property=\"og:site_name\" content=\"Batijournal\" \/>\n<meta property=\"article:published_time\" content=\"2016-07-18T06:17:11+00:00\" \/>\n<meta property=\"article:modified_time\" content=\"2019-07-15T09:16:39+00:00\" \/>\n<meta property=\"og:image\" content=\"https:\/\/batijournal.com\/wp-content\/uploads\/2016\/07\/le-corbusier.jpeg\" \/>\n\t<meta property=\"og:image:width\" content=\"500\" \/>\n\t<meta property=\"og:image:height\" content=\"281\" \/>\n\t<meta property=\"og:image:type\" content=\"image\/jpeg\" \/>\n<meta name=\"author\" content=\"St\u00e9phane Miget\" \/>\n<meta name=\"twitter:card\" content=\"summary_large_image\" \/>\n<meta name=\"twitter:creator\" content=\"@bati_journal\" \/>\n<meta name=\"twitter:site\" content=\"@bati_journal\" \/>\n<meta name=\"twitter:label1\" content=\"\u00c9crit par\" \/>\n\t<meta name=\"twitter:data1\" content=\"St\u00e9phane Miget\" \/>\n\t<meta name=\"twitter:label2\" content=\"Dur\u00e9e de lecture estim\u00e9e\" \/>\n\t<meta name=\"twitter:data2\" content=\"1 minute\" \/>\n<script type=\"application\/ld+json\" class=\"yoast-schema-graph\">{\"@context\":\"https:\\\/\\\/schema.org\",\"@graph\":[{\"@type\":\"Article\",\"@id\":\"https:\\\/\\\/batijournal.com\\\/index.php\\\/loeuvre-de-corbusier-patrimoine-mondial-de-lunesco\\\/93436\\\/#article\",\"isPartOf\":{\"@id\":\"https:\\\/\\\/batijournal.com\\\/index.php\\\/loeuvre-de-corbusier-patrimoine-mondial-de-lunesco\\\/93436\\\/\"},\"author\":{\"name\":\"St\u00e9phane Miget\",\"@id\":\"https:\\\/\\\/batijournal.com\\\/#\\\/schema\\\/person\\\/1dc96ec6957aa1ccb25ebe78bb19f100\"},\"headline\":\"L\u2019\u0153uvre de Le Corbusier au patrimoine mondial de l&rsquo;Unesco\",\"datePublished\":\"2016-07-18T06:17:11+00:00\",\"dateModified\":\"2019-07-15T09:16:39+00:00\",\"mainEntityOfPage\":{\"@id\":\"https:\\\/\\\/batijournal.com\\\/index.php\\\/loeuvre-de-corbusier-patrimoine-mondial-de-lunesco\\\/93436\\\/\"},\"wordCount\":179,\"image\":{\"@id\":\"https:\\\/\\\/batijournal.com\\\/index.php\\\/loeuvre-de-corbusier-patrimoine-mondial-de-lunesco\\\/93436\\\/#primaryimage\"},\"thumbnailUrl\":\"https:\\\/\\\/batijournal.com\\\/wp-content\\\/uploads\\\/2016\\\/07\\\/le-corbusier.jpeg\",\"keywords\":[\"patrimoine mondial de lunesco\"],\"articleSection\":[\"Actualit\u00e9s\",\"Architecture &amp; Conception\"],\"inLanguage\":\"fr-FR\"},{\"@type\":\"WebPage\",\"@id\":\"https:\\\/\\\/batijournal.com\\\/index.php\\\/loeuvre-de-corbusier-patrimoine-mondial-de-lunesco\\\/93436\\\/\",\"url\":\"https:\\\/\\\/batijournal.com\\\/index.php\\\/loeuvre-de-corbusier-patrimoine-mondial-de-lunesco\\\/93436\\\/\",\"name\":\"L\u2019\u0153uvre de Le Corbusier au patrimoine mondial de l'Unesco\",\"isPartOf\":{\"@id\":\"https:\\\/\\\/batijournal.com\\\/#website\"},\"primaryImageOfPage\":{\"@id\":\"https:\\\/\\\/batijournal.com\\\/index.php\\\/loeuvre-de-corbusier-patrimoine-mondial-de-lunesco\\\/93436\\\/#primaryimage\"},\"image\":{\"@id\":\"https:\\\/\\\/batijournal.com\\\/index.php\\\/loeuvre-de-corbusier-patrimoine-mondial-de-lunesco\\\/93436\\\/#primaryimage\"},\"thumbnailUrl\":\"https:\\\/\\\/batijournal.com\\\/wp-content\\\/uploads\\\/2016\\\/07\\\/le-corbusier.jpeg\",\"datePublished\":\"2016-07-18T06:17:11+00:00\",\"dateModified\":\"2019-07-15T09:16:39+00:00\",\"author\":{\"@id\":\"https:\\\/\\\/batijournal.com\\\/#\\\/schema\\\/person\\\/1dc96ec6957aa1ccb25ebe78bb19f100\"},\"breadcrumb\":{\"@id\":\"https:\\\/\\\/batijournal.com\\\/index.php\\\/loeuvre-de-corbusier-patrimoine-mondial-de-lunesco\\\/93436\\\/#breadcrumb\"},\"inLanguage\":\"fr-FR\",\"potentialAction\":[{\"@type\":\"ReadAction\",\"target\":[\"https:\\\/\\\/batijournal.com\\\/index.php\\\/loeuvre-de-corbusier-patrimoine-mondial-de-lunesco\\\/93436\\\/\"]}]},{\"@type\":\"ImageObject\",\"inLanguage\":\"fr-FR\",\"@id\":\"https:\\\/\\\/batijournal.com\\\/index.php\\\/loeuvre-de-corbusier-patrimoine-mondial-de-lunesco\\\/93436\\\/#primaryimage\",\"url\":\"https:\\\/\\\/batijournal.com\\\/wp-content\\\/uploads\\\/2016\\\/07\\\/le-corbusier.jpeg\",\"contentUrl\":\"https:\\\/\\\/batijournal.com\\\/wp-content\\\/uploads\\\/2016\\\/07\\\/le-corbusier.jpeg\",\"width\":500,\"height\":281,\"caption\":\"le-corbusier\"},{\"@type\":\"BreadcrumbList\",\"@id\":\"https:\\\/\\\/batijournal.com\\\/index.php\\\/loeuvre-de-corbusier-patrimoine-mondial-de-lunesco\\\/93436\\\/#breadcrumb\",\"itemListElement\":[{\"@type\":\"ListItem\",\"position\":1,\"name\":\"Accueil\",\"item\":\"https:\\\/\\\/batijournal.com\\\/\"},{\"@type\":\"ListItem\",\"position\":2,\"name\":\"Actualit\u00e9s\",\"item\":\"https:\\\/\\\/batijournal.com\\\/index.php\\\/category\\\/actualites\\\/\"},{\"@type\":\"ListItem\",\"position\":3,\"name\":\"L\u2019\u0153uvre de Le Corbusier au patrimoine mondial de l&rsquo;Unesco\"}]},{\"@type\":\"WebSite\",\"@id\":\"https:\\\/\\\/batijournal.com\\\/#website\",\"url\":\"https:\\\/\\\/batijournal.com\\\/\",\"name\":\"Batijournal\",\"description\":\"L&#039;actualit\u00e9 du b\u00e2timent\",\"potentialAction\":[{\"@type\":\"SearchAction\",\"target\":{\"@type\":\"EntryPoint\",\"urlTemplate\":\"https:\\\/\\\/batijournal.com\\\/?s={search_term_string}\"},\"query-input\":{\"@type\":\"PropertyValueSpecification\",\"valueRequired\":true,\"valueName\":\"search_term_string\"}}],\"inLanguage\":\"fr-FR\"},{\"@type\":\"Person\",\"@id\":\"https:\\\/\\\/batijournal.com\\\/#\\\/schema\\\/person\\\/1dc96ec6957aa1ccb25ebe78bb19f100\",\"name\":\"St\u00e9phane Miget\",\"image\":{\"@type\":\"ImageObject\",\"inLanguage\":\"fr-FR\",\"@id\":\"https:\\\/\\\/secure.gravatar.com\\\/avatar\\\/89915563d925342126b8ef0281b93d9d7fc337043e8df017f780908eb9644451?s=96&d=mm&r=g\",\"url\":\"https:\\\/\\\/secure.gravatar.com\\\/avatar\\\/89915563d925342126b8ef0281b93d9d7fc337043e8df017f780908eb9644451?s=96&d=mm&r=g\",\"contentUrl\":\"https:\\\/\\\/secure.gravatar.com\\\/avatar\\\/89915563d925342126b8ef0281b93d9d7fc337043e8df017f780908eb9644451?s=96&d=mm&r=g\",\"caption\":\"St\u00e9phane Miget\"},\"url\":\"https:\\\/\\\/batijournal.com\\\/index.php\\\/author\\\/stephane\\\/\"}]}<\/script>\n<!-- \/ Yoast SEO plugin. -->","yoast_head_json":{"title":"L\u2019\u0153uvre de Le Corbusier au patrimoine mondial de l'Unesco","robots":{"index":"index","follow":"follow","max-snippet":"max-snippet:-1","max-image-preview":"max-image-preview:large","max-video-preview":"max-video-preview:-1"},"canonical":"https:\/\/batijournal.com\/index.php\/loeuvre-de-corbusier-patrimoine-mondial-de-lunesco\/93436\/","og_locale":"fr_FR","og_type":"article","og_title":"L\u2019\u0153uvre de Le Corbusier au patrimoine mondial de l'Unesco","og_description":"Dix-sept sites, r\u00e9partis sur sept pays, qui font partie de l\u2019\u0153uvre architecturale de Le Corbusier, t\u00e9moignent de l\u2019invention d\u2019un nouveau langage architectural en rupture avec le pass\u00e9. Ils ont \u00e9t\u00e9 r\u00e9alis\u00e9s sur un demi-si\u00e8cle, tout au long de ce que Le Corbusier a nomm\u00e9 une \u00ab recherche patiente \u00bb. Le complexe du capitole \u00e0 Chandigarh [&hellip;]","og_url":"https:\/\/batijournal.com\/index.php\/loeuvre-de-corbusier-patrimoine-mondial-de-lunesco\/93436\/","og_site_name":"Batijournal","article_published_time":"2016-07-18T06:17:11+00:00","article_modified_time":"2019-07-15T09:16:39+00:00","og_image":[{"width":500,"height":281,"url":"https:\/\/batijournal.com\/wp-content\/uploads\/2016\/07\/le-corbusier.jpeg","type":"image\/jpeg"}],"author":"St\u00e9phane Miget","twitter_card":"summary_large_image","twitter_creator":"@bati_journal","twitter_site":"@bati_journal","twitter_misc":{"\u00c9crit par":"St\u00e9phane Miget","Dur\u00e9e de lecture estim\u00e9e":"1 minute"},"schema":{"@context":"https:\/\/schema.org","@graph":[{"@type":"Article","@id":"https:\/\/batijournal.com\/index.php\/loeuvre-de-corbusier-patrimoine-mondial-de-lunesco\/93436\/#article","isPartOf":{"@id":"https:\/\/batijournal.com\/index.php\/loeuvre-de-corbusier-patrimoine-mondial-de-lunesco\/93436\/"},"author":{"name":"St\u00e9phane Miget","@id":"https:\/\/batijournal.com\/#\/schema\/person\/1dc96ec6957aa1ccb25ebe78bb19f100"},"headline":"L\u2019\u0153uvre de Le Corbusier au patrimoine mondial de l&rsquo;Unesco","datePublished":"2016-07-18T06:17:11+00:00","dateModified":"2019-07-15T09:16:39+00:00","mainEntityOfPage":{"@id":"https:\/\/batijournal.com\/index.php\/loeuvre-de-corbusier-patrimoine-mondial-de-lunesco\/93436\/"},"wordCount":179,"image":{"@id":"https:\/\/batijournal.com\/index.php\/loeuvre-de-corbusier-patrimoine-mondial-de-lunesco\/93436\/#primaryimage"},"thumbnailUrl":"https:\/\/batijournal.com\/wp-content\/uploads\/2016\/07\/le-corbusier.jpeg","keywords":["patrimoine mondial de lunesco"],"articleSection":["Actualit\u00e9s","Architecture &amp; Conception"],"inLanguage":"fr-FR"},{"@type":"WebPage","@id":"https:\/\/batijournal.com\/index.php\/loeuvre-de-corbusier-patrimoine-mondial-de-lunesco\/93436\/","url":"https:\/\/batijournal.com\/index.php\/loeuvre-de-corbusier-patrimoine-mondial-de-lunesco\/93436\/","name":"L\u2019\u0153uvre de Le Corbusier au patrimoine mondial de l'Unesco","isPartOf":{"@id":"https:\/\/batijournal.com\/#website"},"primaryImageOfPage":{"@id":"https:\/\/batijournal.com\/index.php\/loeuvre-de-corbusier-patrimoine-mondial-de-lunesco\/93436\/#primaryimage"},"image":{"@id":"https:\/\/batijournal.com\/index.php\/loeuvre-de-corbusier-patrimoine-mondial-de-lunesco\/93436\/#primaryimage"},"thumbnailUrl":"https:\/\/batijournal.com\/wp-content\/uploads\/2016\/07\/le-corbusier.jpeg","datePublished":"2016-07-18T06:17:11+00:00","dateModified":"2019-07-15T09:16:39+00:00","author":{"@id":"https:\/\/batijournal.com\/#\/schema\/person\/1dc96ec6957aa1ccb25ebe78bb19f100"},"breadcrumb":{"@id":"https:\/\/batijournal.com\/index.php\/loeuvre-de-corbusier-patrimoine-mondial-de-lunesco\/93436\/#breadcrumb"},"inLanguage":"fr-FR","potentialAction":[{"@type":"ReadAction","target":["https:\/\/batijournal.com\/index.php\/loeuvre-de-corbusier-patrimoine-mondial-de-lunesco\/93436\/"]}]},{"@type":"ImageObject","inLanguage":"fr-FR","@id":"https:\/\/batijournal.com\/index.php\/loeuvre-de-corbusier-patrimoine-mondial-de-lunesco\/93436\/#primaryimage","url":"https:\/\/batijournal.com\/wp-content\/uploads\/2016\/07\/le-corbusier.jpeg","contentUrl":"https:\/\/batijournal.com\/wp-content\/uploads\/2016\/07\/le-corbusier.jpeg","width":500,"height":281,"caption":"le-corbusier"},{"@type":"BreadcrumbList","@id":"https:\/\/batijournal.com\/index.php\/loeuvre-de-corbusier-patrimoine-mondial-de-lunesco\/93436\/#breadcrumb","itemListElement":[{"@type":"ListItem","position":1,"name":"Accueil","item":"https:\/\/batijournal.com\/"},{"@type":"ListItem","position":2,"name":"Actualit\u00e9s","item":"https:\/\/batijournal.com\/index.php\/category\/actualites\/"},{"@type":"ListItem","position":3,"name":"L\u2019\u0153uvre de Le Corbusier au patrimoine mondial de l&rsquo;Unesco"}]},{"@type":"WebSite","@id":"https:\/\/batijournal.com\/#website","url":"https:\/\/batijournal.com\/","name":"Batijournal","description":"L&#039;actualit\u00e9 du b\u00e2timent","potentialAction":[{"@type":"SearchAction","target":{"@type":"EntryPoint","urlTemplate":"https:\/\/batijournal.com\/?s={search_term_string}"},"query-input":{"@type":"PropertyValueSpecification","valueRequired":true,"valueName":"search_term_string"}}],"inLanguage":"fr-FR"},{"@type":"Person","@id":"https:\/\/batijournal.com\/#\/schema\/person\/1dc96ec6957aa1ccb25ebe78bb19f100","name":"St\u00e9phane Miget","image":{"@type":"ImageObject","inLanguage":"fr-FR","@id":"https:\/\/secure.gravatar.com\/avatar\/89915563d925342126b8ef0281b93d9d7fc337043e8df017f780908eb9644451?s=96&d=mm&r=g","url":"https:\/\/secure.gravatar.com\/avatar\/89915563d925342126b8ef0281b93d9d7fc337043e8df017f780908eb9644451?s=96&d=mm&r=g","contentUrl":"https:\/\/secure.gravatar.com\/avatar\/89915563d925342126b8ef0281b93d9d7fc337043e8df017f780908eb9644451?s=96&d=mm&r=g","caption":"St\u00e9phane Miget"},"url":"https:\/\/batijournal.com\/index.php\/author\/stephane\/"}]}},"_links":{"self":[{"href":"https:\/\/batijournal.com\/index.php\/wp-json\/wp\/v2\/posts\/93436","targetHints":{"allow":["GET"]}}],"collection":[{"href":"https:\/\/batijournal.com\/index.php\/wp-json\/wp\/v2\/posts"}],"about":[{"href":"https:\/\/batijournal.com\/index.php\/wp-json\/wp\/v2\/types\/post"}],"author":[{"embeddable":true,"href":"https:\/\/batijournal.com\/index.php\/wp-json\/wp\/v2\/users\/17"}],"replies":[{"embeddable":true,"href":"https:\/\/batijournal.com\/index.php\/wp-json\/wp\/v2\/comments?post=93436"}],"version-history":[{"count":0,"href":"https:\/\/batijournal.com\/index.php\/wp-json\/wp\/v2\/posts\/93436\/revisions"}],"wp:featuredmedia":[{"embeddable":true,"href":"https:\/\/batijournal.com\/index.php\/wp-json\/wp\/v2\/media\/93437"}],"wp:attachment":[{"href":"https:\/\/batijournal.com\/index.php\/wp-json\/wp\/v2\/media?parent=93436"}],"wp:term":[{"taxonomy":"category","embeddable":true,"href":"https:\/\/batijournal.com\/index.php\/wp-json\/wp\/v2\/categories?post=93436"},{"taxonomy":"post_tag","embeddable":true,"href":"https:\/\/batijournal.com\/index.php\/wp-json\/wp\/v2\/tags?post=93436"}],"curies":[{"name":"wp","href":"https:\/\/api.w.org\/{rel}","templated":true}]}}