{"id":93438,"date":"2016-07-18T08:15:23","date_gmt":"2016-07-18T06:15:23","guid":{"rendered":"http:\/\/batijournal.com\/?p=93438"},"modified":"2019-07-15T11:34:11","modified_gmt":"2019-07-15T09:34:11","slug":"deuxieme-cession-de-foncier-public-letat","status":"publish","type":"post","link":"https:\/\/batijournal.com\/index.php\/deuxieme-cession-de-foncier-public-letat\/93438\/","title":{"rendered":"Deuxi\u00e8me cession de foncier public par l\u2019Etat"},"content":{"rendered":"<p>Emmanuelle Cosse, ministre du Logement et de l\u2019Habitat Durable, Christian Eckert, secr\u00e9taire d\u2019Etat charg\u00e9 du Budget et Thierry Repentin, d\u00e9l\u00e9gu\u00e9 interminist\u00e9riel \u00e0 la mixit\u00e9 sociale dans l\u2019habitat ont sign\u00e9 \u00e0 Lyon un l\u2019acte de cession par l\u2019Etat \u00e0 la m\u00e9tropole d\u2019un immeuble domanial.<\/p>\n<p>La cession permettra la construction d\u2019une nouvelle r\u00e9sidence sociale sur plusieurs parcelles, dont celle c\u00e9d\u00e9e par l\u2019Etat \u00e0 la M\u00e9tropole. Le projet pr\u00e9voit la cr\u00e9ation de 239 logements, financ\u00e9s en Pr\u00eat Locatif Aid\u00e9 d\u2019Int\u00e9gration (PLAI), pour une surface de plancher globale de 7 489 m\u00e8tres carr\u00e9s. Il s\u2019agit de la deuxi\u00e8me cession de foncier public r\u00e9alis\u00e9e par l\u2019Etat avec une d\u00e9cote de 100%, apr\u00e8s la cession du 2 rue de Bruxelles \u00e0 Lille en janvier dernier. L\u2019effort consenti, de l\u2019ordre de 2,4 millions d\u2019euros, est justifi\u00e9 par la nature du projet (100% de logements financ\u00e9s en PLAI) et par la situation en zone tendue.<\/p>\n<p>A ce jour, 39 biens de l\u2019Etat, repr\u00e9sentant pr\u00e8s de 350 000 m2 de terrain, ont \u00e9t\u00e9 c\u00e9d\u00e9s avec une d\u00e9cote en application de la loi du 18 janvier 2013. Cela correspond \u00e0 un effort de l\u2019Etat de pr\u00e8s de 90 millions d\u2019euros au titre de la d\u00e9cote. Ces emprises permettront la construction de plus de 5000 logements, dont 3500 sociaux.<\/p>\n","protected":false},"excerpt":{"rendered":"<p>Emmanuelle Cosse, ministre du Logement et de l\u2019Habitat Durable, Christian Eckert, secr\u00e9taire d\u2019Etat charg\u00e9 du Budget et Thierry Repentin, d\u00e9l\u00e9gu\u00e9 interminist\u00e9riel \u00e0 la mixit\u00e9 sociale dans l\u2019habitat ont sign\u00e9 \u00e0 Lyon un l\u2019acte de cession par l\u2019Etat \u00e0 la m\u00e9tropole d\u2019un immeuble domanial. La cession permettra la construction d\u2019une nouvelle r\u00e9sidence sociale sur plusieurs parcelles, [&hellip;]<\/p>\n","protected":false},"author":17,"featured_media":0,"comment_status":"closed","ping_status":"closed","sticky":false,"template":"","format":"standard","meta":{"_et_pb_use_builder":"","_et_pb_old_content":"","_et_gb_content_width":"","footnotes":""},"categories":[6345],"tags":[7428,7407,6191,1154],"class_list":["post-93438","post","type-post","status-publish","format-standard","hentry","category-economie-marches","tag-foncier","tag-foncier-public","tag-logements-sociaux","tag-urbanisme"],"yoast_head":"<!-- This site is optimized with the Yoast SEO plugin v27.4 - https:\/\/yoast.com\/product\/yoast-seo-wordpress\/ -->\n<title>Deuxi\u00e8me cession de foncier public par l\u2019Etat<\/title>\n<meta name=\"robots\" content=\"index, follow, max-snippet:-1, max-image-preview:large, max-video-preview:-1\" \/>\n<link rel=\"canonical\" href=\"https:\/\/batijournal.com\/index.php\/deuxieme-cession-de-foncier-public-letat\/93438\/\" \/>\n<meta property=\"og:locale\" content=\"fr_FR\" \/>\n<meta property=\"og:type\" content=\"article\" \/>\n<meta property=\"og:title\" content=\"Deuxi\u00e8me cession de foncier public par l\u2019Etat\" \/>\n<meta property=\"og:description\" content=\"Emmanuelle Cosse, ministre du Logement et de l\u2019Habitat Durable, Christian Eckert, secr\u00e9taire d\u2019Etat charg\u00e9 du Budget et Thierry Repentin, d\u00e9l\u00e9gu\u00e9 interminist\u00e9riel \u00e0 la mixit\u00e9 sociale dans l\u2019habitat ont sign\u00e9 \u00e0 Lyon un l\u2019acte de cession par l\u2019Etat \u00e0 la m\u00e9tropole d\u2019un immeuble domanial. La cession permettra la construction d\u2019une nouvelle r\u00e9sidence sociale sur plusieurs parcelles, [&hellip;]\" \/>\n<meta property=\"og:url\" content=\"https:\/\/batijournal.com\/index.php\/deuxieme-cession-de-foncier-public-letat\/93438\/\" \/>\n<meta property=\"og:site_name\" content=\"Batijournal\" \/>\n<meta property=\"article:published_time\" content=\"2016-07-18T06:15:23+00:00\" \/>\n<meta property=\"article:modified_time\" content=\"2019-07-15T09:34:11+00:00\" \/>\n<meta name=\"author\" content=\"St\u00e9phane Miget\" \/>\n<meta name=\"twitter:card\" content=\"summary_large_image\" \/>\n<meta name=\"twitter:creator\" content=\"@bati_journal\" \/>\n<meta name=\"twitter:site\" content=\"@bati_journal\" \/>\n<meta name=\"twitter:label1\" content=\"\u00c9crit par\" \/>\n\t<meta name=\"twitter:data1\" content=\"St\u00e9phane Miget\" \/>\n\t<meta name=\"twitter:label2\" content=\"Dur\u00e9e de lecture estim\u00e9e\" \/>\n\t<meta name=\"twitter:data2\" content=\"1 minute\" \/>\n<script type=\"application\/ld+json\" class=\"yoast-schema-graph\">{\"@context\":\"https:\\\/\\\/schema.org\",\"@graph\":[{\"@type\":\"Article\",\"@id\":\"https:\\\/\\\/batijournal.com\\\/index.php\\\/deuxieme-cession-de-foncier-public-letat\\\/93438\\\/#article\",\"isPartOf\":{\"@id\":\"https:\\\/\\\/batijournal.com\\\/index.php\\\/deuxieme-cession-de-foncier-public-letat\\\/93438\\\/\"},\"author\":{\"name\":\"St\u00e9phane Miget\",\"@id\":\"https:\\\/\\\/batijournal.com\\\/#\\\/schema\\\/person\\\/1dc96ec6957aa1ccb25ebe78bb19f100\"},\"headline\":\"Deuxi\u00e8me cession de foncier public par l\u2019Etat\",\"datePublished\":\"2016-07-18T06:15:23+00:00\",\"dateModified\":\"2019-07-15T09:34:11+00:00\",\"mainEntityOfPage\":{\"@id\":\"https:\\\/\\\/batijournal.com\\\/index.php\\\/deuxieme-cession-de-foncier-public-letat\\\/93438\\\/\"},\"wordCount\":242,\"keywords\":[\"foncier\",\"foncier public\",\"logements sociaux\",\"urbanisme\"],\"articleSection\":[\"\u00c9conomie &amp; March\u00e9s\"],\"inLanguage\":\"fr-FR\"},{\"@type\":\"WebPage\",\"@id\":\"https:\\\/\\\/batijournal.com\\\/index.php\\\/deuxieme-cession-de-foncier-public-letat\\\/93438\\\/\",\"url\":\"https:\\\/\\\/batijournal.com\\\/index.php\\\/deuxieme-cession-de-foncier-public-letat\\\/93438\\\/\",\"name\":\"Deuxi\u00e8me cession de foncier public par l\u2019Etat\",\"isPartOf\":{\"@id\":\"https:\\\/\\\/batijournal.com\\\/#website\"},\"datePublished\":\"2016-07-18T06:15:23+00:00\",\"dateModified\":\"2019-07-15T09:34:11+00:00\",\"author\":{\"@id\":\"https:\\\/\\\/batijournal.com\\\/#\\\/schema\\\/person\\\/1dc96ec6957aa1ccb25ebe78bb19f100\"},\"breadcrumb\":{\"@id\":\"https:\\\/\\\/batijournal.com\\\/index.php\\\/deuxieme-cession-de-foncier-public-letat\\\/93438\\\/#breadcrumb\"},\"inLanguage\":\"fr-FR\",\"potentialAction\":[{\"@type\":\"ReadAction\",\"target\":[\"https:\\\/\\\/batijournal.com\\\/index.php\\\/deuxieme-cession-de-foncier-public-letat\\\/93438\\\/\"]}]},{\"@type\":\"BreadcrumbList\",\"@id\":\"https:\\\/\\\/batijournal.com\\\/index.php\\\/deuxieme-cession-de-foncier-public-letat\\\/93438\\\/#breadcrumb\",\"itemListElement\":[{\"@type\":\"ListItem\",\"position\":1,\"name\":\"Accueil\",\"item\":\"https:\\\/\\\/batijournal.com\\\/\"},{\"@type\":\"ListItem\",\"position\":2,\"name\":\"Actualit\u00e9s\",\"item\":\"https:\\\/\\\/batijournal.com\\\/index.php\\\/category\\\/actualites\\\/\"},{\"@type\":\"ListItem\",\"position\":3,\"name\":\"\u00c9conomie &amp; March\u00e9s\",\"item\":\"https:\\\/\\\/batijournal.com\\\/index.php\\\/category\\\/actualites\\\/economie-marches\\\/\"},{\"@type\":\"ListItem\",\"position\":4,\"name\":\"Deuxi\u00e8me cession de foncier public par l\u2019Etat\"}]},{\"@type\":\"WebSite\",\"@id\":\"https:\\\/\\\/batijournal.com\\\/#website\",\"url\":\"https:\\\/\\\/batijournal.com\\\/\",\"name\":\"Batijournal\",\"description\":\"L&#039;actualit\u00e9 du b\u00e2timent\",\"potentialAction\":[{\"@type\":\"SearchAction\",\"target\":{\"@type\":\"EntryPoint\",\"urlTemplate\":\"https:\\\/\\\/batijournal.com\\\/?s={search_term_string}\"},\"query-input\":{\"@type\":\"PropertyValueSpecification\",\"valueRequired\":true,\"valueName\":\"search_term_string\"}}],\"inLanguage\":\"fr-FR\"},{\"@type\":\"Person\",\"@id\":\"https:\\\/\\\/batijournal.com\\\/#\\\/schema\\\/person\\\/1dc96ec6957aa1ccb25ebe78bb19f100\",\"name\":\"St\u00e9phane Miget\",\"image\":{\"@type\":\"ImageObject\",\"inLanguage\":\"fr-FR\",\"@id\":\"https:\\\/\\\/secure.gravatar.com\\\/avatar\\\/89915563d925342126b8ef0281b93d9d7fc337043e8df017f780908eb9644451?s=96&d=mm&r=g\",\"url\":\"https:\\\/\\\/secure.gravatar.com\\\/avatar\\\/89915563d925342126b8ef0281b93d9d7fc337043e8df017f780908eb9644451?s=96&d=mm&r=g\",\"contentUrl\":\"https:\\\/\\\/secure.gravatar.com\\\/avatar\\\/89915563d925342126b8ef0281b93d9d7fc337043e8df017f780908eb9644451?s=96&d=mm&r=g\",\"caption\":\"St\u00e9phane Miget\"},\"url\":\"https:\\\/\\\/batijournal.com\\\/index.php\\\/author\\\/stephane\\\/\"}]}<\/script>\n<!-- \/ Yoast SEO plugin. -->","yoast_head_json":{"title":"Deuxi\u00e8me cession de foncier public par l\u2019Etat","robots":{"index":"index","follow":"follow","max-snippet":"max-snippet:-1","max-image-preview":"max-image-preview:large","max-video-preview":"max-video-preview:-1"},"canonical":"https:\/\/batijournal.com\/index.php\/deuxieme-cession-de-foncier-public-letat\/93438\/","og_locale":"fr_FR","og_type":"article","og_title":"Deuxi\u00e8me cession de foncier public par l\u2019Etat","og_description":"Emmanuelle Cosse, ministre du Logement et de l\u2019Habitat Durable, Christian Eckert, secr\u00e9taire d\u2019Etat charg\u00e9 du Budget et Thierry Repentin, d\u00e9l\u00e9gu\u00e9 interminist\u00e9riel \u00e0 la mixit\u00e9 sociale dans l\u2019habitat ont sign\u00e9 \u00e0 Lyon un l\u2019acte de cession par l\u2019Etat \u00e0 la m\u00e9tropole d\u2019un immeuble domanial. La cession permettra la construction d\u2019une nouvelle r\u00e9sidence sociale sur plusieurs parcelles, [&hellip;]","og_url":"https:\/\/batijournal.com\/index.php\/deuxieme-cession-de-foncier-public-letat\/93438\/","og_site_name":"Batijournal","article_published_time":"2016-07-18T06:15:23+00:00","article_modified_time":"2019-07-15T09:34:11+00:00","author":"St\u00e9phane Miget","twitter_card":"summary_large_image","twitter_creator":"@bati_journal","twitter_site":"@bati_journal","twitter_misc":{"\u00c9crit par":"St\u00e9phane Miget","Dur\u00e9e de lecture estim\u00e9e":"1 minute"},"schema":{"@context":"https:\/\/schema.org","@graph":[{"@type":"Article","@id":"https:\/\/batijournal.com\/index.php\/deuxieme-cession-de-foncier-public-letat\/93438\/#article","isPartOf":{"@id":"https:\/\/batijournal.com\/index.php\/deuxieme-cession-de-foncier-public-letat\/93438\/"},"author":{"name":"St\u00e9phane Miget","@id":"https:\/\/batijournal.com\/#\/schema\/person\/1dc96ec6957aa1ccb25ebe78bb19f100"},"headline":"Deuxi\u00e8me cession de foncier public par l\u2019Etat","datePublished":"2016-07-18T06:15:23+00:00","dateModified":"2019-07-15T09:34:11+00:00","mainEntityOfPage":{"@id":"https:\/\/batijournal.com\/index.php\/deuxieme-cession-de-foncier-public-letat\/93438\/"},"wordCount":242,"keywords":["foncier","foncier public","logements sociaux","urbanisme"],"articleSection":["\u00c9conomie &amp; March\u00e9s"],"inLanguage":"fr-FR"},{"@type":"WebPage","@id":"https:\/\/batijournal.com\/index.php\/deuxieme-cession-de-foncier-public-letat\/93438\/","url":"https:\/\/batijournal.com\/index.php\/deuxieme-cession-de-foncier-public-letat\/93438\/","name":"Deuxi\u00e8me cession de foncier public par l\u2019Etat","isPartOf":{"@id":"https:\/\/batijournal.com\/#website"},"datePublished":"2016-07-18T06:15:23+00:00","dateModified":"2019-07-15T09:34:11+00:00","author":{"@id":"https:\/\/batijournal.com\/#\/schema\/person\/1dc96ec6957aa1ccb25ebe78bb19f100"},"breadcrumb":{"@id":"https:\/\/batijournal.com\/index.php\/deuxieme-cession-de-foncier-public-letat\/93438\/#breadcrumb"},"inLanguage":"fr-FR","potentialAction":[{"@type":"ReadAction","target":["https:\/\/batijournal.com\/index.php\/deuxieme-cession-de-foncier-public-letat\/93438\/"]}]},{"@type":"BreadcrumbList","@id":"https:\/\/batijournal.com\/index.php\/deuxieme-cession-de-foncier-public-letat\/93438\/#breadcrumb","itemListElement":[{"@type":"ListItem","position":1,"name":"Accueil","item":"https:\/\/batijournal.com\/"},{"@type":"ListItem","position":2,"name":"Actualit\u00e9s","item":"https:\/\/batijournal.com\/index.php\/category\/actualites\/"},{"@type":"ListItem","position":3,"name":"\u00c9conomie &amp; March\u00e9s","item":"https:\/\/batijournal.com\/index.php\/category\/actualites\/economie-marches\/"},{"@type":"ListItem","position":4,"name":"Deuxi\u00e8me cession de foncier public par l\u2019Etat"}]},{"@type":"WebSite","@id":"https:\/\/batijournal.com\/#website","url":"https:\/\/batijournal.com\/","name":"Batijournal","description":"L&#039;actualit\u00e9 du b\u00e2timent","potentialAction":[{"@type":"SearchAction","target":{"@type":"EntryPoint","urlTemplate":"https:\/\/batijournal.com\/?s={search_term_string}"},"query-input":{"@type":"PropertyValueSpecification","valueRequired":true,"valueName":"search_term_string"}}],"inLanguage":"fr-FR"},{"@type":"Person","@id":"https:\/\/batijournal.com\/#\/schema\/person\/1dc96ec6957aa1ccb25ebe78bb19f100","name":"St\u00e9phane Miget","image":{"@type":"ImageObject","inLanguage":"fr-FR","@id":"https:\/\/secure.gravatar.com\/avatar\/89915563d925342126b8ef0281b93d9d7fc337043e8df017f780908eb9644451?s=96&d=mm&r=g","url":"https:\/\/secure.gravatar.com\/avatar\/89915563d925342126b8ef0281b93d9d7fc337043e8df017f780908eb9644451?s=96&d=mm&r=g","contentUrl":"https:\/\/secure.gravatar.com\/avatar\/89915563d925342126b8ef0281b93d9d7fc337043e8df017f780908eb9644451?s=96&d=mm&r=g","caption":"St\u00e9phane Miget"},"url":"https:\/\/batijournal.com\/index.php\/author\/stephane\/"}]}},"_links":{"self":[{"href":"https:\/\/batijournal.com\/index.php\/wp-json\/wp\/v2\/posts\/93438","targetHints":{"allow":["GET"]}}],"collection":[{"href":"https:\/\/batijournal.com\/index.php\/wp-json\/wp\/v2\/posts"}],"about":[{"href":"https:\/\/batijournal.com\/index.php\/wp-json\/wp\/v2\/types\/post"}],"author":[{"embeddable":true,"href":"https:\/\/batijournal.com\/index.php\/wp-json\/wp\/v2\/users\/17"}],"replies":[{"embeddable":true,"href":"https:\/\/batijournal.com\/index.php\/wp-json\/wp\/v2\/comments?post=93438"}],"version-history":[{"count":0,"href":"https:\/\/batijournal.com\/index.php\/wp-json\/wp\/v2\/posts\/93438\/revisions"}],"wp:attachment":[{"href":"https:\/\/batijournal.com\/index.php\/wp-json\/wp\/v2\/media?parent=93438"}],"wp:term":[{"taxonomy":"category","embeddable":true,"href":"https:\/\/batijournal.com\/index.php\/wp-json\/wp\/v2\/categories?post=93438"},{"taxonomy":"post_tag","embeddable":true,"href":"https:\/\/batijournal.com\/index.php\/wp-json\/wp\/v2\/tags?post=93438"}],"curies":[{"name":"wp","href":"https:\/\/api.w.org\/{rel}","templated":true}]}}