{"id":93442,"date":"2016-07-19T07:34:44","date_gmt":"2016-07-19T05:34:44","guid":{"rendered":"http:\/\/batijournal.com\/?p=93442"},"modified":"2019-07-15T11:12:52","modified_gmt":"2019-07-15T09:12:52","slug":"bim-6-questions-comprendre-agir-guide-a-telecharger","status":"publish","type":"post","link":"https:\/\/batijournal.com\/index.php\/bim-6-questions-comprendre-agir-guide-a-telecharger\/93442\/","title":{"rendered":"Le BIM : 6 questions pour comprendre et agir, un guide \u00e0 t\u00e9l\u00e9charger"},"content":{"rendered":"<p>Le groupe de travail BIM\/Maquette num\u00e9rique du Cercle Promodul a travaill\u00e9 sur l\u2019\u00e9laboration d\u2019un petit guide permettant une vulgarisation du \u00ab BIM \u00bb et une meilleure compr\u00e9hension de son \u00e9volution et des \u00e9tapes pour le mettre en place. Ce document regroupe dans une premi\u00e8re partie les informations utiles \u00e0 connaitre sur le BIM et pr\u00e9sent\u00e9es sous forme de r\u00e9ponses \u00e0 une s\u00e9rie de questions. La deuxi\u00e8me partie est quant \u00e0 elle constitu\u00e9e des \u00e9tapes cl\u00e9s \u00e0 suivre pour l\u2019industriel et enfin, en troisi\u00e8me partie, d\u2019un glossaire th\u00e9matique pour mieux int\u00e9grer le processus BIM. Il est t\u00e9l\u00e9chargeable via le site internet du Cercle Promodul.<\/p>\n<p><a href=\"http:\/\/www.cercle-promodul.fr\/guide-bim-6-questions-comprendre-agir\/\" target=\"_blank\" rel=\"noopener noreferrer\">www.cercle-promodul.fr\/guide-bim-6-questions-comprendre-agir<\/a><\/p>\n","protected":false},"excerpt":{"rendered":"<p>Le groupe de travail BIM\/Maquette num\u00e9rique du Cercle Promodul a travaill\u00e9 sur l\u2019\u00e9laboration d\u2019un petit guide permettant une vulgarisation du \u00ab BIM \u00bb et une meilleure compr\u00e9hension de son \u00e9volution et des \u00e9tapes pour le mettre en place. Ce document regroupe dans une premi\u00e8re partie les informations utiles \u00e0 connaitre sur le BIM et pr\u00e9sent\u00e9es [&hellip;]<\/p>\n","protected":false},"author":17,"featured_media":93443,"comment_status":"closed","ping_status":"closed","sticky":false,"template":"","format":"standard","meta":{"_et_pb_use_builder":"","_et_pb_old_content":"","_et_gb_content_width":"","footnotes":""},"categories":[6340,10781],"tags":[5841],"class_list":["post-93442","post","type-post","status-publish","format-standard","has-post-thumbnail","hentry","category-architecture-conception","category-publications-planete","tag-bim"],"yoast_head":"<!-- This site is optimized with the Yoast SEO plugin v27.4 - https:\/\/yoast.com\/product\/yoast-seo-wordpress\/ -->\n<title>Le BIM : 6 questions pour comprendre et agir, un guide \u00e0 t\u00e9l\u00e9charger<\/title>\n<meta name=\"robots\" content=\"index, follow, max-snippet:-1, max-image-preview:large, max-video-preview:-1\" \/>\n<link rel=\"canonical\" href=\"https:\/\/batijournal.com\/index.php\/bim-6-questions-comprendre-agir-guide-a-telecharger\/93442\/\" \/>\n<meta property=\"og:locale\" content=\"fr_FR\" \/>\n<meta property=\"og:type\" content=\"article\" \/>\n<meta property=\"og:title\" content=\"Le BIM : 6 questions pour comprendre et agir, un guide \u00e0 t\u00e9l\u00e9charger\" \/>\n<meta property=\"og:description\" content=\"Le groupe de travail BIM\/Maquette num\u00e9rique du Cercle Promodul a travaill\u00e9 sur l\u2019\u00e9laboration d\u2019un petit guide permettant une vulgarisation du \u00ab BIM \u00bb et une meilleure compr\u00e9hension de son \u00e9volution et des \u00e9tapes pour le mettre en place. Ce document regroupe dans une premi\u00e8re partie les informations utiles \u00e0 connaitre sur le BIM et pr\u00e9sent\u00e9es [&hellip;]\" \/>\n<meta property=\"og:url\" content=\"https:\/\/batijournal.com\/index.php\/bim-6-questions-comprendre-agir-guide-a-telecharger\/93442\/\" \/>\n<meta property=\"og:site_name\" content=\"Batijournal\" \/>\n<meta property=\"article:published_time\" content=\"2016-07-19T05:34:44+00:00\" \/>\n<meta property=\"article:modified_time\" content=\"2019-07-15T09:12:52+00:00\" \/>\n<meta property=\"og:image\" content=\"https:\/\/batijournal.com\/wp-content\/uploads\/2016\/07\/guide-bim-promodul.png\" \/>\n\t<meta property=\"og:image:width\" content=\"518\" \/>\n\t<meta property=\"og:image:height\" content=\"735\" \/>\n\t<meta property=\"og:image:type\" content=\"image\/png\" \/>\n<meta name=\"author\" content=\"St\u00e9phane Miget\" \/>\n<meta name=\"twitter:card\" content=\"summary_large_image\" \/>\n<meta name=\"twitter:creator\" content=\"@bati_journal\" \/>\n<meta name=\"twitter:site\" content=\"@bati_journal\" \/>\n<meta name=\"twitter:label1\" content=\"\u00c9crit par\" \/>\n\t<meta name=\"twitter:data1\" content=\"St\u00e9phane Miget\" \/>\n\t<meta name=\"twitter:label2\" content=\"Dur\u00e9e de lecture estim\u00e9e\" \/>\n\t<meta name=\"twitter:data2\" content=\"1 minute\" \/>\n<script type=\"application\/ld+json\" class=\"yoast-schema-graph\">{\"@context\":\"https:\\\/\\\/schema.org\",\"@graph\":[{\"@type\":\"Article\",\"@id\":\"https:\\\/\\\/batijournal.com\\\/index.php\\\/bim-6-questions-comprendre-agir-guide-a-telecharger\\\/93442\\\/#article\",\"isPartOf\":{\"@id\":\"https:\\\/\\\/batijournal.com\\\/index.php\\\/bim-6-questions-comprendre-agir-guide-a-telecharger\\\/93442\\\/\"},\"author\":{\"name\":\"St\u00e9phane Miget\",\"@id\":\"https:\\\/\\\/batijournal.com\\\/#\\\/schema\\\/person\\\/1dc96ec6957aa1ccb25ebe78bb19f100\"},\"headline\":\"Le BIM : 6 questions pour comprendre et agir, un guide \u00e0 t\u00e9l\u00e9charger\",\"datePublished\":\"2016-07-19T05:34:44+00:00\",\"dateModified\":\"2019-07-15T09:12:52+00:00\",\"mainEntityOfPage\":{\"@id\":\"https:\\\/\\\/batijournal.com\\\/index.php\\\/bim-6-questions-comprendre-agir-guide-a-telecharger\\\/93442\\\/\"},\"wordCount\":134,\"image\":{\"@id\":\"https:\\\/\\\/batijournal.com\\\/index.php\\\/bim-6-questions-comprendre-agir-guide-a-telecharger\\\/93442\\\/#primaryimage\"},\"thumbnailUrl\":\"https:\\\/\\\/batijournal.com\\\/wp-content\\\/uploads\\\/2016\\\/07\\\/guide-bim-promodul.png\",\"keywords\":[\"BIM\"],\"articleSection\":[\"Architecture &amp; Conception\",\"zz_Actualit\u00e9s - Plan\u00e8te\"],\"inLanguage\":\"fr-FR\"},{\"@type\":\"WebPage\",\"@id\":\"https:\\\/\\\/batijournal.com\\\/index.php\\\/bim-6-questions-comprendre-agir-guide-a-telecharger\\\/93442\\\/\",\"url\":\"https:\\\/\\\/batijournal.com\\\/index.php\\\/bim-6-questions-comprendre-agir-guide-a-telecharger\\\/93442\\\/\",\"name\":\"Le BIM : 6 questions pour comprendre et agir, un guide \u00e0 t\u00e9l\u00e9charger\",\"isPartOf\":{\"@id\":\"https:\\\/\\\/batijournal.com\\\/#website\"},\"primaryImageOfPage\":{\"@id\":\"https:\\\/\\\/batijournal.com\\\/index.php\\\/bim-6-questions-comprendre-agir-guide-a-telecharger\\\/93442\\\/#primaryimage\"},\"image\":{\"@id\":\"https:\\\/\\\/batijournal.com\\\/index.php\\\/bim-6-questions-comprendre-agir-guide-a-telecharger\\\/93442\\\/#primaryimage\"},\"thumbnailUrl\":\"https:\\\/\\\/batijournal.com\\\/wp-content\\\/uploads\\\/2016\\\/07\\\/guide-bim-promodul.png\",\"datePublished\":\"2016-07-19T05:34:44+00:00\",\"dateModified\":\"2019-07-15T09:12:52+00:00\",\"author\":{\"@id\":\"https:\\\/\\\/batijournal.com\\\/#\\\/schema\\\/person\\\/1dc96ec6957aa1ccb25ebe78bb19f100\"},\"breadcrumb\":{\"@id\":\"https:\\\/\\\/batijournal.com\\\/index.php\\\/bim-6-questions-comprendre-agir-guide-a-telecharger\\\/93442\\\/#breadcrumb\"},\"inLanguage\":\"fr-FR\",\"potentialAction\":[{\"@type\":\"ReadAction\",\"target\":[\"https:\\\/\\\/batijournal.com\\\/index.php\\\/bim-6-questions-comprendre-agir-guide-a-telecharger\\\/93442\\\/\"]}]},{\"@type\":\"ImageObject\",\"inLanguage\":\"fr-FR\",\"@id\":\"https:\\\/\\\/batijournal.com\\\/index.php\\\/bim-6-questions-comprendre-agir-guide-a-telecharger\\\/93442\\\/#primaryimage\",\"url\":\"https:\\\/\\\/batijournal.com\\\/wp-content\\\/uploads\\\/2016\\\/07\\\/guide-bim-promodul.png\",\"contentUrl\":\"https:\\\/\\\/batijournal.com\\\/wp-content\\\/uploads\\\/2016\\\/07\\\/guide-bim-promodul.png\",\"width\":518,\"height\":735,\"caption\":\"guide bim promodul\"},{\"@type\":\"BreadcrumbList\",\"@id\":\"https:\\\/\\\/batijournal.com\\\/index.php\\\/bim-6-questions-comprendre-agir-guide-a-telecharger\\\/93442\\\/#breadcrumb\",\"itemListElement\":[{\"@type\":\"ListItem\",\"position\":1,\"name\":\"Accueil\",\"item\":\"https:\\\/\\\/batijournal.com\\\/\"},{\"@type\":\"ListItem\",\"position\":2,\"name\":\"Actualit\u00e9s\",\"item\":\"https:\\\/\\\/batijournal.com\\\/index.php\\\/category\\\/actualites\\\/\"},{\"@type\":\"ListItem\",\"position\":3,\"name\":\"Architecture &amp; Conception\",\"item\":\"https:\\\/\\\/batijournal.com\\\/index.php\\\/category\\\/actualites\\\/architecture-conception\\\/\"},{\"@type\":\"ListItem\",\"position\":4,\"name\":\"Le BIM : 6 questions pour comprendre et agir, un guide \u00e0 t\u00e9l\u00e9charger\"}]},{\"@type\":\"WebSite\",\"@id\":\"https:\\\/\\\/batijournal.com\\\/#website\",\"url\":\"https:\\\/\\\/batijournal.com\\\/\",\"name\":\"Batijournal\",\"description\":\"L&#039;actualit\u00e9 du b\u00e2timent\",\"potentialAction\":[{\"@type\":\"SearchAction\",\"target\":{\"@type\":\"EntryPoint\",\"urlTemplate\":\"https:\\\/\\\/batijournal.com\\\/?s={search_term_string}\"},\"query-input\":{\"@type\":\"PropertyValueSpecification\",\"valueRequired\":true,\"valueName\":\"search_term_string\"}}],\"inLanguage\":\"fr-FR\"},{\"@type\":\"Person\",\"@id\":\"https:\\\/\\\/batijournal.com\\\/#\\\/schema\\\/person\\\/1dc96ec6957aa1ccb25ebe78bb19f100\",\"name\":\"St\u00e9phane Miget\",\"image\":{\"@type\":\"ImageObject\",\"inLanguage\":\"fr-FR\",\"@id\":\"https:\\\/\\\/secure.gravatar.com\\\/avatar\\\/89915563d925342126b8ef0281b93d9d7fc337043e8df017f780908eb9644451?s=96&d=mm&r=g\",\"url\":\"https:\\\/\\\/secure.gravatar.com\\\/avatar\\\/89915563d925342126b8ef0281b93d9d7fc337043e8df017f780908eb9644451?s=96&d=mm&r=g\",\"contentUrl\":\"https:\\\/\\\/secure.gravatar.com\\\/avatar\\\/89915563d925342126b8ef0281b93d9d7fc337043e8df017f780908eb9644451?s=96&d=mm&r=g\",\"caption\":\"St\u00e9phane Miget\"},\"url\":\"https:\\\/\\\/batijournal.com\\\/index.php\\\/author\\\/stephane\\\/\"}]}<\/script>\n<!-- \/ Yoast SEO plugin. -->","yoast_head_json":{"title":"Le BIM : 6 questions pour comprendre et agir, un guide \u00e0 t\u00e9l\u00e9charger","robots":{"index":"index","follow":"follow","max-snippet":"max-snippet:-1","max-image-preview":"max-image-preview:large","max-video-preview":"max-video-preview:-1"},"canonical":"https:\/\/batijournal.com\/index.php\/bim-6-questions-comprendre-agir-guide-a-telecharger\/93442\/","og_locale":"fr_FR","og_type":"article","og_title":"Le BIM : 6 questions pour comprendre et agir, un guide \u00e0 t\u00e9l\u00e9charger","og_description":"Le groupe de travail BIM\/Maquette num\u00e9rique du Cercle Promodul a travaill\u00e9 sur l\u2019\u00e9laboration d\u2019un petit guide permettant une vulgarisation du \u00ab BIM \u00bb et une meilleure compr\u00e9hension de son \u00e9volution et des \u00e9tapes pour le mettre en place. Ce document regroupe dans une premi\u00e8re partie les informations utiles \u00e0 connaitre sur le BIM et pr\u00e9sent\u00e9es [&hellip;]","og_url":"https:\/\/batijournal.com\/index.php\/bim-6-questions-comprendre-agir-guide-a-telecharger\/93442\/","og_site_name":"Batijournal","article_published_time":"2016-07-19T05:34:44+00:00","article_modified_time":"2019-07-15T09:12:52+00:00","og_image":[{"width":518,"height":735,"url":"https:\/\/batijournal.com\/wp-content\/uploads\/2016\/07\/guide-bim-promodul.png","type":"image\/png"}],"author":"St\u00e9phane Miget","twitter_card":"summary_large_image","twitter_creator":"@bati_journal","twitter_site":"@bati_journal","twitter_misc":{"\u00c9crit par":"St\u00e9phane Miget","Dur\u00e9e de lecture estim\u00e9e":"1 minute"},"schema":{"@context":"https:\/\/schema.org","@graph":[{"@type":"Article","@id":"https:\/\/batijournal.com\/index.php\/bim-6-questions-comprendre-agir-guide-a-telecharger\/93442\/#article","isPartOf":{"@id":"https:\/\/batijournal.com\/index.php\/bim-6-questions-comprendre-agir-guide-a-telecharger\/93442\/"},"author":{"name":"St\u00e9phane Miget","@id":"https:\/\/batijournal.com\/#\/schema\/person\/1dc96ec6957aa1ccb25ebe78bb19f100"},"headline":"Le BIM : 6 questions pour comprendre et agir, un guide \u00e0 t\u00e9l\u00e9charger","datePublished":"2016-07-19T05:34:44+00:00","dateModified":"2019-07-15T09:12:52+00:00","mainEntityOfPage":{"@id":"https:\/\/batijournal.com\/index.php\/bim-6-questions-comprendre-agir-guide-a-telecharger\/93442\/"},"wordCount":134,"image":{"@id":"https:\/\/batijournal.com\/index.php\/bim-6-questions-comprendre-agir-guide-a-telecharger\/93442\/#primaryimage"},"thumbnailUrl":"https:\/\/batijournal.com\/wp-content\/uploads\/2016\/07\/guide-bim-promodul.png","keywords":["BIM"],"articleSection":["Architecture &amp; Conception","zz_Actualit\u00e9s - Plan\u00e8te"],"inLanguage":"fr-FR"},{"@type":"WebPage","@id":"https:\/\/batijournal.com\/index.php\/bim-6-questions-comprendre-agir-guide-a-telecharger\/93442\/","url":"https:\/\/batijournal.com\/index.php\/bim-6-questions-comprendre-agir-guide-a-telecharger\/93442\/","name":"Le BIM : 6 questions pour comprendre et agir, un guide \u00e0 t\u00e9l\u00e9charger","isPartOf":{"@id":"https:\/\/batijournal.com\/#website"},"primaryImageOfPage":{"@id":"https:\/\/batijournal.com\/index.php\/bim-6-questions-comprendre-agir-guide-a-telecharger\/93442\/#primaryimage"},"image":{"@id":"https:\/\/batijournal.com\/index.php\/bim-6-questions-comprendre-agir-guide-a-telecharger\/93442\/#primaryimage"},"thumbnailUrl":"https:\/\/batijournal.com\/wp-content\/uploads\/2016\/07\/guide-bim-promodul.png","datePublished":"2016-07-19T05:34:44+00:00","dateModified":"2019-07-15T09:12:52+00:00","author":{"@id":"https:\/\/batijournal.com\/#\/schema\/person\/1dc96ec6957aa1ccb25ebe78bb19f100"},"breadcrumb":{"@id":"https:\/\/batijournal.com\/index.php\/bim-6-questions-comprendre-agir-guide-a-telecharger\/93442\/#breadcrumb"},"inLanguage":"fr-FR","potentialAction":[{"@type":"ReadAction","target":["https:\/\/batijournal.com\/index.php\/bim-6-questions-comprendre-agir-guide-a-telecharger\/93442\/"]}]},{"@type":"ImageObject","inLanguage":"fr-FR","@id":"https:\/\/batijournal.com\/index.php\/bim-6-questions-comprendre-agir-guide-a-telecharger\/93442\/#primaryimage","url":"https:\/\/batijournal.com\/wp-content\/uploads\/2016\/07\/guide-bim-promodul.png","contentUrl":"https:\/\/batijournal.com\/wp-content\/uploads\/2016\/07\/guide-bim-promodul.png","width":518,"height":735,"caption":"guide bim promodul"},{"@type":"BreadcrumbList","@id":"https:\/\/batijournal.com\/index.php\/bim-6-questions-comprendre-agir-guide-a-telecharger\/93442\/#breadcrumb","itemListElement":[{"@type":"ListItem","position":1,"name":"Accueil","item":"https:\/\/batijournal.com\/"},{"@type":"ListItem","position":2,"name":"Actualit\u00e9s","item":"https:\/\/batijournal.com\/index.php\/category\/actualites\/"},{"@type":"ListItem","position":3,"name":"Architecture &amp; Conception","item":"https:\/\/batijournal.com\/index.php\/category\/actualites\/architecture-conception\/"},{"@type":"ListItem","position":4,"name":"Le BIM : 6 questions pour comprendre et agir, un guide \u00e0 t\u00e9l\u00e9charger"}]},{"@type":"WebSite","@id":"https:\/\/batijournal.com\/#website","url":"https:\/\/batijournal.com\/","name":"Batijournal","description":"L&#039;actualit\u00e9 du b\u00e2timent","potentialAction":[{"@type":"SearchAction","target":{"@type":"EntryPoint","urlTemplate":"https:\/\/batijournal.com\/?s={search_term_string}"},"query-input":{"@type":"PropertyValueSpecification","valueRequired":true,"valueName":"search_term_string"}}],"inLanguage":"fr-FR"},{"@type":"Person","@id":"https:\/\/batijournal.com\/#\/schema\/person\/1dc96ec6957aa1ccb25ebe78bb19f100","name":"St\u00e9phane Miget","image":{"@type":"ImageObject","inLanguage":"fr-FR","@id":"https:\/\/secure.gravatar.com\/avatar\/89915563d925342126b8ef0281b93d9d7fc337043e8df017f780908eb9644451?s=96&d=mm&r=g","url":"https:\/\/secure.gravatar.com\/avatar\/89915563d925342126b8ef0281b93d9d7fc337043e8df017f780908eb9644451?s=96&d=mm&r=g","contentUrl":"https:\/\/secure.gravatar.com\/avatar\/89915563d925342126b8ef0281b93d9d7fc337043e8df017f780908eb9644451?s=96&d=mm&r=g","caption":"St\u00e9phane Miget"},"url":"https:\/\/batijournal.com\/index.php\/author\/stephane\/"}]}},"_links":{"self":[{"href":"https:\/\/batijournal.com\/index.php\/wp-json\/wp\/v2\/posts\/93442","targetHints":{"allow":["GET"]}}],"collection":[{"href":"https:\/\/batijournal.com\/index.php\/wp-json\/wp\/v2\/posts"}],"about":[{"href":"https:\/\/batijournal.com\/index.php\/wp-json\/wp\/v2\/types\/post"}],"author":[{"embeddable":true,"href":"https:\/\/batijournal.com\/index.php\/wp-json\/wp\/v2\/users\/17"}],"replies":[{"embeddable":true,"href":"https:\/\/batijournal.com\/index.php\/wp-json\/wp\/v2\/comments?post=93442"}],"version-history":[{"count":0,"href":"https:\/\/batijournal.com\/index.php\/wp-json\/wp\/v2\/posts\/93442\/revisions"}],"wp:featuredmedia":[{"embeddable":true,"href":"https:\/\/batijournal.com\/index.php\/wp-json\/wp\/v2\/media\/93443"}],"wp:attachment":[{"href":"https:\/\/batijournal.com\/index.php\/wp-json\/wp\/v2\/media?parent=93442"}],"wp:term":[{"taxonomy":"category","embeddable":true,"href":"https:\/\/batijournal.com\/index.php\/wp-json\/wp\/v2\/categories?post=93442"},{"taxonomy":"post_tag","embeddable":true,"href":"https:\/\/batijournal.com\/index.php\/wp-json\/wp\/v2\/tags?post=93442"}],"curies":[{"name":"wp","href":"https:\/\/api.w.org\/{rel}","templated":true}]}}