{"id":93446,"date":"2016-07-19T08:31:57","date_gmt":"2016-07-19T06:31:57","guid":{"rendered":"http:\/\/batijournal.com\/?p=93446"},"modified":"2019-07-15T12:22:06","modified_gmt":"2019-07-15T10:22:06","slug":"autoconsommation-photovoltaique-agriculteur-bio","status":"publish","type":"post","link":"https:\/\/batijournal.com\/index.php\/autoconsommation-photovoltaique-agriculteur-bio\/93446\/","title":{"rendered":"Autoconsommation photovolta\u00efque pour agriculteur bio"},"content":{"rendered":"<p>Situ\u00e9e \u00e0 Sausheim en Alsace (68), La ferme de l\u2019ill est une exploitation agricole qui a fait le choix de la durabilit\u00e9 en tous points. D\u00e9di\u00e9e \u00e0 l\u2019agriculture biologique, elle compte une cinquantaine d\u2019hectares de culture c\u00e9r\u00e9ali\u00e8re, 100 vaches laiti\u00e8res et \u00e0 viande, et plus de 1 000 poules. Fr\u00e9d\u00e9ric Tritsch, propri\u00e9taire a r\u00e9cemment d\u00e9cid\u00e9 de faire un pas de plus vers la r\u00e9duction de son impact environnemental et l\u2019ind\u00e9pendance \u00e9nerg\u00e9tique en optant pour l\u2019autoconsommation photovolta\u00efque. <em>\u00ab J\u2019ai fait le choix de l\u2019autoconsommation car c\u2019est l\u2019opportunit\u00e9 de s\u2019auto nancer avec un syst\u00e8me \u00e9conomiquement viable et durable dans le temps et ainsi moins d\u00e9pendre de l\u2019\u00e9nergie du r\u00e9seau \u00bb<\/em> t\u00e9moigne-t-il. L\u2019entreprise Energie Libre, installateur partenaire de SOLARWATT a install\u00e9 sur le b\u00e2timent agricole 384 panneaux photovolta\u00efques bi-verre SOLARWATT. L\u2019installation mise en service d\u00e9but avril 2016 recouvre 800m2 de toiture du hangar, pour une puissance totale de 100kWc.<\/p>\n<p>Photo : ENERGIE LIBRE<\/p>\n","protected":false},"excerpt":{"rendered":"<p>Situ\u00e9e \u00e0 Sausheim en Alsace (68), La ferme de l\u2019ill est une exploitation agricole qui a fait le choix de la durabilit\u00e9 en tous points. D\u00e9di\u00e9e \u00e0 l\u2019agriculture biologique, elle compte une cinquantaine d\u2019hectares de culture c\u00e9r\u00e9ali\u00e8re, 100 vaches laiti\u00e8res et \u00e0 viande, et plus de 1 000 poules. Fr\u00e9d\u00e9ric Tritsch, propri\u00e9taire a r\u00e9cemment d\u00e9cid\u00e9 [&hellip;]<\/p>\n","protected":false},"author":17,"featured_media":93447,"comment_status":"closed","ping_status":"closed","sticky":false,"template":"","format":"standard","meta":{"_et_pb_use_builder":"","_et_pb_old_content":"","_et_gb_content_width":"","footnotes":""},"categories":[6351],"tags":[10733],"class_list":["post-93446","post","type-post","status-publish","format-standard","has-post-thumbnail","hentry","category-energie-environnement","tag-electricite-photovoltaique"],"yoast_head":"<!-- This site is optimized with the Yoast SEO plugin v27.4 - https:\/\/yoast.com\/product\/yoast-seo-wordpress\/ -->\n<title>Autoconsommation photovolta\u00efque pour agriculteur bio<\/title>\n<meta name=\"robots\" content=\"index, follow, max-snippet:-1, max-image-preview:large, max-video-preview:-1\" \/>\n<link rel=\"canonical\" href=\"https:\/\/batijournal.com\/index.php\/autoconsommation-photovoltaique-agriculteur-bio\/93446\/\" \/>\n<meta property=\"og:locale\" content=\"fr_FR\" \/>\n<meta property=\"og:type\" content=\"article\" \/>\n<meta property=\"og:title\" content=\"Autoconsommation photovolta\u00efque pour agriculteur bio\" \/>\n<meta property=\"og:description\" content=\"Situ\u00e9e \u00e0 Sausheim en Alsace (68), La ferme de l\u2019ill est une exploitation agricole qui a fait le choix de la durabilit\u00e9 en tous points. D\u00e9di\u00e9e \u00e0 l\u2019agriculture biologique, elle compte une cinquantaine d\u2019hectares de culture c\u00e9r\u00e9ali\u00e8re, 100 vaches laiti\u00e8res et \u00e0 viande, et plus de 1 000 poules. Fr\u00e9d\u00e9ric Tritsch, propri\u00e9taire a r\u00e9cemment d\u00e9cid\u00e9 [&hellip;]\" \/>\n<meta property=\"og:url\" content=\"https:\/\/batijournal.com\/index.php\/autoconsommation-photovoltaique-agriculteur-bio\/93446\/\" \/>\n<meta property=\"og:site_name\" content=\"Batijournal\" \/>\n<meta property=\"article:published_time\" content=\"2016-07-19T06:31:57+00:00\" \/>\n<meta property=\"article:modified_time\" content=\"2019-07-15T10:22:06+00:00\" \/>\n<meta property=\"og:image\" content=\"https:\/\/batijournal.com\/wp-content\/uploads\/2016\/07\/solarwatt.jpg\" \/>\n\t<meta property=\"og:image:width\" content=\"437\" \/>\n\t<meta property=\"og:image:height\" content=\"337\" \/>\n\t<meta property=\"og:image:type\" content=\"image\/jpeg\" \/>\n<meta name=\"author\" content=\"St\u00e9phane Miget\" \/>\n<meta name=\"twitter:card\" content=\"summary_large_image\" \/>\n<meta name=\"twitter:creator\" content=\"@bati_journal\" \/>\n<meta name=\"twitter:site\" content=\"@bati_journal\" \/>\n<meta name=\"twitter:label1\" content=\"\u00c9crit par\" \/>\n\t<meta name=\"twitter:data1\" content=\"St\u00e9phane Miget\" \/>\n\t<meta name=\"twitter:label2\" content=\"Dur\u00e9e de lecture estim\u00e9e\" \/>\n\t<meta name=\"twitter:data2\" content=\"1 minute\" \/>\n<script type=\"application\/ld+json\" class=\"yoast-schema-graph\">{\"@context\":\"https:\\\/\\\/schema.org\",\"@graph\":[{\"@type\":\"Article\",\"@id\":\"https:\\\/\\\/batijournal.com\\\/index.php\\\/autoconsommation-photovoltaique-agriculteur-bio\\\/93446\\\/#article\",\"isPartOf\":{\"@id\":\"https:\\\/\\\/batijournal.com\\\/index.php\\\/autoconsommation-photovoltaique-agriculteur-bio\\\/93446\\\/\"},\"author\":{\"name\":\"St\u00e9phane Miget\",\"@id\":\"https:\\\/\\\/batijournal.com\\\/#\\\/schema\\\/person\\\/1dc96ec6957aa1ccb25ebe78bb19f100\"},\"headline\":\"Autoconsommation photovolta\u00efque pour agriculteur bio\",\"datePublished\":\"2016-07-19T06:31:57+00:00\",\"dateModified\":\"2019-07-15T10:22:06+00:00\",\"mainEntityOfPage\":{\"@id\":\"https:\\\/\\\/batijournal.com\\\/index.php\\\/autoconsommation-photovoltaique-agriculteur-bio\\\/93446\\\/\"},\"wordCount\":180,\"image\":{\"@id\":\"https:\\\/\\\/batijournal.com\\\/index.php\\\/autoconsommation-photovoltaique-agriculteur-bio\\\/93446\\\/#primaryimage\"},\"thumbnailUrl\":\"https:\\\/\\\/batijournal.com\\\/wp-content\\\/uploads\\\/2016\\\/07\\\/solarwatt.jpg\",\"keywords\":[\"\u00e9lectricit\u00e9 photovolta\u00efque\"],\"articleSection\":[\"\u00c9nergie &amp; Environnement\"],\"inLanguage\":\"fr-FR\"},{\"@type\":\"WebPage\",\"@id\":\"https:\\\/\\\/batijournal.com\\\/index.php\\\/autoconsommation-photovoltaique-agriculteur-bio\\\/93446\\\/\",\"url\":\"https:\\\/\\\/batijournal.com\\\/index.php\\\/autoconsommation-photovoltaique-agriculteur-bio\\\/93446\\\/\",\"name\":\"Autoconsommation photovolta\u00efque pour agriculteur bio\",\"isPartOf\":{\"@id\":\"https:\\\/\\\/batijournal.com\\\/#website\"},\"primaryImageOfPage\":{\"@id\":\"https:\\\/\\\/batijournal.com\\\/index.php\\\/autoconsommation-photovoltaique-agriculteur-bio\\\/93446\\\/#primaryimage\"},\"image\":{\"@id\":\"https:\\\/\\\/batijournal.com\\\/index.php\\\/autoconsommation-photovoltaique-agriculteur-bio\\\/93446\\\/#primaryimage\"},\"thumbnailUrl\":\"https:\\\/\\\/batijournal.com\\\/wp-content\\\/uploads\\\/2016\\\/07\\\/solarwatt.jpg\",\"datePublished\":\"2016-07-19T06:31:57+00:00\",\"dateModified\":\"2019-07-15T10:22:06+00:00\",\"author\":{\"@id\":\"https:\\\/\\\/batijournal.com\\\/#\\\/schema\\\/person\\\/1dc96ec6957aa1ccb25ebe78bb19f100\"},\"breadcrumb\":{\"@id\":\"https:\\\/\\\/batijournal.com\\\/index.php\\\/autoconsommation-photovoltaique-agriculteur-bio\\\/93446\\\/#breadcrumb\"},\"inLanguage\":\"fr-FR\",\"potentialAction\":[{\"@type\":\"ReadAction\",\"target\":[\"https:\\\/\\\/batijournal.com\\\/index.php\\\/autoconsommation-photovoltaique-agriculteur-bio\\\/93446\\\/\"]}]},{\"@type\":\"ImageObject\",\"inLanguage\":\"fr-FR\",\"@id\":\"https:\\\/\\\/batijournal.com\\\/index.php\\\/autoconsommation-photovoltaique-agriculteur-bio\\\/93446\\\/#primaryimage\",\"url\":\"https:\\\/\\\/batijournal.com\\\/wp-content\\\/uploads\\\/2016\\\/07\\\/solarwatt.jpg\",\"contentUrl\":\"https:\\\/\\\/batijournal.com\\\/wp-content\\\/uploads\\\/2016\\\/07\\\/solarwatt.jpg\",\"width\":437,\"height\":337,\"caption\":\"solarwatt\"},{\"@type\":\"BreadcrumbList\",\"@id\":\"https:\\\/\\\/batijournal.com\\\/index.php\\\/autoconsommation-photovoltaique-agriculteur-bio\\\/93446\\\/#breadcrumb\",\"itemListElement\":[{\"@type\":\"ListItem\",\"position\":1,\"name\":\"Accueil\",\"item\":\"https:\\\/\\\/batijournal.com\\\/\"},{\"@type\":\"ListItem\",\"position\":2,\"name\":\"Actualit\u00e9s\",\"item\":\"https:\\\/\\\/batijournal.com\\\/index.php\\\/category\\\/actualites\\\/\"},{\"@type\":\"ListItem\",\"position\":3,\"name\":\"\u00c9nergie &amp; Environnement\",\"item\":\"https:\\\/\\\/batijournal.com\\\/index.php\\\/category\\\/actualites\\\/energie-environnement\\\/\"},{\"@type\":\"ListItem\",\"position\":4,\"name\":\"Autoconsommation photovolta\u00efque pour agriculteur bio\"}]},{\"@type\":\"WebSite\",\"@id\":\"https:\\\/\\\/batijournal.com\\\/#website\",\"url\":\"https:\\\/\\\/batijournal.com\\\/\",\"name\":\"Batijournal\",\"description\":\"L&#039;actualit\u00e9 du b\u00e2timent\",\"potentialAction\":[{\"@type\":\"SearchAction\",\"target\":{\"@type\":\"EntryPoint\",\"urlTemplate\":\"https:\\\/\\\/batijournal.com\\\/?s={search_term_string}\"},\"query-input\":{\"@type\":\"PropertyValueSpecification\",\"valueRequired\":true,\"valueName\":\"search_term_string\"}}],\"inLanguage\":\"fr-FR\"},{\"@type\":\"Person\",\"@id\":\"https:\\\/\\\/batijournal.com\\\/#\\\/schema\\\/person\\\/1dc96ec6957aa1ccb25ebe78bb19f100\",\"name\":\"St\u00e9phane Miget\",\"image\":{\"@type\":\"ImageObject\",\"inLanguage\":\"fr-FR\",\"@id\":\"https:\\\/\\\/secure.gravatar.com\\\/avatar\\\/89915563d925342126b8ef0281b93d9d7fc337043e8df017f780908eb9644451?s=96&d=mm&r=g\",\"url\":\"https:\\\/\\\/secure.gravatar.com\\\/avatar\\\/89915563d925342126b8ef0281b93d9d7fc337043e8df017f780908eb9644451?s=96&d=mm&r=g\",\"contentUrl\":\"https:\\\/\\\/secure.gravatar.com\\\/avatar\\\/89915563d925342126b8ef0281b93d9d7fc337043e8df017f780908eb9644451?s=96&d=mm&r=g\",\"caption\":\"St\u00e9phane Miget\"},\"url\":\"https:\\\/\\\/batijournal.com\\\/index.php\\\/author\\\/stephane\\\/\"}]}<\/script>\n<!-- \/ Yoast SEO plugin. -->","yoast_head_json":{"title":"Autoconsommation photovolta\u00efque pour agriculteur bio","robots":{"index":"index","follow":"follow","max-snippet":"max-snippet:-1","max-image-preview":"max-image-preview:large","max-video-preview":"max-video-preview:-1"},"canonical":"https:\/\/batijournal.com\/index.php\/autoconsommation-photovoltaique-agriculteur-bio\/93446\/","og_locale":"fr_FR","og_type":"article","og_title":"Autoconsommation photovolta\u00efque pour agriculteur bio","og_description":"Situ\u00e9e \u00e0 Sausheim en Alsace (68), La ferme de l\u2019ill est une exploitation agricole qui a fait le choix de la durabilit\u00e9 en tous points. D\u00e9di\u00e9e \u00e0 l\u2019agriculture biologique, elle compte une cinquantaine d\u2019hectares de culture c\u00e9r\u00e9ali\u00e8re, 100 vaches laiti\u00e8res et \u00e0 viande, et plus de 1 000 poules. Fr\u00e9d\u00e9ric Tritsch, propri\u00e9taire a r\u00e9cemment d\u00e9cid\u00e9 [&hellip;]","og_url":"https:\/\/batijournal.com\/index.php\/autoconsommation-photovoltaique-agriculteur-bio\/93446\/","og_site_name":"Batijournal","article_published_time":"2016-07-19T06:31:57+00:00","article_modified_time":"2019-07-15T10:22:06+00:00","og_image":[{"width":437,"height":337,"url":"https:\/\/batijournal.com\/wp-content\/uploads\/2016\/07\/solarwatt.jpg","type":"image\/jpeg"}],"author":"St\u00e9phane Miget","twitter_card":"summary_large_image","twitter_creator":"@bati_journal","twitter_site":"@bati_journal","twitter_misc":{"\u00c9crit par":"St\u00e9phane Miget","Dur\u00e9e de lecture estim\u00e9e":"1 minute"},"schema":{"@context":"https:\/\/schema.org","@graph":[{"@type":"Article","@id":"https:\/\/batijournal.com\/index.php\/autoconsommation-photovoltaique-agriculteur-bio\/93446\/#article","isPartOf":{"@id":"https:\/\/batijournal.com\/index.php\/autoconsommation-photovoltaique-agriculteur-bio\/93446\/"},"author":{"name":"St\u00e9phane Miget","@id":"https:\/\/batijournal.com\/#\/schema\/person\/1dc96ec6957aa1ccb25ebe78bb19f100"},"headline":"Autoconsommation photovolta\u00efque pour agriculteur bio","datePublished":"2016-07-19T06:31:57+00:00","dateModified":"2019-07-15T10:22:06+00:00","mainEntityOfPage":{"@id":"https:\/\/batijournal.com\/index.php\/autoconsommation-photovoltaique-agriculteur-bio\/93446\/"},"wordCount":180,"image":{"@id":"https:\/\/batijournal.com\/index.php\/autoconsommation-photovoltaique-agriculteur-bio\/93446\/#primaryimage"},"thumbnailUrl":"https:\/\/batijournal.com\/wp-content\/uploads\/2016\/07\/solarwatt.jpg","keywords":["\u00e9lectricit\u00e9 photovolta\u00efque"],"articleSection":["\u00c9nergie &amp; Environnement"],"inLanguage":"fr-FR"},{"@type":"WebPage","@id":"https:\/\/batijournal.com\/index.php\/autoconsommation-photovoltaique-agriculteur-bio\/93446\/","url":"https:\/\/batijournal.com\/index.php\/autoconsommation-photovoltaique-agriculteur-bio\/93446\/","name":"Autoconsommation photovolta\u00efque pour agriculteur bio","isPartOf":{"@id":"https:\/\/batijournal.com\/#website"},"primaryImageOfPage":{"@id":"https:\/\/batijournal.com\/index.php\/autoconsommation-photovoltaique-agriculteur-bio\/93446\/#primaryimage"},"image":{"@id":"https:\/\/batijournal.com\/index.php\/autoconsommation-photovoltaique-agriculteur-bio\/93446\/#primaryimage"},"thumbnailUrl":"https:\/\/batijournal.com\/wp-content\/uploads\/2016\/07\/solarwatt.jpg","datePublished":"2016-07-19T06:31:57+00:00","dateModified":"2019-07-15T10:22:06+00:00","author":{"@id":"https:\/\/batijournal.com\/#\/schema\/person\/1dc96ec6957aa1ccb25ebe78bb19f100"},"breadcrumb":{"@id":"https:\/\/batijournal.com\/index.php\/autoconsommation-photovoltaique-agriculteur-bio\/93446\/#breadcrumb"},"inLanguage":"fr-FR","potentialAction":[{"@type":"ReadAction","target":["https:\/\/batijournal.com\/index.php\/autoconsommation-photovoltaique-agriculteur-bio\/93446\/"]}]},{"@type":"ImageObject","inLanguage":"fr-FR","@id":"https:\/\/batijournal.com\/index.php\/autoconsommation-photovoltaique-agriculteur-bio\/93446\/#primaryimage","url":"https:\/\/batijournal.com\/wp-content\/uploads\/2016\/07\/solarwatt.jpg","contentUrl":"https:\/\/batijournal.com\/wp-content\/uploads\/2016\/07\/solarwatt.jpg","width":437,"height":337,"caption":"solarwatt"},{"@type":"BreadcrumbList","@id":"https:\/\/batijournal.com\/index.php\/autoconsommation-photovoltaique-agriculteur-bio\/93446\/#breadcrumb","itemListElement":[{"@type":"ListItem","position":1,"name":"Accueil","item":"https:\/\/batijournal.com\/"},{"@type":"ListItem","position":2,"name":"Actualit\u00e9s","item":"https:\/\/batijournal.com\/index.php\/category\/actualites\/"},{"@type":"ListItem","position":3,"name":"\u00c9nergie &amp; Environnement","item":"https:\/\/batijournal.com\/index.php\/category\/actualites\/energie-environnement\/"},{"@type":"ListItem","position":4,"name":"Autoconsommation photovolta\u00efque pour agriculteur bio"}]},{"@type":"WebSite","@id":"https:\/\/batijournal.com\/#website","url":"https:\/\/batijournal.com\/","name":"Batijournal","description":"L&#039;actualit\u00e9 du b\u00e2timent","potentialAction":[{"@type":"SearchAction","target":{"@type":"EntryPoint","urlTemplate":"https:\/\/batijournal.com\/?s={search_term_string}"},"query-input":{"@type":"PropertyValueSpecification","valueRequired":true,"valueName":"search_term_string"}}],"inLanguage":"fr-FR"},{"@type":"Person","@id":"https:\/\/batijournal.com\/#\/schema\/person\/1dc96ec6957aa1ccb25ebe78bb19f100","name":"St\u00e9phane Miget","image":{"@type":"ImageObject","inLanguage":"fr-FR","@id":"https:\/\/secure.gravatar.com\/avatar\/89915563d925342126b8ef0281b93d9d7fc337043e8df017f780908eb9644451?s=96&d=mm&r=g","url":"https:\/\/secure.gravatar.com\/avatar\/89915563d925342126b8ef0281b93d9d7fc337043e8df017f780908eb9644451?s=96&d=mm&r=g","contentUrl":"https:\/\/secure.gravatar.com\/avatar\/89915563d925342126b8ef0281b93d9d7fc337043e8df017f780908eb9644451?s=96&d=mm&r=g","caption":"St\u00e9phane Miget"},"url":"https:\/\/batijournal.com\/index.php\/author\/stephane\/"}]}},"_links":{"self":[{"href":"https:\/\/batijournal.com\/index.php\/wp-json\/wp\/v2\/posts\/93446","targetHints":{"allow":["GET"]}}],"collection":[{"href":"https:\/\/batijournal.com\/index.php\/wp-json\/wp\/v2\/posts"}],"about":[{"href":"https:\/\/batijournal.com\/index.php\/wp-json\/wp\/v2\/types\/post"}],"author":[{"embeddable":true,"href":"https:\/\/batijournal.com\/index.php\/wp-json\/wp\/v2\/users\/17"}],"replies":[{"embeddable":true,"href":"https:\/\/batijournal.com\/index.php\/wp-json\/wp\/v2\/comments?post=93446"}],"version-history":[{"count":0,"href":"https:\/\/batijournal.com\/index.php\/wp-json\/wp\/v2\/posts\/93446\/revisions"}],"wp:featuredmedia":[{"embeddable":true,"href":"https:\/\/batijournal.com\/index.php\/wp-json\/wp\/v2\/media\/93447"}],"wp:attachment":[{"href":"https:\/\/batijournal.com\/index.php\/wp-json\/wp\/v2\/media?parent=93446"}],"wp:term":[{"taxonomy":"category","embeddable":true,"href":"https:\/\/batijournal.com\/index.php\/wp-json\/wp\/v2\/categories?post=93446"},{"taxonomy":"post_tag","embeddable":true,"href":"https:\/\/batijournal.com\/index.php\/wp-json\/wp\/v2\/tags?post=93446"}],"curies":[{"name":"wp","href":"https:\/\/api.w.org\/{rel}","templated":true}]}}