{"id":93450,"date":"2016-07-19T10:12:36","date_gmt":"2016-07-19T08:12:36","guid":{"rendered":"http:\/\/batijournal.com\/?p=93450"},"modified":"2019-07-15T12:23:40","modified_gmt":"2019-07-15T10:23:40","slug":"incendies-de-lete-de-prise-compte-de-vulnerabilite-developpement-de-culture-risque","status":"publish","type":"post","link":"https:\/\/batijournal.com\/index.php\/incendies-de-lete-de-prise-compte-de-vulnerabilite-developpement-de-culture-risque\/93450\/","title":{"rendered":"Incendies de l&rsquo;\u00e9t\u00e9 : de la prise en compte de la vuln\u00e9rabilit\u00e9 au d\u00e9veloppement de la culture du risque"},"content":{"rendered":"<p><strong>En France m\u00e9tropolitaine, 4 000 d\u00e9parts de feu ont lieu en moyenne chaque ann\u00e9e et 24 000 hectares de for\u00eat sont incendi\u00e9s. Les trois quarts des communes fran\u00e7aises ayant subi des feux sont situ\u00e9es dans la moiti\u00e9 sud de la France : 6 000 communes sont class\u00e9es \u00e0 risque de feu de for\u00eat (principalement en Provence &#8211; Alpes &#8211; C\u00f4te d&rsquo;Azur, Corse, Languedoc-Roussillon, en Dr\u00f4me, en Ard\u00e8che et en Aquitaine), soit une commune sur six. L\u2019accroissement de biens et de la population \u00e0 proximit\u00e9 et dans les for\u00eats augmente la vuln\u00e9rabilit\u00e9 de ces zones face aux incendies.<\/strong><\/p>\n<p>L&rsquo;Irstea* concentre ses recharches depuis plusieurs ann\u00e9es sur les interfaces habitat-for\u00eat o\u00f9 la densit\u00e9 d\u2019\u00e9closion des feux est la plus grande ; ce sont les zones de contact entre espaces naturels et espaces urbanis\u00e9s. Pour faire face au risque incendie dans ces lieux d\u2019urbanisation \u00e0 forte croissance, la r\u00e9glementation vient en aide aux communes, notamment par l\u2019obligation de d\u00e9broussaillement de 100 m autour de son habitat par exemple. Au-del\u00e0 des actions des gestionnaires sur l\u2019urbanisation et la gestion des for\u00eats, la culture du risque des citoyens est d\u00e9sormais au c\u0153ur des actions de pr\u00e9vention. Un logiciel a \u00e9t\u00e9 d\u00e9velopp\u00e9 \u00e0 partir des diverses connaissances et exp\u00e9rimentations et sera \u00e0 terme disponible sur une plateforme web ouverte \u00e0 tous afin de permettre \u00e0 la population concern\u00e9e d\u2019\u00e9valuer son niveau de vuln\u00e9rabilit\u00e9 (mat\u00e9riaux de construction de la maison, pr\u00e9sence d\u2019esp\u00e8ces ornementales et distance du b\u00e2ti, mobilit\u00e9 potentielle) et de hi\u00e9rarchiser les mesures \u00e0 prendre (d\u00e9broussaillement, \u00e9lagage, enlever le bois mort pr\u00e8s de l\u2019habitation, etc&#8230;).<\/p>\n<p>*Irstea : Institut national de recherche en sciences et technologies pour l\u2019environnement et l\u2019agriculture<\/p>\n<p><a href=\"http:\/\/www.irstea.fr\/nos-editions\/dossiers\/incendies-de-foret\/gestion-risque-incendie\" target=\"_blank\" rel=\"noopener noreferrer\">www.irstea.fr\/nos-editions\/dossiers\/incendies-de-foret\/gestion-risque-incendie<\/a><\/p>\n<p>&nbsp;<\/p>\n","protected":false},"excerpt":{"rendered":"<p>En France m\u00e9tropolitaine, 4 000 d\u00e9parts de feu ont lieu en moyenne chaque ann\u00e9e et 24 000 hectares de for\u00eat sont incendi\u00e9s. Les trois quarts des communes fran\u00e7aises ayant subi des feux sont situ\u00e9es dans la moiti\u00e9 sud de la France : 6 000 communes sont class\u00e9es \u00e0 risque de feu de for\u00eat (principalement en [&hellip;]<\/p>\n","protected":false},"author":17,"featured_media":93451,"comment_status":"closed","ping_status":"closed","sticky":false,"template":"","format":"standard","meta":{"_et_pb_use_builder":"","_et_pb_old_content":"","_et_gb_content_width":"","footnotes":""},"categories":[10736,6351],"tags":[1040,3348],"class_list":["post-93450","post","type-post","status-publish","format-standard","has-post-thumbnail","hentry","category-a-la-une","category-energie-environnement","tag-feu","tag-incendie"],"yoast_head":"<!-- This site is optimized with the Yoast SEO plugin v27.4 - https:\/\/yoast.com\/product\/yoast-seo-wordpress\/ -->\n<title>Incendies de l&#039;\u00e9t\u00e9 : de la prise en compte de la vuln\u00e9rabilit\u00e9 au d\u00e9veloppement de la culture du risque<\/title>\n<meta name=\"robots\" content=\"index, follow, max-snippet:-1, max-image-preview:large, max-video-preview:-1\" \/>\n<link rel=\"canonical\" href=\"https:\/\/batijournal.com\/index.php\/incendies-de-lete-de-prise-compte-de-vulnerabilite-developpement-de-culture-risque\/93450\/\" \/>\n<meta property=\"og:locale\" content=\"fr_FR\" \/>\n<meta property=\"og:type\" content=\"article\" \/>\n<meta property=\"og:title\" content=\"Incendies de l&#039;\u00e9t\u00e9 : de la prise en compte de la vuln\u00e9rabilit\u00e9 au d\u00e9veloppement de la culture du risque\" \/>\n<meta property=\"og:description\" content=\"En France m\u00e9tropolitaine, 4 000 d\u00e9parts de feu ont lieu en moyenne chaque ann\u00e9e et 24 000 hectares de for\u00eat sont incendi\u00e9s. Les trois quarts des communes fran\u00e7aises ayant subi des feux sont situ\u00e9es dans la moiti\u00e9 sud de la France : 6 000 communes sont class\u00e9es \u00e0 risque de feu de for\u00eat (principalement en [&hellip;]\" \/>\n<meta property=\"og:url\" content=\"https:\/\/batijournal.com\/index.php\/incendies-de-lete-de-prise-compte-de-vulnerabilite-developpement-de-culture-risque\/93450\/\" \/>\n<meta property=\"og:site_name\" content=\"Batijournal\" \/>\n<meta property=\"article:published_time\" content=\"2016-07-19T08:12:36+00:00\" \/>\n<meta property=\"article:modified_time\" content=\"2019-07-15T10:23:40+00:00\" \/>\n<meta property=\"og:image\" content=\"https:\/\/batijournal.com\/wp-content\/uploads\/2016\/07\/incendie-foret-pompiers.jpg\" \/>\n\t<meta property=\"og:image:width\" content=\"1000\" \/>\n\t<meta property=\"og:image:height\" content=\"563\" \/>\n\t<meta property=\"og:image:type\" content=\"image\/jpeg\" \/>\n<meta name=\"author\" content=\"St\u00e9phane Miget\" \/>\n<meta name=\"twitter:card\" content=\"summary_large_image\" \/>\n<meta name=\"twitter:creator\" content=\"@bati_journal\" \/>\n<meta name=\"twitter:site\" content=\"@bati_journal\" \/>\n<meta name=\"twitter:label1\" content=\"\u00c9crit par\" \/>\n\t<meta name=\"twitter:data1\" content=\"St\u00e9phane Miget\" \/>\n\t<meta name=\"twitter:label2\" content=\"Dur\u00e9e de lecture estim\u00e9e\" \/>\n\t<meta name=\"twitter:data2\" content=\"2 minutes\" \/>\n<script type=\"application\/ld+json\" class=\"yoast-schema-graph\">{\"@context\":\"https:\\\/\\\/schema.org\",\"@graph\":[{\"@type\":\"Article\",\"@id\":\"https:\\\/\\\/batijournal.com\\\/index.php\\\/incendies-de-lete-de-prise-compte-de-vulnerabilite-developpement-de-culture-risque\\\/93450\\\/#article\",\"isPartOf\":{\"@id\":\"https:\\\/\\\/batijournal.com\\\/index.php\\\/incendies-de-lete-de-prise-compte-de-vulnerabilite-developpement-de-culture-risque\\\/93450\\\/\"},\"author\":{\"name\":\"St\u00e9phane Miget\",\"@id\":\"https:\\\/\\\/batijournal.com\\\/#\\\/schema\\\/person\\\/1dc96ec6957aa1ccb25ebe78bb19f100\"},\"headline\":\"Incendies de l&rsquo;\u00e9t\u00e9 : de la prise en compte de la vuln\u00e9rabilit\u00e9 au d\u00e9veloppement de la culture du risque\",\"datePublished\":\"2016-07-19T08:12:36+00:00\",\"dateModified\":\"2019-07-15T10:23:40+00:00\",\"mainEntityOfPage\":{\"@id\":\"https:\\\/\\\/batijournal.com\\\/index.php\\\/incendies-de-lete-de-prise-compte-de-vulnerabilite-developpement-de-culture-risque\\\/93450\\\/\"},\"wordCount\":330,\"image\":{\"@id\":\"https:\\\/\\\/batijournal.com\\\/index.php\\\/incendies-de-lete-de-prise-compte-de-vulnerabilite-developpement-de-culture-risque\\\/93450\\\/#primaryimage\"},\"thumbnailUrl\":\"https:\\\/\\\/batijournal.com\\\/wp-content\\\/uploads\\\/2016\\\/07\\\/incendie-foret-pompiers.jpg\",\"keywords\":[\"feu\",\"incendie\"],\"articleSection\":[\"A la Une\",\"\u00c9nergie &amp; Environnement\"],\"inLanguage\":\"fr-FR\"},{\"@type\":\"WebPage\",\"@id\":\"https:\\\/\\\/batijournal.com\\\/index.php\\\/incendies-de-lete-de-prise-compte-de-vulnerabilite-developpement-de-culture-risque\\\/93450\\\/\",\"url\":\"https:\\\/\\\/batijournal.com\\\/index.php\\\/incendies-de-lete-de-prise-compte-de-vulnerabilite-developpement-de-culture-risque\\\/93450\\\/\",\"name\":\"Incendies de l'\u00e9t\u00e9 : de la prise en compte de la vuln\u00e9rabilit\u00e9 au d\u00e9veloppement de la culture du risque\",\"isPartOf\":{\"@id\":\"https:\\\/\\\/batijournal.com\\\/#website\"},\"primaryImageOfPage\":{\"@id\":\"https:\\\/\\\/batijournal.com\\\/index.php\\\/incendies-de-lete-de-prise-compte-de-vulnerabilite-developpement-de-culture-risque\\\/93450\\\/#primaryimage\"},\"image\":{\"@id\":\"https:\\\/\\\/batijournal.com\\\/index.php\\\/incendies-de-lete-de-prise-compte-de-vulnerabilite-developpement-de-culture-risque\\\/93450\\\/#primaryimage\"},\"thumbnailUrl\":\"https:\\\/\\\/batijournal.com\\\/wp-content\\\/uploads\\\/2016\\\/07\\\/incendie-foret-pompiers.jpg\",\"datePublished\":\"2016-07-19T08:12:36+00:00\",\"dateModified\":\"2019-07-15T10:23:40+00:00\",\"author\":{\"@id\":\"https:\\\/\\\/batijournal.com\\\/#\\\/schema\\\/person\\\/1dc96ec6957aa1ccb25ebe78bb19f100\"},\"breadcrumb\":{\"@id\":\"https:\\\/\\\/batijournal.com\\\/index.php\\\/incendies-de-lete-de-prise-compte-de-vulnerabilite-developpement-de-culture-risque\\\/93450\\\/#breadcrumb\"},\"inLanguage\":\"fr-FR\",\"potentialAction\":[{\"@type\":\"ReadAction\",\"target\":[\"https:\\\/\\\/batijournal.com\\\/index.php\\\/incendies-de-lete-de-prise-compte-de-vulnerabilite-developpement-de-culture-risque\\\/93450\\\/\"]}]},{\"@type\":\"ImageObject\",\"inLanguage\":\"fr-FR\",\"@id\":\"https:\\\/\\\/batijournal.com\\\/index.php\\\/incendies-de-lete-de-prise-compte-de-vulnerabilite-developpement-de-culture-risque\\\/93450\\\/#primaryimage\",\"url\":\"https:\\\/\\\/batijournal.com\\\/wp-content\\\/uploads\\\/2016\\\/07\\\/incendie-foret-pompiers.jpg\",\"contentUrl\":\"https:\\\/\\\/batijournal.com\\\/wp-content\\\/uploads\\\/2016\\\/07\\\/incendie-foret-pompiers.jpg\",\"width\":1000,\"height\":563,\"caption\":\"incendie-foret-pompiers\"},{\"@type\":\"BreadcrumbList\",\"@id\":\"https:\\\/\\\/batijournal.com\\\/index.php\\\/incendies-de-lete-de-prise-compte-de-vulnerabilite-developpement-de-culture-risque\\\/93450\\\/#breadcrumb\",\"itemListElement\":[{\"@type\":\"ListItem\",\"position\":1,\"name\":\"Accueil\",\"item\":\"https:\\\/\\\/batijournal.com\\\/\"},{\"@type\":\"ListItem\",\"position\":2,\"name\":\"Actualit\u00e9s\",\"item\":\"https:\\\/\\\/batijournal.com\\\/index.php\\\/category\\\/actualites\\\/\"},{\"@type\":\"ListItem\",\"position\":3,\"name\":\"\u00c9nergie &amp; Environnement\",\"item\":\"https:\\\/\\\/batijournal.com\\\/index.php\\\/category\\\/actualites\\\/energie-environnement\\\/\"},{\"@type\":\"ListItem\",\"position\":4,\"name\":\"Incendies de l&rsquo;\u00e9t\u00e9 : de la prise en compte de la vuln\u00e9rabilit\u00e9 au d\u00e9veloppement de la culture du risque\"}]},{\"@type\":\"WebSite\",\"@id\":\"https:\\\/\\\/batijournal.com\\\/#website\",\"url\":\"https:\\\/\\\/batijournal.com\\\/\",\"name\":\"Batijournal\",\"description\":\"L&#039;actualit\u00e9 du b\u00e2timent\",\"potentialAction\":[{\"@type\":\"SearchAction\",\"target\":{\"@type\":\"EntryPoint\",\"urlTemplate\":\"https:\\\/\\\/batijournal.com\\\/?s={search_term_string}\"},\"query-input\":{\"@type\":\"PropertyValueSpecification\",\"valueRequired\":true,\"valueName\":\"search_term_string\"}}],\"inLanguage\":\"fr-FR\"},{\"@type\":\"Person\",\"@id\":\"https:\\\/\\\/batijournal.com\\\/#\\\/schema\\\/person\\\/1dc96ec6957aa1ccb25ebe78bb19f100\",\"name\":\"St\u00e9phane Miget\",\"image\":{\"@type\":\"ImageObject\",\"inLanguage\":\"fr-FR\",\"@id\":\"https:\\\/\\\/secure.gravatar.com\\\/avatar\\\/89915563d925342126b8ef0281b93d9d7fc337043e8df017f780908eb9644451?s=96&d=mm&r=g\",\"url\":\"https:\\\/\\\/secure.gravatar.com\\\/avatar\\\/89915563d925342126b8ef0281b93d9d7fc337043e8df017f780908eb9644451?s=96&d=mm&r=g\",\"contentUrl\":\"https:\\\/\\\/secure.gravatar.com\\\/avatar\\\/89915563d925342126b8ef0281b93d9d7fc337043e8df017f780908eb9644451?s=96&d=mm&r=g\",\"caption\":\"St\u00e9phane Miget\"},\"url\":\"https:\\\/\\\/batijournal.com\\\/index.php\\\/author\\\/stephane\\\/\"}]}<\/script>\n<!-- \/ Yoast SEO plugin. -->","yoast_head_json":{"title":"Incendies de l'\u00e9t\u00e9 : de la prise en compte de la vuln\u00e9rabilit\u00e9 au d\u00e9veloppement de la culture du risque","robots":{"index":"index","follow":"follow","max-snippet":"max-snippet:-1","max-image-preview":"max-image-preview:large","max-video-preview":"max-video-preview:-1"},"canonical":"https:\/\/batijournal.com\/index.php\/incendies-de-lete-de-prise-compte-de-vulnerabilite-developpement-de-culture-risque\/93450\/","og_locale":"fr_FR","og_type":"article","og_title":"Incendies de l'\u00e9t\u00e9 : de la prise en compte de la vuln\u00e9rabilit\u00e9 au d\u00e9veloppement de la culture du risque","og_description":"En France m\u00e9tropolitaine, 4 000 d\u00e9parts de feu ont lieu en moyenne chaque ann\u00e9e et 24 000 hectares de for\u00eat sont incendi\u00e9s. Les trois quarts des communes fran\u00e7aises ayant subi des feux sont situ\u00e9es dans la moiti\u00e9 sud de la France : 6 000 communes sont class\u00e9es \u00e0 risque de feu de for\u00eat (principalement en [&hellip;]","og_url":"https:\/\/batijournal.com\/index.php\/incendies-de-lete-de-prise-compte-de-vulnerabilite-developpement-de-culture-risque\/93450\/","og_site_name":"Batijournal","article_published_time":"2016-07-19T08:12:36+00:00","article_modified_time":"2019-07-15T10:23:40+00:00","og_image":[{"width":1000,"height":563,"url":"https:\/\/batijournal.com\/wp-content\/uploads\/2016\/07\/incendie-foret-pompiers.jpg","type":"image\/jpeg"}],"author":"St\u00e9phane Miget","twitter_card":"summary_large_image","twitter_creator":"@bati_journal","twitter_site":"@bati_journal","twitter_misc":{"\u00c9crit par":"St\u00e9phane Miget","Dur\u00e9e de lecture estim\u00e9e":"2 minutes"},"schema":{"@context":"https:\/\/schema.org","@graph":[{"@type":"Article","@id":"https:\/\/batijournal.com\/index.php\/incendies-de-lete-de-prise-compte-de-vulnerabilite-developpement-de-culture-risque\/93450\/#article","isPartOf":{"@id":"https:\/\/batijournal.com\/index.php\/incendies-de-lete-de-prise-compte-de-vulnerabilite-developpement-de-culture-risque\/93450\/"},"author":{"name":"St\u00e9phane Miget","@id":"https:\/\/batijournal.com\/#\/schema\/person\/1dc96ec6957aa1ccb25ebe78bb19f100"},"headline":"Incendies de l&rsquo;\u00e9t\u00e9 : de la prise en compte de la vuln\u00e9rabilit\u00e9 au d\u00e9veloppement de la culture du risque","datePublished":"2016-07-19T08:12:36+00:00","dateModified":"2019-07-15T10:23:40+00:00","mainEntityOfPage":{"@id":"https:\/\/batijournal.com\/index.php\/incendies-de-lete-de-prise-compte-de-vulnerabilite-developpement-de-culture-risque\/93450\/"},"wordCount":330,"image":{"@id":"https:\/\/batijournal.com\/index.php\/incendies-de-lete-de-prise-compte-de-vulnerabilite-developpement-de-culture-risque\/93450\/#primaryimage"},"thumbnailUrl":"https:\/\/batijournal.com\/wp-content\/uploads\/2016\/07\/incendie-foret-pompiers.jpg","keywords":["feu","incendie"],"articleSection":["A la Une","\u00c9nergie &amp; Environnement"],"inLanguage":"fr-FR"},{"@type":"WebPage","@id":"https:\/\/batijournal.com\/index.php\/incendies-de-lete-de-prise-compte-de-vulnerabilite-developpement-de-culture-risque\/93450\/","url":"https:\/\/batijournal.com\/index.php\/incendies-de-lete-de-prise-compte-de-vulnerabilite-developpement-de-culture-risque\/93450\/","name":"Incendies de l'\u00e9t\u00e9 : de la prise en compte de la vuln\u00e9rabilit\u00e9 au d\u00e9veloppement de la culture du risque","isPartOf":{"@id":"https:\/\/batijournal.com\/#website"},"primaryImageOfPage":{"@id":"https:\/\/batijournal.com\/index.php\/incendies-de-lete-de-prise-compte-de-vulnerabilite-developpement-de-culture-risque\/93450\/#primaryimage"},"image":{"@id":"https:\/\/batijournal.com\/index.php\/incendies-de-lete-de-prise-compte-de-vulnerabilite-developpement-de-culture-risque\/93450\/#primaryimage"},"thumbnailUrl":"https:\/\/batijournal.com\/wp-content\/uploads\/2016\/07\/incendie-foret-pompiers.jpg","datePublished":"2016-07-19T08:12:36+00:00","dateModified":"2019-07-15T10:23:40+00:00","author":{"@id":"https:\/\/batijournal.com\/#\/schema\/person\/1dc96ec6957aa1ccb25ebe78bb19f100"},"breadcrumb":{"@id":"https:\/\/batijournal.com\/index.php\/incendies-de-lete-de-prise-compte-de-vulnerabilite-developpement-de-culture-risque\/93450\/#breadcrumb"},"inLanguage":"fr-FR","potentialAction":[{"@type":"ReadAction","target":["https:\/\/batijournal.com\/index.php\/incendies-de-lete-de-prise-compte-de-vulnerabilite-developpement-de-culture-risque\/93450\/"]}]},{"@type":"ImageObject","inLanguage":"fr-FR","@id":"https:\/\/batijournal.com\/index.php\/incendies-de-lete-de-prise-compte-de-vulnerabilite-developpement-de-culture-risque\/93450\/#primaryimage","url":"https:\/\/batijournal.com\/wp-content\/uploads\/2016\/07\/incendie-foret-pompiers.jpg","contentUrl":"https:\/\/batijournal.com\/wp-content\/uploads\/2016\/07\/incendie-foret-pompiers.jpg","width":1000,"height":563,"caption":"incendie-foret-pompiers"},{"@type":"BreadcrumbList","@id":"https:\/\/batijournal.com\/index.php\/incendies-de-lete-de-prise-compte-de-vulnerabilite-developpement-de-culture-risque\/93450\/#breadcrumb","itemListElement":[{"@type":"ListItem","position":1,"name":"Accueil","item":"https:\/\/batijournal.com\/"},{"@type":"ListItem","position":2,"name":"Actualit\u00e9s","item":"https:\/\/batijournal.com\/index.php\/category\/actualites\/"},{"@type":"ListItem","position":3,"name":"\u00c9nergie &amp; Environnement","item":"https:\/\/batijournal.com\/index.php\/category\/actualites\/energie-environnement\/"},{"@type":"ListItem","position":4,"name":"Incendies de l&rsquo;\u00e9t\u00e9 : de la prise en compte de la vuln\u00e9rabilit\u00e9 au d\u00e9veloppement de la culture du risque"}]},{"@type":"WebSite","@id":"https:\/\/batijournal.com\/#website","url":"https:\/\/batijournal.com\/","name":"Batijournal","description":"L&#039;actualit\u00e9 du b\u00e2timent","potentialAction":[{"@type":"SearchAction","target":{"@type":"EntryPoint","urlTemplate":"https:\/\/batijournal.com\/?s={search_term_string}"},"query-input":{"@type":"PropertyValueSpecification","valueRequired":true,"valueName":"search_term_string"}}],"inLanguage":"fr-FR"},{"@type":"Person","@id":"https:\/\/batijournal.com\/#\/schema\/person\/1dc96ec6957aa1ccb25ebe78bb19f100","name":"St\u00e9phane Miget","image":{"@type":"ImageObject","inLanguage":"fr-FR","@id":"https:\/\/secure.gravatar.com\/avatar\/89915563d925342126b8ef0281b93d9d7fc337043e8df017f780908eb9644451?s=96&d=mm&r=g","url":"https:\/\/secure.gravatar.com\/avatar\/89915563d925342126b8ef0281b93d9d7fc337043e8df017f780908eb9644451?s=96&d=mm&r=g","contentUrl":"https:\/\/secure.gravatar.com\/avatar\/89915563d925342126b8ef0281b93d9d7fc337043e8df017f780908eb9644451?s=96&d=mm&r=g","caption":"St\u00e9phane Miget"},"url":"https:\/\/batijournal.com\/index.php\/author\/stephane\/"}]}},"_links":{"self":[{"href":"https:\/\/batijournal.com\/index.php\/wp-json\/wp\/v2\/posts\/93450","targetHints":{"allow":["GET"]}}],"collection":[{"href":"https:\/\/batijournal.com\/index.php\/wp-json\/wp\/v2\/posts"}],"about":[{"href":"https:\/\/batijournal.com\/index.php\/wp-json\/wp\/v2\/types\/post"}],"author":[{"embeddable":true,"href":"https:\/\/batijournal.com\/index.php\/wp-json\/wp\/v2\/users\/17"}],"replies":[{"embeddable":true,"href":"https:\/\/batijournal.com\/index.php\/wp-json\/wp\/v2\/comments?post=93450"}],"version-history":[{"count":0,"href":"https:\/\/batijournal.com\/index.php\/wp-json\/wp\/v2\/posts\/93450\/revisions"}],"wp:featuredmedia":[{"embeddable":true,"href":"https:\/\/batijournal.com\/index.php\/wp-json\/wp\/v2\/media\/93451"}],"wp:attachment":[{"href":"https:\/\/batijournal.com\/index.php\/wp-json\/wp\/v2\/media?parent=93450"}],"wp:term":[{"taxonomy":"category","embeddable":true,"href":"https:\/\/batijournal.com\/index.php\/wp-json\/wp\/v2\/categories?post=93450"},{"taxonomy":"post_tag","embeddable":true,"href":"https:\/\/batijournal.com\/index.php\/wp-json\/wp\/v2\/tags?post=93450"}],"curies":[{"name":"wp","href":"https:\/\/api.w.org\/{rel}","templated":true}]}}