{"id":93478,"date":"2016-07-21T16:47:52","date_gmt":"2016-07-21T14:47:52","guid":{"rendered":"http:\/\/batijournal.com\/?p=93478"},"modified":"2019-07-15T12:02:11","modified_gmt":"2019-07-15T10:02:11","slug":"confirmation-regain-dactivite-lartisanat-batiment","status":"publish","type":"post","link":"https:\/\/batijournal.com\/index.php\/confirmation-regain-dactivite-lartisanat-batiment\/93478\/","title":{"rendered":"Confirmation du regain d\u2019activit\u00e9 pour l\u2019artisanat du B\u00e2timent"},"content":{"rendered":"<p><strong>La Capeb vient de d\u00e9voiler les chiffres de la note de conjoncture de l\u2019artisanat du B\u00e2timent du deuxi\u00e8me trimestre 2016. L\u2019am\u00e9lioration de l\u2019activit\u00e9 constat\u00e9e au premier trimestre se confirme, avec des signaux positifs tels la croissance nette de la construction neuve et la croissance mod\u00e9r\u00e9e de l\u2019activit\u00e9 d\u2019entretien am\u00e9lioration. De nombreux indicateurs, comme les carnets de commandes, s\u2019am\u00e9liorent et augurent d\u2019un second semestre sur la m\u00eame tendance.<\/strong><\/p>\n<p>L\u2019\u00e9claircie constat\u00e9e au premier trimestre 2016 pour l\u2019activit\u00e9 de l\u2019artisanat du b\u00e2timent se confirme au second trimestre, avec une m\u00eame croissance de 1 % en volume. Comme au trimestre pr\u00e9c\u00e9dent, l\u2019embellie s\u2019explique par une hausse de la construction neuve +2 % (contre \u20134 % au 2T2015) et la croissance mod\u00e9r\u00e9e de l\u2019activit\u00e9 d\u2019entretien-am\u00e9lioration avec +0,5 % (contre \u20131 % au 2T2015).<\/p>\n<p><strong>Des indicateurs au vert<\/strong><\/p>\n<p>La reprise de l\u2019activit\u00e9 est effective pour l\u2019ensemble des corps d\u2019\u00c9tat, avec une progression en volume entre 0,5 % et 2 %. Les entreprises de 10 \u00e0 20 salari\u00e9s b\u00e9n\u00e9ficient le plus de la reprise, \u00e0 +2 % d\u2019activit\u00e9 en volume contre +1 % pour les structures de moins de 10 salari\u00e9s. Les carnets de commande continuent \u00e0 se remplir : ils repr\u00e9sentent d\u00e9sormais 81 jours de travail (soit 5 jours de plus que le trimestre pr\u00e9c\u00e9dent et 9 jours de plus qu\u2019un an auparavant).<br \/>\n<strong>Premi\u00e8re stabilisation de l\u2019effectif salari\u00e9 depuis 5 ans<\/strong><\/p>\n<p>M\u00eame si l\u2019emploi dans les entreprises du BTP de moins de 20 salari\u00e9s s\u2019am\u00e9liore au premier trimestre 2016, il connait un recul de 0,9 % sur un an, s\u2019\u00e9tablissant \u00e0 691 134 salari\u00e9s au 1er trimestre 2016 (contre 697 636 un an auparavant). Il est important de noter que pour la premi\u00e8re fois depuis 2 ans, le nombre d\u2019entreprises envisageant d\u2019embaucher (10 % contre seulement 4 % au premier trimestre 2015) est sup\u00e9rieur au nombre d\u2019entreprises envisageant de licencier ou de ne pas renouveler des contrats (seulement 2 % des chefs d\u2019entreprises, chiffre le plus faible depuis le 1er semestre 2013). Pour la premi\u00e8re fois depuis 5 ans, l\u2019artisanat du B\u00e2timent devrait conna\u00eetre une stabilisation de son effectif salari\u00e9.<\/p>\n<p><strong>Des besoins en tr\u00e9sorerie croissants<\/strong><\/p>\n<p>M\u00eame si le nombre d\u2019entreprise d\u00e9clarant un besoin de tr\u00e9sorerie reste stable (46 % des entreprises), le montant moyen de cr\u00e9dit accord\u00e9 est en revanche, en forte hausse, \u00e9gal \u00e0 25 000 \u20ac contre 19 000 \u20ac un an auparavant (soit une hausse de plus de 30 %). La reprise conduit \u00e0 peser sur les tr\u00e9soreries des entreprises ; le r\u00f4le des banques est donc tout particuli\u00e8rement essentiel dans cette p\u00e9riode charni\u00e8re.<\/p>\n<p>Graphique : \u00c9volution du volume d\u2019activit\u00e9 des entreprises artisanales<\/p>\n","protected":false},"excerpt":{"rendered":"<p>La Capeb vient de d\u00e9voiler les chiffres de la note de conjoncture de l\u2019artisanat du B\u00e2timent du deuxi\u00e8me trimestre 2016. L\u2019am\u00e9lioration de l\u2019activit\u00e9 constat\u00e9e au premier trimestre se confirme, avec des signaux positifs tels la croissance nette de la construction neuve et la croissance mod\u00e9r\u00e9e de l\u2019activit\u00e9 d\u2019entretien am\u00e9lioration. De nombreux indicateurs, comme les carnets [&hellip;]<\/p>\n","protected":false},"author":17,"featured_media":93479,"comment_status":"closed","ping_status":"closed","sticky":false,"template":"","format":"standard","meta":{"_et_pb_use_builder":"","_et_pb_old_content":"","_et_gb_content_width":"","footnotes":""},"categories":[10736,6345],"tags":[647,1339],"class_list":["post-93478","post","type-post","status-publish","format-standard","has-post-thumbnail","hentry","category-a-la-une","category-economie-marches","tag-capeb","tag-conjoncture"],"yoast_head":"<!-- This site is optimized with the Yoast SEO plugin v27.4 - https:\/\/yoast.com\/product\/yoast-seo-wordpress\/ -->\n<title>Confirmation du regain d\u2019activit\u00e9 pour l\u2019artisanat du B\u00e2timent<\/title>\n<meta name=\"robots\" content=\"index, follow, max-snippet:-1, max-image-preview:large, max-video-preview:-1\" \/>\n<link rel=\"canonical\" href=\"https:\/\/batijournal.com\/index.php\/confirmation-regain-dactivite-lartisanat-batiment\/93478\/\" \/>\n<meta property=\"og:locale\" content=\"fr_FR\" \/>\n<meta property=\"og:type\" content=\"article\" \/>\n<meta property=\"og:title\" content=\"Confirmation du regain d\u2019activit\u00e9 pour l\u2019artisanat du B\u00e2timent\" \/>\n<meta property=\"og:description\" content=\"La Capeb vient de d\u00e9voiler les chiffres de la note de conjoncture de l\u2019artisanat du B\u00e2timent du deuxi\u00e8me trimestre 2016. L\u2019am\u00e9lioration de l\u2019activit\u00e9 constat\u00e9e au premier trimestre se confirme, avec des signaux positifs tels la croissance nette de la construction neuve et la croissance mod\u00e9r\u00e9e de l\u2019activit\u00e9 d\u2019entretien am\u00e9lioration. De nombreux indicateurs, comme les carnets [&hellip;]\" \/>\n<meta property=\"og:url\" content=\"https:\/\/batijournal.com\/index.php\/confirmation-regain-dactivite-lartisanat-batiment\/93478\/\" \/>\n<meta property=\"og:site_name\" content=\"Batijournal\" \/>\n<meta property=\"article:published_time\" content=\"2016-07-21T14:47:52+00:00\" \/>\n<meta property=\"article:modified_time\" content=\"2019-07-15T10:02:11+00:00\" \/>\n<meta property=\"og:image\" content=\"https:\/\/batijournal.com\/wp-content\/uploads\/2016\/07\/capeb-conjoncture-2016.png\" \/>\n\t<meta property=\"og:image:width\" content=\"592\" \/>\n\t<meta property=\"og:image:height\" content=\"389\" \/>\n\t<meta property=\"og:image:type\" content=\"image\/png\" \/>\n<meta name=\"author\" content=\"St\u00e9phane Miget\" \/>\n<meta name=\"twitter:card\" content=\"summary_large_image\" \/>\n<meta name=\"twitter:creator\" content=\"@bati_journal\" \/>\n<meta name=\"twitter:site\" content=\"@bati_journal\" \/>\n<meta name=\"twitter:label1\" content=\"\u00c9crit par\" \/>\n\t<meta name=\"twitter:data1\" content=\"St\u00e9phane Miget\" \/>\n\t<meta name=\"twitter:label2\" content=\"Dur\u00e9e de lecture estim\u00e9e\" \/>\n\t<meta name=\"twitter:data2\" content=\"2 minutes\" \/>\n<script type=\"application\/ld+json\" class=\"yoast-schema-graph\">{\"@context\":\"https:\\\/\\\/schema.org\",\"@graph\":[{\"@type\":\"Article\",\"@id\":\"https:\\\/\\\/batijournal.com\\\/index.php\\\/confirmation-regain-dactivite-lartisanat-batiment\\\/93478\\\/#article\",\"isPartOf\":{\"@id\":\"https:\\\/\\\/batijournal.com\\\/index.php\\\/confirmation-regain-dactivite-lartisanat-batiment\\\/93478\\\/\"},\"author\":{\"name\":\"St\u00e9phane Miget\",\"@id\":\"https:\\\/\\\/batijournal.com\\\/#\\\/schema\\\/person\\\/1dc96ec6957aa1ccb25ebe78bb19f100\"},\"headline\":\"Confirmation du regain d\u2019activit\u00e9 pour l\u2019artisanat du B\u00e2timent\",\"datePublished\":\"2016-07-21T14:47:52+00:00\",\"dateModified\":\"2019-07-15T10:02:11+00:00\",\"mainEntityOfPage\":{\"@id\":\"https:\\\/\\\/batijournal.com\\\/index.php\\\/confirmation-regain-dactivite-lartisanat-batiment\\\/93478\\\/\"},\"wordCount\":452,\"image\":{\"@id\":\"https:\\\/\\\/batijournal.com\\\/index.php\\\/confirmation-regain-dactivite-lartisanat-batiment\\\/93478\\\/#primaryimage\"},\"thumbnailUrl\":\"https:\\\/\\\/batijournal.com\\\/wp-content\\\/uploads\\\/2016\\\/07\\\/capeb-conjoncture-2016.png\",\"keywords\":[\"CAPEB\",\"conjoncture\"],\"articleSection\":[\"A la Une\",\"\u00c9conomie &amp; March\u00e9s\"],\"inLanguage\":\"fr-FR\"},{\"@type\":\"WebPage\",\"@id\":\"https:\\\/\\\/batijournal.com\\\/index.php\\\/confirmation-regain-dactivite-lartisanat-batiment\\\/93478\\\/\",\"url\":\"https:\\\/\\\/batijournal.com\\\/index.php\\\/confirmation-regain-dactivite-lartisanat-batiment\\\/93478\\\/\",\"name\":\"Confirmation du regain d\u2019activit\u00e9 pour l\u2019artisanat du B\u00e2timent\",\"isPartOf\":{\"@id\":\"https:\\\/\\\/batijournal.com\\\/#website\"},\"primaryImageOfPage\":{\"@id\":\"https:\\\/\\\/batijournal.com\\\/index.php\\\/confirmation-regain-dactivite-lartisanat-batiment\\\/93478\\\/#primaryimage\"},\"image\":{\"@id\":\"https:\\\/\\\/batijournal.com\\\/index.php\\\/confirmation-regain-dactivite-lartisanat-batiment\\\/93478\\\/#primaryimage\"},\"thumbnailUrl\":\"https:\\\/\\\/batijournal.com\\\/wp-content\\\/uploads\\\/2016\\\/07\\\/capeb-conjoncture-2016.png\",\"datePublished\":\"2016-07-21T14:47:52+00:00\",\"dateModified\":\"2019-07-15T10:02:11+00:00\",\"author\":{\"@id\":\"https:\\\/\\\/batijournal.com\\\/#\\\/schema\\\/person\\\/1dc96ec6957aa1ccb25ebe78bb19f100\"},\"breadcrumb\":{\"@id\":\"https:\\\/\\\/batijournal.com\\\/index.php\\\/confirmation-regain-dactivite-lartisanat-batiment\\\/93478\\\/#breadcrumb\"},\"inLanguage\":\"fr-FR\",\"potentialAction\":[{\"@type\":\"ReadAction\",\"target\":[\"https:\\\/\\\/batijournal.com\\\/index.php\\\/confirmation-regain-dactivite-lartisanat-batiment\\\/93478\\\/\"]}]},{\"@type\":\"ImageObject\",\"inLanguage\":\"fr-FR\",\"@id\":\"https:\\\/\\\/batijournal.com\\\/index.php\\\/confirmation-regain-dactivite-lartisanat-batiment\\\/93478\\\/#primaryimage\",\"url\":\"https:\\\/\\\/batijournal.com\\\/wp-content\\\/uploads\\\/2016\\\/07\\\/capeb-conjoncture-2016.png\",\"contentUrl\":\"https:\\\/\\\/batijournal.com\\\/wp-content\\\/uploads\\\/2016\\\/07\\\/capeb-conjoncture-2016.png\",\"width\":592,\"height\":389,\"caption\":\"capeb-conjoncture-2016\"},{\"@type\":\"BreadcrumbList\",\"@id\":\"https:\\\/\\\/batijournal.com\\\/index.php\\\/confirmation-regain-dactivite-lartisanat-batiment\\\/93478\\\/#breadcrumb\",\"itemListElement\":[{\"@type\":\"ListItem\",\"position\":1,\"name\":\"Accueil\",\"item\":\"https:\\\/\\\/batijournal.com\\\/\"},{\"@type\":\"ListItem\",\"position\":2,\"name\":\"A la Une\",\"item\":\"https:\\\/\\\/batijournal.com\\\/index.php\\\/category\\\/a-la-une\\\/\"},{\"@type\":\"ListItem\",\"position\":3,\"name\":\"Confirmation du regain d\u2019activit\u00e9 pour l\u2019artisanat du B\u00e2timent\"}]},{\"@type\":\"WebSite\",\"@id\":\"https:\\\/\\\/batijournal.com\\\/#website\",\"url\":\"https:\\\/\\\/batijournal.com\\\/\",\"name\":\"Batijournal\",\"description\":\"L&#039;actualit\u00e9 du b\u00e2timent\",\"potentialAction\":[{\"@type\":\"SearchAction\",\"target\":{\"@type\":\"EntryPoint\",\"urlTemplate\":\"https:\\\/\\\/batijournal.com\\\/?s={search_term_string}\"},\"query-input\":{\"@type\":\"PropertyValueSpecification\",\"valueRequired\":true,\"valueName\":\"search_term_string\"}}],\"inLanguage\":\"fr-FR\"},{\"@type\":\"Person\",\"@id\":\"https:\\\/\\\/batijournal.com\\\/#\\\/schema\\\/person\\\/1dc96ec6957aa1ccb25ebe78bb19f100\",\"name\":\"St\u00e9phane Miget\",\"image\":{\"@type\":\"ImageObject\",\"inLanguage\":\"fr-FR\",\"@id\":\"https:\\\/\\\/secure.gravatar.com\\\/avatar\\\/89915563d925342126b8ef0281b93d9d7fc337043e8df017f780908eb9644451?s=96&d=mm&r=g\",\"url\":\"https:\\\/\\\/secure.gravatar.com\\\/avatar\\\/89915563d925342126b8ef0281b93d9d7fc337043e8df017f780908eb9644451?s=96&d=mm&r=g\",\"contentUrl\":\"https:\\\/\\\/secure.gravatar.com\\\/avatar\\\/89915563d925342126b8ef0281b93d9d7fc337043e8df017f780908eb9644451?s=96&d=mm&r=g\",\"caption\":\"St\u00e9phane Miget\"},\"url\":\"https:\\\/\\\/batijournal.com\\\/index.php\\\/author\\\/stephane\\\/\"}]}<\/script>\n<!-- \/ Yoast SEO plugin. -->","yoast_head_json":{"title":"Confirmation du regain d\u2019activit\u00e9 pour l\u2019artisanat du B\u00e2timent","robots":{"index":"index","follow":"follow","max-snippet":"max-snippet:-1","max-image-preview":"max-image-preview:large","max-video-preview":"max-video-preview:-1"},"canonical":"https:\/\/batijournal.com\/index.php\/confirmation-regain-dactivite-lartisanat-batiment\/93478\/","og_locale":"fr_FR","og_type":"article","og_title":"Confirmation du regain d\u2019activit\u00e9 pour l\u2019artisanat du B\u00e2timent","og_description":"La Capeb vient de d\u00e9voiler les chiffres de la note de conjoncture de l\u2019artisanat du B\u00e2timent du deuxi\u00e8me trimestre 2016. L\u2019am\u00e9lioration de l\u2019activit\u00e9 constat\u00e9e au premier trimestre se confirme, avec des signaux positifs tels la croissance nette de la construction neuve et la croissance mod\u00e9r\u00e9e de l\u2019activit\u00e9 d\u2019entretien am\u00e9lioration. De nombreux indicateurs, comme les carnets [&hellip;]","og_url":"https:\/\/batijournal.com\/index.php\/confirmation-regain-dactivite-lartisanat-batiment\/93478\/","og_site_name":"Batijournal","article_published_time":"2016-07-21T14:47:52+00:00","article_modified_time":"2019-07-15T10:02:11+00:00","og_image":[{"width":592,"height":389,"url":"https:\/\/batijournal.com\/wp-content\/uploads\/2016\/07\/capeb-conjoncture-2016.png","type":"image\/png"}],"author":"St\u00e9phane Miget","twitter_card":"summary_large_image","twitter_creator":"@bati_journal","twitter_site":"@bati_journal","twitter_misc":{"\u00c9crit par":"St\u00e9phane Miget","Dur\u00e9e de lecture estim\u00e9e":"2 minutes"},"schema":{"@context":"https:\/\/schema.org","@graph":[{"@type":"Article","@id":"https:\/\/batijournal.com\/index.php\/confirmation-regain-dactivite-lartisanat-batiment\/93478\/#article","isPartOf":{"@id":"https:\/\/batijournal.com\/index.php\/confirmation-regain-dactivite-lartisanat-batiment\/93478\/"},"author":{"name":"St\u00e9phane Miget","@id":"https:\/\/batijournal.com\/#\/schema\/person\/1dc96ec6957aa1ccb25ebe78bb19f100"},"headline":"Confirmation du regain d\u2019activit\u00e9 pour l\u2019artisanat du B\u00e2timent","datePublished":"2016-07-21T14:47:52+00:00","dateModified":"2019-07-15T10:02:11+00:00","mainEntityOfPage":{"@id":"https:\/\/batijournal.com\/index.php\/confirmation-regain-dactivite-lartisanat-batiment\/93478\/"},"wordCount":452,"image":{"@id":"https:\/\/batijournal.com\/index.php\/confirmation-regain-dactivite-lartisanat-batiment\/93478\/#primaryimage"},"thumbnailUrl":"https:\/\/batijournal.com\/wp-content\/uploads\/2016\/07\/capeb-conjoncture-2016.png","keywords":["CAPEB","conjoncture"],"articleSection":["A la Une","\u00c9conomie &amp; March\u00e9s"],"inLanguage":"fr-FR"},{"@type":"WebPage","@id":"https:\/\/batijournal.com\/index.php\/confirmation-regain-dactivite-lartisanat-batiment\/93478\/","url":"https:\/\/batijournal.com\/index.php\/confirmation-regain-dactivite-lartisanat-batiment\/93478\/","name":"Confirmation du regain d\u2019activit\u00e9 pour l\u2019artisanat du B\u00e2timent","isPartOf":{"@id":"https:\/\/batijournal.com\/#website"},"primaryImageOfPage":{"@id":"https:\/\/batijournal.com\/index.php\/confirmation-regain-dactivite-lartisanat-batiment\/93478\/#primaryimage"},"image":{"@id":"https:\/\/batijournal.com\/index.php\/confirmation-regain-dactivite-lartisanat-batiment\/93478\/#primaryimage"},"thumbnailUrl":"https:\/\/batijournal.com\/wp-content\/uploads\/2016\/07\/capeb-conjoncture-2016.png","datePublished":"2016-07-21T14:47:52+00:00","dateModified":"2019-07-15T10:02:11+00:00","author":{"@id":"https:\/\/batijournal.com\/#\/schema\/person\/1dc96ec6957aa1ccb25ebe78bb19f100"},"breadcrumb":{"@id":"https:\/\/batijournal.com\/index.php\/confirmation-regain-dactivite-lartisanat-batiment\/93478\/#breadcrumb"},"inLanguage":"fr-FR","potentialAction":[{"@type":"ReadAction","target":["https:\/\/batijournal.com\/index.php\/confirmation-regain-dactivite-lartisanat-batiment\/93478\/"]}]},{"@type":"ImageObject","inLanguage":"fr-FR","@id":"https:\/\/batijournal.com\/index.php\/confirmation-regain-dactivite-lartisanat-batiment\/93478\/#primaryimage","url":"https:\/\/batijournal.com\/wp-content\/uploads\/2016\/07\/capeb-conjoncture-2016.png","contentUrl":"https:\/\/batijournal.com\/wp-content\/uploads\/2016\/07\/capeb-conjoncture-2016.png","width":592,"height":389,"caption":"capeb-conjoncture-2016"},{"@type":"BreadcrumbList","@id":"https:\/\/batijournal.com\/index.php\/confirmation-regain-dactivite-lartisanat-batiment\/93478\/#breadcrumb","itemListElement":[{"@type":"ListItem","position":1,"name":"Accueil","item":"https:\/\/batijournal.com\/"},{"@type":"ListItem","position":2,"name":"A la Une","item":"https:\/\/batijournal.com\/index.php\/category\/a-la-une\/"},{"@type":"ListItem","position":3,"name":"Confirmation du regain d\u2019activit\u00e9 pour l\u2019artisanat du B\u00e2timent"}]},{"@type":"WebSite","@id":"https:\/\/batijournal.com\/#website","url":"https:\/\/batijournal.com\/","name":"Batijournal","description":"L&#039;actualit\u00e9 du b\u00e2timent","potentialAction":[{"@type":"SearchAction","target":{"@type":"EntryPoint","urlTemplate":"https:\/\/batijournal.com\/?s={search_term_string}"},"query-input":{"@type":"PropertyValueSpecification","valueRequired":true,"valueName":"search_term_string"}}],"inLanguage":"fr-FR"},{"@type":"Person","@id":"https:\/\/batijournal.com\/#\/schema\/person\/1dc96ec6957aa1ccb25ebe78bb19f100","name":"St\u00e9phane Miget","image":{"@type":"ImageObject","inLanguage":"fr-FR","@id":"https:\/\/secure.gravatar.com\/avatar\/89915563d925342126b8ef0281b93d9d7fc337043e8df017f780908eb9644451?s=96&d=mm&r=g","url":"https:\/\/secure.gravatar.com\/avatar\/89915563d925342126b8ef0281b93d9d7fc337043e8df017f780908eb9644451?s=96&d=mm&r=g","contentUrl":"https:\/\/secure.gravatar.com\/avatar\/89915563d925342126b8ef0281b93d9d7fc337043e8df017f780908eb9644451?s=96&d=mm&r=g","caption":"St\u00e9phane Miget"},"url":"https:\/\/batijournal.com\/index.php\/author\/stephane\/"}]}},"_links":{"self":[{"href":"https:\/\/batijournal.com\/index.php\/wp-json\/wp\/v2\/posts\/93478","targetHints":{"allow":["GET"]}}],"collection":[{"href":"https:\/\/batijournal.com\/index.php\/wp-json\/wp\/v2\/posts"}],"about":[{"href":"https:\/\/batijournal.com\/index.php\/wp-json\/wp\/v2\/types\/post"}],"author":[{"embeddable":true,"href":"https:\/\/batijournal.com\/index.php\/wp-json\/wp\/v2\/users\/17"}],"replies":[{"embeddable":true,"href":"https:\/\/batijournal.com\/index.php\/wp-json\/wp\/v2\/comments?post=93478"}],"version-history":[{"count":0,"href":"https:\/\/batijournal.com\/index.php\/wp-json\/wp\/v2\/posts\/93478\/revisions"}],"wp:featuredmedia":[{"embeddable":true,"href":"https:\/\/batijournal.com\/index.php\/wp-json\/wp\/v2\/media\/93479"}],"wp:attachment":[{"href":"https:\/\/batijournal.com\/index.php\/wp-json\/wp\/v2\/media?parent=93478"}],"wp:term":[{"taxonomy":"category","embeddable":true,"href":"https:\/\/batijournal.com\/index.php\/wp-json\/wp\/v2\/categories?post=93478"},{"taxonomy":"post_tag","embeddable":true,"href":"https:\/\/batijournal.com\/index.php\/wp-json\/wp\/v2\/tags?post=93478"}],"curies":[{"name":"wp","href":"https:\/\/api.w.org\/{rel}","templated":true}]}}