{"id":93480,"date":"2016-07-21T17:50:05","date_gmt":"2016-07-21T15:50:05","guid":{"rendered":"http:\/\/batijournal.com\/?p=93480"},"modified":"2019-07-15T12:20:11","modified_gmt":"2019-07-15T10:20:11","slug":"rythmes-de-renovation-loin-objectifs-associations-de-defense-de-lenvironnement","status":"publish","type":"post","link":"https:\/\/batijournal.com\/index.php\/rythmes-de-renovation-loin-objectifs-associations-de-defense-de-lenvironnement\/93480\/","title":{"rendered":"Des rythmes de r\u00e9novation loin des objectifs pour les associations de d\u00e9fense de l&rsquo;environnement"},"content":{"rendered":"<p><strong>Un an s\u2019est \u00e9coul\u00e9 depuis l\u2019adoption de la loi relative \u00e0 la transition \u00e9nerg\u00e9tique pour la croissance verte. Faisant suite \u00e0 un large d\u00e9bat public, cette loi a x\u00e9 les objectifs de la politique fran\u00e7aise dans ce domaine pour les 10 \u00e0 15 prochaines ann\u00e9es, conform\u00e9ment aux engagements pris par le Pr\u00e9sident de la r\u00e9publique. Elle a \u00e9t\u00e9 l\u2019un des \u00e9l\u00e9ments mis en avant par la France \u00e0 la COP21. La transition \u00e9nerg\u00e9tique, avec le d\u00e9veloppement de l\u2019ef cacit\u00e9 \u00e9nerg\u00e9tique et des \u00e9nergies renouvelables, est un formidable gisement d\u2019emplois non d\u00e9localisables. La transition \u00e9nerg\u00e9tique ne sera effective que si le gouvernement tient ses engagements, les associations environnementales\u00a0font le point.<\/strong><\/p>\n<p>Malgr\u00e9 une somme de mesures mises en parall\u00e8le, la France manque toujours d\u2019une strat\u00e9gie ambitieuse et coh\u00e9rente. Lorsqu\u2019il s\u2019agit de r\u00e9novation \u00e9nerg\u00e9tique, le Grenelle de l\u2019environnement a montr\u00e9 \u00e0 quel point il \u00e9tait difficile de transformer l\u2019ambition de la loi en textes r\u00e9glementaires. La loi relative \u00e0 la transition \u00e9nerg\u00e9tique pour la croissance verte ne fait pas exception.<\/p>\n<p>Pour les associations, il existe deux points difficiles :<\/p>\n<p><strong>La r\u00e9glementation thermique pour les b\u00e2timents existants.<\/strong><br \/>\nObsol\u00e8te depuis de nombreuses ann\u00e9es, sa r\u00e9vision devenait in\u00e9vitable. Si ce travail est en cours, il est inqui\u00e9tant de constater que seuls certains textes sont concern\u00e9s et que les propositions diffus\u00e9es aux parties prenantes sont pour l\u2019instant incompatibles avec l\u2019ambition de la loi, d\u2019autant que la r\u00e9glementation thermique sert de socle \u00e0 plusieurs d\u00e9crets et arr\u00eat\u00e9s d\u2019application (d\u00e9cret travaux embarqu\u00e9s, achat public, etc.) de la LTECV : il est donc incontournable d\u2019ouvrir en grand sa r\u00e9vision et d\u2019y introduire un maximum d\u2019ambition.<\/p>\n<p><strong>Il est indispensable de mener une r\u00e9forme profonde des m\u00e9canismes de financement de la r\u00e9novation \u00e9nerg\u00e9tique \u00e0 disposition des m\u00e9nages de mani\u00e8re \u00e0 les simplifier et les faire converger.<\/strong> Un rapport sur ce sujet est pr\u00e9vu par l\u2019article 14 de la LTECV et devait \u00eatre remis en d\u00e9cembre au Parlement. Ce travail n\u2019a \u00e0 ce jour toujours pas \u00e9t\u00e9 initi\u00e9. Le d\u00e9cret sur les travaux embarqu\u00e9s, qui impose sous conditions l\u2019isolation de sa toiture ou de sa fa\u00e7ade lors de travaux, constitue une base de d\u00e9part dont l\u2019ambition devra \u00eatre revue de mani\u00e8re \u00e0 se rapprocher de celle de la loi. L\u2019individualisation des frais de chauffage, disposition en apparence s\u00e9duisante mais en r\u00e9alit\u00e9 contre-productive, a fait l\u2019objet de textes d\u2019applications aujourd\u2019hui soumis \u00e0 des interpr\u00e9tations contradictoires: de la m\u00eame mani\u00e8re que de nombreux \u00c9tats europ\u00e9ens remettent en cause l\u2019opportunit\u00e9 de ce type de disposition, il est indispensable de lancer une \u00e9tude d\u2019impacts ind\u00e9pendante sur ce sujet.<\/p>\n<p>Plusieurs \u00e9l\u00e9ments sont de mani\u00e8re regrettable absents de la LTECV, notamment le sujet de la r\u00e9gulation des march\u00e9s de l\u2019efficacit\u00e9 \u00e9nerg\u00e9tique aujourd\u2019hui victimes de nombreuses distorsions. L\u2019atteinte de l\u2019ambition port\u00e9e par l\u2019article 1 et ceux inclus dans le titre II de la LTECV passe donc par la mise en \u0153uvre d\u2019outils suppl\u00e9mentaires. PLF, PDL Sapin 2 ou num\u00e9rique : les v\u00e9hicules l\u00e9gislatifs pour ce faire ne manquent pas.<\/p>\n<p>&nbsp;<\/p>\n","protected":false},"excerpt":{"rendered":"<p>Un an s\u2019est \u00e9coul\u00e9 depuis l\u2019adoption de la loi relative \u00e0 la transition \u00e9nerg\u00e9tique pour la croissance verte. Faisant suite \u00e0 un large d\u00e9bat public, cette loi a x\u00e9 les objectifs de la politique fran\u00e7aise dans ce domaine pour les 10 \u00e0 15 prochaines ann\u00e9es, conform\u00e9ment aux engagements pris par le Pr\u00e9sident de la r\u00e9publique. [&hellip;]<\/p>\n","protected":false},"author":17,"featured_media":93108,"comment_status":"closed","ping_status":"closed","sticky":false,"template":"","format":"standard","meta":{"_et_pb_use_builder":"","_et_pb_old_content":"","_et_gb_content_width":"","footnotes":""},"categories":[6351],"tags":[11059],"class_list":["post-93480","post","type-post","status-publish","format-standard","has-post-thumbnail","hentry","category-energie-environnement","tag-transition-energetique"],"yoast_head":"<!-- This site is optimized with the Yoast SEO plugin v27.4 - https:\/\/yoast.com\/product\/yoast-seo-wordpress\/ -->\n<title>Des rythmes de r\u00e9novation loin des objectifs pour les associations de d\u00e9fense de l&#039;environnement<\/title>\n<meta name=\"robots\" content=\"index, follow, max-snippet:-1, max-image-preview:large, max-video-preview:-1\" \/>\n<link rel=\"canonical\" href=\"https:\/\/batijournal.com\/index.php\/rythmes-de-renovation-loin-objectifs-associations-de-defense-de-lenvironnement\/93480\/\" \/>\n<meta property=\"og:locale\" content=\"fr_FR\" \/>\n<meta property=\"og:type\" content=\"article\" \/>\n<meta property=\"og:title\" content=\"Des rythmes de r\u00e9novation loin des objectifs pour les associations de d\u00e9fense de l&#039;environnement\" \/>\n<meta property=\"og:description\" content=\"Un an s\u2019est \u00e9coul\u00e9 depuis l\u2019adoption de la loi relative \u00e0 la transition \u00e9nerg\u00e9tique pour la croissance verte. Faisant suite \u00e0 un large d\u00e9bat public, cette loi a x\u00e9 les objectifs de la politique fran\u00e7aise dans ce domaine pour les 10 \u00e0 15 prochaines ann\u00e9es, conform\u00e9ment aux engagements pris par le Pr\u00e9sident de la r\u00e9publique. [&hellip;]\" \/>\n<meta property=\"og:url\" content=\"https:\/\/batijournal.com\/index.php\/rythmes-de-renovation-loin-objectifs-associations-de-defense-de-lenvironnement\/93480\/\" \/>\n<meta property=\"og:site_name\" content=\"Batijournal\" \/>\n<meta property=\"article:published_time\" content=\"2016-07-21T15:50:05+00:00\" \/>\n<meta property=\"article:modified_time\" content=\"2019-07-15T10:20:11+00:00\" \/>\n<meta property=\"og:image\" content=\"https:\/\/batijournal.com\/wp-content\/uploads\/2016\/06\/chantier-ite.jpg\" \/>\n\t<meta property=\"og:image:width\" content=\"1000\" \/>\n\t<meta property=\"og:image:height\" content=\"547\" \/>\n\t<meta property=\"og:image:type\" content=\"image\/jpeg\" \/>\n<meta name=\"author\" content=\"St\u00e9phane Miget\" \/>\n<meta name=\"twitter:card\" content=\"summary_large_image\" \/>\n<meta name=\"twitter:creator\" content=\"@bati_journal\" \/>\n<meta name=\"twitter:site\" content=\"@bati_journal\" \/>\n<meta name=\"twitter:label1\" content=\"\u00c9crit par\" \/>\n\t<meta name=\"twitter:data1\" content=\"St\u00e9phane Miget\" \/>\n\t<meta name=\"twitter:label2\" content=\"Dur\u00e9e de lecture estim\u00e9e\" \/>\n\t<meta name=\"twitter:data2\" content=\"3 minutes\" \/>\n<script type=\"application\/ld+json\" class=\"yoast-schema-graph\">{\"@context\":\"https:\\\/\\\/schema.org\",\"@graph\":[{\"@type\":\"Article\",\"@id\":\"https:\\\/\\\/batijournal.com\\\/index.php\\\/rythmes-de-renovation-loin-objectifs-associations-de-defense-de-lenvironnement\\\/93480\\\/#article\",\"isPartOf\":{\"@id\":\"https:\\\/\\\/batijournal.com\\\/index.php\\\/rythmes-de-renovation-loin-objectifs-associations-de-defense-de-lenvironnement\\\/93480\\\/\"},\"author\":{\"name\":\"St\u00e9phane Miget\",\"@id\":\"https:\\\/\\\/batijournal.com\\\/#\\\/schema\\\/person\\\/1dc96ec6957aa1ccb25ebe78bb19f100\"},\"headline\":\"Des rythmes de r\u00e9novation loin des objectifs pour les associations de d\u00e9fense de l&rsquo;environnement\",\"datePublished\":\"2016-07-21T15:50:05+00:00\",\"dateModified\":\"2019-07-15T10:20:11+00:00\",\"mainEntityOfPage\":{\"@id\":\"https:\\\/\\\/batijournal.com\\\/index.php\\\/rythmes-de-renovation-loin-objectifs-associations-de-defense-de-lenvironnement\\\/93480\\\/\"},\"wordCount\":587,\"image\":{\"@id\":\"https:\\\/\\\/batijournal.com\\\/index.php\\\/rythmes-de-renovation-loin-objectifs-associations-de-defense-de-lenvironnement\\\/93480\\\/#primaryimage\"},\"thumbnailUrl\":\"https:\\\/\\\/batijournal.com\\\/wp-content\\\/uploads\\\/2016\\\/06\\\/chantier-ite.jpg\",\"keywords\":[\"transition \u00e9nerg\u00e9tique\"],\"articleSection\":[\"\u00c9nergie &amp; Environnement\"],\"inLanguage\":\"fr-FR\"},{\"@type\":\"WebPage\",\"@id\":\"https:\\\/\\\/batijournal.com\\\/index.php\\\/rythmes-de-renovation-loin-objectifs-associations-de-defense-de-lenvironnement\\\/93480\\\/\",\"url\":\"https:\\\/\\\/batijournal.com\\\/index.php\\\/rythmes-de-renovation-loin-objectifs-associations-de-defense-de-lenvironnement\\\/93480\\\/\",\"name\":\"Des rythmes de r\u00e9novation loin des objectifs pour les associations de d\u00e9fense de l'environnement\",\"isPartOf\":{\"@id\":\"https:\\\/\\\/batijournal.com\\\/#website\"},\"primaryImageOfPage\":{\"@id\":\"https:\\\/\\\/batijournal.com\\\/index.php\\\/rythmes-de-renovation-loin-objectifs-associations-de-defense-de-lenvironnement\\\/93480\\\/#primaryimage\"},\"image\":{\"@id\":\"https:\\\/\\\/batijournal.com\\\/index.php\\\/rythmes-de-renovation-loin-objectifs-associations-de-defense-de-lenvironnement\\\/93480\\\/#primaryimage\"},\"thumbnailUrl\":\"https:\\\/\\\/batijournal.com\\\/wp-content\\\/uploads\\\/2016\\\/06\\\/chantier-ite.jpg\",\"datePublished\":\"2016-07-21T15:50:05+00:00\",\"dateModified\":\"2019-07-15T10:20:11+00:00\",\"author\":{\"@id\":\"https:\\\/\\\/batijournal.com\\\/#\\\/schema\\\/person\\\/1dc96ec6957aa1ccb25ebe78bb19f100\"},\"breadcrumb\":{\"@id\":\"https:\\\/\\\/batijournal.com\\\/index.php\\\/rythmes-de-renovation-loin-objectifs-associations-de-defense-de-lenvironnement\\\/93480\\\/#breadcrumb\"},\"inLanguage\":\"fr-FR\",\"potentialAction\":[{\"@type\":\"ReadAction\",\"target\":[\"https:\\\/\\\/batijournal.com\\\/index.php\\\/rythmes-de-renovation-loin-objectifs-associations-de-defense-de-lenvironnement\\\/93480\\\/\"]}]},{\"@type\":\"ImageObject\",\"inLanguage\":\"fr-FR\",\"@id\":\"https:\\\/\\\/batijournal.com\\\/index.php\\\/rythmes-de-renovation-loin-objectifs-associations-de-defense-de-lenvironnement\\\/93480\\\/#primaryimage\",\"url\":\"https:\\\/\\\/batijournal.com\\\/wp-content\\\/uploads\\\/2016\\\/06\\\/chantier-ite.jpg\",\"contentUrl\":\"https:\\\/\\\/batijournal.com\\\/wp-content\\\/uploads\\\/2016\\\/06\\\/chantier-ite.jpg\",\"width\":1000,\"height\":547,\"caption\":\"CITE\"},{\"@type\":\"BreadcrumbList\",\"@id\":\"https:\\\/\\\/batijournal.com\\\/index.php\\\/rythmes-de-renovation-loin-objectifs-associations-de-defense-de-lenvironnement\\\/93480\\\/#breadcrumb\",\"itemListElement\":[{\"@type\":\"ListItem\",\"position\":1,\"name\":\"Accueil\",\"item\":\"https:\\\/\\\/batijournal.com\\\/\"},{\"@type\":\"ListItem\",\"position\":2,\"name\":\"Actualit\u00e9s\",\"item\":\"https:\\\/\\\/batijournal.com\\\/index.php\\\/category\\\/actualites\\\/\"},{\"@type\":\"ListItem\",\"position\":3,\"name\":\"\u00c9nergie &amp; Environnement\",\"item\":\"https:\\\/\\\/batijournal.com\\\/index.php\\\/category\\\/actualites\\\/energie-environnement\\\/\"},{\"@type\":\"ListItem\",\"position\":4,\"name\":\"Des rythmes de r\u00e9novation loin des objectifs pour les associations de d\u00e9fense de l&rsquo;environnement\"}]},{\"@type\":\"WebSite\",\"@id\":\"https:\\\/\\\/batijournal.com\\\/#website\",\"url\":\"https:\\\/\\\/batijournal.com\\\/\",\"name\":\"Batijournal\",\"description\":\"L&#039;actualit\u00e9 du b\u00e2timent\",\"potentialAction\":[{\"@type\":\"SearchAction\",\"target\":{\"@type\":\"EntryPoint\",\"urlTemplate\":\"https:\\\/\\\/batijournal.com\\\/?s={search_term_string}\"},\"query-input\":{\"@type\":\"PropertyValueSpecification\",\"valueRequired\":true,\"valueName\":\"search_term_string\"}}],\"inLanguage\":\"fr-FR\"},{\"@type\":\"Person\",\"@id\":\"https:\\\/\\\/batijournal.com\\\/#\\\/schema\\\/person\\\/1dc96ec6957aa1ccb25ebe78bb19f100\",\"name\":\"St\u00e9phane Miget\",\"image\":{\"@type\":\"ImageObject\",\"inLanguage\":\"fr-FR\",\"@id\":\"https:\\\/\\\/secure.gravatar.com\\\/avatar\\\/89915563d925342126b8ef0281b93d9d7fc337043e8df017f780908eb9644451?s=96&d=mm&r=g\",\"url\":\"https:\\\/\\\/secure.gravatar.com\\\/avatar\\\/89915563d925342126b8ef0281b93d9d7fc337043e8df017f780908eb9644451?s=96&d=mm&r=g\",\"contentUrl\":\"https:\\\/\\\/secure.gravatar.com\\\/avatar\\\/89915563d925342126b8ef0281b93d9d7fc337043e8df017f780908eb9644451?s=96&d=mm&r=g\",\"caption\":\"St\u00e9phane Miget\"},\"url\":\"https:\\\/\\\/batijournal.com\\\/index.php\\\/author\\\/stephane\\\/\"}]}<\/script>\n<!-- \/ Yoast SEO plugin. -->","yoast_head_json":{"title":"Des rythmes de r\u00e9novation loin des objectifs pour les associations de d\u00e9fense de l'environnement","robots":{"index":"index","follow":"follow","max-snippet":"max-snippet:-1","max-image-preview":"max-image-preview:large","max-video-preview":"max-video-preview:-1"},"canonical":"https:\/\/batijournal.com\/index.php\/rythmes-de-renovation-loin-objectifs-associations-de-defense-de-lenvironnement\/93480\/","og_locale":"fr_FR","og_type":"article","og_title":"Des rythmes de r\u00e9novation loin des objectifs pour les associations de d\u00e9fense de l'environnement","og_description":"Un an s\u2019est \u00e9coul\u00e9 depuis l\u2019adoption de la loi relative \u00e0 la transition \u00e9nerg\u00e9tique pour la croissance verte. Faisant suite \u00e0 un large d\u00e9bat public, cette loi a x\u00e9 les objectifs de la politique fran\u00e7aise dans ce domaine pour les 10 \u00e0 15 prochaines ann\u00e9es, conform\u00e9ment aux engagements pris par le Pr\u00e9sident de la r\u00e9publique. [&hellip;]","og_url":"https:\/\/batijournal.com\/index.php\/rythmes-de-renovation-loin-objectifs-associations-de-defense-de-lenvironnement\/93480\/","og_site_name":"Batijournal","article_published_time":"2016-07-21T15:50:05+00:00","article_modified_time":"2019-07-15T10:20:11+00:00","og_image":[{"width":1000,"height":547,"url":"https:\/\/batijournal.com\/wp-content\/uploads\/2016\/06\/chantier-ite.jpg","type":"image\/jpeg"}],"author":"St\u00e9phane Miget","twitter_card":"summary_large_image","twitter_creator":"@bati_journal","twitter_site":"@bati_journal","twitter_misc":{"\u00c9crit par":"St\u00e9phane Miget","Dur\u00e9e de lecture estim\u00e9e":"3 minutes"},"schema":{"@context":"https:\/\/schema.org","@graph":[{"@type":"Article","@id":"https:\/\/batijournal.com\/index.php\/rythmes-de-renovation-loin-objectifs-associations-de-defense-de-lenvironnement\/93480\/#article","isPartOf":{"@id":"https:\/\/batijournal.com\/index.php\/rythmes-de-renovation-loin-objectifs-associations-de-defense-de-lenvironnement\/93480\/"},"author":{"name":"St\u00e9phane Miget","@id":"https:\/\/batijournal.com\/#\/schema\/person\/1dc96ec6957aa1ccb25ebe78bb19f100"},"headline":"Des rythmes de r\u00e9novation loin des objectifs pour les associations de d\u00e9fense de l&rsquo;environnement","datePublished":"2016-07-21T15:50:05+00:00","dateModified":"2019-07-15T10:20:11+00:00","mainEntityOfPage":{"@id":"https:\/\/batijournal.com\/index.php\/rythmes-de-renovation-loin-objectifs-associations-de-defense-de-lenvironnement\/93480\/"},"wordCount":587,"image":{"@id":"https:\/\/batijournal.com\/index.php\/rythmes-de-renovation-loin-objectifs-associations-de-defense-de-lenvironnement\/93480\/#primaryimage"},"thumbnailUrl":"https:\/\/batijournal.com\/wp-content\/uploads\/2016\/06\/chantier-ite.jpg","keywords":["transition \u00e9nerg\u00e9tique"],"articleSection":["\u00c9nergie &amp; Environnement"],"inLanguage":"fr-FR"},{"@type":"WebPage","@id":"https:\/\/batijournal.com\/index.php\/rythmes-de-renovation-loin-objectifs-associations-de-defense-de-lenvironnement\/93480\/","url":"https:\/\/batijournal.com\/index.php\/rythmes-de-renovation-loin-objectifs-associations-de-defense-de-lenvironnement\/93480\/","name":"Des rythmes de r\u00e9novation loin des objectifs pour les associations de d\u00e9fense de l'environnement","isPartOf":{"@id":"https:\/\/batijournal.com\/#website"},"primaryImageOfPage":{"@id":"https:\/\/batijournal.com\/index.php\/rythmes-de-renovation-loin-objectifs-associations-de-defense-de-lenvironnement\/93480\/#primaryimage"},"image":{"@id":"https:\/\/batijournal.com\/index.php\/rythmes-de-renovation-loin-objectifs-associations-de-defense-de-lenvironnement\/93480\/#primaryimage"},"thumbnailUrl":"https:\/\/batijournal.com\/wp-content\/uploads\/2016\/06\/chantier-ite.jpg","datePublished":"2016-07-21T15:50:05+00:00","dateModified":"2019-07-15T10:20:11+00:00","author":{"@id":"https:\/\/batijournal.com\/#\/schema\/person\/1dc96ec6957aa1ccb25ebe78bb19f100"},"breadcrumb":{"@id":"https:\/\/batijournal.com\/index.php\/rythmes-de-renovation-loin-objectifs-associations-de-defense-de-lenvironnement\/93480\/#breadcrumb"},"inLanguage":"fr-FR","potentialAction":[{"@type":"ReadAction","target":["https:\/\/batijournal.com\/index.php\/rythmes-de-renovation-loin-objectifs-associations-de-defense-de-lenvironnement\/93480\/"]}]},{"@type":"ImageObject","inLanguage":"fr-FR","@id":"https:\/\/batijournal.com\/index.php\/rythmes-de-renovation-loin-objectifs-associations-de-defense-de-lenvironnement\/93480\/#primaryimage","url":"https:\/\/batijournal.com\/wp-content\/uploads\/2016\/06\/chantier-ite.jpg","contentUrl":"https:\/\/batijournal.com\/wp-content\/uploads\/2016\/06\/chantier-ite.jpg","width":1000,"height":547,"caption":"CITE"},{"@type":"BreadcrumbList","@id":"https:\/\/batijournal.com\/index.php\/rythmes-de-renovation-loin-objectifs-associations-de-defense-de-lenvironnement\/93480\/#breadcrumb","itemListElement":[{"@type":"ListItem","position":1,"name":"Accueil","item":"https:\/\/batijournal.com\/"},{"@type":"ListItem","position":2,"name":"Actualit\u00e9s","item":"https:\/\/batijournal.com\/index.php\/category\/actualites\/"},{"@type":"ListItem","position":3,"name":"\u00c9nergie &amp; Environnement","item":"https:\/\/batijournal.com\/index.php\/category\/actualites\/energie-environnement\/"},{"@type":"ListItem","position":4,"name":"Des rythmes de r\u00e9novation loin des objectifs pour les associations de d\u00e9fense de l&rsquo;environnement"}]},{"@type":"WebSite","@id":"https:\/\/batijournal.com\/#website","url":"https:\/\/batijournal.com\/","name":"Batijournal","description":"L&#039;actualit\u00e9 du b\u00e2timent","potentialAction":[{"@type":"SearchAction","target":{"@type":"EntryPoint","urlTemplate":"https:\/\/batijournal.com\/?s={search_term_string}"},"query-input":{"@type":"PropertyValueSpecification","valueRequired":true,"valueName":"search_term_string"}}],"inLanguage":"fr-FR"},{"@type":"Person","@id":"https:\/\/batijournal.com\/#\/schema\/person\/1dc96ec6957aa1ccb25ebe78bb19f100","name":"St\u00e9phane Miget","image":{"@type":"ImageObject","inLanguage":"fr-FR","@id":"https:\/\/secure.gravatar.com\/avatar\/89915563d925342126b8ef0281b93d9d7fc337043e8df017f780908eb9644451?s=96&d=mm&r=g","url":"https:\/\/secure.gravatar.com\/avatar\/89915563d925342126b8ef0281b93d9d7fc337043e8df017f780908eb9644451?s=96&d=mm&r=g","contentUrl":"https:\/\/secure.gravatar.com\/avatar\/89915563d925342126b8ef0281b93d9d7fc337043e8df017f780908eb9644451?s=96&d=mm&r=g","caption":"St\u00e9phane Miget"},"url":"https:\/\/batijournal.com\/index.php\/author\/stephane\/"}]}},"_links":{"self":[{"href":"https:\/\/batijournal.com\/index.php\/wp-json\/wp\/v2\/posts\/93480","targetHints":{"allow":["GET"]}}],"collection":[{"href":"https:\/\/batijournal.com\/index.php\/wp-json\/wp\/v2\/posts"}],"about":[{"href":"https:\/\/batijournal.com\/index.php\/wp-json\/wp\/v2\/types\/post"}],"author":[{"embeddable":true,"href":"https:\/\/batijournal.com\/index.php\/wp-json\/wp\/v2\/users\/17"}],"replies":[{"embeddable":true,"href":"https:\/\/batijournal.com\/index.php\/wp-json\/wp\/v2\/comments?post=93480"}],"version-history":[{"count":0,"href":"https:\/\/batijournal.com\/index.php\/wp-json\/wp\/v2\/posts\/93480\/revisions"}],"wp:featuredmedia":[{"embeddable":true,"href":"https:\/\/batijournal.com\/index.php\/wp-json\/wp\/v2\/media\/93108"}],"wp:attachment":[{"href":"https:\/\/batijournal.com\/index.php\/wp-json\/wp\/v2\/media?parent=93480"}],"wp:term":[{"taxonomy":"category","embeddable":true,"href":"https:\/\/batijournal.com\/index.php\/wp-json\/wp\/v2\/categories?post=93480"},{"taxonomy":"post_tag","embeddable":true,"href":"https:\/\/batijournal.com\/index.php\/wp-json\/wp\/v2\/tags?post=93480"}],"curies":[{"name":"wp","href":"https:\/\/api.w.org\/{rel}","templated":true}]}}