{"id":93481,"date":"2016-07-22T15:28:45","date_gmt":"2016-07-22T13:28:45","guid":{"rendered":"http:\/\/batijournal.com\/?p=93481"},"modified":"2019-07-15T12:04:00","modified_gmt":"2019-07-15T10:04:00","slug":"de-transparence-lorigine-menuiseries-exterieures","status":"publish","type":"post","link":"https:\/\/batijournal.com\/index.php\/de-transparence-lorigine-menuiseries-exterieures\/93481\/","title":{"rendered":"De la transparence sur l&rsquo;origine des menuiseries ext\u00e9rieures"},"content":{"rendered":"<p><strong>Les organisations professionnelles representatives de la menuiserie exterieure se mobilisent pour une information transparente sur leurs produits. Elles s\u2019engagent \u00e0 promouvoir l\u2019origine fran\u00e7aise des produits et \u00e0 informer clairement le consommateur sur le pays de fabrication des menuiseries. Elles souhaitent que les \u00e9diteurs de logiciels d\u00e9di\u00e9s aux professionnels de la menuiserie ext\u00e9rieure informent clairement le consommateur sur l&rsquo;origine des produits.<\/strong><\/p>\n<blockquote><p><em>\u00abApr\u00e8s avoir obtenu l\u2019engagement de certains \u00e9diteurs de logiciels quant \u00e0 l\u2019identification claire du pays d\u2019origine de fabrication des menuiseries, notre mobilisation dans ce partenariat vient illustrer notre volont\u00e9 de prot\u00e9ger l\u2019emploi en France, tout en garantissant au consommateur une information pr\u00e9cise et fiable. \u00bb<\/em> commentent les organisations professionnelles.<\/p><\/blockquote>\n<p>Les fabricants de menuiseries ext\u00e9rieures sont particuli\u00e8rement attentifs \u00e0 la qualit\u00e9 de ces outils logiciels, notamment sur la question de la transparence des informations concernant l\u2019origine du pays de fabrication des menuiseries ext\u00e9rieures pr\u00e9sent\u00e9es. Le consommateur doit pouvoir avoir connaissance de cette information afin de faire son choix en toute objectivit\u00e9, et cela d\u2019autant plus que de nombreuses \u00e9tudes montrent qu&rsquo;il est de plus en plus sensible \u00e0 l\u2019origine de fabrication de ses achats. Cette mobilisation pour l\u2019indication du pays d\u2019origine dans les devis travaux transmis par les artisans \u00e0 leurs clients, va de pair avec la mise en place du label Origine France Garantie d\u00e9di\u00e9 aux menuiseries ext\u00e9rieures et la forte repr\u00e9sentativit\u00e9 des fabricants \u00e0 la prochaine \u00e9dition du salon EQUIPBAIE.<\/p>\n<blockquote><p><em>\u00ab Les derni\u00e8res incitations fiscales en place ont permis de pr\u00e9server plus de 8 000 emplois. Il serait fortement dommageable pour nos entreprises que ce manque de transparence dans les outils de travail des installateurs g\u00e9n\u00e8re une menace sur l\u2019emploi\u2026 Les portes d\u2019entr\u00e9e et les fen\u00eatres fabriqu\u00e9es au sein de nos usines m\u00e9ritent bien d\u2019afficher leur lieu de naissance ! \u00bb<\/em><\/p><\/blockquote>\n<p>Les syndicats repr\u00e9sentatifs de la menuiserie ext\u00e9rieure sont : UM-FFB (Union des m\u00e9talliers), FFPV (F\u00e9d\u00e9ration des Fabricants de Verre Plat), SNFA (Organisation professionnelle repr\u00e9sentative des concepteurs, fabricants et installateurs de menuiseries ext\u00e9rieures en aluminium) et UFME (Union des Fabricants de Menuiseries Ext\u00e9rieures).<\/p>\n<p>&nbsp;<\/p>\n","protected":false},"excerpt":{"rendered":"<p>Les organisations professionnelles representatives de la menuiserie exterieure se mobilisent pour une information transparente sur leurs produits. Elles s\u2019engagent \u00e0 promouvoir l\u2019origine fran\u00e7aise des produits et \u00e0 informer clairement le consommateur sur le pays de fabrication des menuiseries. Elles souhaitent que les \u00e9diteurs de logiciels d\u00e9di\u00e9s aux professionnels de la menuiserie ext\u00e9rieure informent clairement le [&hellip;]<\/p>\n","protected":false},"author":17,"featured_media":93482,"comment_status":"closed","ping_status":"closed","sticky":false,"template":"","format":"standard","meta":{"_et_pb_use_builder":"","_et_pb_old_content":"","_et_gb_content_width":"","footnotes":""},"categories":[6345,10775],"tags":[466,426,5910],"class_list":["post-93481","post","type-post","status-publish","format-standard","has-post-thumbnail","hentry","category-economie-marches","category-actualites-5facades","tag-fenetres","tag-menuiserie","tag-origine-france-garantie"],"yoast_head":"<!-- This site is optimized with the Yoast SEO plugin v27.4 - https:\/\/yoast.com\/product\/yoast-seo-wordpress\/ -->\n<title>De la transparence sur l&#039;origine des menuiseries ext\u00e9rieures<\/title>\n<meta name=\"robots\" content=\"index, follow, max-snippet:-1, max-image-preview:large, max-video-preview:-1\" \/>\n<link rel=\"canonical\" href=\"https:\/\/batijournal.com\/index.php\/de-transparence-lorigine-menuiseries-exterieures\/93481\/\" \/>\n<meta property=\"og:locale\" content=\"fr_FR\" \/>\n<meta property=\"og:type\" content=\"article\" \/>\n<meta property=\"og:title\" content=\"De la transparence sur l&#039;origine des menuiseries ext\u00e9rieures\" \/>\n<meta property=\"og:description\" content=\"Les organisations professionnelles representatives de la menuiserie exterieure se mobilisent pour une information transparente sur leurs produits. Elles s\u2019engagent \u00e0 promouvoir l\u2019origine fran\u00e7aise des produits et \u00e0 informer clairement le consommateur sur le pays de fabrication des menuiseries. Elles souhaitent que les \u00e9diteurs de logiciels d\u00e9di\u00e9s aux professionnels de la menuiserie ext\u00e9rieure informent clairement le [&hellip;]\" \/>\n<meta property=\"og:url\" content=\"https:\/\/batijournal.com\/index.php\/de-transparence-lorigine-menuiseries-exterieures\/93481\/\" \/>\n<meta property=\"og:site_name\" content=\"Batijournal\" \/>\n<meta property=\"article:published_time\" content=\"2016-07-22T13:28:45+00:00\" \/>\n<meta property=\"article:modified_time\" content=\"2019-07-15T10:04:00+00:00\" \/>\n<meta property=\"og:image\" content=\"https:\/\/batijournal.com\/wp-content\/uploads\/2016\/07\/Label-bleu-origine-france-garantie.jpg\" \/>\n\t<meta property=\"og:image:width\" content=\"1400\" \/>\n\t<meta property=\"og:image:height\" content=\"562\" \/>\n\t<meta property=\"og:image:type\" content=\"image\/jpeg\" \/>\n<meta name=\"author\" content=\"St\u00e9phane Miget\" \/>\n<meta name=\"twitter:card\" content=\"summary_large_image\" \/>\n<meta name=\"twitter:creator\" content=\"@bati_journal\" \/>\n<meta name=\"twitter:site\" content=\"@bati_journal\" \/>\n<meta name=\"twitter:label1\" content=\"\u00c9crit par\" \/>\n\t<meta name=\"twitter:data1\" content=\"St\u00e9phane Miget\" \/>\n\t<meta name=\"twitter:label2\" content=\"Dur\u00e9e de lecture estim\u00e9e\" \/>\n\t<meta name=\"twitter:data2\" content=\"2 minutes\" \/>\n<script type=\"application\/ld+json\" class=\"yoast-schema-graph\">{\"@context\":\"https:\\\/\\\/schema.org\",\"@graph\":[{\"@type\":\"Article\",\"@id\":\"https:\\\/\\\/batijournal.com\\\/index.php\\\/de-transparence-lorigine-menuiseries-exterieures\\\/93481\\\/#article\",\"isPartOf\":{\"@id\":\"https:\\\/\\\/batijournal.com\\\/index.php\\\/de-transparence-lorigine-menuiseries-exterieures\\\/93481\\\/\"},\"author\":{\"name\":\"St\u00e9phane Miget\",\"@id\":\"https:\\\/\\\/batijournal.com\\\/#\\\/schema\\\/person\\\/1dc96ec6957aa1ccb25ebe78bb19f100\"},\"headline\":\"De la transparence sur l&rsquo;origine des menuiseries ext\u00e9rieures\",\"datePublished\":\"2016-07-22T13:28:45+00:00\",\"dateModified\":\"2019-07-15T10:04:00+00:00\",\"mainEntityOfPage\":{\"@id\":\"https:\\\/\\\/batijournal.com\\\/index.php\\\/de-transparence-lorigine-menuiseries-exterieures\\\/93481\\\/\"},\"wordCount\":378,\"image\":{\"@id\":\"https:\\\/\\\/batijournal.com\\\/index.php\\\/de-transparence-lorigine-menuiseries-exterieures\\\/93481\\\/#primaryimage\"},\"thumbnailUrl\":\"https:\\\/\\\/batijournal.com\\\/wp-content\\\/uploads\\\/2016\\\/07\\\/Label-bleu-origine-france-garantie.jpg\",\"keywords\":[\"fen\u00eatres\",\"menuiserie\",\"origine france garantie\"],\"articleSection\":[\"\u00c9conomie &amp; March\u00e9s\",\"zz_Actualit\u00e9s - 5fa\u00e7ades\"],\"inLanguage\":\"fr-FR\"},{\"@type\":\"WebPage\",\"@id\":\"https:\\\/\\\/batijournal.com\\\/index.php\\\/de-transparence-lorigine-menuiseries-exterieures\\\/93481\\\/\",\"url\":\"https:\\\/\\\/batijournal.com\\\/index.php\\\/de-transparence-lorigine-menuiseries-exterieures\\\/93481\\\/\",\"name\":\"De la transparence sur l'origine des menuiseries ext\u00e9rieures\",\"isPartOf\":{\"@id\":\"https:\\\/\\\/batijournal.com\\\/#website\"},\"primaryImageOfPage\":{\"@id\":\"https:\\\/\\\/batijournal.com\\\/index.php\\\/de-transparence-lorigine-menuiseries-exterieures\\\/93481\\\/#primaryimage\"},\"image\":{\"@id\":\"https:\\\/\\\/batijournal.com\\\/index.php\\\/de-transparence-lorigine-menuiseries-exterieures\\\/93481\\\/#primaryimage\"},\"thumbnailUrl\":\"https:\\\/\\\/batijournal.com\\\/wp-content\\\/uploads\\\/2016\\\/07\\\/Label-bleu-origine-france-garantie.jpg\",\"datePublished\":\"2016-07-22T13:28:45+00:00\",\"dateModified\":\"2019-07-15T10:04:00+00:00\",\"author\":{\"@id\":\"https:\\\/\\\/batijournal.com\\\/#\\\/schema\\\/person\\\/1dc96ec6957aa1ccb25ebe78bb19f100\"},\"breadcrumb\":{\"@id\":\"https:\\\/\\\/batijournal.com\\\/index.php\\\/de-transparence-lorigine-menuiseries-exterieures\\\/93481\\\/#breadcrumb\"},\"inLanguage\":\"fr-FR\",\"potentialAction\":[{\"@type\":\"ReadAction\",\"target\":[\"https:\\\/\\\/batijournal.com\\\/index.php\\\/de-transparence-lorigine-menuiseries-exterieures\\\/93481\\\/\"]}]},{\"@type\":\"ImageObject\",\"inLanguage\":\"fr-FR\",\"@id\":\"https:\\\/\\\/batijournal.com\\\/index.php\\\/de-transparence-lorigine-menuiseries-exterieures\\\/93481\\\/#primaryimage\",\"url\":\"https:\\\/\\\/batijournal.com\\\/wp-content\\\/uploads\\\/2016\\\/07\\\/Label-bleu-origine-france-garantie.jpg\",\"contentUrl\":\"https:\\\/\\\/batijournal.com\\\/wp-content\\\/uploads\\\/2016\\\/07\\\/Label-bleu-origine-france-garantie.jpg\",\"width\":1400,\"height\":562,\"caption\":\"Label-bleu-origine-france-garantie\"},{\"@type\":\"BreadcrumbList\",\"@id\":\"https:\\\/\\\/batijournal.com\\\/index.php\\\/de-transparence-lorigine-menuiseries-exterieures\\\/93481\\\/#breadcrumb\",\"itemListElement\":[{\"@type\":\"ListItem\",\"position\":1,\"name\":\"Accueil\",\"item\":\"https:\\\/\\\/batijournal.com\\\/\"},{\"@type\":\"ListItem\",\"position\":2,\"name\":\"Actualit\u00e9s\",\"item\":\"https:\\\/\\\/batijournal.com\\\/index.php\\\/category\\\/actualites\\\/\"},{\"@type\":\"ListItem\",\"position\":3,\"name\":\"\u00c9conomie &amp; March\u00e9s\",\"item\":\"https:\\\/\\\/batijournal.com\\\/index.php\\\/category\\\/actualites\\\/economie-marches\\\/\"},{\"@type\":\"ListItem\",\"position\":4,\"name\":\"De la transparence sur l&rsquo;origine des menuiseries ext\u00e9rieures\"}]},{\"@type\":\"WebSite\",\"@id\":\"https:\\\/\\\/batijournal.com\\\/#website\",\"url\":\"https:\\\/\\\/batijournal.com\\\/\",\"name\":\"Batijournal\",\"description\":\"L&#039;actualit\u00e9 du b\u00e2timent\",\"potentialAction\":[{\"@type\":\"SearchAction\",\"target\":{\"@type\":\"EntryPoint\",\"urlTemplate\":\"https:\\\/\\\/batijournal.com\\\/?s={search_term_string}\"},\"query-input\":{\"@type\":\"PropertyValueSpecification\",\"valueRequired\":true,\"valueName\":\"search_term_string\"}}],\"inLanguage\":\"fr-FR\"},{\"@type\":\"Person\",\"@id\":\"https:\\\/\\\/batijournal.com\\\/#\\\/schema\\\/person\\\/1dc96ec6957aa1ccb25ebe78bb19f100\",\"name\":\"St\u00e9phane Miget\",\"image\":{\"@type\":\"ImageObject\",\"inLanguage\":\"fr-FR\",\"@id\":\"https:\\\/\\\/secure.gravatar.com\\\/avatar\\\/89915563d925342126b8ef0281b93d9d7fc337043e8df017f780908eb9644451?s=96&d=mm&r=g\",\"url\":\"https:\\\/\\\/secure.gravatar.com\\\/avatar\\\/89915563d925342126b8ef0281b93d9d7fc337043e8df017f780908eb9644451?s=96&d=mm&r=g\",\"contentUrl\":\"https:\\\/\\\/secure.gravatar.com\\\/avatar\\\/89915563d925342126b8ef0281b93d9d7fc337043e8df017f780908eb9644451?s=96&d=mm&r=g\",\"caption\":\"St\u00e9phane Miget\"},\"url\":\"https:\\\/\\\/batijournal.com\\\/index.php\\\/author\\\/stephane\\\/\"}]}<\/script>\n<!-- \/ Yoast SEO plugin. -->","yoast_head_json":{"title":"De la transparence sur l'origine des menuiseries ext\u00e9rieures","robots":{"index":"index","follow":"follow","max-snippet":"max-snippet:-1","max-image-preview":"max-image-preview:large","max-video-preview":"max-video-preview:-1"},"canonical":"https:\/\/batijournal.com\/index.php\/de-transparence-lorigine-menuiseries-exterieures\/93481\/","og_locale":"fr_FR","og_type":"article","og_title":"De la transparence sur l'origine des menuiseries ext\u00e9rieures","og_description":"Les organisations professionnelles representatives de la menuiserie exterieure se mobilisent pour une information transparente sur leurs produits. Elles s\u2019engagent \u00e0 promouvoir l\u2019origine fran\u00e7aise des produits et \u00e0 informer clairement le consommateur sur le pays de fabrication des menuiseries. Elles souhaitent que les \u00e9diteurs de logiciels d\u00e9di\u00e9s aux professionnels de la menuiserie ext\u00e9rieure informent clairement le [&hellip;]","og_url":"https:\/\/batijournal.com\/index.php\/de-transparence-lorigine-menuiseries-exterieures\/93481\/","og_site_name":"Batijournal","article_published_time":"2016-07-22T13:28:45+00:00","article_modified_time":"2019-07-15T10:04:00+00:00","og_image":[{"width":1400,"height":562,"url":"https:\/\/batijournal.com\/wp-content\/uploads\/2016\/07\/Label-bleu-origine-france-garantie.jpg","type":"image\/jpeg"}],"author":"St\u00e9phane Miget","twitter_card":"summary_large_image","twitter_creator":"@bati_journal","twitter_site":"@bati_journal","twitter_misc":{"\u00c9crit par":"St\u00e9phane Miget","Dur\u00e9e de lecture estim\u00e9e":"2 minutes"},"schema":{"@context":"https:\/\/schema.org","@graph":[{"@type":"Article","@id":"https:\/\/batijournal.com\/index.php\/de-transparence-lorigine-menuiseries-exterieures\/93481\/#article","isPartOf":{"@id":"https:\/\/batijournal.com\/index.php\/de-transparence-lorigine-menuiseries-exterieures\/93481\/"},"author":{"name":"St\u00e9phane Miget","@id":"https:\/\/batijournal.com\/#\/schema\/person\/1dc96ec6957aa1ccb25ebe78bb19f100"},"headline":"De la transparence sur l&rsquo;origine des menuiseries ext\u00e9rieures","datePublished":"2016-07-22T13:28:45+00:00","dateModified":"2019-07-15T10:04:00+00:00","mainEntityOfPage":{"@id":"https:\/\/batijournal.com\/index.php\/de-transparence-lorigine-menuiseries-exterieures\/93481\/"},"wordCount":378,"image":{"@id":"https:\/\/batijournal.com\/index.php\/de-transparence-lorigine-menuiseries-exterieures\/93481\/#primaryimage"},"thumbnailUrl":"https:\/\/batijournal.com\/wp-content\/uploads\/2016\/07\/Label-bleu-origine-france-garantie.jpg","keywords":["fen\u00eatres","menuiserie","origine france garantie"],"articleSection":["\u00c9conomie &amp; March\u00e9s","zz_Actualit\u00e9s - 5fa\u00e7ades"],"inLanguage":"fr-FR"},{"@type":"WebPage","@id":"https:\/\/batijournal.com\/index.php\/de-transparence-lorigine-menuiseries-exterieures\/93481\/","url":"https:\/\/batijournal.com\/index.php\/de-transparence-lorigine-menuiseries-exterieures\/93481\/","name":"De la transparence sur l'origine des menuiseries ext\u00e9rieures","isPartOf":{"@id":"https:\/\/batijournal.com\/#website"},"primaryImageOfPage":{"@id":"https:\/\/batijournal.com\/index.php\/de-transparence-lorigine-menuiseries-exterieures\/93481\/#primaryimage"},"image":{"@id":"https:\/\/batijournal.com\/index.php\/de-transparence-lorigine-menuiseries-exterieures\/93481\/#primaryimage"},"thumbnailUrl":"https:\/\/batijournal.com\/wp-content\/uploads\/2016\/07\/Label-bleu-origine-france-garantie.jpg","datePublished":"2016-07-22T13:28:45+00:00","dateModified":"2019-07-15T10:04:00+00:00","author":{"@id":"https:\/\/batijournal.com\/#\/schema\/person\/1dc96ec6957aa1ccb25ebe78bb19f100"},"breadcrumb":{"@id":"https:\/\/batijournal.com\/index.php\/de-transparence-lorigine-menuiseries-exterieures\/93481\/#breadcrumb"},"inLanguage":"fr-FR","potentialAction":[{"@type":"ReadAction","target":["https:\/\/batijournal.com\/index.php\/de-transparence-lorigine-menuiseries-exterieures\/93481\/"]}]},{"@type":"ImageObject","inLanguage":"fr-FR","@id":"https:\/\/batijournal.com\/index.php\/de-transparence-lorigine-menuiseries-exterieures\/93481\/#primaryimage","url":"https:\/\/batijournal.com\/wp-content\/uploads\/2016\/07\/Label-bleu-origine-france-garantie.jpg","contentUrl":"https:\/\/batijournal.com\/wp-content\/uploads\/2016\/07\/Label-bleu-origine-france-garantie.jpg","width":1400,"height":562,"caption":"Label-bleu-origine-france-garantie"},{"@type":"BreadcrumbList","@id":"https:\/\/batijournal.com\/index.php\/de-transparence-lorigine-menuiseries-exterieures\/93481\/#breadcrumb","itemListElement":[{"@type":"ListItem","position":1,"name":"Accueil","item":"https:\/\/batijournal.com\/"},{"@type":"ListItem","position":2,"name":"Actualit\u00e9s","item":"https:\/\/batijournal.com\/index.php\/category\/actualites\/"},{"@type":"ListItem","position":3,"name":"\u00c9conomie &amp; March\u00e9s","item":"https:\/\/batijournal.com\/index.php\/category\/actualites\/economie-marches\/"},{"@type":"ListItem","position":4,"name":"De la transparence sur l&rsquo;origine des menuiseries ext\u00e9rieures"}]},{"@type":"WebSite","@id":"https:\/\/batijournal.com\/#website","url":"https:\/\/batijournal.com\/","name":"Batijournal","description":"L&#039;actualit\u00e9 du b\u00e2timent","potentialAction":[{"@type":"SearchAction","target":{"@type":"EntryPoint","urlTemplate":"https:\/\/batijournal.com\/?s={search_term_string}"},"query-input":{"@type":"PropertyValueSpecification","valueRequired":true,"valueName":"search_term_string"}}],"inLanguage":"fr-FR"},{"@type":"Person","@id":"https:\/\/batijournal.com\/#\/schema\/person\/1dc96ec6957aa1ccb25ebe78bb19f100","name":"St\u00e9phane Miget","image":{"@type":"ImageObject","inLanguage":"fr-FR","@id":"https:\/\/secure.gravatar.com\/avatar\/89915563d925342126b8ef0281b93d9d7fc337043e8df017f780908eb9644451?s=96&d=mm&r=g","url":"https:\/\/secure.gravatar.com\/avatar\/89915563d925342126b8ef0281b93d9d7fc337043e8df017f780908eb9644451?s=96&d=mm&r=g","contentUrl":"https:\/\/secure.gravatar.com\/avatar\/89915563d925342126b8ef0281b93d9d7fc337043e8df017f780908eb9644451?s=96&d=mm&r=g","caption":"St\u00e9phane Miget"},"url":"https:\/\/batijournal.com\/index.php\/author\/stephane\/"}]}},"_links":{"self":[{"href":"https:\/\/batijournal.com\/index.php\/wp-json\/wp\/v2\/posts\/93481","targetHints":{"allow":["GET"]}}],"collection":[{"href":"https:\/\/batijournal.com\/index.php\/wp-json\/wp\/v2\/posts"}],"about":[{"href":"https:\/\/batijournal.com\/index.php\/wp-json\/wp\/v2\/types\/post"}],"author":[{"embeddable":true,"href":"https:\/\/batijournal.com\/index.php\/wp-json\/wp\/v2\/users\/17"}],"replies":[{"embeddable":true,"href":"https:\/\/batijournal.com\/index.php\/wp-json\/wp\/v2\/comments?post=93481"}],"version-history":[{"count":0,"href":"https:\/\/batijournal.com\/index.php\/wp-json\/wp\/v2\/posts\/93481\/revisions"}],"wp:featuredmedia":[{"embeddable":true,"href":"https:\/\/batijournal.com\/index.php\/wp-json\/wp\/v2\/media\/93482"}],"wp:attachment":[{"href":"https:\/\/batijournal.com\/index.php\/wp-json\/wp\/v2\/media?parent=93481"}],"wp:term":[{"taxonomy":"category","embeddable":true,"href":"https:\/\/batijournal.com\/index.php\/wp-json\/wp\/v2\/categories?post=93481"},{"taxonomy":"post_tag","embeddable":true,"href":"https:\/\/batijournal.com\/index.php\/wp-json\/wp\/v2\/tags?post=93481"}],"curies":[{"name":"wp","href":"https:\/\/api.w.org\/{rel}","templated":true}]}}