{"id":93484,"date":"2016-07-25T09:29:54","date_gmt":"2016-07-25T07:29:54","guid":{"rendered":"http:\/\/batijournal.com\/?p=93484"},"modified":"2019-07-15T11:16:39","modified_gmt":"2019-07-15T09:16:39","slug":"seconde-vie-maisons-eclusieres-bretonnes-inoccupees","status":"publish","type":"post","link":"https:\/\/batijournal.com\/index.php\/seconde-vie-maisons-eclusieres-bretonnes-inoccupees\/93484\/","title":{"rendered":"Une seconde vie pour les maisons \u00e9clusi\u00e8res bretonnes inoccup\u00e9es"},"content":{"rendered":"<p><strong>156 maisons \u00e9clusi\u00e8res bordent les voies navigables bretonnes, pr\u00e8s de la moiti\u00e9 d\u2019entre elles \u00e9taient ou sont encore inoccup\u00e9es. Pour pr\u00e9server et mettre en avant ce patrimoine, la R\u00e9gion a eu une id\u00e9e originale : proposer \u00e0 des particuliers, associations, entreprises ou collectivit\u00e9s de faire revivre ces maisons en leur confiant la cl\u00e9 des lieux, sous r\u00e9serve qu\u2019ils y d\u00e9veloppent une activit\u00e9 en lien avec le tourisme et les canaux. En 2015 un deuxi\u00e8me appel \u00e0 projets visant \u00e0 offrir une deuxi\u00e8me vie \u00e0 ces maisons \u00e9clusi\u00e8res a donc \u00e9t\u00e9 lanc\u00e9. Cette initiative, au-del\u00e0 de l\u2019aspect conservation-valorisation du patrimoine et des voies d\u2019eau dans leur ensemble, contribue \u00e9galement au d\u00e9veloppement local des territoires travers\u00e9s.<\/strong><\/p>\n<p>\u00c0 l\u2019issue d\u2019un 1er appel \u00e0 projets de 2014, 15 maisons \u00e9clusi\u00e8res ou de barragistes avaient \u00e9t\u00e9 r\u00e9investies pour devenir g\u00eete d&rsquo;\u00e9tape pour randonneurs, lieu d\u2019accueil avec logements insolites flottants ou encore centre d\u2019animation autour de la p\u00eache. \u00c0 l\u2019\u00e9t\u00e9 2015, la R\u00e9gion a renouvel\u00e9 cette op\u00e9ration en l\u2019ouvrant \u00e0 22 autres sites r\u00e9partis entre Dinan et Hennebont et elle a fix\u00e9 une exigence suppl\u00e9mentaire : les projets devaient pr\u00e9senter une forte composante \u201cnavigation\u201d. On conna\u00eet bien les canaux depuis le halage mais l\u2019id\u00e9e \u00e9tait d\u2019inciter les usagers \u00e0 les d\u00e9couvrir davantage, depuis et par l&rsquo;eau, afin de renforcer leur identit\u00e9 fluviale.<\/p>\n<p><img loading=\"lazy\" decoding=\"async\" class=\"aligncenter size-full wp-image-93486\" src=\"https:\/\/batijournal.com\/wp-content\/uploads\/2016\/07\/Poulhibet-1.jpg\" alt=\"Poulhibet 1\" width=\"1983\" height=\"1753\" srcset=\"https:\/\/batijournal.com\/wp-content\/uploads\/2016\/07\/Poulhibet-1.jpg 1983w, https:\/\/batijournal.com\/wp-content\/uploads\/2016\/07\/Poulhibet-1-150x133.jpg 150w, https:\/\/batijournal.com\/wp-content\/uploads\/2016\/07\/Poulhibet-1-300x265.jpg 300w, https:\/\/batijournal.com\/wp-content\/uploads\/2016\/07\/Poulhibet-1-768x679.jpg 768w, https:\/\/batijournal.com\/wp-content\/uploads\/2016\/07\/Poulhibet-1-1024x905.jpg 1024w, https:\/\/batijournal.com\/wp-content\/uploads\/2016\/07\/Poulhibet-1-600x530.jpg 600w\" sizes=\"(max-width: 1983px) 100vw, 1983px\" \/><\/p>\n<p><strong>Pour cette 2e \u00e9dition, 9 laur\u00e9ats et 8 maisons \u00e9clusi\u00e8res suppl\u00e9mentaires renaissent<\/strong><br \/>\nH\u00e9bergements flottants, locations d\u2019embarcations, balades sur l\u2019eau&#8230; : parmi les 40 candidatures re\u00e7ues, entre juin et d\u00e9cembre 2015, la R\u00e9gion en a d&rsquo;ores et d\u00e9j\u00e0 retenues 9. En contrepartie d&rsquo;un projet de valorisation viable, la R\u00e9gion met les lieux \u00e0 disposition des porteurs de projets, sous le r\u00e9gime d\u2019une COT (Convention d\u2019Occupation Temporaire). \u00c9tablie pour une dur\u00e9e de 5 \u00e0 10 ans renouvelables, la COT inclut une redevance annuelle, incitative et adapt\u00e9e. Sur les 8 maisons ayant trouv\u00e9 preneurs, 6 de ces conventions ont d\u00e9j\u00e0 \u00e9t\u00e9 sign\u00e9es. Pour chaque site, la R\u00e9gion garantit la qualit\u00e9 de la toiture et des huisseries (le \u201cclos et le couvert\u201d) ainsi qu\u2019un assainissement aux normes pour lesquels elle r\u00e9alise les travaux n\u00e9cessaires, si besoin. Les porteurs gardent, pour leur part, \u00e0 leur charge, l&rsquo;ensemble des am\u00e9nagements int\u00e9rieurs et ext\u00e9rieurs des maisons qui, inhabit\u00e9es depuis peu, sont globalement en bon \u00e9tat.<\/p>\n<p><a href=\"http:\/\/www.bretagne.bzh\/jcms\/prod_336577\/fr\/appel-a-manifestation-d-interet-ami-valoriser-et-mettre-en-tourisme-le-patrimoine-bati-et-navigant-en-bretagne\" target=\"_blank\" rel=\"noopener noreferrer\">Page de l&rsquo;appel \u00e0 manifestation d&rsquo;int\u00e9r\u00eat<\/a><\/p>\n<p>&nbsp;<\/p>\n","protected":false},"excerpt":{"rendered":"<p>156 maisons \u00e9clusi\u00e8res bordent les voies navigables bretonnes, pr\u00e8s de la moiti\u00e9 d\u2019entre elles \u00e9taient ou sont encore inoccup\u00e9es. Pour pr\u00e9server et mettre en avant ce patrimoine, la R\u00e9gion a eu une id\u00e9e originale : proposer \u00e0 des particuliers, associations, entreprises ou collectivit\u00e9s de faire revivre ces maisons en leur confiant la cl\u00e9 des lieux, [&hellip;]<\/p>\n","protected":false},"author":17,"featured_media":93485,"comment_status":"closed","ping_status":"closed","sticky":false,"template":"","format":"standard","meta":{"_et_pb_use_builder":"","_et_pb_old_content":"","_et_gb_content_width":"","footnotes":""},"categories":[6340],"tags":[2384,8560,862],"class_list":["post-93484","post","type-post","status-publish","format-standard","has-post-thumbnail","hentry","category-architecture-conception","tag-bretagne","tag-patrimoine-bati","tag-tourisme"],"yoast_head":"<!-- This site is optimized with the Yoast SEO plugin v27.4 - https:\/\/yoast.com\/product\/yoast-seo-wordpress\/ -->\n<title>Une seconde vie pour les maisons \u00e9clusi\u00e8res bretonnes inoccup\u00e9es<\/title>\n<meta name=\"robots\" content=\"index, follow, max-snippet:-1, max-image-preview:large, max-video-preview:-1\" \/>\n<link rel=\"canonical\" href=\"https:\/\/batijournal.com\/index.php\/seconde-vie-maisons-eclusieres-bretonnes-inoccupees\/93484\/\" \/>\n<meta property=\"og:locale\" content=\"fr_FR\" \/>\n<meta property=\"og:type\" content=\"article\" \/>\n<meta property=\"og:title\" content=\"Une seconde vie pour les maisons \u00e9clusi\u00e8res bretonnes inoccup\u00e9es\" \/>\n<meta property=\"og:description\" content=\"156 maisons \u00e9clusi\u00e8res bordent les voies navigables bretonnes, pr\u00e8s de la moiti\u00e9 d\u2019entre elles \u00e9taient ou sont encore inoccup\u00e9es. Pour pr\u00e9server et mettre en avant ce patrimoine, la R\u00e9gion a eu une id\u00e9e originale : proposer \u00e0 des particuliers, associations, entreprises ou collectivit\u00e9s de faire revivre ces maisons en leur confiant la cl\u00e9 des lieux, [&hellip;]\" \/>\n<meta property=\"og:url\" content=\"https:\/\/batijournal.com\/index.php\/seconde-vie-maisons-eclusieres-bretonnes-inoccupees\/93484\/\" \/>\n<meta property=\"og:site_name\" content=\"Batijournal\" \/>\n<meta property=\"article:published_time\" content=\"2016-07-25T07:29:54+00:00\" \/>\n<meta property=\"article:modified_time\" content=\"2019-07-15T09:16:39+00:00\" \/>\n<meta property=\"og:image\" content=\"https:\/\/batijournal.com\/wp-content\/uploads\/2016\/07\/la-haye-Noyal-Pontivy.jpg\" \/>\n\t<meta property=\"og:image:width\" content=\"800\" \/>\n\t<meta property=\"og:image:height\" content=\"600\" \/>\n\t<meta property=\"og:image:type\" content=\"image\/jpeg\" \/>\n<meta name=\"author\" content=\"St\u00e9phane Miget\" \/>\n<meta name=\"twitter:card\" content=\"summary_large_image\" \/>\n<meta name=\"twitter:creator\" content=\"@bati_journal\" \/>\n<meta name=\"twitter:site\" content=\"@bati_journal\" \/>\n<meta name=\"twitter:label1\" content=\"\u00c9crit par\" \/>\n\t<meta name=\"twitter:data1\" content=\"St\u00e9phane Miget\" \/>\n\t<meta name=\"twitter:label2\" content=\"Dur\u00e9e de lecture estim\u00e9e\" \/>\n\t<meta name=\"twitter:data2\" content=\"2 minutes\" \/>\n<script type=\"application\/ld+json\" class=\"yoast-schema-graph\">{\"@context\":\"https:\\\/\\\/schema.org\",\"@graph\":[{\"@type\":\"Article\",\"@id\":\"https:\\\/\\\/batijournal.com\\\/index.php\\\/seconde-vie-maisons-eclusieres-bretonnes-inoccupees\\\/93484\\\/#article\",\"isPartOf\":{\"@id\":\"https:\\\/\\\/batijournal.com\\\/index.php\\\/seconde-vie-maisons-eclusieres-bretonnes-inoccupees\\\/93484\\\/\"},\"author\":{\"name\":\"St\u00e9phane Miget\",\"@id\":\"https:\\\/\\\/batijournal.com\\\/#\\\/schema\\\/person\\\/1dc96ec6957aa1ccb25ebe78bb19f100\"},\"headline\":\"Une seconde vie pour les maisons \u00e9clusi\u00e8res bretonnes inoccup\u00e9es\",\"datePublished\":\"2016-07-25T07:29:54+00:00\",\"dateModified\":\"2019-07-15T09:16:39+00:00\",\"mainEntityOfPage\":{\"@id\":\"https:\\\/\\\/batijournal.com\\\/index.php\\\/seconde-vie-maisons-eclusieres-bretonnes-inoccupees\\\/93484\\\/\"},\"wordCount\":434,\"image\":{\"@id\":\"https:\\\/\\\/batijournal.com\\\/index.php\\\/seconde-vie-maisons-eclusieres-bretonnes-inoccupees\\\/93484\\\/#primaryimage\"},\"thumbnailUrl\":\"https:\\\/\\\/batijournal.com\\\/wp-content\\\/uploads\\\/2016\\\/07\\\/la-haye-Noyal-Pontivy.jpg\",\"keywords\":[\"Bretagne\",\"patrimoine bati\",\"tourisme\"],\"articleSection\":[\"Architecture &amp; Conception\"],\"inLanguage\":\"fr-FR\"},{\"@type\":\"WebPage\",\"@id\":\"https:\\\/\\\/batijournal.com\\\/index.php\\\/seconde-vie-maisons-eclusieres-bretonnes-inoccupees\\\/93484\\\/\",\"url\":\"https:\\\/\\\/batijournal.com\\\/index.php\\\/seconde-vie-maisons-eclusieres-bretonnes-inoccupees\\\/93484\\\/\",\"name\":\"Une seconde vie pour les maisons \u00e9clusi\u00e8res bretonnes inoccup\u00e9es\",\"isPartOf\":{\"@id\":\"https:\\\/\\\/batijournal.com\\\/#website\"},\"primaryImageOfPage\":{\"@id\":\"https:\\\/\\\/batijournal.com\\\/index.php\\\/seconde-vie-maisons-eclusieres-bretonnes-inoccupees\\\/93484\\\/#primaryimage\"},\"image\":{\"@id\":\"https:\\\/\\\/batijournal.com\\\/index.php\\\/seconde-vie-maisons-eclusieres-bretonnes-inoccupees\\\/93484\\\/#primaryimage\"},\"thumbnailUrl\":\"https:\\\/\\\/batijournal.com\\\/wp-content\\\/uploads\\\/2016\\\/07\\\/la-haye-Noyal-Pontivy.jpg\",\"datePublished\":\"2016-07-25T07:29:54+00:00\",\"dateModified\":\"2019-07-15T09:16:39+00:00\",\"author\":{\"@id\":\"https:\\\/\\\/batijournal.com\\\/#\\\/schema\\\/person\\\/1dc96ec6957aa1ccb25ebe78bb19f100\"},\"breadcrumb\":{\"@id\":\"https:\\\/\\\/batijournal.com\\\/index.php\\\/seconde-vie-maisons-eclusieres-bretonnes-inoccupees\\\/93484\\\/#breadcrumb\"},\"inLanguage\":\"fr-FR\",\"potentialAction\":[{\"@type\":\"ReadAction\",\"target\":[\"https:\\\/\\\/batijournal.com\\\/index.php\\\/seconde-vie-maisons-eclusieres-bretonnes-inoccupees\\\/93484\\\/\"]}]},{\"@type\":\"ImageObject\",\"inLanguage\":\"fr-FR\",\"@id\":\"https:\\\/\\\/batijournal.com\\\/index.php\\\/seconde-vie-maisons-eclusieres-bretonnes-inoccupees\\\/93484\\\/#primaryimage\",\"url\":\"https:\\\/\\\/batijournal.com\\\/wp-content\\\/uploads\\\/2016\\\/07\\\/la-haye-Noyal-Pontivy.jpg\",\"contentUrl\":\"https:\\\/\\\/batijournal.com\\\/wp-content\\\/uploads\\\/2016\\\/07\\\/la-haye-Noyal-Pontivy.jpg\",\"width\":800,\"height\":600,\"caption\":\"la haye-Noyal-Pontivy\"},{\"@type\":\"BreadcrumbList\",\"@id\":\"https:\\\/\\\/batijournal.com\\\/index.php\\\/seconde-vie-maisons-eclusieres-bretonnes-inoccupees\\\/93484\\\/#breadcrumb\",\"itemListElement\":[{\"@type\":\"ListItem\",\"position\":1,\"name\":\"Accueil\",\"item\":\"https:\\\/\\\/batijournal.com\\\/\"},{\"@type\":\"ListItem\",\"position\":2,\"name\":\"Actualit\u00e9s\",\"item\":\"https:\\\/\\\/batijournal.com\\\/index.php\\\/category\\\/actualites\\\/\"},{\"@type\":\"ListItem\",\"position\":3,\"name\":\"Architecture &amp; Conception\",\"item\":\"https:\\\/\\\/batijournal.com\\\/index.php\\\/category\\\/actualites\\\/architecture-conception\\\/\"},{\"@type\":\"ListItem\",\"position\":4,\"name\":\"Une seconde vie pour les maisons \u00e9clusi\u00e8res bretonnes inoccup\u00e9es\"}]},{\"@type\":\"WebSite\",\"@id\":\"https:\\\/\\\/batijournal.com\\\/#website\",\"url\":\"https:\\\/\\\/batijournal.com\\\/\",\"name\":\"Batijournal\",\"description\":\"L&#039;actualit\u00e9 du b\u00e2timent\",\"potentialAction\":[{\"@type\":\"SearchAction\",\"target\":{\"@type\":\"EntryPoint\",\"urlTemplate\":\"https:\\\/\\\/batijournal.com\\\/?s={search_term_string}\"},\"query-input\":{\"@type\":\"PropertyValueSpecification\",\"valueRequired\":true,\"valueName\":\"search_term_string\"}}],\"inLanguage\":\"fr-FR\"},{\"@type\":\"Person\",\"@id\":\"https:\\\/\\\/batijournal.com\\\/#\\\/schema\\\/person\\\/1dc96ec6957aa1ccb25ebe78bb19f100\",\"name\":\"St\u00e9phane Miget\",\"image\":{\"@type\":\"ImageObject\",\"inLanguage\":\"fr-FR\",\"@id\":\"https:\\\/\\\/secure.gravatar.com\\\/avatar\\\/89915563d925342126b8ef0281b93d9d7fc337043e8df017f780908eb9644451?s=96&d=mm&r=g\",\"url\":\"https:\\\/\\\/secure.gravatar.com\\\/avatar\\\/89915563d925342126b8ef0281b93d9d7fc337043e8df017f780908eb9644451?s=96&d=mm&r=g\",\"contentUrl\":\"https:\\\/\\\/secure.gravatar.com\\\/avatar\\\/89915563d925342126b8ef0281b93d9d7fc337043e8df017f780908eb9644451?s=96&d=mm&r=g\",\"caption\":\"St\u00e9phane Miget\"},\"url\":\"https:\\\/\\\/batijournal.com\\\/index.php\\\/author\\\/stephane\\\/\"}]}<\/script>\n<!-- \/ Yoast SEO plugin. -->","yoast_head_json":{"title":"Une seconde vie pour les maisons \u00e9clusi\u00e8res bretonnes inoccup\u00e9es","robots":{"index":"index","follow":"follow","max-snippet":"max-snippet:-1","max-image-preview":"max-image-preview:large","max-video-preview":"max-video-preview:-1"},"canonical":"https:\/\/batijournal.com\/index.php\/seconde-vie-maisons-eclusieres-bretonnes-inoccupees\/93484\/","og_locale":"fr_FR","og_type":"article","og_title":"Une seconde vie pour les maisons \u00e9clusi\u00e8res bretonnes inoccup\u00e9es","og_description":"156 maisons \u00e9clusi\u00e8res bordent les voies navigables bretonnes, pr\u00e8s de la moiti\u00e9 d\u2019entre elles \u00e9taient ou sont encore inoccup\u00e9es. Pour pr\u00e9server et mettre en avant ce patrimoine, la R\u00e9gion a eu une id\u00e9e originale : proposer \u00e0 des particuliers, associations, entreprises ou collectivit\u00e9s de faire revivre ces maisons en leur confiant la cl\u00e9 des lieux, [&hellip;]","og_url":"https:\/\/batijournal.com\/index.php\/seconde-vie-maisons-eclusieres-bretonnes-inoccupees\/93484\/","og_site_name":"Batijournal","article_published_time":"2016-07-25T07:29:54+00:00","article_modified_time":"2019-07-15T09:16:39+00:00","og_image":[{"width":800,"height":600,"url":"https:\/\/batijournal.com\/wp-content\/uploads\/2016\/07\/la-haye-Noyal-Pontivy.jpg","type":"image\/jpeg"}],"author":"St\u00e9phane Miget","twitter_card":"summary_large_image","twitter_creator":"@bati_journal","twitter_site":"@bati_journal","twitter_misc":{"\u00c9crit par":"St\u00e9phane Miget","Dur\u00e9e de lecture estim\u00e9e":"2 minutes"},"schema":{"@context":"https:\/\/schema.org","@graph":[{"@type":"Article","@id":"https:\/\/batijournal.com\/index.php\/seconde-vie-maisons-eclusieres-bretonnes-inoccupees\/93484\/#article","isPartOf":{"@id":"https:\/\/batijournal.com\/index.php\/seconde-vie-maisons-eclusieres-bretonnes-inoccupees\/93484\/"},"author":{"name":"St\u00e9phane Miget","@id":"https:\/\/batijournal.com\/#\/schema\/person\/1dc96ec6957aa1ccb25ebe78bb19f100"},"headline":"Une seconde vie pour les maisons \u00e9clusi\u00e8res bretonnes inoccup\u00e9es","datePublished":"2016-07-25T07:29:54+00:00","dateModified":"2019-07-15T09:16:39+00:00","mainEntityOfPage":{"@id":"https:\/\/batijournal.com\/index.php\/seconde-vie-maisons-eclusieres-bretonnes-inoccupees\/93484\/"},"wordCount":434,"image":{"@id":"https:\/\/batijournal.com\/index.php\/seconde-vie-maisons-eclusieres-bretonnes-inoccupees\/93484\/#primaryimage"},"thumbnailUrl":"https:\/\/batijournal.com\/wp-content\/uploads\/2016\/07\/la-haye-Noyal-Pontivy.jpg","keywords":["Bretagne","patrimoine bati","tourisme"],"articleSection":["Architecture &amp; Conception"],"inLanguage":"fr-FR"},{"@type":"WebPage","@id":"https:\/\/batijournal.com\/index.php\/seconde-vie-maisons-eclusieres-bretonnes-inoccupees\/93484\/","url":"https:\/\/batijournal.com\/index.php\/seconde-vie-maisons-eclusieres-bretonnes-inoccupees\/93484\/","name":"Une seconde vie pour les maisons \u00e9clusi\u00e8res bretonnes inoccup\u00e9es","isPartOf":{"@id":"https:\/\/batijournal.com\/#website"},"primaryImageOfPage":{"@id":"https:\/\/batijournal.com\/index.php\/seconde-vie-maisons-eclusieres-bretonnes-inoccupees\/93484\/#primaryimage"},"image":{"@id":"https:\/\/batijournal.com\/index.php\/seconde-vie-maisons-eclusieres-bretonnes-inoccupees\/93484\/#primaryimage"},"thumbnailUrl":"https:\/\/batijournal.com\/wp-content\/uploads\/2016\/07\/la-haye-Noyal-Pontivy.jpg","datePublished":"2016-07-25T07:29:54+00:00","dateModified":"2019-07-15T09:16:39+00:00","author":{"@id":"https:\/\/batijournal.com\/#\/schema\/person\/1dc96ec6957aa1ccb25ebe78bb19f100"},"breadcrumb":{"@id":"https:\/\/batijournal.com\/index.php\/seconde-vie-maisons-eclusieres-bretonnes-inoccupees\/93484\/#breadcrumb"},"inLanguage":"fr-FR","potentialAction":[{"@type":"ReadAction","target":["https:\/\/batijournal.com\/index.php\/seconde-vie-maisons-eclusieres-bretonnes-inoccupees\/93484\/"]}]},{"@type":"ImageObject","inLanguage":"fr-FR","@id":"https:\/\/batijournal.com\/index.php\/seconde-vie-maisons-eclusieres-bretonnes-inoccupees\/93484\/#primaryimage","url":"https:\/\/batijournal.com\/wp-content\/uploads\/2016\/07\/la-haye-Noyal-Pontivy.jpg","contentUrl":"https:\/\/batijournal.com\/wp-content\/uploads\/2016\/07\/la-haye-Noyal-Pontivy.jpg","width":800,"height":600,"caption":"la haye-Noyal-Pontivy"},{"@type":"BreadcrumbList","@id":"https:\/\/batijournal.com\/index.php\/seconde-vie-maisons-eclusieres-bretonnes-inoccupees\/93484\/#breadcrumb","itemListElement":[{"@type":"ListItem","position":1,"name":"Accueil","item":"https:\/\/batijournal.com\/"},{"@type":"ListItem","position":2,"name":"Actualit\u00e9s","item":"https:\/\/batijournal.com\/index.php\/category\/actualites\/"},{"@type":"ListItem","position":3,"name":"Architecture &amp; Conception","item":"https:\/\/batijournal.com\/index.php\/category\/actualites\/architecture-conception\/"},{"@type":"ListItem","position":4,"name":"Une seconde vie pour les maisons \u00e9clusi\u00e8res bretonnes inoccup\u00e9es"}]},{"@type":"WebSite","@id":"https:\/\/batijournal.com\/#website","url":"https:\/\/batijournal.com\/","name":"Batijournal","description":"L&#039;actualit\u00e9 du b\u00e2timent","potentialAction":[{"@type":"SearchAction","target":{"@type":"EntryPoint","urlTemplate":"https:\/\/batijournal.com\/?s={search_term_string}"},"query-input":{"@type":"PropertyValueSpecification","valueRequired":true,"valueName":"search_term_string"}}],"inLanguage":"fr-FR"},{"@type":"Person","@id":"https:\/\/batijournal.com\/#\/schema\/person\/1dc96ec6957aa1ccb25ebe78bb19f100","name":"St\u00e9phane Miget","image":{"@type":"ImageObject","inLanguage":"fr-FR","@id":"https:\/\/secure.gravatar.com\/avatar\/89915563d925342126b8ef0281b93d9d7fc337043e8df017f780908eb9644451?s=96&d=mm&r=g","url":"https:\/\/secure.gravatar.com\/avatar\/89915563d925342126b8ef0281b93d9d7fc337043e8df017f780908eb9644451?s=96&d=mm&r=g","contentUrl":"https:\/\/secure.gravatar.com\/avatar\/89915563d925342126b8ef0281b93d9d7fc337043e8df017f780908eb9644451?s=96&d=mm&r=g","caption":"St\u00e9phane Miget"},"url":"https:\/\/batijournal.com\/index.php\/author\/stephane\/"}]}},"_links":{"self":[{"href":"https:\/\/batijournal.com\/index.php\/wp-json\/wp\/v2\/posts\/93484","targetHints":{"allow":["GET"]}}],"collection":[{"href":"https:\/\/batijournal.com\/index.php\/wp-json\/wp\/v2\/posts"}],"about":[{"href":"https:\/\/batijournal.com\/index.php\/wp-json\/wp\/v2\/types\/post"}],"author":[{"embeddable":true,"href":"https:\/\/batijournal.com\/index.php\/wp-json\/wp\/v2\/users\/17"}],"replies":[{"embeddable":true,"href":"https:\/\/batijournal.com\/index.php\/wp-json\/wp\/v2\/comments?post=93484"}],"version-history":[{"count":0,"href":"https:\/\/batijournal.com\/index.php\/wp-json\/wp\/v2\/posts\/93484\/revisions"}],"wp:featuredmedia":[{"embeddable":true,"href":"https:\/\/batijournal.com\/index.php\/wp-json\/wp\/v2\/media\/93485"}],"wp:attachment":[{"href":"https:\/\/batijournal.com\/index.php\/wp-json\/wp\/v2\/media?parent=93484"}],"wp:term":[{"taxonomy":"category","embeddable":true,"href":"https:\/\/batijournal.com\/index.php\/wp-json\/wp\/v2\/categories?post=93484"},{"taxonomy":"post_tag","embeddable":true,"href":"https:\/\/batijournal.com\/index.php\/wp-json\/wp\/v2\/tags?post=93484"}],"curies":[{"name":"wp","href":"https:\/\/api.w.org\/{rel}","templated":true}]}}