{"id":93547,"date":"2016-08-04T08:49:47","date_gmt":"2016-08-04T06:49:47","guid":{"rendered":"http:\/\/batijournal.com\/?p=93547"},"modified":"2019-07-15T12:23:40","modified_gmt":"2019-07-15T10:23:40","slug":"dynamic-bois-an-2-favoriser-mobilisation-de-ressource-bois-climat","status":"publish","type":"post","link":"https:\/\/batijournal.com\/index.php\/dynamic-bois-an-2-favoriser-mobilisation-de-ressource-bois-climat\/93547\/","title":{"rendered":"\u00ab DYNAMIC Bois \u00bb, an 2 : favoriser une mobilisation de la ressource en bois pour le climat"},"content":{"rendered":"<p><strong>19 projets sont retenus dans l\u2019\u00e9dition 2016 de l\u2019appel \u00e0 manifestation d\u2019int\u00e9r\u00eat \u00ab DYNAMIC Bois \u00bb, 16 900 ha vont \u00eatre concern\u00e9s par des actions d\u2019am\u00e9lioration des peuplements. Ces projets permettront de mobiliser 1 million de tonnes de bois par an pour les chaufferies, du bois suppl\u00e9mentaire pour les mat\u00e9riaux et d\u2019am\u00e9liorer des peuplements pauvres, pour contribuer \u00e0 l\u2019adaptation de la for\u00eat fran\u00e7aise au changement climatique.<\/strong><\/p>\n<p>Les \u00e9ditions 2015 et 2016 des AMI \u00ab DYNAMIC Bois \u00bb permettent de soutenir une moyenne de 3 projets par r\u00e9gion pour un montant d\u2019aide total de l\u2019ordre de 55 M\u20ac. Ces projets, dont la mise en \u0153uvre demande du temps, notamment pour le volet \u00ab am\u00e9lioration des peuplements \u00bb feront l\u2019objet d\u2019un suivi attentif et de bilans interm\u00e9diaires r\u00e9guliers permettant d\u2019en d\u00e9gager les principaux enseignements. Ce retour d\u2019exp\u00e9rience permettra de nourrir la p\u00e9rennisation de cette d\u00e9marche dont le financement sera \u00e0 pr\u00e9voir, notamment par l\u2019interm\u00e9diaire des financements innovants pr\u00e9vus par le contrat du Comit\u00e9 Strat\u00e9gique de la Fili\u00e8re Bois.<\/p>\n","protected":false},"excerpt":{"rendered":"<p>19 projets sont retenus dans l\u2019\u00e9dition 2016 de l\u2019appel \u00e0 manifestation d\u2019int\u00e9r\u00eat \u00ab DYNAMIC Bois \u00bb, 16 900 ha vont \u00eatre concern\u00e9s par des actions d\u2019am\u00e9lioration des peuplements. Ces projets permettront de mobiliser 1 million de tonnes de bois par an pour les chaufferies, du bois suppl\u00e9mentaire pour les mat\u00e9riaux et d\u2019am\u00e9liorer des peuplements pauvres, [&hellip;]<\/p>\n","protected":false},"author":17,"featured_media":87175,"comment_status":"closed","ping_status":"closed","sticky":false,"template":"","format":"standard","meta":{"_et_pb_use_builder":"","_et_pb_old_content":"","_et_gb_content_width":"","footnotes":""},"categories":[10736,6351],"tags":[44,3307,772],"class_list":["post-93547","post","type-post","status-publish","format-standard","has-post-thumbnail","hentry","category-a-la-une","category-energie-environnement","tag-bois","tag-filiere-foret-bois","tag-foret"],"yoast_head":"<!-- This site is optimized with the Yoast SEO plugin v27.4 - https:\/\/yoast.com\/product\/yoast-seo-wordpress\/ -->\n<title>\u00ab DYNAMIC Bois \u00bb, an 2 : favoriser une mobilisation de la ressource en bois pour le climat<\/title>\n<meta name=\"robots\" content=\"index, follow, max-snippet:-1, max-image-preview:large, max-video-preview:-1\" \/>\n<link rel=\"canonical\" href=\"https:\/\/batijournal.com\/index.php\/dynamic-bois-an-2-favoriser-mobilisation-de-ressource-bois-climat\/93547\/\" \/>\n<meta property=\"og:locale\" content=\"fr_FR\" \/>\n<meta property=\"og:type\" content=\"article\" \/>\n<meta property=\"og:title\" content=\"\u00ab DYNAMIC Bois \u00bb, an 2 : favoriser une mobilisation de la ressource en bois pour le climat\" \/>\n<meta property=\"og:description\" content=\"19 projets sont retenus dans l\u2019\u00e9dition 2016 de l\u2019appel \u00e0 manifestation d\u2019int\u00e9r\u00eat \u00ab DYNAMIC Bois \u00bb, 16 900 ha vont \u00eatre concern\u00e9s par des actions d\u2019am\u00e9lioration des peuplements. Ces projets permettront de mobiliser 1 million de tonnes de bois par an pour les chaufferies, du bois suppl\u00e9mentaire pour les mat\u00e9riaux et d\u2019am\u00e9liorer des peuplements pauvres, [&hellip;]\" \/>\n<meta property=\"og:url\" content=\"https:\/\/batijournal.com\/index.php\/dynamic-bois-an-2-favoriser-mobilisation-de-ressource-bois-climat\/93547\/\" \/>\n<meta property=\"og:site_name\" content=\"Batijournal\" \/>\n<meta property=\"article:published_time\" content=\"2016-08-04T06:49:47+00:00\" \/>\n<meta property=\"article:modified_time\" content=\"2019-07-15T10:23:40+00:00\" \/>\n<meta property=\"og:image\" content=\"https:\/\/batijournal.com\/wp-content\/uploads\/2015\/05\/99573781.jpg\" \/>\n\t<meta property=\"og:image:width\" content=\"600\" \/>\n\t<meta property=\"og:image:height\" content=\"399\" \/>\n\t<meta property=\"og:image:type\" content=\"image\/jpeg\" \/>\n<meta name=\"author\" content=\"St\u00e9phane Miget\" \/>\n<meta name=\"twitter:card\" content=\"summary_large_image\" \/>\n<meta name=\"twitter:creator\" content=\"@bati_journal\" \/>\n<meta name=\"twitter:site\" content=\"@bati_journal\" \/>\n<meta name=\"twitter:label1\" content=\"\u00c9crit par\" \/>\n\t<meta name=\"twitter:data1\" content=\"St\u00e9phane Miget\" \/>\n\t<meta name=\"twitter:label2\" content=\"Dur\u00e9e de lecture estim\u00e9e\" \/>\n\t<meta name=\"twitter:data2\" content=\"1 minute\" \/>\n<script type=\"application\/ld+json\" class=\"yoast-schema-graph\">{\"@context\":\"https:\\\/\\\/schema.org\",\"@graph\":[{\"@type\":\"Article\",\"@id\":\"https:\\\/\\\/batijournal.com\\\/index.php\\\/dynamic-bois-an-2-favoriser-mobilisation-de-ressource-bois-climat\\\/93547\\\/#article\",\"isPartOf\":{\"@id\":\"https:\\\/\\\/batijournal.com\\\/index.php\\\/dynamic-bois-an-2-favoriser-mobilisation-de-ressource-bois-climat\\\/93547\\\/\"},\"author\":{\"name\":\"St\u00e9phane Miget\",\"@id\":\"https:\\\/\\\/batijournal.com\\\/#\\\/schema\\\/person\\\/1dc96ec6957aa1ccb25ebe78bb19f100\"},\"headline\":\"\u00ab DYNAMIC Bois \u00bb, an 2 : favoriser une mobilisation de la ressource en bois pour le climat\",\"datePublished\":\"2016-08-04T06:49:47+00:00\",\"dateModified\":\"2019-07-15T10:23:40+00:00\",\"mainEntityOfPage\":{\"@id\":\"https:\\\/\\\/batijournal.com\\\/index.php\\\/dynamic-bois-an-2-favoriser-mobilisation-de-ressource-bois-climat\\\/93547\\\/\"},\"wordCount\":197,\"image\":{\"@id\":\"https:\\\/\\\/batijournal.com\\\/index.php\\\/dynamic-bois-an-2-favoriser-mobilisation-de-ressource-bois-climat\\\/93547\\\/#primaryimage\"},\"thumbnailUrl\":\"https:\\\/\\\/batijournal.com\\\/wp-content\\\/uploads\\\/2015\\\/05\\\/99573781.jpg\",\"keywords\":[\"bois\",\"fili\u00e8re for\u00eat-bois\",\"for\u00eat\"],\"articleSection\":[\"A la Une\",\"\u00c9nergie &amp; Environnement\"],\"inLanguage\":\"fr-FR\"},{\"@type\":\"WebPage\",\"@id\":\"https:\\\/\\\/batijournal.com\\\/index.php\\\/dynamic-bois-an-2-favoriser-mobilisation-de-ressource-bois-climat\\\/93547\\\/\",\"url\":\"https:\\\/\\\/batijournal.com\\\/index.php\\\/dynamic-bois-an-2-favoriser-mobilisation-de-ressource-bois-climat\\\/93547\\\/\",\"name\":\"\u00ab DYNAMIC Bois \u00bb, an 2 : favoriser une mobilisation de la ressource en bois pour le climat\",\"isPartOf\":{\"@id\":\"https:\\\/\\\/batijournal.com\\\/#website\"},\"primaryImageOfPage\":{\"@id\":\"https:\\\/\\\/batijournal.com\\\/index.php\\\/dynamic-bois-an-2-favoriser-mobilisation-de-ressource-bois-climat\\\/93547\\\/#primaryimage\"},\"image\":{\"@id\":\"https:\\\/\\\/batijournal.com\\\/index.php\\\/dynamic-bois-an-2-favoriser-mobilisation-de-ressource-bois-climat\\\/93547\\\/#primaryimage\"},\"thumbnailUrl\":\"https:\\\/\\\/batijournal.com\\\/wp-content\\\/uploads\\\/2015\\\/05\\\/99573781.jpg\",\"datePublished\":\"2016-08-04T06:49:47+00:00\",\"dateModified\":\"2019-07-15T10:23:40+00:00\",\"author\":{\"@id\":\"https:\\\/\\\/batijournal.com\\\/#\\\/schema\\\/person\\\/1dc96ec6957aa1ccb25ebe78bb19f100\"},\"breadcrumb\":{\"@id\":\"https:\\\/\\\/batijournal.com\\\/index.php\\\/dynamic-bois-an-2-favoriser-mobilisation-de-ressource-bois-climat\\\/93547\\\/#breadcrumb\"},\"inLanguage\":\"fr-FR\",\"potentialAction\":[{\"@type\":\"ReadAction\",\"target\":[\"https:\\\/\\\/batijournal.com\\\/index.php\\\/dynamic-bois-an-2-favoriser-mobilisation-de-ressource-bois-climat\\\/93547\\\/\"]}]},{\"@type\":\"ImageObject\",\"inLanguage\":\"fr-FR\",\"@id\":\"https:\\\/\\\/batijournal.com\\\/index.php\\\/dynamic-bois-an-2-favoriser-mobilisation-de-ressource-bois-climat\\\/93547\\\/#primaryimage\",\"url\":\"https:\\\/\\\/batijournal.com\\\/wp-content\\\/uploads\\\/2015\\\/05\\\/99573781.jpg\",\"contentUrl\":\"https:\\\/\\\/batijournal.com\\\/wp-content\\\/uploads\\\/2015\\\/05\\\/99573781.jpg\",\"width\":600,\"height\":399,\"caption\":\"for\u00eat\"},{\"@type\":\"BreadcrumbList\",\"@id\":\"https:\\\/\\\/batijournal.com\\\/index.php\\\/dynamic-bois-an-2-favoriser-mobilisation-de-ressource-bois-climat\\\/93547\\\/#breadcrumb\",\"itemListElement\":[{\"@type\":\"ListItem\",\"position\":1,\"name\":\"Accueil\",\"item\":\"https:\\\/\\\/batijournal.com\\\/\"},{\"@type\":\"ListItem\",\"position\":2,\"name\":\"A la Une\",\"item\":\"https:\\\/\\\/batijournal.com\\\/index.php\\\/category\\\/a-la-une\\\/\"},{\"@type\":\"ListItem\",\"position\":3,\"name\":\"\u00ab DYNAMIC Bois \u00bb, an 2 : favoriser une mobilisation de la ressource en bois pour le climat\"}]},{\"@type\":\"WebSite\",\"@id\":\"https:\\\/\\\/batijournal.com\\\/#website\",\"url\":\"https:\\\/\\\/batijournal.com\\\/\",\"name\":\"Batijournal\",\"description\":\"L&#039;actualit\u00e9 du b\u00e2timent\",\"potentialAction\":[{\"@type\":\"SearchAction\",\"target\":{\"@type\":\"EntryPoint\",\"urlTemplate\":\"https:\\\/\\\/batijournal.com\\\/?s={search_term_string}\"},\"query-input\":{\"@type\":\"PropertyValueSpecification\",\"valueRequired\":true,\"valueName\":\"search_term_string\"}}],\"inLanguage\":\"fr-FR\"},{\"@type\":\"Person\",\"@id\":\"https:\\\/\\\/batijournal.com\\\/#\\\/schema\\\/person\\\/1dc96ec6957aa1ccb25ebe78bb19f100\",\"name\":\"St\u00e9phane Miget\",\"image\":{\"@type\":\"ImageObject\",\"inLanguage\":\"fr-FR\",\"@id\":\"https:\\\/\\\/secure.gravatar.com\\\/avatar\\\/89915563d925342126b8ef0281b93d9d7fc337043e8df017f780908eb9644451?s=96&d=mm&r=g\",\"url\":\"https:\\\/\\\/secure.gravatar.com\\\/avatar\\\/89915563d925342126b8ef0281b93d9d7fc337043e8df017f780908eb9644451?s=96&d=mm&r=g\",\"contentUrl\":\"https:\\\/\\\/secure.gravatar.com\\\/avatar\\\/89915563d925342126b8ef0281b93d9d7fc337043e8df017f780908eb9644451?s=96&d=mm&r=g\",\"caption\":\"St\u00e9phane Miget\"},\"url\":\"https:\\\/\\\/batijournal.com\\\/index.php\\\/author\\\/stephane\\\/\"}]}<\/script>\n<!-- \/ Yoast SEO plugin. -->","yoast_head_json":{"title":"\u00ab DYNAMIC Bois \u00bb, an 2 : favoriser une mobilisation de la ressource en bois pour le climat","robots":{"index":"index","follow":"follow","max-snippet":"max-snippet:-1","max-image-preview":"max-image-preview:large","max-video-preview":"max-video-preview:-1"},"canonical":"https:\/\/batijournal.com\/index.php\/dynamic-bois-an-2-favoriser-mobilisation-de-ressource-bois-climat\/93547\/","og_locale":"fr_FR","og_type":"article","og_title":"\u00ab DYNAMIC Bois \u00bb, an 2 : favoriser une mobilisation de la ressource en bois pour le climat","og_description":"19 projets sont retenus dans l\u2019\u00e9dition 2016 de l\u2019appel \u00e0 manifestation d\u2019int\u00e9r\u00eat \u00ab DYNAMIC Bois \u00bb, 16 900 ha vont \u00eatre concern\u00e9s par des actions d\u2019am\u00e9lioration des peuplements. Ces projets permettront de mobiliser 1 million de tonnes de bois par an pour les chaufferies, du bois suppl\u00e9mentaire pour les mat\u00e9riaux et d\u2019am\u00e9liorer des peuplements pauvres, [&hellip;]","og_url":"https:\/\/batijournal.com\/index.php\/dynamic-bois-an-2-favoriser-mobilisation-de-ressource-bois-climat\/93547\/","og_site_name":"Batijournal","article_published_time":"2016-08-04T06:49:47+00:00","article_modified_time":"2019-07-15T10:23:40+00:00","og_image":[{"width":600,"height":399,"url":"https:\/\/batijournal.com\/wp-content\/uploads\/2015\/05\/99573781.jpg","type":"image\/jpeg"}],"author":"St\u00e9phane Miget","twitter_card":"summary_large_image","twitter_creator":"@bati_journal","twitter_site":"@bati_journal","twitter_misc":{"\u00c9crit par":"St\u00e9phane Miget","Dur\u00e9e de lecture estim\u00e9e":"1 minute"},"schema":{"@context":"https:\/\/schema.org","@graph":[{"@type":"Article","@id":"https:\/\/batijournal.com\/index.php\/dynamic-bois-an-2-favoriser-mobilisation-de-ressource-bois-climat\/93547\/#article","isPartOf":{"@id":"https:\/\/batijournal.com\/index.php\/dynamic-bois-an-2-favoriser-mobilisation-de-ressource-bois-climat\/93547\/"},"author":{"name":"St\u00e9phane Miget","@id":"https:\/\/batijournal.com\/#\/schema\/person\/1dc96ec6957aa1ccb25ebe78bb19f100"},"headline":"\u00ab DYNAMIC Bois \u00bb, an 2 : favoriser une mobilisation de la ressource en bois pour le climat","datePublished":"2016-08-04T06:49:47+00:00","dateModified":"2019-07-15T10:23:40+00:00","mainEntityOfPage":{"@id":"https:\/\/batijournal.com\/index.php\/dynamic-bois-an-2-favoriser-mobilisation-de-ressource-bois-climat\/93547\/"},"wordCount":197,"image":{"@id":"https:\/\/batijournal.com\/index.php\/dynamic-bois-an-2-favoriser-mobilisation-de-ressource-bois-climat\/93547\/#primaryimage"},"thumbnailUrl":"https:\/\/batijournal.com\/wp-content\/uploads\/2015\/05\/99573781.jpg","keywords":["bois","fili\u00e8re for\u00eat-bois","for\u00eat"],"articleSection":["A la Une","\u00c9nergie &amp; Environnement"],"inLanguage":"fr-FR"},{"@type":"WebPage","@id":"https:\/\/batijournal.com\/index.php\/dynamic-bois-an-2-favoriser-mobilisation-de-ressource-bois-climat\/93547\/","url":"https:\/\/batijournal.com\/index.php\/dynamic-bois-an-2-favoriser-mobilisation-de-ressource-bois-climat\/93547\/","name":"\u00ab DYNAMIC Bois \u00bb, an 2 : favoriser une mobilisation de la ressource en bois pour le climat","isPartOf":{"@id":"https:\/\/batijournal.com\/#website"},"primaryImageOfPage":{"@id":"https:\/\/batijournal.com\/index.php\/dynamic-bois-an-2-favoriser-mobilisation-de-ressource-bois-climat\/93547\/#primaryimage"},"image":{"@id":"https:\/\/batijournal.com\/index.php\/dynamic-bois-an-2-favoriser-mobilisation-de-ressource-bois-climat\/93547\/#primaryimage"},"thumbnailUrl":"https:\/\/batijournal.com\/wp-content\/uploads\/2015\/05\/99573781.jpg","datePublished":"2016-08-04T06:49:47+00:00","dateModified":"2019-07-15T10:23:40+00:00","author":{"@id":"https:\/\/batijournal.com\/#\/schema\/person\/1dc96ec6957aa1ccb25ebe78bb19f100"},"breadcrumb":{"@id":"https:\/\/batijournal.com\/index.php\/dynamic-bois-an-2-favoriser-mobilisation-de-ressource-bois-climat\/93547\/#breadcrumb"},"inLanguage":"fr-FR","potentialAction":[{"@type":"ReadAction","target":["https:\/\/batijournal.com\/index.php\/dynamic-bois-an-2-favoriser-mobilisation-de-ressource-bois-climat\/93547\/"]}]},{"@type":"ImageObject","inLanguage":"fr-FR","@id":"https:\/\/batijournal.com\/index.php\/dynamic-bois-an-2-favoriser-mobilisation-de-ressource-bois-climat\/93547\/#primaryimage","url":"https:\/\/batijournal.com\/wp-content\/uploads\/2015\/05\/99573781.jpg","contentUrl":"https:\/\/batijournal.com\/wp-content\/uploads\/2015\/05\/99573781.jpg","width":600,"height":399,"caption":"for\u00eat"},{"@type":"BreadcrumbList","@id":"https:\/\/batijournal.com\/index.php\/dynamic-bois-an-2-favoriser-mobilisation-de-ressource-bois-climat\/93547\/#breadcrumb","itemListElement":[{"@type":"ListItem","position":1,"name":"Accueil","item":"https:\/\/batijournal.com\/"},{"@type":"ListItem","position":2,"name":"A la Une","item":"https:\/\/batijournal.com\/index.php\/category\/a-la-une\/"},{"@type":"ListItem","position":3,"name":"\u00ab DYNAMIC Bois \u00bb, an 2 : favoriser une mobilisation de la ressource en bois pour le climat"}]},{"@type":"WebSite","@id":"https:\/\/batijournal.com\/#website","url":"https:\/\/batijournal.com\/","name":"Batijournal","description":"L&#039;actualit\u00e9 du b\u00e2timent","potentialAction":[{"@type":"SearchAction","target":{"@type":"EntryPoint","urlTemplate":"https:\/\/batijournal.com\/?s={search_term_string}"},"query-input":{"@type":"PropertyValueSpecification","valueRequired":true,"valueName":"search_term_string"}}],"inLanguage":"fr-FR"},{"@type":"Person","@id":"https:\/\/batijournal.com\/#\/schema\/person\/1dc96ec6957aa1ccb25ebe78bb19f100","name":"St\u00e9phane Miget","image":{"@type":"ImageObject","inLanguage":"fr-FR","@id":"https:\/\/secure.gravatar.com\/avatar\/89915563d925342126b8ef0281b93d9d7fc337043e8df017f780908eb9644451?s=96&d=mm&r=g","url":"https:\/\/secure.gravatar.com\/avatar\/89915563d925342126b8ef0281b93d9d7fc337043e8df017f780908eb9644451?s=96&d=mm&r=g","contentUrl":"https:\/\/secure.gravatar.com\/avatar\/89915563d925342126b8ef0281b93d9d7fc337043e8df017f780908eb9644451?s=96&d=mm&r=g","caption":"St\u00e9phane Miget"},"url":"https:\/\/batijournal.com\/index.php\/author\/stephane\/"}]}},"_links":{"self":[{"href":"https:\/\/batijournal.com\/index.php\/wp-json\/wp\/v2\/posts\/93547","targetHints":{"allow":["GET"]}}],"collection":[{"href":"https:\/\/batijournal.com\/index.php\/wp-json\/wp\/v2\/posts"}],"about":[{"href":"https:\/\/batijournal.com\/index.php\/wp-json\/wp\/v2\/types\/post"}],"author":[{"embeddable":true,"href":"https:\/\/batijournal.com\/index.php\/wp-json\/wp\/v2\/users\/17"}],"replies":[{"embeddable":true,"href":"https:\/\/batijournal.com\/index.php\/wp-json\/wp\/v2\/comments?post=93547"}],"version-history":[{"count":0,"href":"https:\/\/batijournal.com\/index.php\/wp-json\/wp\/v2\/posts\/93547\/revisions"}],"wp:featuredmedia":[{"embeddable":true,"href":"https:\/\/batijournal.com\/index.php\/wp-json\/wp\/v2\/media\/87175"}],"wp:attachment":[{"href":"https:\/\/batijournal.com\/index.php\/wp-json\/wp\/v2\/media?parent=93547"}],"wp:term":[{"taxonomy":"category","embeddable":true,"href":"https:\/\/batijournal.com\/index.php\/wp-json\/wp\/v2\/categories?post=93547"},{"taxonomy":"post_tag","embeddable":true,"href":"https:\/\/batijournal.com\/index.php\/wp-json\/wp\/v2\/tags?post=93547"}],"curies":[{"name":"wp","href":"https:\/\/api.w.org\/{rel}","templated":true}]}}