{"id":93548,"date":"2016-08-04T08:51:17","date_gmt":"2016-08-04T06:51:17","guid":{"rendered":"http:\/\/batijournal.com\/?p=93548"},"modified":"2019-07-15T12:22:06","modified_gmt":"2019-07-15T10:22:06","slug":"40-mw-appel-doffres-autoconsommation","status":"publish","type":"post","link":"https:\/\/batijournal.com\/index.php\/40-mw-appel-doffres-autoconsommation\/93548\/","title":{"rendered":"40 MW dans un appel d\u2019offres \u00ab autoconsommation \u00bb"},"content":{"rendered":"<p><strong>S\u00e9gol\u00e8ne Royal vient de lancer un appel d\u2019offres ouvert aux consommateurs des secteurs industriels, tertiaires et agricoles, en particulier aux centres commerciaux, acteurs \u00e9conomiques pour lesquels l\u2019autoconsommation peut apporter les b\u00e9n\u00e9fices les plus importants.<\/strong><\/p>\n<p>Toutes les technologies renouvelables sont admises (solaire, petite-hydro, moulins, etc.). L\u2019appel d\u2019offres porte sur des installations de 100 \u00e0 500 kW. Le volume allou\u00e9 est de 40 MW (soit 100 \u00e0 400 projets laur\u00e9ats). Un lot de 10 MW r\u00e9serv\u00e9s pour la Corse et l\u2019Outre-mer est en pr\u00e9paration.<\/p>\n<p>Les laur\u00e9ats, qui pourront comme tout producteur d\u2019\u00e9nergie consommer eux-m\u00eames l\u2019\u00e9lectricit\u00e9 qu\u2019ils produisent ou la valoriser aupr\u00e8s de tiers, recevront de plus une prime. La valeur de cette prime sera d\u2019autant plus \u00e9lev\u00e9e que la part d\u2019\u00e9lectricit\u00e9 autoconsomm\u00e9e sera importante et que la conception de l\u2019installation permettra une bonne int\u00e9gration au r\u00e9seau \u00e9lectrique. Les porteurs de projets qui en feront le choix pourront ainsi valoriser des solutions de stockage ou de pilotage intelligent de la demande.<\/p>\n<p>Cet appel d\u2019offres permettra d\u2019exp\u00e9rimenter de nouveaux modes de production et de consommation locale dans divers types de configuration : immeubles de bureaux, petite industrie, centres commerciaux avec plusieurs utilisateurs de l\u2019\u00e9lectricit\u00e9 produite etc.<\/p>\n","protected":false},"excerpt":{"rendered":"<p>S\u00e9gol\u00e8ne Royal vient de lancer un appel d\u2019offres ouvert aux consommateurs des secteurs industriels, tertiaires et agricoles, en particulier aux centres commerciaux, acteurs \u00e9conomiques pour lesquels l\u2019autoconsommation peut apporter les b\u00e9n\u00e9fices les plus importants. Toutes les technologies renouvelables sont admises (solaire, petite-hydro, moulins, etc.). L\u2019appel d\u2019offres porte sur des installations de 100 \u00e0 500 kW. [&hellip;]<\/p>\n","protected":false},"author":17,"featured_media":87322,"comment_status":"closed","ping_status":"closed","sticky":false,"template":"","format":"standard","meta":{"_et_pb_use_builder":"","_et_pb_old_content":"","_et_gb_content_width":"","footnotes":""},"categories":[10736,6351],"tags":[3152,464],"class_list":["post-93548","post","type-post","status-publish","format-standard","has-post-thumbnail","hentry","category-a-la-une","category-energie-environnement","tag-energie-renouvelable","tag-photovoltaique"],"yoast_head":"<!-- This site is optimized with the Yoast SEO plugin v27.4 - https:\/\/yoast.com\/product\/yoast-seo-wordpress\/ -->\n<title>40 MW dans un appel d\u2019offres \u00ab autoconsommation \u00bb<\/title>\n<meta name=\"robots\" content=\"index, follow, max-snippet:-1, max-image-preview:large, max-video-preview:-1\" \/>\n<link rel=\"canonical\" href=\"https:\/\/batijournal.com\/index.php\/40-mw-appel-doffres-autoconsommation\/93548\/\" \/>\n<meta property=\"og:locale\" content=\"fr_FR\" \/>\n<meta property=\"og:type\" content=\"article\" \/>\n<meta property=\"og:title\" content=\"40 MW dans un appel d\u2019offres \u00ab autoconsommation \u00bb\" \/>\n<meta property=\"og:description\" content=\"S\u00e9gol\u00e8ne Royal vient de lancer un appel d\u2019offres ouvert aux consommateurs des secteurs industriels, tertiaires et agricoles, en particulier aux centres commerciaux, acteurs \u00e9conomiques pour lesquels l\u2019autoconsommation peut apporter les b\u00e9n\u00e9fices les plus importants. Toutes les technologies renouvelables sont admises (solaire, petite-hydro, moulins, etc.). L\u2019appel d\u2019offres porte sur des installations de 100 \u00e0 500 kW. [&hellip;]\" \/>\n<meta property=\"og:url\" content=\"https:\/\/batijournal.com\/index.php\/40-mw-appel-doffres-autoconsommation\/93548\/\" \/>\n<meta property=\"og:site_name\" content=\"Batijournal\" \/>\n<meta property=\"article:published_time\" content=\"2016-08-04T06:51:17+00:00\" \/>\n<meta property=\"article:modified_time\" content=\"2019-07-15T10:22:06+00:00\" \/>\n<meta property=\"og:image\" content=\"https:\/\/batijournal.com\/wp-content\/uploads\/2015\/05\/99857159.jpg\" \/>\n\t<meta property=\"og:image:width\" content=\"600\" \/>\n\t<meta property=\"og:image:height\" content=\"399\" \/>\n\t<meta property=\"og:image:type\" content=\"image\/jpeg\" \/>\n<meta name=\"author\" content=\"St\u00e9phane Miget\" \/>\n<meta name=\"twitter:card\" content=\"summary_large_image\" \/>\n<meta name=\"twitter:creator\" content=\"@bati_journal\" \/>\n<meta name=\"twitter:site\" content=\"@bati_journal\" \/>\n<meta name=\"twitter:label1\" content=\"\u00c9crit par\" \/>\n\t<meta name=\"twitter:data1\" content=\"St\u00e9phane Miget\" \/>\n\t<meta name=\"twitter:label2\" content=\"Dur\u00e9e de lecture estim\u00e9e\" \/>\n\t<meta name=\"twitter:data2\" content=\"1 minute\" \/>\n<script type=\"application\/ld+json\" class=\"yoast-schema-graph\">{\"@context\":\"https:\\\/\\\/schema.org\",\"@graph\":[{\"@type\":\"Article\",\"@id\":\"https:\\\/\\\/batijournal.com\\\/index.php\\\/40-mw-appel-doffres-autoconsommation\\\/93548\\\/#article\",\"isPartOf\":{\"@id\":\"https:\\\/\\\/batijournal.com\\\/index.php\\\/40-mw-appel-doffres-autoconsommation\\\/93548\\\/\"},\"author\":{\"name\":\"St\u00e9phane Miget\",\"@id\":\"https:\\\/\\\/batijournal.com\\\/#\\\/schema\\\/person\\\/1dc96ec6957aa1ccb25ebe78bb19f100\"},\"headline\":\"40 MW dans un appel d\u2019offres \u00ab autoconsommation \u00bb\",\"datePublished\":\"2016-08-04T06:51:17+00:00\",\"dateModified\":\"2019-07-15T10:22:06+00:00\",\"mainEntityOfPage\":{\"@id\":\"https:\\\/\\\/batijournal.com\\\/index.php\\\/40-mw-appel-doffres-autoconsommation\\\/93548\\\/\"},\"wordCount\":220,\"image\":{\"@id\":\"https:\\\/\\\/batijournal.com\\\/index.php\\\/40-mw-appel-doffres-autoconsommation\\\/93548\\\/#primaryimage\"},\"thumbnailUrl\":\"https:\\\/\\\/batijournal.com\\\/wp-content\\\/uploads\\\/2015\\\/05\\\/99857159.jpg\",\"keywords\":[\"\u00e9nergie renouvelable\",\"photovolta\u00efque\"],\"articleSection\":[\"A la Une\",\"\u00c9nergie &amp; Environnement\"],\"inLanguage\":\"fr-FR\"},{\"@type\":\"WebPage\",\"@id\":\"https:\\\/\\\/batijournal.com\\\/index.php\\\/40-mw-appel-doffres-autoconsommation\\\/93548\\\/\",\"url\":\"https:\\\/\\\/batijournal.com\\\/index.php\\\/40-mw-appel-doffres-autoconsommation\\\/93548\\\/\",\"name\":\"40 MW dans un appel d\u2019offres \u00ab autoconsommation \u00bb\",\"isPartOf\":{\"@id\":\"https:\\\/\\\/batijournal.com\\\/#website\"},\"primaryImageOfPage\":{\"@id\":\"https:\\\/\\\/batijournal.com\\\/index.php\\\/40-mw-appel-doffres-autoconsommation\\\/93548\\\/#primaryimage\"},\"image\":{\"@id\":\"https:\\\/\\\/batijournal.com\\\/index.php\\\/40-mw-appel-doffres-autoconsommation\\\/93548\\\/#primaryimage\"},\"thumbnailUrl\":\"https:\\\/\\\/batijournal.com\\\/wp-content\\\/uploads\\\/2015\\\/05\\\/99857159.jpg\",\"datePublished\":\"2016-08-04T06:51:17+00:00\",\"dateModified\":\"2019-07-15T10:22:06+00:00\",\"author\":{\"@id\":\"https:\\\/\\\/batijournal.com\\\/#\\\/schema\\\/person\\\/1dc96ec6957aa1ccb25ebe78bb19f100\"},\"breadcrumb\":{\"@id\":\"https:\\\/\\\/batijournal.com\\\/index.php\\\/40-mw-appel-doffres-autoconsommation\\\/93548\\\/#breadcrumb\"},\"inLanguage\":\"fr-FR\",\"potentialAction\":[{\"@type\":\"ReadAction\",\"target\":[\"https:\\\/\\\/batijournal.com\\\/index.php\\\/40-mw-appel-doffres-autoconsommation\\\/93548\\\/\"]}]},{\"@type\":\"ImageObject\",\"inLanguage\":\"fr-FR\",\"@id\":\"https:\\\/\\\/batijournal.com\\\/index.php\\\/40-mw-appel-doffres-autoconsommation\\\/93548\\\/#primaryimage\",\"url\":\"https:\\\/\\\/batijournal.com\\\/wp-content\\\/uploads\\\/2015\\\/05\\\/99857159.jpg\",\"contentUrl\":\"https:\\\/\\\/batijournal.com\\\/wp-content\\\/uploads\\\/2015\\\/05\\\/99857159.jpg\",\"width\":600,\"height\":399,\"caption\":\"panneaux photovolta\u00efques\"},{\"@type\":\"BreadcrumbList\",\"@id\":\"https:\\\/\\\/batijournal.com\\\/index.php\\\/40-mw-appel-doffres-autoconsommation\\\/93548\\\/#breadcrumb\",\"itemListElement\":[{\"@type\":\"ListItem\",\"position\":1,\"name\":\"Accueil\",\"item\":\"https:\\\/\\\/batijournal.com\\\/\"},{\"@type\":\"ListItem\",\"position\":2,\"name\":\"Actualit\u00e9s\",\"item\":\"https:\\\/\\\/batijournal.com\\\/index.php\\\/category\\\/actualites\\\/\"},{\"@type\":\"ListItem\",\"position\":3,\"name\":\"\u00c9nergie &amp; Environnement\",\"item\":\"https:\\\/\\\/batijournal.com\\\/index.php\\\/category\\\/actualites\\\/energie-environnement\\\/\"},{\"@type\":\"ListItem\",\"position\":4,\"name\":\"40 MW dans un appel d\u2019offres \u00ab autoconsommation \u00bb\"}]},{\"@type\":\"WebSite\",\"@id\":\"https:\\\/\\\/batijournal.com\\\/#website\",\"url\":\"https:\\\/\\\/batijournal.com\\\/\",\"name\":\"Batijournal\",\"description\":\"L&#039;actualit\u00e9 du b\u00e2timent\",\"potentialAction\":[{\"@type\":\"SearchAction\",\"target\":{\"@type\":\"EntryPoint\",\"urlTemplate\":\"https:\\\/\\\/batijournal.com\\\/?s={search_term_string}\"},\"query-input\":{\"@type\":\"PropertyValueSpecification\",\"valueRequired\":true,\"valueName\":\"search_term_string\"}}],\"inLanguage\":\"fr-FR\"},{\"@type\":\"Person\",\"@id\":\"https:\\\/\\\/batijournal.com\\\/#\\\/schema\\\/person\\\/1dc96ec6957aa1ccb25ebe78bb19f100\",\"name\":\"St\u00e9phane Miget\",\"image\":{\"@type\":\"ImageObject\",\"inLanguage\":\"fr-FR\",\"@id\":\"https:\\\/\\\/secure.gravatar.com\\\/avatar\\\/89915563d925342126b8ef0281b93d9d7fc337043e8df017f780908eb9644451?s=96&d=mm&r=g\",\"url\":\"https:\\\/\\\/secure.gravatar.com\\\/avatar\\\/89915563d925342126b8ef0281b93d9d7fc337043e8df017f780908eb9644451?s=96&d=mm&r=g\",\"contentUrl\":\"https:\\\/\\\/secure.gravatar.com\\\/avatar\\\/89915563d925342126b8ef0281b93d9d7fc337043e8df017f780908eb9644451?s=96&d=mm&r=g\",\"caption\":\"St\u00e9phane Miget\"},\"url\":\"https:\\\/\\\/batijournal.com\\\/index.php\\\/author\\\/stephane\\\/\"}]}<\/script>\n<!-- \/ Yoast SEO plugin. -->","yoast_head_json":{"title":"40 MW dans un appel d\u2019offres \u00ab autoconsommation \u00bb","robots":{"index":"index","follow":"follow","max-snippet":"max-snippet:-1","max-image-preview":"max-image-preview:large","max-video-preview":"max-video-preview:-1"},"canonical":"https:\/\/batijournal.com\/index.php\/40-mw-appel-doffres-autoconsommation\/93548\/","og_locale":"fr_FR","og_type":"article","og_title":"40 MW dans un appel d\u2019offres \u00ab autoconsommation \u00bb","og_description":"S\u00e9gol\u00e8ne Royal vient de lancer un appel d\u2019offres ouvert aux consommateurs des secteurs industriels, tertiaires et agricoles, en particulier aux centres commerciaux, acteurs \u00e9conomiques pour lesquels l\u2019autoconsommation peut apporter les b\u00e9n\u00e9fices les plus importants. Toutes les technologies renouvelables sont admises (solaire, petite-hydro, moulins, etc.). L\u2019appel d\u2019offres porte sur des installations de 100 \u00e0 500 kW. [&hellip;]","og_url":"https:\/\/batijournal.com\/index.php\/40-mw-appel-doffres-autoconsommation\/93548\/","og_site_name":"Batijournal","article_published_time":"2016-08-04T06:51:17+00:00","article_modified_time":"2019-07-15T10:22:06+00:00","og_image":[{"width":600,"height":399,"url":"https:\/\/batijournal.com\/wp-content\/uploads\/2015\/05\/99857159.jpg","type":"image\/jpeg"}],"author":"St\u00e9phane Miget","twitter_card":"summary_large_image","twitter_creator":"@bati_journal","twitter_site":"@bati_journal","twitter_misc":{"\u00c9crit par":"St\u00e9phane Miget","Dur\u00e9e de lecture estim\u00e9e":"1 minute"},"schema":{"@context":"https:\/\/schema.org","@graph":[{"@type":"Article","@id":"https:\/\/batijournal.com\/index.php\/40-mw-appel-doffres-autoconsommation\/93548\/#article","isPartOf":{"@id":"https:\/\/batijournal.com\/index.php\/40-mw-appel-doffres-autoconsommation\/93548\/"},"author":{"name":"St\u00e9phane Miget","@id":"https:\/\/batijournal.com\/#\/schema\/person\/1dc96ec6957aa1ccb25ebe78bb19f100"},"headline":"40 MW dans un appel d\u2019offres \u00ab autoconsommation \u00bb","datePublished":"2016-08-04T06:51:17+00:00","dateModified":"2019-07-15T10:22:06+00:00","mainEntityOfPage":{"@id":"https:\/\/batijournal.com\/index.php\/40-mw-appel-doffres-autoconsommation\/93548\/"},"wordCount":220,"image":{"@id":"https:\/\/batijournal.com\/index.php\/40-mw-appel-doffres-autoconsommation\/93548\/#primaryimage"},"thumbnailUrl":"https:\/\/batijournal.com\/wp-content\/uploads\/2015\/05\/99857159.jpg","keywords":["\u00e9nergie renouvelable","photovolta\u00efque"],"articleSection":["A la Une","\u00c9nergie &amp; Environnement"],"inLanguage":"fr-FR"},{"@type":"WebPage","@id":"https:\/\/batijournal.com\/index.php\/40-mw-appel-doffres-autoconsommation\/93548\/","url":"https:\/\/batijournal.com\/index.php\/40-mw-appel-doffres-autoconsommation\/93548\/","name":"40 MW dans un appel d\u2019offres \u00ab autoconsommation \u00bb","isPartOf":{"@id":"https:\/\/batijournal.com\/#website"},"primaryImageOfPage":{"@id":"https:\/\/batijournal.com\/index.php\/40-mw-appel-doffres-autoconsommation\/93548\/#primaryimage"},"image":{"@id":"https:\/\/batijournal.com\/index.php\/40-mw-appel-doffres-autoconsommation\/93548\/#primaryimage"},"thumbnailUrl":"https:\/\/batijournal.com\/wp-content\/uploads\/2015\/05\/99857159.jpg","datePublished":"2016-08-04T06:51:17+00:00","dateModified":"2019-07-15T10:22:06+00:00","author":{"@id":"https:\/\/batijournal.com\/#\/schema\/person\/1dc96ec6957aa1ccb25ebe78bb19f100"},"breadcrumb":{"@id":"https:\/\/batijournal.com\/index.php\/40-mw-appel-doffres-autoconsommation\/93548\/#breadcrumb"},"inLanguage":"fr-FR","potentialAction":[{"@type":"ReadAction","target":["https:\/\/batijournal.com\/index.php\/40-mw-appel-doffres-autoconsommation\/93548\/"]}]},{"@type":"ImageObject","inLanguage":"fr-FR","@id":"https:\/\/batijournal.com\/index.php\/40-mw-appel-doffres-autoconsommation\/93548\/#primaryimage","url":"https:\/\/batijournal.com\/wp-content\/uploads\/2015\/05\/99857159.jpg","contentUrl":"https:\/\/batijournal.com\/wp-content\/uploads\/2015\/05\/99857159.jpg","width":600,"height":399,"caption":"panneaux photovolta\u00efques"},{"@type":"BreadcrumbList","@id":"https:\/\/batijournal.com\/index.php\/40-mw-appel-doffres-autoconsommation\/93548\/#breadcrumb","itemListElement":[{"@type":"ListItem","position":1,"name":"Accueil","item":"https:\/\/batijournal.com\/"},{"@type":"ListItem","position":2,"name":"Actualit\u00e9s","item":"https:\/\/batijournal.com\/index.php\/category\/actualites\/"},{"@type":"ListItem","position":3,"name":"\u00c9nergie &amp; Environnement","item":"https:\/\/batijournal.com\/index.php\/category\/actualites\/energie-environnement\/"},{"@type":"ListItem","position":4,"name":"40 MW dans un appel d\u2019offres \u00ab autoconsommation \u00bb"}]},{"@type":"WebSite","@id":"https:\/\/batijournal.com\/#website","url":"https:\/\/batijournal.com\/","name":"Batijournal","description":"L&#039;actualit\u00e9 du b\u00e2timent","potentialAction":[{"@type":"SearchAction","target":{"@type":"EntryPoint","urlTemplate":"https:\/\/batijournal.com\/?s={search_term_string}"},"query-input":{"@type":"PropertyValueSpecification","valueRequired":true,"valueName":"search_term_string"}}],"inLanguage":"fr-FR"},{"@type":"Person","@id":"https:\/\/batijournal.com\/#\/schema\/person\/1dc96ec6957aa1ccb25ebe78bb19f100","name":"St\u00e9phane Miget","image":{"@type":"ImageObject","inLanguage":"fr-FR","@id":"https:\/\/secure.gravatar.com\/avatar\/89915563d925342126b8ef0281b93d9d7fc337043e8df017f780908eb9644451?s=96&d=mm&r=g","url":"https:\/\/secure.gravatar.com\/avatar\/89915563d925342126b8ef0281b93d9d7fc337043e8df017f780908eb9644451?s=96&d=mm&r=g","contentUrl":"https:\/\/secure.gravatar.com\/avatar\/89915563d925342126b8ef0281b93d9d7fc337043e8df017f780908eb9644451?s=96&d=mm&r=g","caption":"St\u00e9phane Miget"},"url":"https:\/\/batijournal.com\/index.php\/author\/stephane\/"}]}},"_links":{"self":[{"href":"https:\/\/batijournal.com\/index.php\/wp-json\/wp\/v2\/posts\/93548","targetHints":{"allow":["GET"]}}],"collection":[{"href":"https:\/\/batijournal.com\/index.php\/wp-json\/wp\/v2\/posts"}],"about":[{"href":"https:\/\/batijournal.com\/index.php\/wp-json\/wp\/v2\/types\/post"}],"author":[{"embeddable":true,"href":"https:\/\/batijournal.com\/index.php\/wp-json\/wp\/v2\/users\/17"}],"replies":[{"embeddable":true,"href":"https:\/\/batijournal.com\/index.php\/wp-json\/wp\/v2\/comments?post=93548"}],"version-history":[{"count":0,"href":"https:\/\/batijournal.com\/index.php\/wp-json\/wp\/v2\/posts\/93548\/revisions"}],"wp:featuredmedia":[{"embeddable":true,"href":"https:\/\/batijournal.com\/index.php\/wp-json\/wp\/v2\/media\/87322"}],"wp:attachment":[{"href":"https:\/\/batijournal.com\/index.php\/wp-json\/wp\/v2\/media?parent=93548"}],"wp:term":[{"taxonomy":"category","embeddable":true,"href":"https:\/\/batijournal.com\/index.php\/wp-json\/wp\/v2\/categories?post=93548"},{"taxonomy":"post_tag","embeddable":true,"href":"https:\/\/batijournal.com\/index.php\/wp-json\/wp\/v2\/tags?post=93548"}],"curies":[{"name":"wp","href":"https:\/\/api.w.org\/{rel}","templated":true}]}}