{"id":93581,"date":"2016-08-25T11:38:22","date_gmt":"2016-08-25T09:38:22","guid":{"rendered":"http:\/\/batijournal.com\/?p=93581"},"modified":"2019-07-15T11:34:10","modified_gmt":"2019-07-15T09:34:10","slug":"lancement-fonds-national-aides-a-pierre","status":"publish","type":"post","link":"https:\/\/batijournal.com\/index.php\/lancement-fonds-national-aides-a-pierre\/93581\/","title":{"rendered":"Lancement du Fonds national des aides \u00e0 la pierre"},"content":{"rendered":"<p><strong>Le Fonds national des aides \u00e0 la pierre (FNAP) est d\u00e9sormais une r\u00e9alit\u00e9, Emmanuelle Cosse, ministre du Logement et de l\u2019Habitat durable, a proc\u00e9d\u00e9, mardi 23 ao\u00fbt 2016, \u00e0 l\u2019installation de son Conseil d\u2019Administration. Ce fonds devrait permettre de simplifier et clarifier la programmation et la gestion des aides \u00e0 la pierre, de s\u00e9curiser et p\u00e9renniser leur financement par la mutualisation des ressources de l\u2019\u00c9tat et des organismes HLM et d&rsquo;associer plus \u00e9troitement les bailleurs sociaux et les collectivit\u00e9s locales \u00e0 la d\u00e9finition de la politique de production de logements sociaux et \u00e0 une meilleure r\u00e9partition sur le territoire en fonction des besoins identifi\u00e9s.<\/strong><\/p>\n<p>La mise en place du FNAP vise \u00e0 doter les acteurs du logement social des outils et dispositifs permettant d\u2019atteindre les objectifs en mati\u00e8re de production mais aussi d\u2019adaptation de l\u2019offre de logements sociaux :<br \/>\n&#8211; mutualisation des fonds propres des bailleurs sociaux ;<br \/>\n&#8211; mise \u00e0 disposition des organismes de logement social d\u2019une enveloppe de 2<br \/>\nmilliards d\u2019euros sous forme de pr\u00eats de haut de bilan ;<br \/>\n&#8211; r\u00e9forme d\u2019Action Logement ;<br \/>\n&#8211; dispositifs pr\u00e9vus par la loi Egalit\u00e9 Citoyennet\u00e9, tant sur les attributions de logements sociaux que la politique des loyers ou encore l\u2019augmentation de l\u2019offre sur les communes SRU.<\/p>\n<p>Le FNAP sera dot\u00e9 de plus de 500 millions d\u2019euros, d\u00e8s cette ann\u00e9e : 250 millions d&rsquo;euros en cr\u00e9dits de paiement de l&rsquo;Etat, compl\u00e9t\u00e9s par une participation \u00e9quivalente des organismes HLM.<\/p>\n<p>Dans les semaines et mois \u00e0 venir, le conseil d\u2019administration s\u2019organisera en groupes de travail th\u00e9matiques sur les principes et les d\u00e9terminants de la programmation des aides \u00e0 la pierre. La synth\u00e8se de ces travaux sera pr\u00e9sent\u00e9e et discut\u00e9e fin novembre avant d\u2019\u00eatre reprise dans la d\u00e9lib\u00e9ration qui sera adopt\u00e9e au conseil d\u2019administration de d\u00e9cembre.<\/p>\n","protected":false},"excerpt":{"rendered":"<p>Le Fonds national des aides \u00e0 la pierre (FNAP) est d\u00e9sormais une r\u00e9alit\u00e9, Emmanuelle Cosse, ministre du Logement et de l\u2019Habitat durable, a proc\u00e9d\u00e9, mardi 23 ao\u00fbt 2016, \u00e0 l\u2019installation de son Conseil d\u2019Administration. Ce fonds devrait permettre de simplifier et clarifier la programmation et la gestion des aides \u00e0 la pierre, de s\u00e9curiser et [&hellip;]<\/p>\n","protected":false},"author":17,"featured_media":93582,"comment_status":"closed","ping_status":"closed","sticky":false,"template":"","format":"standard","meta":{"_et_pb_use_builder":"","_et_pb_old_content":"","_et_gb_content_width":"","footnotes":""},"categories":[6345],"tags":[1290,1601],"class_list":["post-93581","post","type-post","status-publish","format-standard","has-post-thumbnail","hentry","category-economie-marches","tag-hlm","tag-logement-social"],"yoast_head":"<!-- This site is optimized with the Yoast SEO plugin v27.4 - https:\/\/yoast.com\/product\/yoast-seo-wordpress\/ -->\n<title>Lancement du Fonds national des aides \u00e0 la pierre<\/title>\n<meta name=\"robots\" content=\"index, follow, max-snippet:-1, max-image-preview:large, max-video-preview:-1\" \/>\n<link rel=\"canonical\" href=\"https:\/\/batijournal.com\/index.php\/lancement-fonds-national-aides-a-pierre\/93581\/\" \/>\n<meta property=\"og:locale\" content=\"fr_FR\" \/>\n<meta property=\"og:type\" content=\"article\" \/>\n<meta property=\"og:title\" content=\"Lancement du Fonds national des aides \u00e0 la pierre\" \/>\n<meta property=\"og:description\" content=\"Le Fonds national des aides \u00e0 la pierre (FNAP) est d\u00e9sormais une r\u00e9alit\u00e9, Emmanuelle Cosse, ministre du Logement et de l\u2019Habitat durable, a proc\u00e9d\u00e9, mardi 23 ao\u00fbt 2016, \u00e0 l\u2019installation de son Conseil d\u2019Administration. Ce fonds devrait permettre de simplifier et clarifier la programmation et la gestion des aides \u00e0 la pierre, de s\u00e9curiser et [&hellip;]\" \/>\n<meta property=\"og:url\" content=\"https:\/\/batijournal.com\/index.php\/lancement-fonds-national-aides-a-pierre\/93581\/\" \/>\n<meta property=\"og:site_name\" content=\"Batijournal\" \/>\n<meta property=\"article:published_time\" content=\"2016-08-25T09:38:22+00:00\" \/>\n<meta property=\"article:modified_time\" content=\"2019-07-15T09:34:10+00:00\" \/>\n<meta property=\"og:image\" content=\"https:\/\/batijournal.com\/wp-content\/uploads\/2016\/08\/fonds-national-aides-a-la-pierre.png\" \/>\n\t<meta property=\"og:image:width\" content=\"1188\" \/>\n\t<meta property=\"og:image:height\" content=\"592\" \/>\n\t<meta property=\"og:image:type\" content=\"image\/png\" \/>\n<meta name=\"author\" content=\"St\u00e9phane Miget\" \/>\n<meta name=\"twitter:card\" content=\"summary_large_image\" \/>\n<meta name=\"twitter:creator\" content=\"@bati_journal\" \/>\n<meta name=\"twitter:site\" content=\"@bati_journal\" \/>\n<meta name=\"twitter:label1\" content=\"\u00c9crit par\" \/>\n\t<meta name=\"twitter:data1\" content=\"St\u00e9phane Miget\" \/>\n\t<meta name=\"twitter:label2\" content=\"Dur\u00e9e de lecture estim\u00e9e\" \/>\n\t<meta name=\"twitter:data2\" content=\"2 minutes\" \/>\n<script type=\"application\/ld+json\" class=\"yoast-schema-graph\">{\"@context\":\"https:\\\/\\\/schema.org\",\"@graph\":[{\"@type\":\"Article\",\"@id\":\"https:\\\/\\\/batijournal.com\\\/index.php\\\/lancement-fonds-national-aides-a-pierre\\\/93581\\\/#article\",\"isPartOf\":{\"@id\":\"https:\\\/\\\/batijournal.com\\\/index.php\\\/lancement-fonds-national-aides-a-pierre\\\/93581\\\/\"},\"author\":{\"name\":\"St\u00e9phane Miget\",\"@id\":\"https:\\\/\\\/batijournal.com\\\/#\\\/schema\\\/person\\\/1dc96ec6957aa1ccb25ebe78bb19f100\"},\"headline\":\"Lancement du Fonds national des aides \u00e0 la pierre\",\"datePublished\":\"2016-08-25T09:38:22+00:00\",\"dateModified\":\"2019-07-15T09:34:10+00:00\",\"mainEntityOfPage\":{\"@id\":\"https:\\\/\\\/batijournal.com\\\/index.php\\\/lancement-fonds-national-aides-a-pierre\\\/93581\\\/\"},\"wordCount\":330,\"image\":{\"@id\":\"https:\\\/\\\/batijournal.com\\\/index.php\\\/lancement-fonds-national-aides-a-pierre\\\/93581\\\/#primaryimage\"},\"thumbnailUrl\":\"https:\\\/\\\/batijournal.com\\\/wp-content\\\/uploads\\\/2016\\\/08\\\/fonds-national-aides-a-la-pierre.png\",\"keywords\":[\"HLM\",\"logement social\"],\"articleSection\":[\"\u00c9conomie &amp; March\u00e9s\"],\"inLanguage\":\"fr-FR\"},{\"@type\":\"WebPage\",\"@id\":\"https:\\\/\\\/batijournal.com\\\/index.php\\\/lancement-fonds-national-aides-a-pierre\\\/93581\\\/\",\"url\":\"https:\\\/\\\/batijournal.com\\\/index.php\\\/lancement-fonds-national-aides-a-pierre\\\/93581\\\/\",\"name\":\"Lancement du Fonds national des aides \u00e0 la pierre\",\"isPartOf\":{\"@id\":\"https:\\\/\\\/batijournal.com\\\/#website\"},\"primaryImageOfPage\":{\"@id\":\"https:\\\/\\\/batijournal.com\\\/index.php\\\/lancement-fonds-national-aides-a-pierre\\\/93581\\\/#primaryimage\"},\"image\":{\"@id\":\"https:\\\/\\\/batijournal.com\\\/index.php\\\/lancement-fonds-national-aides-a-pierre\\\/93581\\\/#primaryimage\"},\"thumbnailUrl\":\"https:\\\/\\\/batijournal.com\\\/wp-content\\\/uploads\\\/2016\\\/08\\\/fonds-national-aides-a-la-pierre.png\",\"datePublished\":\"2016-08-25T09:38:22+00:00\",\"dateModified\":\"2019-07-15T09:34:10+00:00\",\"author\":{\"@id\":\"https:\\\/\\\/batijournal.com\\\/#\\\/schema\\\/person\\\/1dc96ec6957aa1ccb25ebe78bb19f100\"},\"breadcrumb\":{\"@id\":\"https:\\\/\\\/batijournal.com\\\/index.php\\\/lancement-fonds-national-aides-a-pierre\\\/93581\\\/#breadcrumb\"},\"inLanguage\":\"fr-FR\",\"potentialAction\":[{\"@type\":\"ReadAction\",\"target\":[\"https:\\\/\\\/batijournal.com\\\/index.php\\\/lancement-fonds-national-aides-a-pierre\\\/93581\\\/\"]}]},{\"@type\":\"ImageObject\",\"inLanguage\":\"fr-FR\",\"@id\":\"https:\\\/\\\/batijournal.com\\\/index.php\\\/lancement-fonds-national-aides-a-pierre\\\/93581\\\/#primaryimage\",\"url\":\"https:\\\/\\\/batijournal.com\\\/wp-content\\\/uploads\\\/2016\\\/08\\\/fonds-national-aides-a-la-pierre.png\",\"contentUrl\":\"https:\\\/\\\/batijournal.com\\\/wp-content\\\/uploads\\\/2016\\\/08\\\/fonds-national-aides-a-la-pierre.png\",\"width\":1188,\"height\":592,\"caption\":\"fonds national des aides \u00e0 la pierre\"},{\"@type\":\"BreadcrumbList\",\"@id\":\"https:\\\/\\\/batijournal.com\\\/index.php\\\/lancement-fonds-national-aides-a-pierre\\\/93581\\\/#breadcrumb\",\"itemListElement\":[{\"@type\":\"ListItem\",\"position\":1,\"name\":\"Accueil\",\"item\":\"https:\\\/\\\/batijournal.com\\\/\"},{\"@type\":\"ListItem\",\"position\":2,\"name\":\"Actualit\u00e9s\",\"item\":\"https:\\\/\\\/batijournal.com\\\/index.php\\\/category\\\/actualites\\\/\"},{\"@type\":\"ListItem\",\"position\":3,\"name\":\"\u00c9conomie &amp; March\u00e9s\",\"item\":\"https:\\\/\\\/batijournal.com\\\/index.php\\\/category\\\/actualites\\\/economie-marches\\\/\"},{\"@type\":\"ListItem\",\"position\":4,\"name\":\"Lancement du Fonds national des aides \u00e0 la pierre\"}]},{\"@type\":\"WebSite\",\"@id\":\"https:\\\/\\\/batijournal.com\\\/#website\",\"url\":\"https:\\\/\\\/batijournal.com\\\/\",\"name\":\"Batijournal\",\"description\":\"L&#039;actualit\u00e9 du b\u00e2timent\",\"potentialAction\":[{\"@type\":\"SearchAction\",\"target\":{\"@type\":\"EntryPoint\",\"urlTemplate\":\"https:\\\/\\\/batijournal.com\\\/?s={search_term_string}\"},\"query-input\":{\"@type\":\"PropertyValueSpecification\",\"valueRequired\":true,\"valueName\":\"search_term_string\"}}],\"inLanguage\":\"fr-FR\"},{\"@type\":\"Person\",\"@id\":\"https:\\\/\\\/batijournal.com\\\/#\\\/schema\\\/person\\\/1dc96ec6957aa1ccb25ebe78bb19f100\",\"name\":\"St\u00e9phane Miget\",\"image\":{\"@type\":\"ImageObject\",\"inLanguage\":\"fr-FR\",\"@id\":\"https:\\\/\\\/secure.gravatar.com\\\/avatar\\\/89915563d925342126b8ef0281b93d9d7fc337043e8df017f780908eb9644451?s=96&d=mm&r=g\",\"url\":\"https:\\\/\\\/secure.gravatar.com\\\/avatar\\\/89915563d925342126b8ef0281b93d9d7fc337043e8df017f780908eb9644451?s=96&d=mm&r=g\",\"contentUrl\":\"https:\\\/\\\/secure.gravatar.com\\\/avatar\\\/89915563d925342126b8ef0281b93d9d7fc337043e8df017f780908eb9644451?s=96&d=mm&r=g\",\"caption\":\"St\u00e9phane Miget\"},\"url\":\"https:\\\/\\\/batijournal.com\\\/index.php\\\/author\\\/stephane\\\/\"}]}<\/script>\n<!-- \/ Yoast SEO plugin. -->","yoast_head_json":{"title":"Lancement du Fonds national des aides \u00e0 la pierre","robots":{"index":"index","follow":"follow","max-snippet":"max-snippet:-1","max-image-preview":"max-image-preview:large","max-video-preview":"max-video-preview:-1"},"canonical":"https:\/\/batijournal.com\/index.php\/lancement-fonds-national-aides-a-pierre\/93581\/","og_locale":"fr_FR","og_type":"article","og_title":"Lancement du Fonds national des aides \u00e0 la pierre","og_description":"Le Fonds national des aides \u00e0 la pierre (FNAP) est d\u00e9sormais une r\u00e9alit\u00e9, Emmanuelle Cosse, ministre du Logement et de l\u2019Habitat durable, a proc\u00e9d\u00e9, mardi 23 ao\u00fbt 2016, \u00e0 l\u2019installation de son Conseil d\u2019Administration. Ce fonds devrait permettre de simplifier et clarifier la programmation et la gestion des aides \u00e0 la pierre, de s\u00e9curiser et [&hellip;]","og_url":"https:\/\/batijournal.com\/index.php\/lancement-fonds-national-aides-a-pierre\/93581\/","og_site_name":"Batijournal","article_published_time":"2016-08-25T09:38:22+00:00","article_modified_time":"2019-07-15T09:34:10+00:00","og_image":[{"width":1188,"height":592,"url":"https:\/\/batijournal.com\/wp-content\/uploads\/2016\/08\/fonds-national-aides-a-la-pierre.png","type":"image\/png"}],"author":"St\u00e9phane Miget","twitter_card":"summary_large_image","twitter_creator":"@bati_journal","twitter_site":"@bati_journal","twitter_misc":{"\u00c9crit par":"St\u00e9phane Miget","Dur\u00e9e de lecture estim\u00e9e":"2 minutes"},"schema":{"@context":"https:\/\/schema.org","@graph":[{"@type":"Article","@id":"https:\/\/batijournal.com\/index.php\/lancement-fonds-national-aides-a-pierre\/93581\/#article","isPartOf":{"@id":"https:\/\/batijournal.com\/index.php\/lancement-fonds-national-aides-a-pierre\/93581\/"},"author":{"name":"St\u00e9phane Miget","@id":"https:\/\/batijournal.com\/#\/schema\/person\/1dc96ec6957aa1ccb25ebe78bb19f100"},"headline":"Lancement du Fonds national des aides \u00e0 la pierre","datePublished":"2016-08-25T09:38:22+00:00","dateModified":"2019-07-15T09:34:10+00:00","mainEntityOfPage":{"@id":"https:\/\/batijournal.com\/index.php\/lancement-fonds-national-aides-a-pierre\/93581\/"},"wordCount":330,"image":{"@id":"https:\/\/batijournal.com\/index.php\/lancement-fonds-national-aides-a-pierre\/93581\/#primaryimage"},"thumbnailUrl":"https:\/\/batijournal.com\/wp-content\/uploads\/2016\/08\/fonds-national-aides-a-la-pierre.png","keywords":["HLM","logement social"],"articleSection":["\u00c9conomie &amp; March\u00e9s"],"inLanguage":"fr-FR"},{"@type":"WebPage","@id":"https:\/\/batijournal.com\/index.php\/lancement-fonds-national-aides-a-pierre\/93581\/","url":"https:\/\/batijournal.com\/index.php\/lancement-fonds-national-aides-a-pierre\/93581\/","name":"Lancement du Fonds national des aides \u00e0 la pierre","isPartOf":{"@id":"https:\/\/batijournal.com\/#website"},"primaryImageOfPage":{"@id":"https:\/\/batijournal.com\/index.php\/lancement-fonds-national-aides-a-pierre\/93581\/#primaryimage"},"image":{"@id":"https:\/\/batijournal.com\/index.php\/lancement-fonds-national-aides-a-pierre\/93581\/#primaryimage"},"thumbnailUrl":"https:\/\/batijournal.com\/wp-content\/uploads\/2016\/08\/fonds-national-aides-a-la-pierre.png","datePublished":"2016-08-25T09:38:22+00:00","dateModified":"2019-07-15T09:34:10+00:00","author":{"@id":"https:\/\/batijournal.com\/#\/schema\/person\/1dc96ec6957aa1ccb25ebe78bb19f100"},"breadcrumb":{"@id":"https:\/\/batijournal.com\/index.php\/lancement-fonds-national-aides-a-pierre\/93581\/#breadcrumb"},"inLanguage":"fr-FR","potentialAction":[{"@type":"ReadAction","target":["https:\/\/batijournal.com\/index.php\/lancement-fonds-national-aides-a-pierre\/93581\/"]}]},{"@type":"ImageObject","inLanguage":"fr-FR","@id":"https:\/\/batijournal.com\/index.php\/lancement-fonds-national-aides-a-pierre\/93581\/#primaryimage","url":"https:\/\/batijournal.com\/wp-content\/uploads\/2016\/08\/fonds-national-aides-a-la-pierre.png","contentUrl":"https:\/\/batijournal.com\/wp-content\/uploads\/2016\/08\/fonds-national-aides-a-la-pierre.png","width":1188,"height":592,"caption":"fonds national des aides \u00e0 la pierre"},{"@type":"BreadcrumbList","@id":"https:\/\/batijournal.com\/index.php\/lancement-fonds-national-aides-a-pierre\/93581\/#breadcrumb","itemListElement":[{"@type":"ListItem","position":1,"name":"Accueil","item":"https:\/\/batijournal.com\/"},{"@type":"ListItem","position":2,"name":"Actualit\u00e9s","item":"https:\/\/batijournal.com\/index.php\/category\/actualites\/"},{"@type":"ListItem","position":3,"name":"\u00c9conomie &amp; March\u00e9s","item":"https:\/\/batijournal.com\/index.php\/category\/actualites\/economie-marches\/"},{"@type":"ListItem","position":4,"name":"Lancement du Fonds national des aides \u00e0 la pierre"}]},{"@type":"WebSite","@id":"https:\/\/batijournal.com\/#website","url":"https:\/\/batijournal.com\/","name":"Batijournal","description":"L&#039;actualit\u00e9 du b\u00e2timent","potentialAction":[{"@type":"SearchAction","target":{"@type":"EntryPoint","urlTemplate":"https:\/\/batijournal.com\/?s={search_term_string}"},"query-input":{"@type":"PropertyValueSpecification","valueRequired":true,"valueName":"search_term_string"}}],"inLanguage":"fr-FR"},{"@type":"Person","@id":"https:\/\/batijournal.com\/#\/schema\/person\/1dc96ec6957aa1ccb25ebe78bb19f100","name":"St\u00e9phane Miget","image":{"@type":"ImageObject","inLanguage":"fr-FR","@id":"https:\/\/secure.gravatar.com\/avatar\/89915563d925342126b8ef0281b93d9d7fc337043e8df017f780908eb9644451?s=96&d=mm&r=g","url":"https:\/\/secure.gravatar.com\/avatar\/89915563d925342126b8ef0281b93d9d7fc337043e8df017f780908eb9644451?s=96&d=mm&r=g","contentUrl":"https:\/\/secure.gravatar.com\/avatar\/89915563d925342126b8ef0281b93d9d7fc337043e8df017f780908eb9644451?s=96&d=mm&r=g","caption":"St\u00e9phane Miget"},"url":"https:\/\/batijournal.com\/index.php\/author\/stephane\/"}]}},"_links":{"self":[{"href":"https:\/\/batijournal.com\/index.php\/wp-json\/wp\/v2\/posts\/93581","targetHints":{"allow":["GET"]}}],"collection":[{"href":"https:\/\/batijournal.com\/index.php\/wp-json\/wp\/v2\/posts"}],"about":[{"href":"https:\/\/batijournal.com\/index.php\/wp-json\/wp\/v2\/types\/post"}],"author":[{"embeddable":true,"href":"https:\/\/batijournal.com\/index.php\/wp-json\/wp\/v2\/users\/17"}],"replies":[{"embeddable":true,"href":"https:\/\/batijournal.com\/index.php\/wp-json\/wp\/v2\/comments?post=93581"}],"version-history":[{"count":0,"href":"https:\/\/batijournal.com\/index.php\/wp-json\/wp\/v2\/posts\/93581\/revisions"}],"wp:featuredmedia":[{"embeddable":true,"href":"https:\/\/batijournal.com\/index.php\/wp-json\/wp\/v2\/media\/93582"}],"wp:attachment":[{"href":"https:\/\/batijournal.com\/index.php\/wp-json\/wp\/v2\/media?parent=93581"}],"wp:term":[{"taxonomy":"category","embeddable":true,"href":"https:\/\/batijournal.com\/index.php\/wp-json\/wp\/v2\/categories?post=93581"},{"taxonomy":"post_tag","embeddable":true,"href":"https:\/\/batijournal.com\/index.php\/wp-json\/wp\/v2\/tags?post=93581"}],"curies":[{"name":"wp","href":"https:\/\/api.w.org\/{rel}","templated":true}]}}