{"id":93585,"date":"2016-08-29T10:33:34","date_gmt":"2016-08-29T08:33:34","guid":{"rendered":"http:\/\/batijournal.com\/?p=93585"},"modified":"2019-07-15T12:02:10","modified_gmt":"2019-07-15T10:02:10","slug":"chiffres-de-construction-dynamique-se-confirme","status":"publish","type":"post","link":"https:\/\/batijournal.com\/index.php\/chiffres-de-construction-dynamique-se-confirme\/93585\/","title":{"rendered":"Chiffres de la construction : la dynamique se confirme"},"content":{"rendered":"<p><strong>Les indicateurs de la cr\u00e9ation de logements de mai 2016 \u00e0 juillet 2016 qui viennent d&rsquo;\u00eatre publi\u00e9s par le Commissariat g\u00e9n\u00e9ral au d\u00e9veloppement durable montrent que la reprise de la construction observ\u00e9e depuis plus d\u2019un an, en termes d\u2019autorisations de logements comme de mises en chantier, se poursuit.<\/strong><\/p>\n<p><strong>Permis de construire\u00a0<\/strong><\/p>\n<p>L\u2019augmentation du nombre de logements autoris\u00e9s \u00e0 la construction se poursuit ces trois derniers mois, dans la lign\u00e9e des mois pr\u00e9c\u00e9dents. A 105 600 unit\u00e9s, le nombre de permis de construire d\u00e9livr\u00e9s progresse de + 4,1 % par rapport aux mois de mai \u2013 juin \u2013 juillet de l\u2019ann\u00e9e pr\u00e9c\u00e9dente. Sur un an, le nombre de logements autoris\u00e9s s\u2019\u00e9tablit \u00e0 401 200 unit\u00e9s soit une hausse de + 8,3 % par rapport aux douze mois pr\u00e9c\u00e9dents.<br \/>\nCes r\u00e9sultats sont port\u00e9s par la forte progression des d\u00e9livrances de permis de construire pour des logements collectifs (+ 13,1 %) ainsi que ceux des logements en r\u00e9sidence (+ 15,9 %) et le maintien d\u2019un niveau \u00e9lev\u00e9 d\u2019autorisations de logements individuels purs (+ 2,3 %).<\/p>\n<p><strong>Mises en chantier<\/strong><\/p>\n<p>Avec 91 900 logements commenc\u00e9s ces trois derniers mois par rapport au m\u00eame trimestre l\u2019ann\u00e9e derni\u00e8re, l\u2019accroissement des mises en chantier se confirme avec une hausse de + 4,7 %. Cette dynamique est port\u00e9e par les mises en chantier de logements collectifs qui progressent de + 8 %. A l\u2019appui de cette tendance, le d\u00e9lai moyen d\u2019ouverture de chantiers des logements collectifs s\u2019\u00e9tablit \u00e0 7,9 mois ; un niveau largement inf\u00e9rieur \u00e0 sa moyenne de longue p\u00e9riode (10,7 mois).<br \/>\nSur un rythme annuel, ce sont ainsi 356 300 logements qui ont \u00e9t\u00e9 mis en chantier par rapport \u00e0 la p\u00e9riode ao\u00fbt 2014 &#8211; juillet 2015 soit une progression de + 5,6 %. Des r\u00e9sultats l\u00e0 encore port\u00e9s par la forte croissance du nombre des logements collectifs (+8,7 %) et des logements en r\u00e9sidences (+ 8,4 %) commenc\u00e9s.<\/p>\n<p><strong>Locaux non r\u00e9sidentiels <\/strong><\/p>\n<p>La construction de locaux non r\u00e9sidentiels affiche une dynamique durable, avec la mise en chantier de pr\u00e8s de 5,7 millions de m2 de locaux de mai \u00e0 juillet 2016, soit une hausse de + 0,4 % par rapport \u00e0 l\u2019an pass\u00e9. Cons\u00e9quence de la reprise de l\u2019activit\u00e9 \u00e9conomique, cette progression est particuli\u00e8rement forte dans l\u2019h\u00e9bergement h\u00f4telier (+ 85,4 %) et les entrep\u00f4ts (+ 23 %).<br \/>\nSur un an, pr\u00e8s de 23,9 millions de m2 de locaux non r\u00e9sidentiels ont \u00e9t\u00e9 mis en chantier, soit une hausse de 1,3 % par rapport aux douze mois pr\u00e9c\u00e9dents. Cette dynamique est marqu\u00e9e dans le secteur de l\u2019h\u00e9bergement h\u00f4telier (+ 26,1 %) ainsi que dans ceux des locaux commerciaux (+ 7,7%) et des bureaux (+ 4,9 %).<\/p>\n<blockquote><p><em>\u00ab Ces bons r\u00e9sultats constituent autant de signaux encourageants pour les mois \u00e0 venir \u00bb. a d\u00e9clar\u00e9 Emmanuelle Cosse, ministre du Logement et de l\u2019Habitat durable.\u00a0<\/em><\/p><\/blockquote>\n<p>&nbsp;<\/p>\n","protected":false},"excerpt":{"rendered":"<p>Les indicateurs de la cr\u00e9ation de logements de mai 2016 \u00e0 juillet 2016 qui viennent d&rsquo;\u00eatre publi\u00e9s par le Commissariat g\u00e9n\u00e9ral au d\u00e9veloppement durable montrent que la reprise de la construction observ\u00e9e depuis plus d\u2019un an, en termes d\u2019autorisations de logements comme de mises en chantier, se poursuit. Permis de construire\u00a0 L\u2019augmentation du nombre de [&hellip;]<\/p>\n","protected":false},"author":17,"featured_media":91626,"comment_status":"closed","ping_status":"closed","sticky":false,"template":"","format":"standard","meta":{"_et_pb_use_builder":"","_et_pb_old_content":"","_et_gb_content_width":"","footnotes":""},"categories":[6345],"tags":[440,1338],"class_list":["post-93585","post","type-post","status-publish","format-standard","has-post-thumbnail","hentry","category-economie-marches","tag-chiffres","tag-statistiques"],"yoast_head":"<!-- This site is optimized with the Yoast SEO plugin v27.4 - https:\/\/yoast.com\/product\/yoast-seo-wordpress\/ -->\n<title>Chiffres de la construction : la dynamique se confirme<\/title>\n<meta name=\"robots\" content=\"index, follow, max-snippet:-1, max-image-preview:large, max-video-preview:-1\" \/>\n<link rel=\"canonical\" href=\"https:\/\/batijournal.com\/index.php\/chiffres-de-construction-dynamique-se-confirme\/93585\/\" \/>\n<meta property=\"og:locale\" content=\"fr_FR\" \/>\n<meta property=\"og:type\" content=\"article\" \/>\n<meta property=\"og:title\" content=\"Chiffres de la construction : la dynamique se confirme\" \/>\n<meta property=\"og:description\" content=\"Les indicateurs de la cr\u00e9ation de logements de mai 2016 \u00e0 juillet 2016 qui viennent d&rsquo;\u00eatre publi\u00e9s par le Commissariat g\u00e9n\u00e9ral au d\u00e9veloppement durable montrent que la reprise de la construction observ\u00e9e depuis plus d\u2019un an, en termes d\u2019autorisations de logements comme de mises en chantier, se poursuit. Permis de construire\u00a0 L\u2019augmentation du nombre de [&hellip;]\" \/>\n<meta property=\"og:url\" content=\"https:\/\/batijournal.com\/index.php\/chiffres-de-construction-dynamique-se-confirme\/93585\/\" \/>\n<meta property=\"og:site_name\" content=\"Batijournal\" \/>\n<meta property=\"article:published_time\" content=\"2016-08-29T08:33:34+00:00\" \/>\n<meta property=\"article:modified_time\" content=\"2019-07-15T10:02:10+00:00\" \/>\n<meta property=\"og:image\" content=\"https:\/\/batijournal.com\/wp-content\/uploads\/2016\/02\/construction-2.jpg\" \/>\n\t<meta property=\"og:image:width\" content=\"974\" \/>\n\t<meta property=\"og:image:height\" content=\"629\" \/>\n\t<meta property=\"og:image:type\" content=\"image\/jpeg\" \/>\n<meta name=\"author\" content=\"St\u00e9phane Miget\" \/>\n<meta name=\"twitter:card\" content=\"summary_large_image\" \/>\n<meta name=\"twitter:creator\" content=\"@bati_journal\" \/>\n<meta name=\"twitter:site\" content=\"@bati_journal\" \/>\n<meta name=\"twitter:label1\" content=\"\u00c9crit par\" \/>\n\t<meta name=\"twitter:data1\" content=\"St\u00e9phane Miget\" \/>\n\t<meta name=\"twitter:label2\" content=\"Dur\u00e9e de lecture estim\u00e9e\" \/>\n\t<meta name=\"twitter:data2\" content=\"2 minutes\" \/>\n<script type=\"application\/ld+json\" class=\"yoast-schema-graph\">{\"@context\":\"https:\\\/\\\/schema.org\",\"@graph\":[{\"@type\":\"Article\",\"@id\":\"https:\\\/\\\/batijournal.com\\\/index.php\\\/chiffres-de-construction-dynamique-se-confirme\\\/93585\\\/#article\",\"isPartOf\":{\"@id\":\"https:\\\/\\\/batijournal.com\\\/index.php\\\/chiffres-de-construction-dynamique-se-confirme\\\/93585\\\/\"},\"author\":{\"name\":\"St\u00e9phane Miget\",\"@id\":\"https:\\\/\\\/batijournal.com\\\/#\\\/schema\\\/person\\\/1dc96ec6957aa1ccb25ebe78bb19f100\"},\"headline\":\"Chiffres de la construction : la dynamique se confirme\",\"datePublished\":\"2016-08-29T08:33:34+00:00\",\"dateModified\":\"2019-07-15T10:02:10+00:00\",\"mainEntityOfPage\":{\"@id\":\"https:\\\/\\\/batijournal.com\\\/index.php\\\/chiffres-de-construction-dynamique-se-confirme\\\/93585\\\/\"},\"wordCount\":467,\"image\":{\"@id\":\"https:\\\/\\\/batijournal.com\\\/index.php\\\/chiffres-de-construction-dynamique-se-confirme\\\/93585\\\/#primaryimage\"},\"thumbnailUrl\":\"https:\\\/\\\/batijournal.com\\\/wp-content\\\/uploads\\\/2016\\\/02\\\/construction-2.jpg\",\"keywords\":[\"chiffres\",\"statistiques\"],\"articleSection\":[\"\u00c9conomie &amp; March\u00e9s\"],\"inLanguage\":\"fr-FR\"},{\"@type\":\"WebPage\",\"@id\":\"https:\\\/\\\/batijournal.com\\\/index.php\\\/chiffres-de-construction-dynamique-se-confirme\\\/93585\\\/\",\"url\":\"https:\\\/\\\/batijournal.com\\\/index.php\\\/chiffres-de-construction-dynamique-se-confirme\\\/93585\\\/\",\"name\":\"Chiffres de la construction : la dynamique se confirme\",\"isPartOf\":{\"@id\":\"https:\\\/\\\/batijournal.com\\\/#website\"},\"primaryImageOfPage\":{\"@id\":\"https:\\\/\\\/batijournal.com\\\/index.php\\\/chiffres-de-construction-dynamique-se-confirme\\\/93585\\\/#primaryimage\"},\"image\":{\"@id\":\"https:\\\/\\\/batijournal.com\\\/index.php\\\/chiffres-de-construction-dynamique-se-confirme\\\/93585\\\/#primaryimage\"},\"thumbnailUrl\":\"https:\\\/\\\/batijournal.com\\\/wp-content\\\/uploads\\\/2016\\\/02\\\/construction-2.jpg\",\"datePublished\":\"2016-08-29T08:33:34+00:00\",\"dateModified\":\"2019-07-15T10:02:10+00:00\",\"author\":{\"@id\":\"https:\\\/\\\/batijournal.com\\\/#\\\/schema\\\/person\\\/1dc96ec6957aa1ccb25ebe78bb19f100\"},\"breadcrumb\":{\"@id\":\"https:\\\/\\\/batijournal.com\\\/index.php\\\/chiffres-de-construction-dynamique-se-confirme\\\/93585\\\/#breadcrumb\"},\"inLanguage\":\"fr-FR\",\"potentialAction\":[{\"@type\":\"ReadAction\",\"target\":[\"https:\\\/\\\/batijournal.com\\\/index.php\\\/chiffres-de-construction-dynamique-se-confirme\\\/93585\\\/\"]}]},{\"@type\":\"ImageObject\",\"inLanguage\":\"fr-FR\",\"@id\":\"https:\\\/\\\/batijournal.com\\\/index.php\\\/chiffres-de-construction-dynamique-se-confirme\\\/93585\\\/#primaryimage\",\"url\":\"https:\\\/\\\/batijournal.com\\\/wp-content\\\/uploads\\\/2016\\\/02\\\/construction-2.jpg\",\"contentUrl\":\"https:\\\/\\\/batijournal.com\\\/wp-content\\\/uploads\\\/2016\\\/02\\\/construction-2.jpg\",\"width\":974,\"height\":629,\"caption\":\"maisons-neuves-vers-la-recession\"},{\"@type\":\"BreadcrumbList\",\"@id\":\"https:\\\/\\\/batijournal.com\\\/index.php\\\/chiffres-de-construction-dynamique-se-confirme\\\/93585\\\/#breadcrumb\",\"itemListElement\":[{\"@type\":\"ListItem\",\"position\":1,\"name\":\"Accueil\",\"item\":\"https:\\\/\\\/batijournal.com\\\/\"},{\"@type\":\"ListItem\",\"position\":2,\"name\":\"Actualit\u00e9s\",\"item\":\"https:\\\/\\\/batijournal.com\\\/index.php\\\/category\\\/actualites\\\/\"},{\"@type\":\"ListItem\",\"position\":3,\"name\":\"\u00c9conomie &amp; March\u00e9s\",\"item\":\"https:\\\/\\\/batijournal.com\\\/index.php\\\/category\\\/actualites\\\/economie-marches\\\/\"},{\"@type\":\"ListItem\",\"position\":4,\"name\":\"Chiffres de la construction : la dynamique se confirme\"}]},{\"@type\":\"WebSite\",\"@id\":\"https:\\\/\\\/batijournal.com\\\/#website\",\"url\":\"https:\\\/\\\/batijournal.com\\\/\",\"name\":\"Batijournal\",\"description\":\"L&#039;actualit\u00e9 du b\u00e2timent\",\"potentialAction\":[{\"@type\":\"SearchAction\",\"target\":{\"@type\":\"EntryPoint\",\"urlTemplate\":\"https:\\\/\\\/batijournal.com\\\/?s={search_term_string}\"},\"query-input\":{\"@type\":\"PropertyValueSpecification\",\"valueRequired\":true,\"valueName\":\"search_term_string\"}}],\"inLanguage\":\"fr-FR\"},{\"@type\":\"Person\",\"@id\":\"https:\\\/\\\/batijournal.com\\\/#\\\/schema\\\/person\\\/1dc96ec6957aa1ccb25ebe78bb19f100\",\"name\":\"St\u00e9phane Miget\",\"image\":{\"@type\":\"ImageObject\",\"inLanguage\":\"fr-FR\",\"@id\":\"https:\\\/\\\/secure.gravatar.com\\\/avatar\\\/89915563d925342126b8ef0281b93d9d7fc337043e8df017f780908eb9644451?s=96&d=mm&r=g\",\"url\":\"https:\\\/\\\/secure.gravatar.com\\\/avatar\\\/89915563d925342126b8ef0281b93d9d7fc337043e8df017f780908eb9644451?s=96&d=mm&r=g\",\"contentUrl\":\"https:\\\/\\\/secure.gravatar.com\\\/avatar\\\/89915563d925342126b8ef0281b93d9d7fc337043e8df017f780908eb9644451?s=96&d=mm&r=g\",\"caption\":\"St\u00e9phane Miget\"},\"url\":\"https:\\\/\\\/batijournal.com\\\/index.php\\\/author\\\/stephane\\\/\"}]}<\/script>\n<!-- \/ Yoast SEO plugin. -->","yoast_head_json":{"title":"Chiffres de la construction : la dynamique se confirme","robots":{"index":"index","follow":"follow","max-snippet":"max-snippet:-1","max-image-preview":"max-image-preview:large","max-video-preview":"max-video-preview:-1"},"canonical":"https:\/\/batijournal.com\/index.php\/chiffres-de-construction-dynamique-se-confirme\/93585\/","og_locale":"fr_FR","og_type":"article","og_title":"Chiffres de la construction : la dynamique se confirme","og_description":"Les indicateurs de la cr\u00e9ation de logements de mai 2016 \u00e0 juillet 2016 qui viennent d&rsquo;\u00eatre publi\u00e9s par le Commissariat g\u00e9n\u00e9ral au d\u00e9veloppement durable montrent que la reprise de la construction observ\u00e9e depuis plus d\u2019un an, en termes d\u2019autorisations de logements comme de mises en chantier, se poursuit. Permis de construire\u00a0 L\u2019augmentation du nombre de [&hellip;]","og_url":"https:\/\/batijournal.com\/index.php\/chiffres-de-construction-dynamique-se-confirme\/93585\/","og_site_name":"Batijournal","article_published_time":"2016-08-29T08:33:34+00:00","article_modified_time":"2019-07-15T10:02:10+00:00","og_image":[{"width":974,"height":629,"url":"https:\/\/batijournal.com\/wp-content\/uploads\/2016\/02\/construction-2.jpg","type":"image\/jpeg"}],"author":"St\u00e9phane Miget","twitter_card":"summary_large_image","twitter_creator":"@bati_journal","twitter_site":"@bati_journal","twitter_misc":{"\u00c9crit par":"St\u00e9phane Miget","Dur\u00e9e de lecture estim\u00e9e":"2 minutes"},"schema":{"@context":"https:\/\/schema.org","@graph":[{"@type":"Article","@id":"https:\/\/batijournal.com\/index.php\/chiffres-de-construction-dynamique-se-confirme\/93585\/#article","isPartOf":{"@id":"https:\/\/batijournal.com\/index.php\/chiffres-de-construction-dynamique-se-confirme\/93585\/"},"author":{"name":"St\u00e9phane Miget","@id":"https:\/\/batijournal.com\/#\/schema\/person\/1dc96ec6957aa1ccb25ebe78bb19f100"},"headline":"Chiffres de la construction : la dynamique se confirme","datePublished":"2016-08-29T08:33:34+00:00","dateModified":"2019-07-15T10:02:10+00:00","mainEntityOfPage":{"@id":"https:\/\/batijournal.com\/index.php\/chiffres-de-construction-dynamique-se-confirme\/93585\/"},"wordCount":467,"image":{"@id":"https:\/\/batijournal.com\/index.php\/chiffres-de-construction-dynamique-se-confirme\/93585\/#primaryimage"},"thumbnailUrl":"https:\/\/batijournal.com\/wp-content\/uploads\/2016\/02\/construction-2.jpg","keywords":["chiffres","statistiques"],"articleSection":["\u00c9conomie &amp; March\u00e9s"],"inLanguage":"fr-FR"},{"@type":"WebPage","@id":"https:\/\/batijournal.com\/index.php\/chiffres-de-construction-dynamique-se-confirme\/93585\/","url":"https:\/\/batijournal.com\/index.php\/chiffres-de-construction-dynamique-se-confirme\/93585\/","name":"Chiffres de la construction : la dynamique se confirme","isPartOf":{"@id":"https:\/\/batijournal.com\/#website"},"primaryImageOfPage":{"@id":"https:\/\/batijournal.com\/index.php\/chiffres-de-construction-dynamique-se-confirme\/93585\/#primaryimage"},"image":{"@id":"https:\/\/batijournal.com\/index.php\/chiffres-de-construction-dynamique-se-confirme\/93585\/#primaryimage"},"thumbnailUrl":"https:\/\/batijournal.com\/wp-content\/uploads\/2016\/02\/construction-2.jpg","datePublished":"2016-08-29T08:33:34+00:00","dateModified":"2019-07-15T10:02:10+00:00","author":{"@id":"https:\/\/batijournal.com\/#\/schema\/person\/1dc96ec6957aa1ccb25ebe78bb19f100"},"breadcrumb":{"@id":"https:\/\/batijournal.com\/index.php\/chiffres-de-construction-dynamique-se-confirme\/93585\/#breadcrumb"},"inLanguage":"fr-FR","potentialAction":[{"@type":"ReadAction","target":["https:\/\/batijournal.com\/index.php\/chiffres-de-construction-dynamique-se-confirme\/93585\/"]}]},{"@type":"ImageObject","inLanguage":"fr-FR","@id":"https:\/\/batijournal.com\/index.php\/chiffres-de-construction-dynamique-se-confirme\/93585\/#primaryimage","url":"https:\/\/batijournal.com\/wp-content\/uploads\/2016\/02\/construction-2.jpg","contentUrl":"https:\/\/batijournal.com\/wp-content\/uploads\/2016\/02\/construction-2.jpg","width":974,"height":629,"caption":"maisons-neuves-vers-la-recession"},{"@type":"BreadcrumbList","@id":"https:\/\/batijournal.com\/index.php\/chiffres-de-construction-dynamique-se-confirme\/93585\/#breadcrumb","itemListElement":[{"@type":"ListItem","position":1,"name":"Accueil","item":"https:\/\/batijournal.com\/"},{"@type":"ListItem","position":2,"name":"Actualit\u00e9s","item":"https:\/\/batijournal.com\/index.php\/category\/actualites\/"},{"@type":"ListItem","position":3,"name":"\u00c9conomie &amp; March\u00e9s","item":"https:\/\/batijournal.com\/index.php\/category\/actualites\/economie-marches\/"},{"@type":"ListItem","position":4,"name":"Chiffres de la construction : la dynamique se confirme"}]},{"@type":"WebSite","@id":"https:\/\/batijournal.com\/#website","url":"https:\/\/batijournal.com\/","name":"Batijournal","description":"L&#039;actualit\u00e9 du b\u00e2timent","potentialAction":[{"@type":"SearchAction","target":{"@type":"EntryPoint","urlTemplate":"https:\/\/batijournal.com\/?s={search_term_string}"},"query-input":{"@type":"PropertyValueSpecification","valueRequired":true,"valueName":"search_term_string"}}],"inLanguage":"fr-FR"},{"@type":"Person","@id":"https:\/\/batijournal.com\/#\/schema\/person\/1dc96ec6957aa1ccb25ebe78bb19f100","name":"St\u00e9phane Miget","image":{"@type":"ImageObject","inLanguage":"fr-FR","@id":"https:\/\/secure.gravatar.com\/avatar\/89915563d925342126b8ef0281b93d9d7fc337043e8df017f780908eb9644451?s=96&d=mm&r=g","url":"https:\/\/secure.gravatar.com\/avatar\/89915563d925342126b8ef0281b93d9d7fc337043e8df017f780908eb9644451?s=96&d=mm&r=g","contentUrl":"https:\/\/secure.gravatar.com\/avatar\/89915563d925342126b8ef0281b93d9d7fc337043e8df017f780908eb9644451?s=96&d=mm&r=g","caption":"St\u00e9phane Miget"},"url":"https:\/\/batijournal.com\/index.php\/author\/stephane\/"}]}},"_links":{"self":[{"href":"https:\/\/batijournal.com\/index.php\/wp-json\/wp\/v2\/posts\/93585","targetHints":{"allow":["GET"]}}],"collection":[{"href":"https:\/\/batijournal.com\/index.php\/wp-json\/wp\/v2\/posts"}],"about":[{"href":"https:\/\/batijournal.com\/index.php\/wp-json\/wp\/v2\/types\/post"}],"author":[{"embeddable":true,"href":"https:\/\/batijournal.com\/index.php\/wp-json\/wp\/v2\/users\/17"}],"replies":[{"embeddable":true,"href":"https:\/\/batijournal.com\/index.php\/wp-json\/wp\/v2\/comments?post=93585"}],"version-history":[{"count":0,"href":"https:\/\/batijournal.com\/index.php\/wp-json\/wp\/v2\/posts\/93585\/revisions"}],"wp:featuredmedia":[{"embeddable":true,"href":"https:\/\/batijournal.com\/index.php\/wp-json\/wp\/v2\/media\/91626"}],"wp:attachment":[{"href":"https:\/\/batijournal.com\/index.php\/wp-json\/wp\/v2\/media?parent=93585"}],"wp:term":[{"taxonomy":"category","embeddable":true,"href":"https:\/\/batijournal.com\/index.php\/wp-json\/wp\/v2\/categories?post=93585"},{"taxonomy":"post_tag","embeddable":true,"href":"https:\/\/batijournal.com\/index.php\/wp-json\/wp\/v2\/tags?post=93585"}],"curies":[{"name":"wp","href":"https:\/\/api.w.org\/{rel}","templated":true}]}}