{"id":93586,"date":"2016-08-29T10:29:54","date_gmt":"2016-08-29T08:29:54","guid":{"rendered":"http:\/\/batijournal.com\/?p=93586"},"modified":"2019-07-15T12:22:05","modified_gmt":"2019-07-15T10:22:05","slug":"appel-doffres-3-000-mw-de-nouvelles-centrales-photovoltaiques","status":"publish","type":"post","link":"https:\/\/batijournal.com\/index.php\/appel-doffres-3-000-mw-de-nouvelles-centrales-photovoltaiques\/93586\/","title":{"rendered":"Appel d\u2019offres pour 3 000 MW de nouvelles centrales photovolta\u00efques"},"content":{"rendered":"<p><strong>Un nouvel appel d\u2019offres pour 3 000 MW de nouvelles centrales solaires au sol vient d&rsquo;\u00eatre lanc\u00e9. Les capacit\u00e9s attendues sont r\u00e9parties en six tranches de candidature de 500 MW, espac\u00e9es chacune de six mois.<\/strong><\/p>\n<p>Les laur\u00e9ats de l\u2019appel d\u2019offres b\u00e9n\u00e9ficieront du nouveau dispositif de soutien, le \u00ab compl\u00e9ment de r\u00e9mun\u00e9ration \u00bb, pr\u00e9vu par les d\u00e9crets des 28 et 30 mai 2016 pris en application de la loi relative \u00e0 la transition \u00e9nerg\u00e9tique pour la croissance verte : en plus des revenus g\u00e9n\u00e9r\u00e9s par la vente de l\u2019\u00e9lectricit\u00e9 sur le march\u00e9, les producteurs laur\u00e9ats se verront verser une prime annuelle assurant un niveau de revenus qui couvre les investissements.<\/p>\n<p>Les projets seront s\u00e9lectionn\u00e9s en fonction de leur comp\u00e9titivit\u00e9 \u00e9conomique, ainsi que sur leur sobri\u00e9t\u00e9 en carbone et la pertinence de leur terrain d\u2019implantation afin d\u2019assurer un haut niveau d\u2019exigence environnementale. Afin d\u2019encourager la participation des citoyens et des territoires aux projets solaires, les projets financ\u00e9s selon des modes \u00ab participatifs \u00bb pourront b\u00e9n\u00e9ficier d\u2019une majoration tarifaire.<\/p>\n<p>Les projets se r\u00e9aliseront d\u00e8s 2017, et jusqu\u2019en 2020. Ce cadencement assure \u00e0 l\u2019ensemble de la fili\u00e8re (industriels, installateurs, d\u00e9veloppeurs\u2026) la stabilit\u00e9 et la visibilit\u00e9 n\u00e9cessaires pour un passage \u00e0 plus grande \u00e9chelle de la production d\u2019\u00e9lectricit\u00e9 photovolta\u00efque, qui contribuera \u00e0 la cr\u00e9ation d\u2019emplois verts.<\/p>\n","protected":false},"excerpt":{"rendered":"<p>Un nouvel appel d\u2019offres pour 3 000 MW de nouvelles centrales solaires au sol vient d&rsquo;\u00eatre lanc\u00e9. Les capacit\u00e9s attendues sont r\u00e9parties en six tranches de candidature de 500 MW, espac\u00e9es chacune de six mois. Les laur\u00e9ats de l\u2019appel d\u2019offres b\u00e9n\u00e9ficieront du nouveau dispositif de soutien, le \u00ab compl\u00e9ment de r\u00e9mun\u00e9ration \u00bb, pr\u00e9vu par les [&hellip;]<\/p>\n","protected":false},"author":17,"featured_media":91814,"comment_status":"closed","ping_status":"closed","sticky":false,"template":"","format":"standard","meta":{"_et_pb_use_builder":"","_et_pb_old_content":"","_et_gb_content_width":"","footnotes":""},"categories":[6351],"tags":[464],"class_list":["post-93586","post","type-post","status-publish","format-standard","has-post-thumbnail","hentry","category-energie-environnement","tag-photovoltaique"],"yoast_head":"<!-- This site is optimized with the Yoast SEO plugin v27.4 - https:\/\/yoast.com\/product\/yoast-seo-wordpress\/ -->\n<title>Appel d\u2019offres pour 3 000 MW de nouvelles centrales photovolta\u00efques<\/title>\n<meta name=\"robots\" content=\"index, follow, max-snippet:-1, max-image-preview:large, max-video-preview:-1\" \/>\n<link rel=\"canonical\" href=\"https:\/\/batijournal.com\/index.php\/appel-doffres-3-000-mw-de-nouvelles-centrales-photovoltaiques\/93586\/\" \/>\n<meta property=\"og:locale\" content=\"fr_FR\" \/>\n<meta property=\"og:type\" content=\"article\" \/>\n<meta property=\"og:title\" content=\"Appel d\u2019offres pour 3 000 MW de nouvelles centrales photovolta\u00efques\" \/>\n<meta property=\"og:description\" content=\"Un nouvel appel d\u2019offres pour 3 000 MW de nouvelles centrales solaires au sol vient d&rsquo;\u00eatre lanc\u00e9. Les capacit\u00e9s attendues sont r\u00e9parties en six tranches de candidature de 500 MW, espac\u00e9es chacune de six mois. Les laur\u00e9ats de l\u2019appel d\u2019offres b\u00e9n\u00e9ficieront du nouveau dispositif de soutien, le \u00ab compl\u00e9ment de r\u00e9mun\u00e9ration \u00bb, pr\u00e9vu par les [&hellip;]\" \/>\n<meta property=\"og:url\" content=\"https:\/\/batijournal.com\/index.php\/appel-doffres-3-000-mw-de-nouvelles-centrales-photovoltaiques\/93586\/\" \/>\n<meta property=\"og:site_name\" content=\"Batijournal\" \/>\n<meta property=\"article:published_time\" content=\"2016-08-29T08:29:54+00:00\" \/>\n<meta property=\"article:modified_time\" content=\"2019-07-15T10:22:05+00:00\" \/>\n<meta property=\"og:image\" content=\"https:\/\/batijournal.com\/wp-content\/uploads\/2016\/03\/installations-photovoltaiques-de-moyenne-puissance.jpg\" \/>\n\t<meta property=\"og:image:width\" content=\"800\" \/>\n\t<meta property=\"og:image:height\" content=\"600\" \/>\n\t<meta property=\"og:image:type\" content=\"image\/jpeg\" \/>\n<meta name=\"author\" content=\"St\u00e9phane Miget\" \/>\n<meta name=\"twitter:card\" content=\"summary_large_image\" \/>\n<meta name=\"twitter:creator\" content=\"@bati_journal\" \/>\n<meta name=\"twitter:site\" content=\"@bati_journal\" \/>\n<meta name=\"twitter:label1\" content=\"\u00c9crit par\" \/>\n\t<meta name=\"twitter:data1\" content=\"St\u00e9phane Miget\" \/>\n\t<meta name=\"twitter:label2\" content=\"Dur\u00e9e de lecture estim\u00e9e\" \/>\n\t<meta name=\"twitter:data2\" content=\"1 minute\" \/>\n<script type=\"application\/ld+json\" class=\"yoast-schema-graph\">{\"@context\":\"https:\\\/\\\/schema.org\",\"@graph\":[{\"@type\":\"Article\",\"@id\":\"https:\\\/\\\/batijournal.com\\\/index.php\\\/appel-doffres-3-000-mw-de-nouvelles-centrales-photovoltaiques\\\/93586\\\/#article\",\"isPartOf\":{\"@id\":\"https:\\\/\\\/batijournal.com\\\/index.php\\\/appel-doffres-3-000-mw-de-nouvelles-centrales-photovoltaiques\\\/93586\\\/\"},\"author\":{\"name\":\"St\u00e9phane Miget\",\"@id\":\"https:\\\/\\\/batijournal.com\\\/#\\\/schema\\\/person\\\/1dc96ec6957aa1ccb25ebe78bb19f100\"},\"headline\":\"Appel d\u2019offres pour 3 000 MW de nouvelles centrales photovolta\u00efques\",\"datePublished\":\"2016-08-29T08:29:54+00:00\",\"dateModified\":\"2019-07-15T10:22:05+00:00\",\"mainEntityOfPage\":{\"@id\":\"https:\\\/\\\/batijournal.com\\\/index.php\\\/appel-doffres-3-000-mw-de-nouvelles-centrales-photovoltaiques\\\/93586\\\/\"},\"wordCount\":248,\"image\":{\"@id\":\"https:\\\/\\\/batijournal.com\\\/index.php\\\/appel-doffres-3-000-mw-de-nouvelles-centrales-photovoltaiques\\\/93586\\\/#primaryimage\"},\"thumbnailUrl\":\"https:\\\/\\\/batijournal.com\\\/wp-content\\\/uploads\\\/2016\\\/03\\\/installations-photovoltaiques-de-moyenne-puissance.jpg\",\"keywords\":[\"photovolta\u00efque\"],\"articleSection\":[\"\u00c9nergie &amp; Environnement\"],\"inLanguage\":\"fr-FR\"},{\"@type\":\"WebPage\",\"@id\":\"https:\\\/\\\/batijournal.com\\\/index.php\\\/appel-doffres-3-000-mw-de-nouvelles-centrales-photovoltaiques\\\/93586\\\/\",\"url\":\"https:\\\/\\\/batijournal.com\\\/index.php\\\/appel-doffres-3-000-mw-de-nouvelles-centrales-photovoltaiques\\\/93586\\\/\",\"name\":\"Appel d\u2019offres pour 3 000 MW de nouvelles centrales photovolta\u00efques\",\"isPartOf\":{\"@id\":\"https:\\\/\\\/batijournal.com\\\/#website\"},\"primaryImageOfPage\":{\"@id\":\"https:\\\/\\\/batijournal.com\\\/index.php\\\/appel-doffres-3-000-mw-de-nouvelles-centrales-photovoltaiques\\\/93586\\\/#primaryimage\"},\"image\":{\"@id\":\"https:\\\/\\\/batijournal.com\\\/index.php\\\/appel-doffres-3-000-mw-de-nouvelles-centrales-photovoltaiques\\\/93586\\\/#primaryimage\"},\"thumbnailUrl\":\"https:\\\/\\\/batijournal.com\\\/wp-content\\\/uploads\\\/2016\\\/03\\\/installations-photovoltaiques-de-moyenne-puissance.jpg\",\"datePublished\":\"2016-08-29T08:29:54+00:00\",\"dateModified\":\"2019-07-15T10:22:05+00:00\",\"author\":{\"@id\":\"https:\\\/\\\/batijournal.com\\\/#\\\/schema\\\/person\\\/1dc96ec6957aa1ccb25ebe78bb19f100\"},\"breadcrumb\":{\"@id\":\"https:\\\/\\\/batijournal.com\\\/index.php\\\/appel-doffres-3-000-mw-de-nouvelles-centrales-photovoltaiques\\\/93586\\\/#breadcrumb\"},\"inLanguage\":\"fr-FR\",\"potentialAction\":[{\"@type\":\"ReadAction\",\"target\":[\"https:\\\/\\\/batijournal.com\\\/index.php\\\/appel-doffres-3-000-mw-de-nouvelles-centrales-photovoltaiques\\\/93586\\\/\"]}]},{\"@type\":\"ImageObject\",\"inLanguage\":\"fr-FR\",\"@id\":\"https:\\\/\\\/batijournal.com\\\/index.php\\\/appel-doffres-3-000-mw-de-nouvelles-centrales-photovoltaiques\\\/93586\\\/#primaryimage\",\"url\":\"https:\\\/\\\/batijournal.com\\\/wp-content\\\/uploads\\\/2016\\\/03\\\/installations-photovoltaiques-de-moyenne-puissance.jpg\",\"contentUrl\":\"https:\\\/\\\/batijournal.com\\\/wp-content\\\/uploads\\\/2016\\\/03\\\/installations-photovoltaiques-de-moyenne-puissance.jpg\",\"width\":800,\"height\":600},{\"@type\":\"BreadcrumbList\",\"@id\":\"https:\\\/\\\/batijournal.com\\\/index.php\\\/appel-doffres-3-000-mw-de-nouvelles-centrales-photovoltaiques\\\/93586\\\/#breadcrumb\",\"itemListElement\":[{\"@type\":\"ListItem\",\"position\":1,\"name\":\"Accueil\",\"item\":\"https:\\\/\\\/batijournal.com\\\/\"},{\"@type\":\"ListItem\",\"position\":2,\"name\":\"Actualit\u00e9s\",\"item\":\"https:\\\/\\\/batijournal.com\\\/index.php\\\/category\\\/actualites\\\/\"},{\"@type\":\"ListItem\",\"position\":3,\"name\":\"\u00c9nergie &amp; Environnement\",\"item\":\"https:\\\/\\\/batijournal.com\\\/index.php\\\/category\\\/actualites\\\/energie-environnement\\\/\"},{\"@type\":\"ListItem\",\"position\":4,\"name\":\"Appel d\u2019offres pour 3 000 MW de nouvelles centrales photovolta\u00efques\"}]},{\"@type\":\"WebSite\",\"@id\":\"https:\\\/\\\/batijournal.com\\\/#website\",\"url\":\"https:\\\/\\\/batijournal.com\\\/\",\"name\":\"Batijournal\",\"description\":\"L&#039;actualit\u00e9 du b\u00e2timent\",\"potentialAction\":[{\"@type\":\"SearchAction\",\"target\":{\"@type\":\"EntryPoint\",\"urlTemplate\":\"https:\\\/\\\/batijournal.com\\\/?s={search_term_string}\"},\"query-input\":{\"@type\":\"PropertyValueSpecification\",\"valueRequired\":true,\"valueName\":\"search_term_string\"}}],\"inLanguage\":\"fr-FR\"},{\"@type\":\"Person\",\"@id\":\"https:\\\/\\\/batijournal.com\\\/#\\\/schema\\\/person\\\/1dc96ec6957aa1ccb25ebe78bb19f100\",\"name\":\"St\u00e9phane Miget\",\"image\":{\"@type\":\"ImageObject\",\"inLanguage\":\"fr-FR\",\"@id\":\"https:\\\/\\\/secure.gravatar.com\\\/avatar\\\/89915563d925342126b8ef0281b93d9d7fc337043e8df017f780908eb9644451?s=96&d=mm&r=g\",\"url\":\"https:\\\/\\\/secure.gravatar.com\\\/avatar\\\/89915563d925342126b8ef0281b93d9d7fc337043e8df017f780908eb9644451?s=96&d=mm&r=g\",\"contentUrl\":\"https:\\\/\\\/secure.gravatar.com\\\/avatar\\\/89915563d925342126b8ef0281b93d9d7fc337043e8df017f780908eb9644451?s=96&d=mm&r=g\",\"caption\":\"St\u00e9phane Miget\"},\"url\":\"https:\\\/\\\/batijournal.com\\\/index.php\\\/author\\\/stephane\\\/\"}]}<\/script>\n<!-- \/ Yoast SEO plugin. -->","yoast_head_json":{"title":"Appel d\u2019offres pour 3 000 MW de nouvelles centrales photovolta\u00efques","robots":{"index":"index","follow":"follow","max-snippet":"max-snippet:-1","max-image-preview":"max-image-preview:large","max-video-preview":"max-video-preview:-1"},"canonical":"https:\/\/batijournal.com\/index.php\/appel-doffres-3-000-mw-de-nouvelles-centrales-photovoltaiques\/93586\/","og_locale":"fr_FR","og_type":"article","og_title":"Appel d\u2019offres pour 3 000 MW de nouvelles centrales photovolta\u00efques","og_description":"Un nouvel appel d\u2019offres pour 3 000 MW de nouvelles centrales solaires au sol vient d&rsquo;\u00eatre lanc\u00e9. Les capacit\u00e9s attendues sont r\u00e9parties en six tranches de candidature de 500 MW, espac\u00e9es chacune de six mois. Les laur\u00e9ats de l\u2019appel d\u2019offres b\u00e9n\u00e9ficieront du nouveau dispositif de soutien, le \u00ab compl\u00e9ment de r\u00e9mun\u00e9ration \u00bb, pr\u00e9vu par les [&hellip;]","og_url":"https:\/\/batijournal.com\/index.php\/appel-doffres-3-000-mw-de-nouvelles-centrales-photovoltaiques\/93586\/","og_site_name":"Batijournal","article_published_time":"2016-08-29T08:29:54+00:00","article_modified_time":"2019-07-15T10:22:05+00:00","og_image":[{"width":800,"height":600,"url":"https:\/\/batijournal.com\/wp-content\/uploads\/2016\/03\/installations-photovoltaiques-de-moyenne-puissance.jpg","type":"image\/jpeg"}],"author":"St\u00e9phane Miget","twitter_card":"summary_large_image","twitter_creator":"@bati_journal","twitter_site":"@bati_journal","twitter_misc":{"\u00c9crit par":"St\u00e9phane Miget","Dur\u00e9e de lecture estim\u00e9e":"1 minute"},"schema":{"@context":"https:\/\/schema.org","@graph":[{"@type":"Article","@id":"https:\/\/batijournal.com\/index.php\/appel-doffres-3-000-mw-de-nouvelles-centrales-photovoltaiques\/93586\/#article","isPartOf":{"@id":"https:\/\/batijournal.com\/index.php\/appel-doffres-3-000-mw-de-nouvelles-centrales-photovoltaiques\/93586\/"},"author":{"name":"St\u00e9phane Miget","@id":"https:\/\/batijournal.com\/#\/schema\/person\/1dc96ec6957aa1ccb25ebe78bb19f100"},"headline":"Appel d\u2019offres pour 3 000 MW de nouvelles centrales photovolta\u00efques","datePublished":"2016-08-29T08:29:54+00:00","dateModified":"2019-07-15T10:22:05+00:00","mainEntityOfPage":{"@id":"https:\/\/batijournal.com\/index.php\/appel-doffres-3-000-mw-de-nouvelles-centrales-photovoltaiques\/93586\/"},"wordCount":248,"image":{"@id":"https:\/\/batijournal.com\/index.php\/appel-doffres-3-000-mw-de-nouvelles-centrales-photovoltaiques\/93586\/#primaryimage"},"thumbnailUrl":"https:\/\/batijournal.com\/wp-content\/uploads\/2016\/03\/installations-photovoltaiques-de-moyenne-puissance.jpg","keywords":["photovolta\u00efque"],"articleSection":["\u00c9nergie &amp; Environnement"],"inLanguage":"fr-FR"},{"@type":"WebPage","@id":"https:\/\/batijournal.com\/index.php\/appel-doffres-3-000-mw-de-nouvelles-centrales-photovoltaiques\/93586\/","url":"https:\/\/batijournal.com\/index.php\/appel-doffres-3-000-mw-de-nouvelles-centrales-photovoltaiques\/93586\/","name":"Appel d\u2019offres pour 3 000 MW de nouvelles centrales photovolta\u00efques","isPartOf":{"@id":"https:\/\/batijournal.com\/#website"},"primaryImageOfPage":{"@id":"https:\/\/batijournal.com\/index.php\/appel-doffres-3-000-mw-de-nouvelles-centrales-photovoltaiques\/93586\/#primaryimage"},"image":{"@id":"https:\/\/batijournal.com\/index.php\/appel-doffres-3-000-mw-de-nouvelles-centrales-photovoltaiques\/93586\/#primaryimage"},"thumbnailUrl":"https:\/\/batijournal.com\/wp-content\/uploads\/2016\/03\/installations-photovoltaiques-de-moyenne-puissance.jpg","datePublished":"2016-08-29T08:29:54+00:00","dateModified":"2019-07-15T10:22:05+00:00","author":{"@id":"https:\/\/batijournal.com\/#\/schema\/person\/1dc96ec6957aa1ccb25ebe78bb19f100"},"breadcrumb":{"@id":"https:\/\/batijournal.com\/index.php\/appel-doffres-3-000-mw-de-nouvelles-centrales-photovoltaiques\/93586\/#breadcrumb"},"inLanguage":"fr-FR","potentialAction":[{"@type":"ReadAction","target":["https:\/\/batijournal.com\/index.php\/appel-doffres-3-000-mw-de-nouvelles-centrales-photovoltaiques\/93586\/"]}]},{"@type":"ImageObject","inLanguage":"fr-FR","@id":"https:\/\/batijournal.com\/index.php\/appel-doffres-3-000-mw-de-nouvelles-centrales-photovoltaiques\/93586\/#primaryimage","url":"https:\/\/batijournal.com\/wp-content\/uploads\/2016\/03\/installations-photovoltaiques-de-moyenne-puissance.jpg","contentUrl":"https:\/\/batijournal.com\/wp-content\/uploads\/2016\/03\/installations-photovoltaiques-de-moyenne-puissance.jpg","width":800,"height":600},{"@type":"BreadcrumbList","@id":"https:\/\/batijournal.com\/index.php\/appel-doffres-3-000-mw-de-nouvelles-centrales-photovoltaiques\/93586\/#breadcrumb","itemListElement":[{"@type":"ListItem","position":1,"name":"Accueil","item":"https:\/\/batijournal.com\/"},{"@type":"ListItem","position":2,"name":"Actualit\u00e9s","item":"https:\/\/batijournal.com\/index.php\/category\/actualites\/"},{"@type":"ListItem","position":3,"name":"\u00c9nergie &amp; Environnement","item":"https:\/\/batijournal.com\/index.php\/category\/actualites\/energie-environnement\/"},{"@type":"ListItem","position":4,"name":"Appel d\u2019offres pour 3 000 MW de nouvelles centrales photovolta\u00efques"}]},{"@type":"WebSite","@id":"https:\/\/batijournal.com\/#website","url":"https:\/\/batijournal.com\/","name":"Batijournal","description":"L&#039;actualit\u00e9 du b\u00e2timent","potentialAction":[{"@type":"SearchAction","target":{"@type":"EntryPoint","urlTemplate":"https:\/\/batijournal.com\/?s={search_term_string}"},"query-input":{"@type":"PropertyValueSpecification","valueRequired":true,"valueName":"search_term_string"}}],"inLanguage":"fr-FR"},{"@type":"Person","@id":"https:\/\/batijournal.com\/#\/schema\/person\/1dc96ec6957aa1ccb25ebe78bb19f100","name":"St\u00e9phane Miget","image":{"@type":"ImageObject","inLanguage":"fr-FR","@id":"https:\/\/secure.gravatar.com\/avatar\/89915563d925342126b8ef0281b93d9d7fc337043e8df017f780908eb9644451?s=96&d=mm&r=g","url":"https:\/\/secure.gravatar.com\/avatar\/89915563d925342126b8ef0281b93d9d7fc337043e8df017f780908eb9644451?s=96&d=mm&r=g","contentUrl":"https:\/\/secure.gravatar.com\/avatar\/89915563d925342126b8ef0281b93d9d7fc337043e8df017f780908eb9644451?s=96&d=mm&r=g","caption":"St\u00e9phane Miget"},"url":"https:\/\/batijournal.com\/index.php\/author\/stephane\/"}]}},"_links":{"self":[{"href":"https:\/\/batijournal.com\/index.php\/wp-json\/wp\/v2\/posts\/93586","targetHints":{"allow":["GET"]}}],"collection":[{"href":"https:\/\/batijournal.com\/index.php\/wp-json\/wp\/v2\/posts"}],"about":[{"href":"https:\/\/batijournal.com\/index.php\/wp-json\/wp\/v2\/types\/post"}],"author":[{"embeddable":true,"href":"https:\/\/batijournal.com\/index.php\/wp-json\/wp\/v2\/users\/17"}],"replies":[{"embeddable":true,"href":"https:\/\/batijournal.com\/index.php\/wp-json\/wp\/v2\/comments?post=93586"}],"version-history":[{"count":0,"href":"https:\/\/batijournal.com\/index.php\/wp-json\/wp\/v2\/posts\/93586\/revisions"}],"wp:featuredmedia":[{"embeddable":true,"href":"https:\/\/batijournal.com\/index.php\/wp-json\/wp\/v2\/media\/91814"}],"wp:attachment":[{"href":"https:\/\/batijournal.com\/index.php\/wp-json\/wp\/v2\/media?parent=93586"}],"wp:term":[{"taxonomy":"category","embeddable":true,"href":"https:\/\/batijournal.com\/index.php\/wp-json\/wp\/v2\/categories?post=93586"},{"taxonomy":"post_tag","embeddable":true,"href":"https:\/\/batijournal.com\/index.php\/wp-json\/wp\/v2\/tags?post=93586"}],"curies":[{"name":"wp","href":"https:\/\/api.w.org\/{rel}","templated":true}]}}