{"id":93596,"date":"2016-08-30T12:29:55","date_gmt":"2016-08-30T10:29:55","guid":{"rendered":"http:\/\/batijournal.com\/?p=93596"},"modified":"2019-07-15T11:16:38","modified_gmt":"2019-07-15T09:16:38","slug":"atrium-construction-invite-22eme-salon-patrimoine-culturel","status":"publish","type":"post","link":"https:\/\/batijournal.com\/index.php\/atrium-construction-invite-22eme-salon-patrimoine-culturel\/93596\/","title":{"rendered":"Atrium Construction vous invite au 22\u00e8me Salon du Patrimoine du Culturel"},"content":{"rendered":"<p><strong>La 22\u00e8me \u00e9dition du Salon International du Patrimoine Culturel, l\u2019\u00e9v\u00e9nement de r\u00e9f\u00e9rence du secteur, se tient du 3 au 6 novembre 2016 au Carrousel du Louvre. 340 exposants fran\u00e7ais et \u00e9trangers sont pr\u00e9sents, professionnels de la restauration et de la sauvegarde du patrimoine, mat\u00e9riel ou immat\u00e9riel repr\u00e9sentant 40 m\u00e9tiers.<\/strong><\/p>\n<p>Dynamis\u00e9e par une session 2015 record, l\u2019\u00e9dition 2016 mise \u00e0 nouveau sur la qualit\u00e9, autour du <strong>th\u00e8me des Chantiers remarquables du patrimoine<\/strong>. Ces travaux mettent en avant l\u2019excellence et la singularit\u00e9 de savoir-faire de restauration des lieux, qu\u2019ils soient publics ou priv\u00e9s. Ces chantiers n\u00e9cessitent l\u2019intervention de multiples corps de m\u00e9tiers, parfois rares. Architectes, entrepreneurs du b\u00e2ti et m\u00e9tiers d\u2019art m\u00ealent avec talent, respect de la tradition et volont\u00e9 de repousser les limites de leur technicit\u00e9. Le th\u00e8me prendra place sur le salon \u00e0 travers des<strong> r\u00e9alisations d\u2019exposants<\/strong> pr\u00e9sent\u00e9es sur leur stand mais aussi par <strong>des conf\u00e9rences et des projections de films<\/strong>.<\/p>\n<p><strong>Atrium Construction est partenaire du salon et\u00a0nous vous invitons \u00e0 nous rencontrer au stand Forum 3 bis (Hall Foyer). Gr\u00e2ce au code promotionnel ci-dessous, vous pouvez recevoir votre pass 4 jours gratuit.<\/strong><\/p>\n<div style=\"background-color: #bc1211; color: #ffffff; padding: 10px; width: 250px; margin: auto; text-align: center;\"><span style=\"text-decoration: underline;\"><strong><span style=\"color: #ffffff;\"><a style=\"color: #ffffff; text-decoration: none;\" href=\"http:\/\/acces.patrimoineculturel.com\/?IdNode=68620&amp;Lang=FR\">SIPC16ATRIUM<\/a><\/span><\/strong><\/span><\/div>\n<p>&nbsp;<\/p>\n<p><a href=\"http:\/\/acces.patrimoineculturel.com\/?IdNode=68620&amp;Lang=FR\" target=\"_blank\" rel=\"noopener noreferrer\">Rendez-vous sur l&rsquo;espace billetterie du Salon International du Patrimoine Culturel &gt;<\/a><\/p>\n","protected":false},"excerpt":{"rendered":"<p>La 22\u00e8me \u00e9dition du Salon International du Patrimoine Culturel, l\u2019\u00e9v\u00e9nement de r\u00e9f\u00e9rence du secteur, se tient du 3 au 6 novembre 2016 au Carrousel du Louvre. 340 exposants fran\u00e7ais et \u00e9trangers sont pr\u00e9sents, professionnels de la restauration et de la sauvegarde du patrimoine, mat\u00e9riel ou immat\u00e9riel repr\u00e9sentant 40 m\u00e9tiers. Dynamis\u00e9e par une session 2015 record, [&hellip;]<\/p>\n","protected":false},"author":1,"featured_media":93597,"comment_status":"closed","ping_status":"closed","sticky":false,"template":"","format":"standard","meta":{"_et_pb_use_builder":"","_et_pb_old_content":"","_et_gb_content_width":"","footnotes":""},"categories":[6340,9192],"tags":[],"class_list":["post-93596","post","type-post","status-publish","format-standard","has-post-thumbnail","hentry","category-architecture-conception","category-evenements"],"yoast_head":"<!-- This site is optimized with the Yoast SEO plugin v27.4 - https:\/\/yoast.com\/product\/yoast-seo-wordpress\/ -->\n<title>Atrium Construction vous invite au 22\u00e8me Salon du Patrimoine du Culturel<\/title>\n<meta name=\"robots\" content=\"index, follow, max-snippet:-1, max-image-preview:large, max-video-preview:-1\" \/>\n<link rel=\"canonical\" href=\"https:\/\/batijournal.com\/index.php\/atrium-construction-invite-22eme-salon-patrimoine-culturel\/93596\/\" \/>\n<meta property=\"og:locale\" content=\"fr_FR\" \/>\n<meta property=\"og:type\" content=\"article\" \/>\n<meta property=\"og:title\" content=\"Atrium Construction vous invite au 22\u00e8me Salon du Patrimoine du Culturel\" \/>\n<meta property=\"og:description\" content=\"La 22\u00e8me \u00e9dition du Salon International du Patrimoine Culturel, l\u2019\u00e9v\u00e9nement de r\u00e9f\u00e9rence du secteur, se tient du 3 au 6 novembre 2016 au Carrousel du Louvre. 340 exposants fran\u00e7ais et \u00e9trangers sont pr\u00e9sents, professionnels de la restauration et de la sauvegarde du patrimoine, mat\u00e9riel ou immat\u00e9riel repr\u00e9sentant 40 m\u00e9tiers. Dynamis\u00e9e par une session 2015 record, [&hellip;]\" \/>\n<meta property=\"og:url\" content=\"https:\/\/batijournal.com\/index.php\/atrium-construction-invite-22eme-salon-patrimoine-culturel\/93596\/\" \/>\n<meta property=\"og:site_name\" content=\"Batijournal\" \/>\n<meta property=\"article:published_time\" content=\"2016-08-30T10:29:55+00:00\" \/>\n<meta property=\"article:modified_time\" content=\"2019-07-15T09:16:38+00:00\" \/>\n<meta property=\"og:image\" content=\"https:\/\/batijournal.com\/wp-content\/uploads\/2016\/08\/SIPC16_paysage-resize.jpg\" \/>\n\t<meta property=\"og:image:width\" content=\"842\" \/>\n\t<meta property=\"og:image:height\" content=\"595\" \/>\n\t<meta property=\"og:image:type\" content=\"image\/jpeg\" \/>\n<meta name=\"author\" content=\"Bati-journal\" \/>\n<meta name=\"twitter:card\" content=\"summary_large_image\" \/>\n<meta name=\"twitter:creator\" content=\"@bati_journal\" \/>\n<meta name=\"twitter:site\" content=\"@bati_journal\" \/>\n<meta name=\"twitter:label1\" content=\"\u00c9crit par\" \/>\n\t<meta name=\"twitter:data1\" content=\"Bati-journal\" \/>\n\t<meta name=\"twitter:label2\" content=\"Dur\u00e9e de lecture estim\u00e9e\" \/>\n\t<meta name=\"twitter:data2\" content=\"1 minute\" \/>\n<script type=\"application\/ld+json\" class=\"yoast-schema-graph\">{\"@context\":\"https:\\\/\\\/schema.org\",\"@graph\":[{\"@type\":\"Article\",\"@id\":\"https:\\\/\\\/batijournal.com\\\/index.php\\\/atrium-construction-invite-22eme-salon-patrimoine-culturel\\\/93596\\\/#article\",\"isPartOf\":{\"@id\":\"https:\\\/\\\/batijournal.com\\\/index.php\\\/atrium-construction-invite-22eme-salon-patrimoine-culturel\\\/93596\\\/\"},\"author\":{\"name\":\"Bati-journal\",\"@id\":\"https:\\\/\\\/batijournal.com\\\/#\\\/schema\\\/person\\\/6a657e8967569e1b299972574848aa76\"},\"headline\":\"Atrium Construction vous invite au 22\u00e8me Salon du Patrimoine du Culturel\",\"datePublished\":\"2016-08-30T10:29:55+00:00\",\"dateModified\":\"2019-07-15T09:16:38+00:00\",\"mainEntityOfPage\":{\"@id\":\"https:\\\/\\\/batijournal.com\\\/index.php\\\/atrium-construction-invite-22eme-salon-patrimoine-culturel\\\/93596\\\/\"},\"wordCount\":228,\"image\":{\"@id\":\"https:\\\/\\\/batijournal.com\\\/index.php\\\/atrium-construction-invite-22eme-salon-patrimoine-culturel\\\/93596\\\/#primaryimage\"},\"thumbnailUrl\":\"https:\\\/\\\/batijournal.com\\\/wp-content\\\/uploads\\\/2016\\\/08\\\/SIPC16_paysage-resize.jpg\",\"articleSection\":[\"Architecture &amp; Conception\",\"\u00c9v\u00e9nements\"],\"inLanguage\":\"fr-FR\"},{\"@type\":\"WebPage\",\"@id\":\"https:\\\/\\\/batijournal.com\\\/index.php\\\/atrium-construction-invite-22eme-salon-patrimoine-culturel\\\/93596\\\/\",\"url\":\"https:\\\/\\\/batijournal.com\\\/index.php\\\/atrium-construction-invite-22eme-salon-patrimoine-culturel\\\/93596\\\/\",\"name\":\"Atrium Construction vous invite au 22\u00e8me Salon du Patrimoine du Culturel\",\"isPartOf\":{\"@id\":\"https:\\\/\\\/batijournal.com\\\/#website\"},\"primaryImageOfPage\":{\"@id\":\"https:\\\/\\\/batijournal.com\\\/index.php\\\/atrium-construction-invite-22eme-salon-patrimoine-culturel\\\/93596\\\/#primaryimage\"},\"image\":{\"@id\":\"https:\\\/\\\/batijournal.com\\\/index.php\\\/atrium-construction-invite-22eme-salon-patrimoine-culturel\\\/93596\\\/#primaryimage\"},\"thumbnailUrl\":\"https:\\\/\\\/batijournal.com\\\/wp-content\\\/uploads\\\/2016\\\/08\\\/SIPC16_paysage-resize.jpg\",\"datePublished\":\"2016-08-30T10:29:55+00:00\",\"dateModified\":\"2019-07-15T09:16:38+00:00\",\"author\":{\"@id\":\"https:\\\/\\\/batijournal.com\\\/#\\\/schema\\\/person\\\/6a657e8967569e1b299972574848aa76\"},\"breadcrumb\":{\"@id\":\"https:\\\/\\\/batijournal.com\\\/index.php\\\/atrium-construction-invite-22eme-salon-patrimoine-culturel\\\/93596\\\/#breadcrumb\"},\"inLanguage\":\"fr-FR\",\"potentialAction\":[{\"@type\":\"ReadAction\",\"target\":[\"https:\\\/\\\/batijournal.com\\\/index.php\\\/atrium-construction-invite-22eme-salon-patrimoine-culturel\\\/93596\\\/\"]}]},{\"@type\":\"ImageObject\",\"inLanguage\":\"fr-FR\",\"@id\":\"https:\\\/\\\/batijournal.com\\\/index.php\\\/atrium-construction-invite-22eme-salon-patrimoine-culturel\\\/93596\\\/#primaryimage\",\"url\":\"https:\\\/\\\/batijournal.com\\\/wp-content\\\/uploads\\\/2016\\\/08\\\/SIPC16_paysage-resize.jpg\",\"contentUrl\":\"https:\\\/\\\/batijournal.com\\\/wp-content\\\/uploads\\\/2016\\\/08\\\/SIPC16_paysage-resize.jpg\",\"width\":842,\"height\":595,\"caption\":\"salon du patrimoine culturel 2016\"},{\"@type\":\"BreadcrumbList\",\"@id\":\"https:\\\/\\\/batijournal.com\\\/index.php\\\/atrium-construction-invite-22eme-salon-patrimoine-culturel\\\/93596\\\/#breadcrumb\",\"itemListElement\":[{\"@type\":\"ListItem\",\"position\":1,\"name\":\"Accueil\",\"item\":\"https:\\\/\\\/batijournal.com\\\/\"},{\"@type\":\"ListItem\",\"position\":2,\"name\":\"\u00c9v\u00e9nements\",\"item\":\"https:\\\/\\\/batijournal.com\\\/index.php\\\/category\\\/evenements\\\/\"},{\"@type\":\"ListItem\",\"position\":3,\"name\":\"Atrium Construction vous invite au 22\u00e8me Salon du Patrimoine du Culturel\"}]},{\"@type\":\"WebSite\",\"@id\":\"https:\\\/\\\/batijournal.com\\\/#website\",\"url\":\"https:\\\/\\\/batijournal.com\\\/\",\"name\":\"Batijournal\",\"description\":\"L&#039;actualit\u00e9 du b\u00e2timent\",\"potentialAction\":[{\"@type\":\"SearchAction\",\"target\":{\"@type\":\"EntryPoint\",\"urlTemplate\":\"https:\\\/\\\/batijournal.com\\\/?s={search_term_string}\"},\"query-input\":{\"@type\":\"PropertyValueSpecification\",\"valueRequired\":true,\"valueName\":\"search_term_string\"}}],\"inLanguage\":\"fr-FR\"},{\"@type\":\"Person\",\"@id\":\"https:\\\/\\\/batijournal.com\\\/#\\\/schema\\\/person\\\/6a657e8967569e1b299972574848aa76\",\"name\":\"Bati-journal\",\"image\":{\"@type\":\"ImageObject\",\"inLanguage\":\"fr-FR\",\"@id\":\"https:\\\/\\\/secure.gravatar.com\\\/avatar\\\/a64364ea26392f9b4dd47e017ddaec74ff03aefc073b49e492e847201258f777?s=96&d=mm&r=g\",\"url\":\"https:\\\/\\\/secure.gravatar.com\\\/avatar\\\/a64364ea26392f9b4dd47e017ddaec74ff03aefc073b49e492e847201258f777?s=96&d=mm&r=g\",\"contentUrl\":\"https:\\\/\\\/secure.gravatar.com\\\/avatar\\\/a64364ea26392f9b4dd47e017ddaec74ff03aefc073b49e492e847201258f777?s=96&d=mm&r=g\",\"caption\":\"Bati-journal\"},\"url\":\"https:\\\/\\\/batijournal.com\\\/index.php\\\/author\\\/elodie\\\/\"}]}<\/script>\n<!-- \/ Yoast SEO plugin. -->","yoast_head_json":{"title":"Atrium Construction vous invite au 22\u00e8me Salon du Patrimoine du Culturel","robots":{"index":"index","follow":"follow","max-snippet":"max-snippet:-1","max-image-preview":"max-image-preview:large","max-video-preview":"max-video-preview:-1"},"canonical":"https:\/\/batijournal.com\/index.php\/atrium-construction-invite-22eme-salon-patrimoine-culturel\/93596\/","og_locale":"fr_FR","og_type":"article","og_title":"Atrium Construction vous invite au 22\u00e8me Salon du Patrimoine du Culturel","og_description":"La 22\u00e8me \u00e9dition du Salon International du Patrimoine Culturel, l\u2019\u00e9v\u00e9nement de r\u00e9f\u00e9rence du secteur, se tient du 3 au 6 novembre 2016 au Carrousel du Louvre. 340 exposants fran\u00e7ais et \u00e9trangers sont pr\u00e9sents, professionnels de la restauration et de la sauvegarde du patrimoine, mat\u00e9riel ou immat\u00e9riel repr\u00e9sentant 40 m\u00e9tiers. Dynamis\u00e9e par une session 2015 record, [&hellip;]","og_url":"https:\/\/batijournal.com\/index.php\/atrium-construction-invite-22eme-salon-patrimoine-culturel\/93596\/","og_site_name":"Batijournal","article_published_time":"2016-08-30T10:29:55+00:00","article_modified_time":"2019-07-15T09:16:38+00:00","og_image":[{"width":842,"height":595,"url":"https:\/\/batijournal.com\/wp-content\/uploads\/2016\/08\/SIPC16_paysage-resize.jpg","type":"image\/jpeg"}],"author":"Bati-journal","twitter_card":"summary_large_image","twitter_creator":"@bati_journal","twitter_site":"@bati_journal","twitter_misc":{"\u00c9crit par":"Bati-journal","Dur\u00e9e de lecture estim\u00e9e":"1 minute"},"schema":{"@context":"https:\/\/schema.org","@graph":[{"@type":"Article","@id":"https:\/\/batijournal.com\/index.php\/atrium-construction-invite-22eme-salon-patrimoine-culturel\/93596\/#article","isPartOf":{"@id":"https:\/\/batijournal.com\/index.php\/atrium-construction-invite-22eme-salon-patrimoine-culturel\/93596\/"},"author":{"name":"Bati-journal","@id":"https:\/\/batijournal.com\/#\/schema\/person\/6a657e8967569e1b299972574848aa76"},"headline":"Atrium Construction vous invite au 22\u00e8me Salon du Patrimoine du Culturel","datePublished":"2016-08-30T10:29:55+00:00","dateModified":"2019-07-15T09:16:38+00:00","mainEntityOfPage":{"@id":"https:\/\/batijournal.com\/index.php\/atrium-construction-invite-22eme-salon-patrimoine-culturel\/93596\/"},"wordCount":228,"image":{"@id":"https:\/\/batijournal.com\/index.php\/atrium-construction-invite-22eme-salon-patrimoine-culturel\/93596\/#primaryimage"},"thumbnailUrl":"https:\/\/batijournal.com\/wp-content\/uploads\/2016\/08\/SIPC16_paysage-resize.jpg","articleSection":["Architecture &amp; Conception","\u00c9v\u00e9nements"],"inLanguage":"fr-FR"},{"@type":"WebPage","@id":"https:\/\/batijournal.com\/index.php\/atrium-construction-invite-22eme-salon-patrimoine-culturel\/93596\/","url":"https:\/\/batijournal.com\/index.php\/atrium-construction-invite-22eme-salon-patrimoine-culturel\/93596\/","name":"Atrium Construction vous invite au 22\u00e8me Salon du Patrimoine du Culturel","isPartOf":{"@id":"https:\/\/batijournal.com\/#website"},"primaryImageOfPage":{"@id":"https:\/\/batijournal.com\/index.php\/atrium-construction-invite-22eme-salon-patrimoine-culturel\/93596\/#primaryimage"},"image":{"@id":"https:\/\/batijournal.com\/index.php\/atrium-construction-invite-22eme-salon-patrimoine-culturel\/93596\/#primaryimage"},"thumbnailUrl":"https:\/\/batijournal.com\/wp-content\/uploads\/2016\/08\/SIPC16_paysage-resize.jpg","datePublished":"2016-08-30T10:29:55+00:00","dateModified":"2019-07-15T09:16:38+00:00","author":{"@id":"https:\/\/batijournal.com\/#\/schema\/person\/6a657e8967569e1b299972574848aa76"},"breadcrumb":{"@id":"https:\/\/batijournal.com\/index.php\/atrium-construction-invite-22eme-salon-patrimoine-culturel\/93596\/#breadcrumb"},"inLanguage":"fr-FR","potentialAction":[{"@type":"ReadAction","target":["https:\/\/batijournal.com\/index.php\/atrium-construction-invite-22eme-salon-patrimoine-culturel\/93596\/"]}]},{"@type":"ImageObject","inLanguage":"fr-FR","@id":"https:\/\/batijournal.com\/index.php\/atrium-construction-invite-22eme-salon-patrimoine-culturel\/93596\/#primaryimage","url":"https:\/\/batijournal.com\/wp-content\/uploads\/2016\/08\/SIPC16_paysage-resize.jpg","contentUrl":"https:\/\/batijournal.com\/wp-content\/uploads\/2016\/08\/SIPC16_paysage-resize.jpg","width":842,"height":595,"caption":"salon du patrimoine culturel 2016"},{"@type":"BreadcrumbList","@id":"https:\/\/batijournal.com\/index.php\/atrium-construction-invite-22eme-salon-patrimoine-culturel\/93596\/#breadcrumb","itemListElement":[{"@type":"ListItem","position":1,"name":"Accueil","item":"https:\/\/batijournal.com\/"},{"@type":"ListItem","position":2,"name":"\u00c9v\u00e9nements","item":"https:\/\/batijournal.com\/index.php\/category\/evenements\/"},{"@type":"ListItem","position":3,"name":"Atrium Construction vous invite au 22\u00e8me Salon du Patrimoine du Culturel"}]},{"@type":"WebSite","@id":"https:\/\/batijournal.com\/#website","url":"https:\/\/batijournal.com\/","name":"Batijournal","description":"L&#039;actualit\u00e9 du b\u00e2timent","potentialAction":[{"@type":"SearchAction","target":{"@type":"EntryPoint","urlTemplate":"https:\/\/batijournal.com\/?s={search_term_string}"},"query-input":{"@type":"PropertyValueSpecification","valueRequired":true,"valueName":"search_term_string"}}],"inLanguage":"fr-FR"},{"@type":"Person","@id":"https:\/\/batijournal.com\/#\/schema\/person\/6a657e8967569e1b299972574848aa76","name":"Bati-journal","image":{"@type":"ImageObject","inLanguage":"fr-FR","@id":"https:\/\/secure.gravatar.com\/avatar\/a64364ea26392f9b4dd47e017ddaec74ff03aefc073b49e492e847201258f777?s=96&d=mm&r=g","url":"https:\/\/secure.gravatar.com\/avatar\/a64364ea26392f9b4dd47e017ddaec74ff03aefc073b49e492e847201258f777?s=96&d=mm&r=g","contentUrl":"https:\/\/secure.gravatar.com\/avatar\/a64364ea26392f9b4dd47e017ddaec74ff03aefc073b49e492e847201258f777?s=96&d=mm&r=g","caption":"Bati-journal"},"url":"https:\/\/batijournal.com\/index.php\/author\/elodie\/"}]}},"_links":{"self":[{"href":"https:\/\/batijournal.com\/index.php\/wp-json\/wp\/v2\/posts\/93596","targetHints":{"allow":["GET"]}}],"collection":[{"href":"https:\/\/batijournal.com\/index.php\/wp-json\/wp\/v2\/posts"}],"about":[{"href":"https:\/\/batijournal.com\/index.php\/wp-json\/wp\/v2\/types\/post"}],"author":[{"embeddable":true,"href":"https:\/\/batijournal.com\/index.php\/wp-json\/wp\/v2\/users\/1"}],"replies":[{"embeddable":true,"href":"https:\/\/batijournal.com\/index.php\/wp-json\/wp\/v2\/comments?post=93596"}],"version-history":[{"count":0,"href":"https:\/\/batijournal.com\/index.php\/wp-json\/wp\/v2\/posts\/93596\/revisions"}],"wp:featuredmedia":[{"embeddable":true,"href":"https:\/\/batijournal.com\/index.php\/wp-json\/wp\/v2\/media\/93597"}],"wp:attachment":[{"href":"https:\/\/batijournal.com\/index.php\/wp-json\/wp\/v2\/media?parent=93596"}],"wp:term":[{"taxonomy":"category","embeddable":true,"href":"https:\/\/batijournal.com\/index.php\/wp-json\/wp\/v2\/categories?post=93596"},{"taxonomy":"post_tag","embeddable":true,"href":"https:\/\/batijournal.com\/index.php\/wp-json\/wp\/v2\/tags?post=93596"}],"curies":[{"name":"wp","href":"https:\/\/api.w.org\/{rel}","templated":true}]}}