{"id":93609,"date":"2016-09-01T09:14:50","date_gmt":"2016-09-01T07:14:50","guid":{"rendered":"http:\/\/batijournal.com\/?p=93609"},"modified":"2019-07-15T11:16:37","modified_gmt":"2019-07-15T09:16:37","slug":"larchitecture-beton-mise-lumiere-lors-journees-europeennes-patrimoine","status":"publish","type":"post","link":"https:\/\/batijournal.com\/index.php\/larchitecture-beton-mise-lumiere-lors-journees-europeennes-patrimoine\/93609\/","title":{"rendered":"L\u2019architecture b\u00e9ton mise en lumi\u00e8re lors des Journ\u00e9es Europ\u00e9ennes du Patrimoine"},"content":{"rendered":"<p><strong>Au travers des si\u00e8cles et sous l\u2019impulsion d\u2019architectes majeurs comme Le Corbusier, Perret ou Niemeyer, le b\u00e9ton a permis la r\u00e9alisation d\u2019ouvrages exceptionnels, inscrits aujourd\u2019hui au patrimoine mondial de l\u2019humanit\u00e9. Le \u00ab b\u00e9ton se suffit \u00e0 lui-m\u00eame \u00bb, a affirm\u00e9 Auguste Perret, l\u2019architecte du Palais d\u2019I\u00e9na. Ce monument constitue un aboutissement du nouvel ordre classique invent\u00e9 par Perret, comparable aux ordres antiques, mais d\u00e9riv\u00e9 des techniques modernes de construction \u2013 l\u2019ordre du b\u00e9ton arm\u00e9.<\/strong><\/p>\n<p>Le CESE et le SNBPE s\u2019allient une nouvelle fois, afin de lui rendre hommage en organisant, samedi 17 septembre 2016 \u00e0 15h, une conf\u00e9rence anim\u00e9e par l\u2019architecte et historien, Joseph Abram.<br \/>\nTout au long du weekend, des visites libres ou guid\u00e9es par des conf\u00e9renciers de l\u2019\u00e9cole du Louvre seront \u00e9galement propos\u00e9es. Le grand public pourra \u00e9galement d\u00e9couvrir l\u2019exposition \u00ab Le Palais d\u2019I\u00e9na en travaux \u00bb, r\u00e9alis\u00e9e en partenariat avec la soci\u00e9t\u00e9 Pierreno\u00ebl. Elle pr\u00e9sentera les r\u00e9novations des b\u00e9tons entreprises au CESE, ainsi que l\u2019exposition de la maquette de l\u2019ancien Mus\u00e9e des Travaux publics, pr\u00eat\u00e9e par la Cit\u00e9 de l\u2019architecture et du patrimoine.<br \/>\nDans le prolongement de son partenariat avec le CESE, le SNBPE souhaite \u00e9galement valoriser aupr\u00e8s des \u00e9tudiants, la contribution du b\u00e9ton au patrimoine. Vendredi 16 septembre 2015, le SNBPE, accompagn\u00e9 par le Centre d\u2019information sur le ciment et ses applications (Cimb\u00e9ton), animera une conf\u00e9rence aupr\u00e8s de deux classes de BTS action marketing : \u00abB\u00e9ton, le champ des possibles \u00bb. L\u2019opportunit\u00e9 pour le syndicat de sensibiliser les futurs professionnels aux techniques constructives en leur pr\u00e9sentant les diff\u00e9rentes applications du b\u00e9ton, des plus courantes aux plus inattendues.<\/p>\n","protected":false},"excerpt":{"rendered":"<p>Au travers des si\u00e8cles et sous l\u2019impulsion d\u2019architectes majeurs comme Le Corbusier, Perret ou Niemeyer, le b\u00e9ton a permis la r\u00e9alisation d\u2019ouvrages exceptionnels, inscrits aujourd\u2019hui au patrimoine mondial de l\u2019humanit\u00e9. Le \u00ab b\u00e9ton se suffit \u00e0 lui-m\u00eame \u00bb, a affirm\u00e9 Auguste Perret, l\u2019architecte du Palais d\u2019I\u00e9na. Ce monument constitue un aboutissement du nouvel ordre classique [&hellip;]<\/p>\n","protected":false},"author":17,"featured_media":93610,"comment_status":"closed","ping_status":"closed","sticky":false,"template":"","format":"standard","meta":{"_et_pb_use_builder":"","_et_pb_old_content":"","_et_gb_content_width":"","footnotes":""},"categories":[6340,10775],"tags":[1128,11585],"class_list":["post-93609","post","type-post","status-publish","format-standard","has-post-thumbnail","hentry","category-architecture-conception","category-actualites-5facades","tag-beton","tag-snbpe"],"yoast_head":"<!-- This site is optimized with the Yoast SEO plugin v27.4 - https:\/\/yoast.com\/product\/yoast-seo-wordpress\/ -->\n<title>L\u2019architecture b\u00e9ton mise en lumi\u00e8re lors des Journ\u00e9es Europ\u00e9ennes du Patrimoine<\/title>\n<meta name=\"robots\" content=\"index, follow, max-snippet:-1, max-image-preview:large, max-video-preview:-1\" \/>\n<link rel=\"canonical\" href=\"https:\/\/batijournal.com\/index.php\/larchitecture-beton-mise-lumiere-lors-journees-europeennes-patrimoine\/93609\/\" \/>\n<meta property=\"og:locale\" content=\"fr_FR\" \/>\n<meta property=\"og:type\" content=\"article\" \/>\n<meta property=\"og:title\" content=\"L\u2019architecture b\u00e9ton mise en lumi\u00e8re lors des Journ\u00e9es Europ\u00e9ennes du Patrimoine\" \/>\n<meta property=\"og:description\" content=\"Au travers des si\u00e8cles et sous l\u2019impulsion d\u2019architectes majeurs comme Le Corbusier, Perret ou Niemeyer, le b\u00e9ton a permis la r\u00e9alisation d\u2019ouvrages exceptionnels, inscrits aujourd\u2019hui au patrimoine mondial de l\u2019humanit\u00e9. Le \u00ab b\u00e9ton se suffit \u00e0 lui-m\u00eame \u00bb, a affirm\u00e9 Auguste Perret, l\u2019architecte du Palais d\u2019I\u00e9na. Ce monument constitue un aboutissement du nouvel ordre classique [&hellip;]\" \/>\n<meta property=\"og:url\" content=\"https:\/\/batijournal.com\/index.php\/larchitecture-beton-mise-lumiere-lors-journees-europeennes-patrimoine\/93609\/\" \/>\n<meta property=\"og:site_name\" content=\"Batijournal\" \/>\n<meta property=\"article:published_time\" content=\"2016-09-01T07:14:50+00:00\" \/>\n<meta property=\"article:modified_time\" content=\"2019-07-15T09:16:37+00:00\" \/>\n<meta property=\"og:image\" content=\"https:\/\/batijournal.com\/wp-content\/uploads\/2016\/09\/journees-patrimoine-beton-snbpe.png\" \/>\n\t<meta property=\"og:image:width\" content=\"322\" \/>\n\t<meta property=\"og:image:height\" content=\"453\" \/>\n\t<meta property=\"og:image:type\" content=\"image\/png\" \/>\n<meta name=\"author\" content=\"St\u00e9phane Miget\" \/>\n<meta name=\"twitter:card\" content=\"summary_large_image\" \/>\n<meta name=\"twitter:creator\" content=\"@bati_journal\" \/>\n<meta name=\"twitter:site\" content=\"@bati_journal\" \/>\n<meta name=\"twitter:label1\" content=\"\u00c9crit par\" \/>\n\t<meta name=\"twitter:data1\" content=\"St\u00e9phane Miget\" \/>\n\t<meta name=\"twitter:label2\" content=\"Dur\u00e9e de lecture estim\u00e9e\" \/>\n\t<meta name=\"twitter:data2\" content=\"2 minutes\" \/>\n<script type=\"application\/ld+json\" class=\"yoast-schema-graph\">{\"@context\":\"https:\\\/\\\/schema.org\",\"@graph\":[{\"@type\":\"Article\",\"@id\":\"https:\\\/\\\/batijournal.com\\\/index.php\\\/larchitecture-beton-mise-lumiere-lors-journees-europeennes-patrimoine\\\/93609\\\/#article\",\"isPartOf\":{\"@id\":\"https:\\\/\\\/batijournal.com\\\/index.php\\\/larchitecture-beton-mise-lumiere-lors-journees-europeennes-patrimoine\\\/93609\\\/\"},\"author\":{\"name\":\"St\u00e9phane Miget\",\"@id\":\"https:\\\/\\\/batijournal.com\\\/#\\\/schema\\\/person\\\/1dc96ec6957aa1ccb25ebe78bb19f100\"},\"headline\":\"L\u2019architecture b\u00e9ton mise en lumi\u00e8re lors des Journ\u00e9es Europ\u00e9ennes du Patrimoine\",\"datePublished\":\"2016-09-01T07:14:50+00:00\",\"dateModified\":\"2019-07-15T09:16:37+00:00\",\"mainEntityOfPage\":{\"@id\":\"https:\\\/\\\/batijournal.com\\\/index.php\\\/larchitecture-beton-mise-lumiere-lors-journees-europeennes-patrimoine\\\/93609\\\/\"},\"wordCount\":316,\"image\":{\"@id\":\"https:\\\/\\\/batijournal.com\\\/index.php\\\/larchitecture-beton-mise-lumiere-lors-journees-europeennes-patrimoine\\\/93609\\\/#primaryimage\"},\"thumbnailUrl\":\"https:\\\/\\\/batijournal.com\\\/wp-content\\\/uploads\\\/2016\\\/09\\\/journees-patrimoine-beton-snbpe.png\",\"keywords\":[\"b\u00e9ton\",\"snbpe\"],\"articleSection\":[\"Architecture &amp; Conception\",\"zz_Actualit\u00e9s - 5fa\u00e7ades\"],\"inLanguage\":\"fr-FR\"},{\"@type\":\"WebPage\",\"@id\":\"https:\\\/\\\/batijournal.com\\\/index.php\\\/larchitecture-beton-mise-lumiere-lors-journees-europeennes-patrimoine\\\/93609\\\/\",\"url\":\"https:\\\/\\\/batijournal.com\\\/index.php\\\/larchitecture-beton-mise-lumiere-lors-journees-europeennes-patrimoine\\\/93609\\\/\",\"name\":\"L\u2019architecture b\u00e9ton mise en lumi\u00e8re lors des Journ\u00e9es Europ\u00e9ennes du Patrimoine\",\"isPartOf\":{\"@id\":\"https:\\\/\\\/batijournal.com\\\/#website\"},\"primaryImageOfPage\":{\"@id\":\"https:\\\/\\\/batijournal.com\\\/index.php\\\/larchitecture-beton-mise-lumiere-lors-journees-europeennes-patrimoine\\\/93609\\\/#primaryimage\"},\"image\":{\"@id\":\"https:\\\/\\\/batijournal.com\\\/index.php\\\/larchitecture-beton-mise-lumiere-lors-journees-europeennes-patrimoine\\\/93609\\\/#primaryimage\"},\"thumbnailUrl\":\"https:\\\/\\\/batijournal.com\\\/wp-content\\\/uploads\\\/2016\\\/09\\\/journees-patrimoine-beton-snbpe.png\",\"datePublished\":\"2016-09-01T07:14:50+00:00\",\"dateModified\":\"2019-07-15T09:16:37+00:00\",\"author\":{\"@id\":\"https:\\\/\\\/batijournal.com\\\/#\\\/schema\\\/person\\\/1dc96ec6957aa1ccb25ebe78bb19f100\"},\"breadcrumb\":{\"@id\":\"https:\\\/\\\/batijournal.com\\\/index.php\\\/larchitecture-beton-mise-lumiere-lors-journees-europeennes-patrimoine\\\/93609\\\/#breadcrumb\"},\"inLanguage\":\"fr-FR\",\"potentialAction\":[{\"@type\":\"ReadAction\",\"target\":[\"https:\\\/\\\/batijournal.com\\\/index.php\\\/larchitecture-beton-mise-lumiere-lors-journees-europeennes-patrimoine\\\/93609\\\/\"]}]},{\"@type\":\"ImageObject\",\"inLanguage\":\"fr-FR\",\"@id\":\"https:\\\/\\\/batijournal.com\\\/index.php\\\/larchitecture-beton-mise-lumiere-lors-journees-europeennes-patrimoine\\\/93609\\\/#primaryimage\",\"url\":\"https:\\\/\\\/batijournal.com\\\/wp-content\\\/uploads\\\/2016\\\/09\\\/journees-patrimoine-beton-snbpe.png\",\"contentUrl\":\"https:\\\/\\\/batijournal.com\\\/wp-content\\\/uploads\\\/2016\\\/09\\\/journees-patrimoine-beton-snbpe.png\",\"width\":322,\"height\":453,\"caption\":\"Journ\u00e9es du patrimoine SNBPE\"},{\"@type\":\"BreadcrumbList\",\"@id\":\"https:\\\/\\\/batijournal.com\\\/index.php\\\/larchitecture-beton-mise-lumiere-lors-journees-europeennes-patrimoine\\\/93609\\\/#breadcrumb\",\"itemListElement\":[{\"@type\":\"ListItem\",\"position\":1,\"name\":\"Accueil\",\"item\":\"https:\\\/\\\/batijournal.com\\\/\"},{\"@type\":\"ListItem\",\"position\":2,\"name\":\"Actualit\u00e9s\",\"item\":\"https:\\\/\\\/batijournal.com\\\/index.php\\\/category\\\/actualites\\\/\"},{\"@type\":\"ListItem\",\"position\":3,\"name\":\"Architecture &amp; Conception\",\"item\":\"https:\\\/\\\/batijournal.com\\\/index.php\\\/category\\\/actualites\\\/architecture-conception\\\/\"},{\"@type\":\"ListItem\",\"position\":4,\"name\":\"L\u2019architecture b\u00e9ton mise en lumi\u00e8re lors des Journ\u00e9es Europ\u00e9ennes du Patrimoine\"}]},{\"@type\":\"WebSite\",\"@id\":\"https:\\\/\\\/batijournal.com\\\/#website\",\"url\":\"https:\\\/\\\/batijournal.com\\\/\",\"name\":\"Batijournal\",\"description\":\"L&#039;actualit\u00e9 du b\u00e2timent\",\"potentialAction\":[{\"@type\":\"SearchAction\",\"target\":{\"@type\":\"EntryPoint\",\"urlTemplate\":\"https:\\\/\\\/batijournal.com\\\/?s={search_term_string}\"},\"query-input\":{\"@type\":\"PropertyValueSpecification\",\"valueRequired\":true,\"valueName\":\"search_term_string\"}}],\"inLanguage\":\"fr-FR\"},{\"@type\":\"Person\",\"@id\":\"https:\\\/\\\/batijournal.com\\\/#\\\/schema\\\/person\\\/1dc96ec6957aa1ccb25ebe78bb19f100\",\"name\":\"St\u00e9phane Miget\",\"image\":{\"@type\":\"ImageObject\",\"inLanguage\":\"fr-FR\",\"@id\":\"https:\\\/\\\/secure.gravatar.com\\\/avatar\\\/89915563d925342126b8ef0281b93d9d7fc337043e8df017f780908eb9644451?s=96&d=mm&r=g\",\"url\":\"https:\\\/\\\/secure.gravatar.com\\\/avatar\\\/89915563d925342126b8ef0281b93d9d7fc337043e8df017f780908eb9644451?s=96&d=mm&r=g\",\"contentUrl\":\"https:\\\/\\\/secure.gravatar.com\\\/avatar\\\/89915563d925342126b8ef0281b93d9d7fc337043e8df017f780908eb9644451?s=96&d=mm&r=g\",\"caption\":\"St\u00e9phane Miget\"},\"url\":\"https:\\\/\\\/batijournal.com\\\/index.php\\\/author\\\/stephane\\\/\"}]}<\/script>\n<!-- \/ Yoast SEO plugin. -->","yoast_head_json":{"title":"L\u2019architecture b\u00e9ton mise en lumi\u00e8re lors des Journ\u00e9es Europ\u00e9ennes du Patrimoine","robots":{"index":"index","follow":"follow","max-snippet":"max-snippet:-1","max-image-preview":"max-image-preview:large","max-video-preview":"max-video-preview:-1"},"canonical":"https:\/\/batijournal.com\/index.php\/larchitecture-beton-mise-lumiere-lors-journees-europeennes-patrimoine\/93609\/","og_locale":"fr_FR","og_type":"article","og_title":"L\u2019architecture b\u00e9ton mise en lumi\u00e8re lors des Journ\u00e9es Europ\u00e9ennes du Patrimoine","og_description":"Au travers des si\u00e8cles et sous l\u2019impulsion d\u2019architectes majeurs comme Le Corbusier, Perret ou Niemeyer, le b\u00e9ton a permis la r\u00e9alisation d\u2019ouvrages exceptionnels, inscrits aujourd\u2019hui au patrimoine mondial de l\u2019humanit\u00e9. Le \u00ab b\u00e9ton se suffit \u00e0 lui-m\u00eame \u00bb, a affirm\u00e9 Auguste Perret, l\u2019architecte du Palais d\u2019I\u00e9na. Ce monument constitue un aboutissement du nouvel ordre classique [&hellip;]","og_url":"https:\/\/batijournal.com\/index.php\/larchitecture-beton-mise-lumiere-lors-journees-europeennes-patrimoine\/93609\/","og_site_name":"Batijournal","article_published_time":"2016-09-01T07:14:50+00:00","article_modified_time":"2019-07-15T09:16:37+00:00","og_image":[{"width":322,"height":453,"url":"https:\/\/batijournal.com\/wp-content\/uploads\/2016\/09\/journees-patrimoine-beton-snbpe.png","type":"image\/png"}],"author":"St\u00e9phane Miget","twitter_card":"summary_large_image","twitter_creator":"@bati_journal","twitter_site":"@bati_journal","twitter_misc":{"\u00c9crit par":"St\u00e9phane Miget","Dur\u00e9e de lecture estim\u00e9e":"2 minutes"},"schema":{"@context":"https:\/\/schema.org","@graph":[{"@type":"Article","@id":"https:\/\/batijournal.com\/index.php\/larchitecture-beton-mise-lumiere-lors-journees-europeennes-patrimoine\/93609\/#article","isPartOf":{"@id":"https:\/\/batijournal.com\/index.php\/larchitecture-beton-mise-lumiere-lors-journees-europeennes-patrimoine\/93609\/"},"author":{"name":"St\u00e9phane Miget","@id":"https:\/\/batijournal.com\/#\/schema\/person\/1dc96ec6957aa1ccb25ebe78bb19f100"},"headline":"L\u2019architecture b\u00e9ton mise en lumi\u00e8re lors des Journ\u00e9es Europ\u00e9ennes du Patrimoine","datePublished":"2016-09-01T07:14:50+00:00","dateModified":"2019-07-15T09:16:37+00:00","mainEntityOfPage":{"@id":"https:\/\/batijournal.com\/index.php\/larchitecture-beton-mise-lumiere-lors-journees-europeennes-patrimoine\/93609\/"},"wordCount":316,"image":{"@id":"https:\/\/batijournal.com\/index.php\/larchitecture-beton-mise-lumiere-lors-journees-europeennes-patrimoine\/93609\/#primaryimage"},"thumbnailUrl":"https:\/\/batijournal.com\/wp-content\/uploads\/2016\/09\/journees-patrimoine-beton-snbpe.png","keywords":["b\u00e9ton","snbpe"],"articleSection":["Architecture &amp; Conception","zz_Actualit\u00e9s - 5fa\u00e7ades"],"inLanguage":"fr-FR"},{"@type":"WebPage","@id":"https:\/\/batijournal.com\/index.php\/larchitecture-beton-mise-lumiere-lors-journees-europeennes-patrimoine\/93609\/","url":"https:\/\/batijournal.com\/index.php\/larchitecture-beton-mise-lumiere-lors-journees-europeennes-patrimoine\/93609\/","name":"L\u2019architecture b\u00e9ton mise en lumi\u00e8re lors des Journ\u00e9es Europ\u00e9ennes du Patrimoine","isPartOf":{"@id":"https:\/\/batijournal.com\/#website"},"primaryImageOfPage":{"@id":"https:\/\/batijournal.com\/index.php\/larchitecture-beton-mise-lumiere-lors-journees-europeennes-patrimoine\/93609\/#primaryimage"},"image":{"@id":"https:\/\/batijournal.com\/index.php\/larchitecture-beton-mise-lumiere-lors-journees-europeennes-patrimoine\/93609\/#primaryimage"},"thumbnailUrl":"https:\/\/batijournal.com\/wp-content\/uploads\/2016\/09\/journees-patrimoine-beton-snbpe.png","datePublished":"2016-09-01T07:14:50+00:00","dateModified":"2019-07-15T09:16:37+00:00","author":{"@id":"https:\/\/batijournal.com\/#\/schema\/person\/1dc96ec6957aa1ccb25ebe78bb19f100"},"breadcrumb":{"@id":"https:\/\/batijournal.com\/index.php\/larchitecture-beton-mise-lumiere-lors-journees-europeennes-patrimoine\/93609\/#breadcrumb"},"inLanguage":"fr-FR","potentialAction":[{"@type":"ReadAction","target":["https:\/\/batijournal.com\/index.php\/larchitecture-beton-mise-lumiere-lors-journees-europeennes-patrimoine\/93609\/"]}]},{"@type":"ImageObject","inLanguage":"fr-FR","@id":"https:\/\/batijournal.com\/index.php\/larchitecture-beton-mise-lumiere-lors-journees-europeennes-patrimoine\/93609\/#primaryimage","url":"https:\/\/batijournal.com\/wp-content\/uploads\/2016\/09\/journees-patrimoine-beton-snbpe.png","contentUrl":"https:\/\/batijournal.com\/wp-content\/uploads\/2016\/09\/journees-patrimoine-beton-snbpe.png","width":322,"height":453,"caption":"Journ\u00e9es du patrimoine SNBPE"},{"@type":"BreadcrumbList","@id":"https:\/\/batijournal.com\/index.php\/larchitecture-beton-mise-lumiere-lors-journees-europeennes-patrimoine\/93609\/#breadcrumb","itemListElement":[{"@type":"ListItem","position":1,"name":"Accueil","item":"https:\/\/batijournal.com\/"},{"@type":"ListItem","position":2,"name":"Actualit\u00e9s","item":"https:\/\/batijournal.com\/index.php\/category\/actualites\/"},{"@type":"ListItem","position":3,"name":"Architecture &amp; Conception","item":"https:\/\/batijournal.com\/index.php\/category\/actualites\/architecture-conception\/"},{"@type":"ListItem","position":4,"name":"L\u2019architecture b\u00e9ton mise en lumi\u00e8re lors des Journ\u00e9es Europ\u00e9ennes du Patrimoine"}]},{"@type":"WebSite","@id":"https:\/\/batijournal.com\/#website","url":"https:\/\/batijournal.com\/","name":"Batijournal","description":"L&#039;actualit\u00e9 du b\u00e2timent","potentialAction":[{"@type":"SearchAction","target":{"@type":"EntryPoint","urlTemplate":"https:\/\/batijournal.com\/?s={search_term_string}"},"query-input":{"@type":"PropertyValueSpecification","valueRequired":true,"valueName":"search_term_string"}}],"inLanguage":"fr-FR"},{"@type":"Person","@id":"https:\/\/batijournal.com\/#\/schema\/person\/1dc96ec6957aa1ccb25ebe78bb19f100","name":"St\u00e9phane Miget","image":{"@type":"ImageObject","inLanguage":"fr-FR","@id":"https:\/\/secure.gravatar.com\/avatar\/89915563d925342126b8ef0281b93d9d7fc337043e8df017f780908eb9644451?s=96&d=mm&r=g","url":"https:\/\/secure.gravatar.com\/avatar\/89915563d925342126b8ef0281b93d9d7fc337043e8df017f780908eb9644451?s=96&d=mm&r=g","contentUrl":"https:\/\/secure.gravatar.com\/avatar\/89915563d925342126b8ef0281b93d9d7fc337043e8df017f780908eb9644451?s=96&d=mm&r=g","caption":"St\u00e9phane Miget"},"url":"https:\/\/batijournal.com\/index.php\/author\/stephane\/"}]}},"_links":{"self":[{"href":"https:\/\/batijournal.com\/index.php\/wp-json\/wp\/v2\/posts\/93609","targetHints":{"allow":["GET"]}}],"collection":[{"href":"https:\/\/batijournal.com\/index.php\/wp-json\/wp\/v2\/posts"}],"about":[{"href":"https:\/\/batijournal.com\/index.php\/wp-json\/wp\/v2\/types\/post"}],"author":[{"embeddable":true,"href":"https:\/\/batijournal.com\/index.php\/wp-json\/wp\/v2\/users\/17"}],"replies":[{"embeddable":true,"href":"https:\/\/batijournal.com\/index.php\/wp-json\/wp\/v2\/comments?post=93609"}],"version-history":[{"count":0,"href":"https:\/\/batijournal.com\/index.php\/wp-json\/wp\/v2\/posts\/93609\/revisions"}],"wp:featuredmedia":[{"embeddable":true,"href":"https:\/\/batijournal.com\/index.php\/wp-json\/wp\/v2\/media\/93610"}],"wp:attachment":[{"href":"https:\/\/batijournal.com\/index.php\/wp-json\/wp\/v2\/media?parent=93609"}],"wp:term":[{"taxonomy":"category","embeddable":true,"href":"https:\/\/batijournal.com\/index.php\/wp-json\/wp\/v2\/categories?post=93609"},{"taxonomy":"post_tag","embeddable":true,"href":"https:\/\/batijournal.com\/index.php\/wp-json\/wp\/v2\/tags?post=93609"}],"curies":[{"name":"wp","href":"https:\/\/api.w.org\/{rel}","templated":true}]}}