{"id":93618,"date":"2016-09-02T09:04:39","date_gmt":"2016-09-02T07:04:39","guid":{"rendered":"http:\/\/batijournal.com\/?p=93618"},"modified":"2016-10-17T18:14:38","modified_gmt":"2016-10-17T16:14:38","slug":"premiere-edition-journees-nationales-de-larchitecture","status":"publish","type":"post","link":"https:\/\/batijournal.com\/index.php\/premiere-edition-journees-nationales-de-larchitecture\/93618\/","title":{"rendered":"Premi\u00e8re \u00e9dition des Journ\u00e9es nationales de l\u2019architecture"},"content":{"rendered":"<p>Audrey Azoulay, ministre de la Culture et de la Communication, lance la premi\u00e8re \u00e9dition des Journ\u00e9es nationales de l\u2019architecture qui auront lieu les 14, 15 et 16 octobre 2016. Elles ont pour objectif de d\u00e9velopper la connaissance par le grand public de toutes les dimensions de cette discipline. Elles affirment l\u2019ambition du minist\u00e8re de la Culture et de la Communication de faire na\u00eetre chez les Fran\u00e7ais \u00ab un d\u00e9sir d\u2019architecture \u00bb. Au programme, sur l\u2019ensemble du territoire : conf\u00e9rences, expositions, projections, palmar\u00e8s, prix, salons, visites guid\u00e9es, portes ouvertes, etc. La manifestation sera officiellement lanc\u00e9e le 13 octobre 2016 par la ministre de la Culture et de la Communication, \u00e0 l\u2019occasion de la proclamation du Grand Prix national de l\u2019architecture qui r\u00e9compense un architecte, ou une agence d\u2019architecture, pour l\u2019ensemble de son \u0153uvre.<\/p>\n<p><a href=\"http:\/\/journeesarchitecture.culturecommunication.gouv.fr\" target=\"_blank\">Site officiel<\/a><\/p>\n<p>&nbsp;<\/p>\n","protected":false},"excerpt":{"rendered":"<p>Audrey Azoulay, ministre de la Culture et de la Communication, lance la premi\u00e8re \u00e9dition des Journ\u00e9es nationales de l\u2019architecture qui auront lieu les 14, 15 et 16 octobre 2016. Elles ont pour objectif de d\u00e9velopper la connaissance par le grand public de toutes les dimensions de cette discipline. Elles affirment l\u2019ambition du minist\u00e8re de la [&hellip;]<\/p>\n","protected":false},"author":17,"featured_media":0,"comment_status":"closed","ping_status":"closed","sticky":false,"template":"","format":"standard","meta":{"_et_pb_use_builder":"","_et_pb_old_content":"","_et_gb_content_width":"","footnotes":""},"categories":[6340],"tags":[4242],"class_list":["post-93618","post","type-post","status-publish","format-standard","hentry","category-architecture-conception","tag-journees-de-larchitecture"],"yoast_head":"<!-- This site is optimized with the Yoast SEO plugin v27.4 - https:\/\/yoast.com\/product\/yoast-seo-wordpress\/ -->\n<title>Premi\u00e8re \u00e9dition des Journ\u00e9es nationales de l\u2019architecture<\/title>\n<meta name=\"robots\" content=\"index, follow, max-snippet:-1, max-image-preview:large, max-video-preview:-1\" \/>\n<link rel=\"canonical\" href=\"https:\/\/batijournal.com\/index.php\/premiere-edition-journees-nationales-de-larchitecture\/93618\/\" \/>\n<meta property=\"og:locale\" content=\"fr_FR\" \/>\n<meta property=\"og:type\" content=\"article\" \/>\n<meta property=\"og:title\" content=\"Premi\u00e8re \u00e9dition des Journ\u00e9es nationales de l\u2019architecture\" \/>\n<meta property=\"og:description\" content=\"Audrey Azoulay, ministre de la Culture et de la Communication, lance la premi\u00e8re \u00e9dition des Journ\u00e9es nationales de l\u2019architecture qui auront lieu les 14, 15 et 16 octobre 2016. Elles ont pour objectif de d\u00e9velopper la connaissance par le grand public de toutes les dimensions de cette discipline. Elles affirment l\u2019ambition du minist\u00e8re de la [&hellip;]\" \/>\n<meta property=\"og:url\" content=\"https:\/\/batijournal.com\/index.php\/premiere-edition-journees-nationales-de-larchitecture\/93618\/\" \/>\n<meta property=\"og:site_name\" content=\"Batijournal\" \/>\n<meta property=\"article:published_time\" content=\"2016-09-02T07:04:39+00:00\" \/>\n<meta property=\"article:modified_time\" content=\"2016-10-17T16:14:38+00:00\" \/>\n<meta name=\"author\" content=\"St\u00e9phane Miget\" \/>\n<meta name=\"twitter:card\" content=\"summary_large_image\" \/>\n<meta name=\"twitter:creator\" content=\"@bati_journal\" \/>\n<meta name=\"twitter:site\" content=\"@bati_journal\" \/>\n<meta name=\"twitter:label1\" content=\"\u00c9crit par\" \/>\n\t<meta name=\"twitter:data1\" content=\"St\u00e9phane Miget\" \/>\n\t<meta name=\"twitter:label2\" content=\"Dur\u00e9e de lecture estim\u00e9e\" \/>\n\t<meta name=\"twitter:data2\" content=\"1 minute\" \/>\n<script type=\"application\/ld+json\" class=\"yoast-schema-graph\">{\"@context\":\"https:\\\/\\\/schema.org\",\"@graph\":[{\"@type\":\"Article\",\"@id\":\"https:\\\/\\\/batijournal.com\\\/index.php\\\/premiere-edition-journees-nationales-de-larchitecture\\\/93618\\\/#article\",\"isPartOf\":{\"@id\":\"https:\\\/\\\/batijournal.com\\\/index.php\\\/premiere-edition-journees-nationales-de-larchitecture\\\/93618\\\/\"},\"author\":{\"name\":\"St\u00e9phane Miget\",\"@id\":\"https:\\\/\\\/batijournal.com\\\/#\\\/schema\\\/person\\\/1dc96ec6957aa1ccb25ebe78bb19f100\"},\"headline\":\"Premi\u00e8re \u00e9dition des Journ\u00e9es nationales de l\u2019architecture\",\"datePublished\":\"2016-09-02T07:04:39+00:00\",\"dateModified\":\"2016-10-17T16:14:38+00:00\",\"mainEntityOfPage\":{\"@id\":\"https:\\\/\\\/batijournal.com\\\/index.php\\\/premiere-edition-journees-nationales-de-larchitecture\\\/93618\\\/\"},\"wordCount\":155,\"keywords\":[\"Journ\u00e9es de l'architecture\"],\"articleSection\":[\"Architecture &amp; Conception\"],\"inLanguage\":\"fr-FR\"},{\"@type\":\"WebPage\",\"@id\":\"https:\\\/\\\/batijournal.com\\\/index.php\\\/premiere-edition-journees-nationales-de-larchitecture\\\/93618\\\/\",\"url\":\"https:\\\/\\\/batijournal.com\\\/index.php\\\/premiere-edition-journees-nationales-de-larchitecture\\\/93618\\\/\",\"name\":\"Premi\u00e8re \u00e9dition des Journ\u00e9es nationales de l\u2019architecture\",\"isPartOf\":{\"@id\":\"https:\\\/\\\/batijournal.com\\\/#website\"},\"datePublished\":\"2016-09-02T07:04:39+00:00\",\"dateModified\":\"2016-10-17T16:14:38+00:00\",\"author\":{\"@id\":\"https:\\\/\\\/batijournal.com\\\/#\\\/schema\\\/person\\\/1dc96ec6957aa1ccb25ebe78bb19f100\"},\"breadcrumb\":{\"@id\":\"https:\\\/\\\/batijournal.com\\\/index.php\\\/premiere-edition-journees-nationales-de-larchitecture\\\/93618\\\/#breadcrumb\"},\"inLanguage\":\"fr-FR\",\"potentialAction\":[{\"@type\":\"ReadAction\",\"target\":[\"https:\\\/\\\/batijournal.com\\\/index.php\\\/premiere-edition-journees-nationales-de-larchitecture\\\/93618\\\/\"]}]},{\"@type\":\"BreadcrumbList\",\"@id\":\"https:\\\/\\\/batijournal.com\\\/index.php\\\/premiere-edition-journees-nationales-de-larchitecture\\\/93618\\\/#breadcrumb\",\"itemListElement\":[{\"@type\":\"ListItem\",\"position\":1,\"name\":\"Accueil\",\"item\":\"https:\\\/\\\/batijournal.com\\\/\"},{\"@type\":\"ListItem\",\"position\":2,\"name\":\"Actualit\u00e9s\",\"item\":\"https:\\\/\\\/batijournal.com\\\/index.php\\\/category\\\/actualites\\\/\"},{\"@type\":\"ListItem\",\"position\":3,\"name\":\"Architecture &amp; Conception\",\"item\":\"https:\\\/\\\/batijournal.com\\\/index.php\\\/category\\\/actualites\\\/architecture-conception\\\/\"},{\"@type\":\"ListItem\",\"position\":4,\"name\":\"Premi\u00e8re \u00e9dition des Journ\u00e9es nationales de l\u2019architecture\"}]},{\"@type\":\"WebSite\",\"@id\":\"https:\\\/\\\/batijournal.com\\\/#website\",\"url\":\"https:\\\/\\\/batijournal.com\\\/\",\"name\":\"Batijournal\",\"description\":\"L&#039;actualit\u00e9 du b\u00e2timent\",\"potentialAction\":[{\"@type\":\"SearchAction\",\"target\":{\"@type\":\"EntryPoint\",\"urlTemplate\":\"https:\\\/\\\/batijournal.com\\\/?s={search_term_string}\"},\"query-input\":{\"@type\":\"PropertyValueSpecification\",\"valueRequired\":true,\"valueName\":\"search_term_string\"}}],\"inLanguage\":\"fr-FR\"},{\"@type\":\"Person\",\"@id\":\"https:\\\/\\\/batijournal.com\\\/#\\\/schema\\\/person\\\/1dc96ec6957aa1ccb25ebe78bb19f100\",\"name\":\"St\u00e9phane Miget\",\"image\":{\"@type\":\"ImageObject\",\"inLanguage\":\"fr-FR\",\"@id\":\"https:\\\/\\\/secure.gravatar.com\\\/avatar\\\/89915563d925342126b8ef0281b93d9d7fc337043e8df017f780908eb9644451?s=96&d=mm&r=g\",\"url\":\"https:\\\/\\\/secure.gravatar.com\\\/avatar\\\/89915563d925342126b8ef0281b93d9d7fc337043e8df017f780908eb9644451?s=96&d=mm&r=g\",\"contentUrl\":\"https:\\\/\\\/secure.gravatar.com\\\/avatar\\\/89915563d925342126b8ef0281b93d9d7fc337043e8df017f780908eb9644451?s=96&d=mm&r=g\",\"caption\":\"St\u00e9phane Miget\"},\"url\":\"https:\\\/\\\/batijournal.com\\\/index.php\\\/author\\\/stephane\\\/\"}]}<\/script>\n<!-- \/ Yoast SEO plugin. -->","yoast_head_json":{"title":"Premi\u00e8re \u00e9dition des Journ\u00e9es nationales de l\u2019architecture","robots":{"index":"index","follow":"follow","max-snippet":"max-snippet:-1","max-image-preview":"max-image-preview:large","max-video-preview":"max-video-preview:-1"},"canonical":"https:\/\/batijournal.com\/index.php\/premiere-edition-journees-nationales-de-larchitecture\/93618\/","og_locale":"fr_FR","og_type":"article","og_title":"Premi\u00e8re \u00e9dition des Journ\u00e9es nationales de l\u2019architecture","og_description":"Audrey Azoulay, ministre de la Culture et de la Communication, lance la premi\u00e8re \u00e9dition des Journ\u00e9es nationales de l\u2019architecture qui auront lieu les 14, 15 et 16 octobre 2016. Elles ont pour objectif de d\u00e9velopper la connaissance par le grand public de toutes les dimensions de cette discipline. Elles affirment l\u2019ambition du minist\u00e8re de la [&hellip;]","og_url":"https:\/\/batijournal.com\/index.php\/premiere-edition-journees-nationales-de-larchitecture\/93618\/","og_site_name":"Batijournal","article_published_time":"2016-09-02T07:04:39+00:00","article_modified_time":"2016-10-17T16:14:38+00:00","author":"St\u00e9phane Miget","twitter_card":"summary_large_image","twitter_creator":"@bati_journal","twitter_site":"@bati_journal","twitter_misc":{"\u00c9crit par":"St\u00e9phane Miget","Dur\u00e9e de lecture estim\u00e9e":"1 minute"},"schema":{"@context":"https:\/\/schema.org","@graph":[{"@type":"Article","@id":"https:\/\/batijournal.com\/index.php\/premiere-edition-journees-nationales-de-larchitecture\/93618\/#article","isPartOf":{"@id":"https:\/\/batijournal.com\/index.php\/premiere-edition-journees-nationales-de-larchitecture\/93618\/"},"author":{"name":"St\u00e9phane Miget","@id":"https:\/\/batijournal.com\/#\/schema\/person\/1dc96ec6957aa1ccb25ebe78bb19f100"},"headline":"Premi\u00e8re \u00e9dition des Journ\u00e9es nationales de l\u2019architecture","datePublished":"2016-09-02T07:04:39+00:00","dateModified":"2016-10-17T16:14:38+00:00","mainEntityOfPage":{"@id":"https:\/\/batijournal.com\/index.php\/premiere-edition-journees-nationales-de-larchitecture\/93618\/"},"wordCount":155,"keywords":["Journ\u00e9es de l'architecture"],"articleSection":["Architecture &amp; Conception"],"inLanguage":"fr-FR"},{"@type":"WebPage","@id":"https:\/\/batijournal.com\/index.php\/premiere-edition-journees-nationales-de-larchitecture\/93618\/","url":"https:\/\/batijournal.com\/index.php\/premiere-edition-journees-nationales-de-larchitecture\/93618\/","name":"Premi\u00e8re \u00e9dition des Journ\u00e9es nationales de l\u2019architecture","isPartOf":{"@id":"https:\/\/batijournal.com\/#website"},"datePublished":"2016-09-02T07:04:39+00:00","dateModified":"2016-10-17T16:14:38+00:00","author":{"@id":"https:\/\/batijournal.com\/#\/schema\/person\/1dc96ec6957aa1ccb25ebe78bb19f100"},"breadcrumb":{"@id":"https:\/\/batijournal.com\/index.php\/premiere-edition-journees-nationales-de-larchitecture\/93618\/#breadcrumb"},"inLanguage":"fr-FR","potentialAction":[{"@type":"ReadAction","target":["https:\/\/batijournal.com\/index.php\/premiere-edition-journees-nationales-de-larchitecture\/93618\/"]}]},{"@type":"BreadcrumbList","@id":"https:\/\/batijournal.com\/index.php\/premiere-edition-journees-nationales-de-larchitecture\/93618\/#breadcrumb","itemListElement":[{"@type":"ListItem","position":1,"name":"Accueil","item":"https:\/\/batijournal.com\/"},{"@type":"ListItem","position":2,"name":"Actualit\u00e9s","item":"https:\/\/batijournal.com\/index.php\/category\/actualites\/"},{"@type":"ListItem","position":3,"name":"Architecture &amp; Conception","item":"https:\/\/batijournal.com\/index.php\/category\/actualites\/architecture-conception\/"},{"@type":"ListItem","position":4,"name":"Premi\u00e8re \u00e9dition des Journ\u00e9es nationales de l\u2019architecture"}]},{"@type":"WebSite","@id":"https:\/\/batijournal.com\/#website","url":"https:\/\/batijournal.com\/","name":"Batijournal","description":"L&#039;actualit\u00e9 du b\u00e2timent","potentialAction":[{"@type":"SearchAction","target":{"@type":"EntryPoint","urlTemplate":"https:\/\/batijournal.com\/?s={search_term_string}"},"query-input":{"@type":"PropertyValueSpecification","valueRequired":true,"valueName":"search_term_string"}}],"inLanguage":"fr-FR"},{"@type":"Person","@id":"https:\/\/batijournal.com\/#\/schema\/person\/1dc96ec6957aa1ccb25ebe78bb19f100","name":"St\u00e9phane Miget","image":{"@type":"ImageObject","inLanguage":"fr-FR","@id":"https:\/\/secure.gravatar.com\/avatar\/89915563d925342126b8ef0281b93d9d7fc337043e8df017f780908eb9644451?s=96&d=mm&r=g","url":"https:\/\/secure.gravatar.com\/avatar\/89915563d925342126b8ef0281b93d9d7fc337043e8df017f780908eb9644451?s=96&d=mm&r=g","contentUrl":"https:\/\/secure.gravatar.com\/avatar\/89915563d925342126b8ef0281b93d9d7fc337043e8df017f780908eb9644451?s=96&d=mm&r=g","caption":"St\u00e9phane Miget"},"url":"https:\/\/batijournal.com\/index.php\/author\/stephane\/"}]}},"_links":{"self":[{"href":"https:\/\/batijournal.com\/index.php\/wp-json\/wp\/v2\/posts\/93618","targetHints":{"allow":["GET"]}}],"collection":[{"href":"https:\/\/batijournal.com\/index.php\/wp-json\/wp\/v2\/posts"}],"about":[{"href":"https:\/\/batijournal.com\/index.php\/wp-json\/wp\/v2\/types\/post"}],"author":[{"embeddable":true,"href":"https:\/\/batijournal.com\/index.php\/wp-json\/wp\/v2\/users\/17"}],"replies":[{"embeddable":true,"href":"https:\/\/batijournal.com\/index.php\/wp-json\/wp\/v2\/comments?post=93618"}],"version-history":[{"count":0,"href":"https:\/\/batijournal.com\/index.php\/wp-json\/wp\/v2\/posts\/93618\/revisions"}],"wp:attachment":[{"href":"https:\/\/batijournal.com\/index.php\/wp-json\/wp\/v2\/media?parent=93618"}],"wp:term":[{"taxonomy":"category","embeddable":true,"href":"https:\/\/batijournal.com\/index.php\/wp-json\/wp\/v2\/categories?post=93618"},{"taxonomy":"post_tag","embeddable":true,"href":"https:\/\/batijournal.com\/index.php\/wp-json\/wp\/v2\/tags?post=93618"}],"curies":[{"name":"wp","href":"https:\/\/api.w.org\/{rel}","templated":true}]}}